{"id":97018,"date":"2025-02-13T12:47:36","date_gmt":"2025-02-13T12:47:36","guid":{"rendered":"https:\/\/fono.fcm.unc.edu.ar\/?p=13173"},"modified":"2025-02-13T12:47:36","modified_gmt":"2025-02-13T12:47:36","slug":"plan-de-fortalecimiento-academico-informatica-plan-2021-e-informatica-electiva-ccc","status":"publish","type":"post","link":"http:\/\/hoycordobaweb.com\/index.php\/2025\/02\/13\/plan-de-fortalecimiento-academico-informatica-plan-2021-e-informatica-electiva-ccc\/","title":{"rendered":"Plan de Fortalecimiento Acad\u00e9mico: Inform\u00e1tica (Plan 2021) e Inform\u00e1tica (Electiva-CCC)"},"content":{"rendered":"<h2 class=\"fusion-post-title\">Plan de Fortalecimiento Acad\u00e9mico: Inform\u00e1tica (Plan 2021) e Inform\u00e1tica (Electiva-CCC)<\/h2>\n<div class=\"post-content\" readability=\"63\">\n<p><span><img loading=\"lazy\" fetchpriority=\"high\" decoding=\"async\" class=\"alignright size-fusion-400 wp-image-13159\" src=\"https:\/\/fono.fcm.unc.edu.ar\/wp-content\/uploads\/sites\/14\/2025\/02\/WhatsApp-Image-2025-02-11-at-13.38.14-1-400x423.jpeg\" alt width=\"400\" height=\"423\" srcset=\"https:\/\/fono.fcm.unc.edu.ar\/wp-content\/uploads\/sites\/14\/2025\/02\/WhatsApp-Image-2025-02-11-at-13.38.14-1-200x211.jpeg 200w, https:\/\/fono.fcm.unc.edu.ar\/wp-content\/uploads\/sites\/14\/2025\/02\/WhatsApp-Image-2025-02-11-at-13.38.14-1-284x300.jpeg 284w, https:\/\/fono.fcm.unc.edu.ar\/wp-content\/uploads\/sites\/14\/2025\/02\/WhatsApp-Image-2025-02-11-at-13.38.14-1-400x423.jpeg 400w, https:\/\/fono.fcm.unc.edu.ar\/wp-content\/uploads\/sites\/14\/2025\/02\/WhatsApp-Image-2025-02-11-at-13.38.14-1-600x634.jpeg 600w, https:\/\/fono.fcm.unc.edu.ar\/wp-content\/uploads\/sites\/14\/2025\/02\/WhatsApp-Image-2025-02-11-at-13.38.14-1.jpeg 720w\" sizes=\"(max-width: 400px) 100vw, 400px\">La Escuela de Fonoaudiolog\u00eda informa a estudiantes que a partir del 13 febrero de 2025 a las 10 horas se encontrar\u00e1n habilitadas las inscripciones a las asignaturas correspondientes al Plan de Fortalecimiento Acad\u00e9mico de la Escuela de Fonoaudiolog\u00eda de la Facultad de Ciencias M\u00e9dicas.<\/span><\/p>\n<p><span>El mismo est\u00e1 destinado a aquellos estudiantes que no hayan cursado el espacio curricular en el a\u00f1o acad\u00e9mico en curso o hayan quedado en condici\u00f3n de libres, que tengan las correlativas previas aprobadas y se encuentren activos.<\/span><\/p>\n<p><u><span><b>INFORM\u00c1TICA (SOLO PLAN 2021)<\/b><\/span><\/u><\/p>\n<p><span>Inscripciones: del 13\/02 al 20\/02<\/span><\/p>\n<p><span>Inicio: 24\/02\/2025<\/span><\/p>\n<p><span>Finalizaci\u00f3n: 21\/03\/2025<\/span><\/p>\n<p><span>D\u00edas y horarios de cursado: Martes y Viernes 08:30<\/span><\/p>\n<p><span>Requisitos: Tener computadora con conexi\u00f3n a internet<\/span><\/p>\n<p><span>Profesor a cargo: Eduardo Gabriel Nieva<\/span><\/p>\n<p><u><span><b>ELECTIVA-INFORM\u00c1TICA (SOLO CICLO DE COMPLEMENTACI\u00d3N CURRICULAR)<\/b><\/span><\/u><\/p>\n<p><span>Inscripciones: del 13\/02 al 20\/02<\/span><\/p>\n<p><span>Inicio: 24\/02\/2025<\/span><\/p>\n<p><span>Finalizaci\u00f3n: 21\/03\/2025<\/span><\/p>\n<p><span>D\u00edas y horarios de cursado: Martes y Viernes 08:30<\/span><\/p>\n<p><span>Requisitos: Tener computadora con conexi\u00f3n a internet<\/span><\/p>\n<p><span>Profesor a cargo: Eduardo Gabriel Nieva<\/span><\/p>\n<\/p><\/div>\n","protected":false},"excerpt":{"rendered":"<p>Plan de Fortalecimiento Acad\u00e9mico: Inform\u00e1tica (Plan 2021) e Inform\u00e1tica (Electiva-CCC) La Escuela de Fonoaudiolog\u00eda informa a estudiantes que a partir del 13 febrero de 2025 a las 10 horas se encontrar\u00e1n habilitadas las inscripciones a las asignaturas correspondientes al Plan de Fortalecimiento Acad\u00e9mico de la Escuela de Fonoaudiolog\u00eda de la Facultad de Ciencias M\u00e9dicas. El [&hellip;]<\/p>\n","protected":false},"author":1,"featured_media":0,"comment_status":"closed","ping_status":"closed","sticky":false,"template":"","format":"standard","meta":[],"categories":[1],"tags":[],"_links":{"self":[{"href":"http:\/\/hoycordobaweb.com\/index.php\/wp-json\/wp\/v2\/posts\/97018"}],"collection":[{"href":"http:\/\/hoycordobaweb.com\/index.php\/wp-json\/wp\/v2\/posts"}],"about":[{"href":"http:\/\/hoycordobaweb.com\/index.php\/wp-json\/wp\/v2\/types\/post"}],"author":[{"embeddable":true,"href":"http:\/\/hoycordobaweb.com\/index.php\/wp-json\/wp\/v2\/users\/1"}],"replies":[{"embeddable":true,"href":"http:\/\/hoycordobaweb.com\/index.php\/wp-json\/wp\/v2\/comments?post=97018"}],"version-history":[{"count":0,"href":"http:\/\/hoycordobaweb.com\/index.php\/wp-json\/wp\/v2\/posts\/97018\/revisions"}],"wp:attachment":[{"href":"http:\/\/hoycordobaweb.com\/index.php\/wp-json\/wp\/v2\/media?parent=97018"}],"wp:term":[{"taxonomy":"category","embeddable":true,"href":"http:\/\/hoycordobaweb.com\/index.php\/wp-json\/wp\/v2\/categories?post=97018"},{"taxonomy":"post_tag","embeddable":true,"href":"http:\/\/hoycordobaweb.com\/index.php\/wp-json\/wp\/v2\/tags?post=97018"}],"curies":[{"name":"wp","href":"https:\/\/api.w.org\/{rel}","templated":true}]}}