{"id":9699,"date":"2021-01-11T00:10:00","date_gmt":"2021-01-11T00:10:00","guid":{"rendered":"https:\/\/www.perfil.com\/noticias\/politica\/boudou-salio-hablar-de-la-solicitada-a-su-favor-y-dijo-que-nunca-pidio-un-indulto.phtml"},"modified":"2021-01-11T00:10:00","modified_gmt":"2021-01-11T00:10:00","slug":"boudou-dijo-que-nunca-pidio-indulto-y-afirmo-que-volveria-a-la-politica","status":"publish","type":"post","link":"http:\/\/hoycordobaweb.com\/index.php\/2021\/01\/11\/boudou-dijo-que-nunca-pidio-indulto-y-afirmo-que-volveria-a-la-politica\/","title":{"rendered":"Boudou dijo que nunca pidi\u00f3 indulto y afirm\u00f3 que volver\u00eda a la pol\u00edtica"},"content":{"rendered":"<p><img src=\"http:\/\/hoycordobaweb.com\/wp-content\/uploads\/2021\/01\/boudou-dijo-que-nunca-pidio-indulto-y-afirmo-que-volveria-a-la-politica.jpg\"><\/p>\n<div><img src=\"http:\/\/hoycordobaweb.com\/wp-content\/uploads\/2021\/01\/boudou-dijo-que-nunca-pidio-indulto-y-afirmo-que-volveria-a-la-politica-2.jpg\" class=\"ff-og-image-inserted\"><\/div>\n<aside class=\"relatedPost\">\n<h3>Noticias Relacionadas<\/h3>\n<\/aside>\n<p>El exvicepresidente<strong> Amado Boudou<\/strong> aval\u00f3 este domingo 10 de enero la solicitada difundida a su favor,&nbsp;con el objeto de <strong>reclamar su libertad<\/strong>, a la vez que asegur\u00f3 nunca haber pedido un indulto ante la condena que ratific\u00f3 la <strong>Corte por corrupci\u00f3n<\/strong>.<\/p>\n<p><em>Boudou<\/em> pidi\u00f3, adem\u00e1s, una pronta \u201csoluci\u00f3n pol\u00edtica\u201d para sus compatriotas kirchneristas que se encuentran tambi\u00e9n condenados o mantiene procesos judiciales abiertos.&nbsp;<\/p>\n<p>\u201cYo no soy quien para decir cu\u00e1l es la herramienta id\u00f3nea para resolver esta situaci\u00f3n\u201d asegur\u00f3 el exvicepresidente a la vez que abog\u00f3 por una Argentina con un \u201c<strong>sistema de administraci\u00f3n de leyes razonables<\/strong>\u201d y no dispuestas por <a target=\"_blank\" href=\"https:\/\/www.perfil.com\/noticias\/politica\/amado-boudou-dijo-no-hay-duda-que-la-corte-se-mete-en-politica-con-este-fallo.phtml\" rel=\"noopener noreferrer\">\u201cel partido de la oligarqu\u00eda que comanda hoy el sistema judicial\u201d<\/a>.<\/p>\n<p class=\"destacadoNota\"><a target=\"_blank\" href=\"https:\/\/www.perfil.com\/noticias\/politica\/de-rafael-correa-a-ricardo-jaime-firman-una-solicitada-por-la-libertad-de-amado-boudou.phtml\" rel=\"noopener noreferrer\">De Rafael Correa a Ricardo Jaime: firman una solicitada por la libertad de Amado Boudou<\/a><\/p>\n<p>Durante la extensa entrevista que brind\u00f3 a<em>&nbsp;El Destape Radio<\/em>, reconoci\u00f3: <strong>\u201cNunca ped\u00ed un indulto; lo que dije siempre es que me gustar\u00eda que hubiera un juicio para demostrar que fue armado\u201d<\/strong>. Acto seguido, apunt\u00f3 contra el juez <strong>Daniel Obligado<\/strong> quien el 30 de diciembre pasado <a target=\"_blank\" href=\"https:\/\/www.perfil.com\/noticias\/politica\/la-justicia-decidio-que-amado-boudou-debera-volver-a-la-carcel.phtml\" rel=\"noopener noreferrer\">revoc\u00f3 su prisi\u00f3n domiciliaria<\/a>.<\/p>\n<p>Caracteriz\u00f3 dicha&nbsp;decisi\u00f3n como \u201c<strong>un intento de tapar la agenda oficial <\/strong>del proyecto del aborto legal, la llegada de la vacuna rusa y la ley del cambio de la movilidad jubilatoria\u201d. \u201cRecurrieron a un viejo nombre para hacerlo el \u00faltimo d\u00eda del a\u00f1o\u201d reconoci\u00f3 Boudou.<\/p>\n<p>Asimismo, confirm\u00f3 estar preparado para \u00abenfrentar todo lo que tenga que enfrentar\u00bb sin arrepentirse de nada de lo que hizo. Reconoci\u00f3, tambi\u00e9n, que el problema pol\u00edtico en argentina \u00abes severo\u00bb ya que \u00ab<strong>una pa\u00eds en donde la principal perseguida es la vicepresidenta no tiene ning\u00fan destino<\/strong>\u00ab.<\/p>\n<p class=\"destacadoNota\"><a target=\"_blank\" href=\"https:\/\/www.perfil.com\/noticias\/politica\/amado-boudou-no-es-algo-que-me-pase-a-mi-es-el-lawfare-que-lleva-tantos-anos.phtml\" rel=\"noopener noreferrer\">Amado Boudou no teme a la c\u00e1rcel: \u00abIr\u00e9 sin quebrarme y orgulloso\u00bb de haber cambiado la historia<\/a><\/p>\n<p>Concluyendo con el di\u00e1logo, y consultado sobre si volver\u00eda al escenario pol\u00edtico, asegur\u00f3: \u00abYo estoy para estar en el lugar que mis compa\u00f1eros y compa\u00f1eras y el pueblo piensen que puedo servir para algo. <strong>La respuesta es s\u00ed, claro que s\u00ed<\/strong>\u00ab.<\/p>\n<p>JFG\/MC<\/p>\n","protected":false},"excerpt":{"rendered":"<p>Noticias Relacionadas El exvicepresidente Amado Boudou aval\u00f3 este domingo 10 de enero la solicitada difundida a su favor,&nbsp;con el objeto de reclamar su libertad, a la vez que asegur\u00f3 nunca haber pedido un indulto ante la condena que ratific\u00f3 la Corte por corrupci\u00f3n. Boudou pidi\u00f3, adem\u00e1s, una pronta \u201csoluci\u00f3n pol\u00edtica\u201d para sus compatriotas kirchneristas que [&hellip;]<\/p>\n","protected":false},"author":1,"featured_media":9700,"comment_status":"closed","ping_status":"closed","sticky":false,"template":"","format":"standard","meta":[],"categories":[1],"tags":[],"_links":{"self":[{"href":"http:\/\/hoycordobaweb.com\/index.php\/wp-json\/wp\/v2\/posts\/9699"}],"collection":[{"href":"http:\/\/hoycordobaweb.com\/index.php\/wp-json\/wp\/v2\/posts"}],"about":[{"href":"http:\/\/hoycordobaweb.com\/index.php\/wp-json\/wp\/v2\/types\/post"}],"author":[{"embeddable":true,"href":"http:\/\/hoycordobaweb.com\/index.php\/wp-json\/wp\/v2\/users\/1"}],"replies":[{"embeddable":true,"href":"http:\/\/hoycordobaweb.com\/index.php\/wp-json\/wp\/v2\/comments?post=9699"}],"version-history":[{"count":0,"href":"http:\/\/hoycordobaweb.com\/index.php\/wp-json\/wp\/v2\/posts\/9699\/revisions"}],"wp:featuredmedia":[{"embeddable":true,"href":"http:\/\/hoycordobaweb.com\/index.php\/wp-json\/wp\/v2\/media\/9700"}],"wp:attachment":[{"href":"http:\/\/hoycordobaweb.com\/index.php\/wp-json\/wp\/v2\/media?parent=9699"}],"wp:term":[{"taxonomy":"category","embeddable":true,"href":"http:\/\/hoycordobaweb.com\/index.php\/wp-json\/wp\/v2\/categories?post=9699"},{"taxonomy":"post_tag","embeddable":true,"href":"http:\/\/hoycordobaweb.com\/index.php\/wp-json\/wp\/v2\/tags?post=9699"}],"curies":[{"name":"wp","href":"https:\/\/api.w.org\/{rel}","templated":true}]}}