{"id":96713,"date":"2025-02-10T13:18:55","date_gmt":"2025-02-10T13:18:55","guid":{"rendered":"https:\/\/ladecimaweb.com\/?p=31053"},"modified":"2025-02-10T13:18:55","modified_gmt":"2025-02-10T13:18:55","slug":"ordenan-la-prision-domiciliaria-contra-oscar-gonzalez-por-enriquecimiento-ilicito-y-lavado-de-activos","status":"publish","type":"post","link":"http:\/\/hoycordobaweb.com\/index.php\/2025\/02\/10\/ordenan-la-prision-domiciliaria-contra-oscar-gonzalez-por-enriquecimiento-ilicito-y-lavado-de-activos\/","title":{"rendered":"Ordenan la prisi\u00f3n domiciliaria contra Oscar Gonz\u00e1lez por enriquecimiento il\u00edcito y lavado de activos"},"content":{"rendered":"<div class=\"boldgrid-section\">\n<div class=\"container\">\n<div class=\"row\">\n<div class=\"col-md-12 col-xs-12 col-sm-12 boldgrid-section\">\n<p class=\"\">Un peso pesado del peronismo cordob\u00e9s con prisi\u00f3n domiciliaria por no poder justificar su crecimiento patrimonial.&nbsp;&nbsp;<\/p>\n<p class=\"\">Se trata de Oscar Gonz\u00e1lez, encumbrado exfuncionario de las gestiones de De la Sota y Schiaretti, y dirigente hist\u00f3rico de Villa Dolores. De profesi\u00f3n m\u00e9dico, fue tres veces diputado nacional, funcionario menemista y autoridad de la Legislatura local.&nbsp;<\/p>\n<p class=\"\">El juez federal Miguel Hugo Vaca Narvaja orden\u00f3 su prisi\u00f3n domiciliaria, acompa\u00f1ada de una tobillera electr\u00f3nica en el marco de una causa por<span>&nbsp;<\/span><b>enriquecimiento il\u00edcito y lavado de dinero<\/b>, que lleva adelante el fiscal federal Maximiliano Hairabedian.<\/p>\n<p class=\"\">Su injustificado crecimiento patrimonial deriva de la causa judicial por la tragedia de las Altas Cumbres, cuando e<span>l s\u00e1bado 29 de octubre de 2022, saliendo de Mina Clavero, en el km 10 al que llaman Ni\u00f1a Paula, cruz\u00f3 la doble l\u00ednea amarilla, atropell\u00f3 y mat\u00f3 a Alejandra Bengoa, docente de Traslasierra. Su hija menor, Marina, y Alexa, su amiga, quienes tambi\u00e9n iban en el veh\u00edculo, resultaron gravemente heridas.<\/span><span>\u200b Alexa qued\u00f3 cuadripl\u00e9jica. Por esto fue imputado de homicidio culposo agravado y lesiones culposas agravadas.<\/span>&nbsp;<\/p>\n<p class=\"\"><span>El auto que manejaba Gonz\u00e1lez no era de \u00e9l, sino que estaba a disposici\u00f3n de la Justicia porque hab\u00eda sido secuestrado en el marco de otra causa. Adem\u00e1s, luego del choque, cuando los rodados siniestrados a\u00fan estaban sobre la ruta y la banquina, familiares de Gonz\u00e1lez se acercaron al BMW y sacaron bolsos del ba\u00fal.<\/span><\/p>\n<p class=\"\">El fiscal Hairabedi\u00e1n confirm\u00f3 la noticia de la orden de detenci\u00f3n esta ma\u00f1ana en Radio Mitre y explic\u00f3 que se deb\u00eda al &#8220;injustificado&#8221; crecimiento patrimonial de Gonz\u00e1lez y pr\u00e1cticas vinculadas con el lavado de activos. &nbsp;<\/p>\n<p class=\"\" data-mrf-recirculation=\"Links p\u00e1rrafos (art\u00edculo)\"><strong>La justicia habr\u00eda detectado maniobras de Gonz\u00e1lez vinculadas al traspaso de inmuebles a sus familiares para declarase insolvente ante la demanda por el choque.<\/strong><\/p>\n<p class=\"\">El abogado de Gonz\u00e1lez, Miguel Ortiz Pellegrini, consider\u00f3 que &#8220;no hay motivos jur\u00eddicos para esto&#8221;, refiri\u00e9ndose a la medida cautelar. &#8220;Los motivos son entorpecimiento, una investigaci\u00f3n o peligro de fuga&#8221;, agreg\u00f3.<\/p>\n<p class=\"\">El abogado tambi\u00e9n destac\u00f3 la disparidad entre las dos instancias judiciales que investigan a su defendido, se\u00f1alando que &#8220;la justicia ordinaria, el fuero anticorrupci\u00f3n, no hab\u00eda encontrado la presunci\u00f3n de delitos que s\u00ed encuentra la justicia federal&#8221;.&nbsp;<\/p>\n<p class=\"\">Justamente, <strong>el fuero Anticorrupci\u00f3n Provincial<\/strong> es famoso, no por promover las causas contra encumbrados funcionarios denunciados por hechos de corrupci\u00f3n, sino todo lo contrario. Desde su creaci\u00f3n, <strong>funciona como un perfecto &#8220;embudo&#8221;,<\/strong> donde las denuncian se amontonan sin suerte, para que los denunciados consigan impunidad.&nbsp;&nbsp;<\/p>\n<p class=\"\" data-mrf-recirculation=\"Links p\u00e1rrafos (art\u00edculo)\">\u201cDespu\u00e9s de tanto tiempo, de mucho trabajo con las familias que han sido v\u00edctimas del crimen vial de las Altas Cumbres, recibimos esta noticia. Creemos que esto es un hecho pol\u00edtico muy importante. Esperamos que esto siga avanzando en la investigaci\u00f3n\u201d, <span>apunt\u00f3 la legisladora opositora Luciana Echevarr\u00eda, quien sum\u00f3 una denuncia contra Gonz\u00e1lez y acompa\u00f1a a las familias de las v\u00edctimas del choque, en di\u00e1logo con El Doce.<\/span><\/p>\n<p class=\"\" data-mrf-recirculation=\"Links p\u00e1rrafos (art\u00edculo)\">&nbsp;<\/p>\n<p class=\"\" data-mrf-recirculation=\"Links p\u00e1rrafos (art\u00edculo)\">&nbsp;<\/p>\n<div class=\"ubm_banner\"><a href=\"https:\/\/www.cba.gov.ar\/dengue\/\" target=\"_blank\" rel=\"dofollow noopener noreferrer\"><img src=\"http:\/\/hoycordobaweb.com\/wp-content\/uploads\/2025\/02\/ordenan-la-prision-domiciliaria-contra-oscar-gonzalez-por-enriquecimiento-ilicito-y-lavado-de-activos.gif\" alt=\"\"><\/a><\/div>\n<\/div>\n<\/div>\n<\/div>\n<\/div>\n<p>La entrada <a rel=\"nofollow\" href=\"https:\/\/ladecimaweb.com\/ordenan-la-prision-domiciliaria-contra-oscar-gonzalez-por-enriquecimiento-ilicito-y-lavado-de-activos\/\">Ordenan la prisi\u00f3n domiciliaria contra Oscar Gonz\u00e1lez por enriquecimiento il\u00edcito y lavado de activos<\/a> se public\u00f3 primero en <a rel=\"nofollow\" href=\"https:\/\/ladecimaweb.com\">LaDecima<\/a>.<\/p>\n","protected":false},"excerpt":{"rendered":"<p>Un peso pesado del peronismo cordob\u00e9s con prisi\u00f3n domiciliaria por no poder justificar su crecimiento patrimonial.&nbsp;&nbsp; Se trata de Oscar Gonz\u00e1lez, encumbrado exfuncionario de las gestiones de De la Sota y Schiaretti, y dirigente hist\u00f3rico de Villa Dolores. De profesi\u00f3n m\u00e9dico, fue tres veces diputado nacional, funcionario menemista y autoridad de la Legislatura local.&nbsp; El [&hellip;]<\/p>\n","protected":false},"author":1,"featured_media":0,"comment_status":"closed","ping_status":"closed","sticky":false,"template":"","format":"standard","meta":[],"categories":[32],"tags":[],"_links":{"self":[{"href":"http:\/\/hoycordobaweb.com\/index.php\/wp-json\/wp\/v2\/posts\/96713"}],"collection":[{"href":"http:\/\/hoycordobaweb.com\/index.php\/wp-json\/wp\/v2\/posts"}],"about":[{"href":"http:\/\/hoycordobaweb.com\/index.php\/wp-json\/wp\/v2\/types\/post"}],"author":[{"embeddable":true,"href":"http:\/\/hoycordobaweb.com\/index.php\/wp-json\/wp\/v2\/users\/1"}],"replies":[{"embeddable":true,"href":"http:\/\/hoycordobaweb.com\/index.php\/wp-json\/wp\/v2\/comments?post=96713"}],"version-history":[{"count":0,"href":"http:\/\/hoycordobaweb.com\/index.php\/wp-json\/wp\/v2\/posts\/96713\/revisions"}],"wp:attachment":[{"href":"http:\/\/hoycordobaweb.com\/index.php\/wp-json\/wp\/v2\/media?parent=96713"}],"wp:term":[{"taxonomy":"category","embeddable":true,"href":"http:\/\/hoycordobaweb.com\/index.php\/wp-json\/wp\/v2\/categories?post=96713"},{"taxonomy":"post_tag","embeddable":true,"href":"http:\/\/hoycordobaweb.com\/index.php\/wp-json\/wp\/v2\/tags?post=96713"}],"curies":[{"name":"wp","href":"https:\/\/api.w.org\/{rel}","templated":true}]}}