{"id":96649,"date":"2025-02-10T15:46:54","date_gmt":"2025-02-10T15:46:54","guid":{"rendered":"https:\/\/cordobaturismo.gov.ar\/?p=896151"},"modified":"2025-02-10T15:46:54","modified_gmt":"2025-02-10T15:46:54","slug":"se-viene-una-nueva-edicion-del-festival-del-humor-la-buena-mesa-y-la-cancion","status":"publish","type":"post","link":"http:\/\/hoycordobaweb.com\/index.php\/2025\/02\/10\/se-viene-una-nueva-edicion-del-festival-del-humor-la-buena-mesa-y-la-cancion\/","title":{"rendered":"Se viene una nueva edici\u00f3n del Festival del Humor, la Buena Mesa y la Canci\u00f3n"},"content":{"rendered":"<p>El Festival del Humor, la Buena Mesa y la Canci\u00f3n vuelve a San Francisco con una nueva edici\u00f3n los d\u00edas 15 y 16 de febrero en el predio de la Sociedad Rural. Con una propuesta renovada, el evento sigue consolid\u00e1ndose como uno de los m\u00e1s destacados del pa\u00eds, ofreciendo espect\u00e1culos de primer nivel, una amplia variedad gastron\u00f3mica y mejoras en la experiencia para el p\u00fablico.<\/p>\n<p>La apertura de ambas noches estar\u00e1 a cargo del Ballet Municipal Patria, junto con la participaci\u00f3n del Grupo Juvenil de la Escuela de Danzas Folcl\u00f3ricas.<\/p>\n<p>El s\u00e1bado 15 de febrero contar\u00e1 con la presencia de Los Nocheros, Diego Torres, Emanero, Lapeband y Juli Cardozo, adem\u00e1s del humor del Mago Black. Tambi\u00e9n se presentar\u00e1n los artistas locales Las Antrevidas y Cantorcitos.<\/p>\n<p>El domingo 16 de febrero el escenario recibir\u00e1 a Los Caligaris, Dale Q\u00b4Va, LBC y Euge Quevedo. El Mudo Esperanza aportar\u00e1 su humor y se sumar\u00e1n los artistas locales Cumbiaravana, Claudio y la Banda Brillante, y Jazz Gigante Arias.<\/p>\n<p>Como cada a\u00f1o, las personas con discapacidad y un acompa\u00f1ante podr\u00e1n ingresar gratuitamente presentando el certificado correspondiente. Para la noche del s\u00e1bado se destinar\u00e1 un sector espec\u00edfico del \u00f3valo con capacidad para 50 personas con discapacidad y sus acompa\u00f1antes, quienes podr\u00e1n ubicarse por orden de llegada.<\/p>\n<p>Las entradas estar\u00e1n disponibles tanto de manera presencial, en el Centro Cultural San Francisco, como online a trav\u00e9s de Ed\u00e9n Entradas. Se podr\u00e1 pagar en efectivo, con tarjeta de d\u00e9bito, MODO y tarjetas de cr\u00e9dito, con promociones de hasta 12 cuotas sin inter\u00e9s.<\/p>\n<p>El sector gastron\u00f3mico contar\u00e1 con la participaci\u00f3n de colectividades y empresas de la regi\u00f3n, ofreciendo una variada propuesta culinaria. En esta edici\u00f3n se implementar\u00e1 la cantina digital, permitiendo la compra anticipada de bebidas a trav\u00e9s de la web del festival y su retiro mediante un c\u00f3digo QR.<\/p>\n<p>La conectividad ser\u00e1 otro de los puntos fuertes del festival con la incorporaci\u00f3n de cobertura 5G en todo el predio gracias a la alianza con Claro, lo que garantizar\u00e1 una mejor experiencia digital para los asistentes.<\/p>\n<p>Adem\u00e1s, en l\u00ednea con su compromiso ambiental, la Municipalidad de San Francisco continuar\u00e1 trabajando en la reducci\u00f3n de la huella de carbono, consolidando al festival no solo como un referente cultural y gastron\u00f3mico, sino tambi\u00e9n como un evento sustentable.<\/p>\n<figure class=\"wp-block-gallery has-nested-images columns-default is-cropped wp-block-gallery-1 is-layout-flex wp-block-gallery-is-layout-flex\">\n<figure class=\"wp-block-image size-large\"><img loading=\"lazy\" fetchpriority=\"high\" decoding=\"async\" width=\"1024\" height=\"682\" data-id=\"896154\" src=\"http:\/\/hoycordobaweb.com\/wp-content\/uploads\/2025\/02\/se-viene-una-nueva-edicion-del-festival-del-humor-la-buena-mesa-y-la-cancion.jpg\" alt class=\"wp-image-896154\" srcset=\"http:\/\/hoycordobaweb.com\/wp-content\/uploads\/2025\/02\/se-viene-una-nueva-edicion-del-festival-del-humor-la-buena-mesa-y-la-cancion.jpg 1024w, http:\/\/hoycordobaweb.com\/wp-content\/uploads\/2025\/02\/se-viene-una-nueva-edicion-del-festival-del-humor-la-buena-mesa-y-la-cancion-2.jpg 300w, http:\/\/hoycordobaweb.com\/wp-content\/uploads\/2025\/02\/se-viene-una-nueva-edicion-del-festival-del-humor-la-buena-mesa-y-la-cancion-3.jpg 768w, http:\/\/hoycordobaweb.com\/wp-content\/uploads\/2025\/02\/se-viene-una-nueva-edicion-del-festival-del-humor-la-buena-mesa-y-la-cancion-4.jpg 1536w, http:\/\/hoycordobaweb.com\/wp-content\/uploads\/2025\/02\/se-viene-una-nueva-edicion-del-festival-del-humor-la-buena-mesa-y-la-cancion-5.jpg 1600w\" sizes=\"(max-width: 1024px) 100vw, 1024px\"><\/figure>\n<figure class=\"wp-block-image size-large\"><img loading=\"lazy\" decoding=\"async\" width=\"1024\" height=\"576\" data-id=\"896153\" src=\"http:\/\/hoycordobaweb.com\/wp-content\/uploads\/2025\/02\/se-viene-una-nueva-edicion-del-festival-del-humor-la-buena-mesa-y-la-cancion-1.jpg\" alt class=\"wp-image-896153\" srcset=\"http:\/\/hoycordobaweb.com\/wp-content\/uploads\/2025\/02\/se-viene-una-nueva-edicion-del-festival-del-humor-la-buena-mesa-y-la-cancion-1.jpg 1024w, http:\/\/hoycordobaweb.com\/wp-content\/uploads\/2025\/02\/se-viene-una-nueva-edicion-del-festival-del-humor-la-buena-mesa-y-la-cancion-6.jpg 300w, http:\/\/hoycordobaweb.com\/wp-content\/uploads\/2025\/02\/se-viene-una-nueva-edicion-del-festival-del-humor-la-buena-mesa-y-la-cancion-7.jpg 768w, http:\/\/hoycordobaweb.com\/wp-content\/uploads\/2025\/02\/se-viene-una-nueva-edicion-del-festival-del-humor-la-buena-mesa-y-la-cancion-8.jpg 1536w, http:\/\/hoycordobaweb.com\/wp-content\/uploads\/2025\/02\/se-viene-una-nueva-edicion-del-festival-del-humor-la-buena-mesa-y-la-cancion-9.jpg 1600w\" sizes=\"(max-width: 1024px) 100vw, 1024px\"><\/figure>\n<\/figure>\n","protected":false},"excerpt":{"rendered":"<p>El Festival del Humor, la Buena Mesa y la Canci\u00f3n vuelve a San Francisco con una nueva edici\u00f3n los d\u00edas 15 y 16 de febrero en el predio de la Sociedad Rural. Con una propuesta renovada, el evento sigue consolid\u00e1ndose como uno de los m\u00e1s destacados del pa\u00eds, ofreciendo espect\u00e1culos de primer nivel, una amplia [&hellip;]<\/p>\n","protected":false},"author":1,"featured_media":96650,"comment_status":"closed","ping_status":"closed","sticky":false,"template":"","format":"standard","meta":[],"categories":[19],"tags":[],"_links":{"self":[{"href":"http:\/\/hoycordobaweb.com\/index.php\/wp-json\/wp\/v2\/posts\/96649"}],"collection":[{"href":"http:\/\/hoycordobaweb.com\/index.php\/wp-json\/wp\/v2\/posts"}],"about":[{"href":"http:\/\/hoycordobaweb.com\/index.php\/wp-json\/wp\/v2\/types\/post"}],"author":[{"embeddable":true,"href":"http:\/\/hoycordobaweb.com\/index.php\/wp-json\/wp\/v2\/users\/1"}],"replies":[{"embeddable":true,"href":"http:\/\/hoycordobaweb.com\/index.php\/wp-json\/wp\/v2\/comments?post=96649"}],"version-history":[{"count":0,"href":"http:\/\/hoycordobaweb.com\/index.php\/wp-json\/wp\/v2\/posts\/96649\/revisions"}],"wp:featuredmedia":[{"embeddable":true,"href":"http:\/\/hoycordobaweb.com\/index.php\/wp-json\/wp\/v2\/media\/96650"}],"wp:attachment":[{"href":"http:\/\/hoycordobaweb.com\/index.php\/wp-json\/wp\/v2\/media?parent=96649"}],"wp:term":[{"taxonomy":"category","embeddable":true,"href":"http:\/\/hoycordobaweb.com\/index.php\/wp-json\/wp\/v2\/categories?post=96649"},{"taxonomy":"post_tag","embeddable":true,"href":"http:\/\/hoycordobaweb.com\/index.php\/wp-json\/wp\/v2\/tags?post=96649"}],"curies":[{"name":"wp","href":"https:\/\/api.w.org\/{rel}","templated":true}]}}