{"id":96637,"date":"2025-02-10T16:28:08","date_gmt":"2025-02-10T16:28:08","guid":{"rendered":"https:\/\/www.mujerhoy.com\/moda\/tendencias\/shorts-invierno-para-dias-frios-20250210172516-nt.html"},"modified":"2025-02-10T16:28:08","modified_gmt":"2025-02-10T16:28:08","slug":"estos-shorts-de-invierno-son-todo-lo-que-le-puedo-pedir-a-mi-armario","status":"publish","type":"post","link":"http:\/\/hoycordobaweb.com\/index.php\/2025\/02\/10\/estos-shorts-de-invierno-son-todo-lo-que-le-puedo-pedir-a-mi-armario\/","title":{"rendered":"Estos shorts de invierno son todo lo que le puedo pedir a mi armario"},"content":{"rendered":"<p><!-- AUTHOR --> <\/p>\n<div class=\"voc-author-timesocial \"> <!-- AUTHOR --> <\/p>\n<div class=\"voc-author-timesocial__signature \">\n<div class=\"voc-author-timesocial__img-c\"> <!-- IMAGE AUTHOR --> <picture class=\"voc-image-signature\"> <img class=\"voc-image-signature__img\" src=\"http:\/\/hoycordobaweb.com\/wp-content\/uploads\/2025\/02\/estos-shorts-de-invierno-son-todo-lo-que-le-puedo-pedir-a-mi-armario.jpg\" alt=\"Lauren Izquierdo\"> <\/picture> <\/div>\n<p> <!-- INFO AUTHOR --> <\/div><\/div>\n<p> <!-- COMPONENTS --> <\/p>\n<p class=\"voc-paragraph\" data-mrf-recirculation=\"Link art\u00edculo\">Si pensabas que los shorts eran solo para el verano, es hora de cambiar de opini\u00f3n, porque esta <strong>temporada 2025<\/strong>, los <strong>shorts de invierno<\/strong> se han convertido en el nuevo imprescindible de las m\u00e1s elegantes. Con tejidos estructurados, cortes impecables y una longitud estrat\u00e9gica que estiliza las piernas, son la alternativa perfecta a los <a data-voc-vtm-id=\"in-text-traffic\" href=\"https:\/\/www.mujerhoy.com\/moda\/tendencias\/nuevo-pantalon-tipazo-invierno-instagram-zara-20241204070517-nt.html\" title=\"www.mujerhoy.com\" data-mrf-link=\"https:\/\/www.mujerhoy.com\/moda\/tendencias\/nuevo-pantalon-tipazo-invierno-instagram-zara-20241204070517-nt.html\">pantalones cl\u00e1sicos<\/a><br \/>\n. <\/p>\n<p class=\"voc-paragraph\" data-mrf-recirculation=\"Link art\u00edculo\">Dise\u00f1adores como Chanel, Max Mara y Miu Miu han apostado por ellos en sus <strong>colecciones primavera-verano 2025<\/strong>, combin\u00e1ndolos con medias tupidas, botas altas y abrigos de l\u00edneas depuradas para crear conjuntos pulidos y llenos de car\u00e1cter. La <strong>clave<\/strong> est\u00e1 en elegir modelos de lana, tweed o cuero, que aporten textura y calidez sin perder ese aire elegante que tanto buscamos en los meses fr\u00edos.\n<\/p>\n<p class=\"voc-paragraph\" data-mrf-recirculation=\"Link art\u00edculo\">Lo mejor es que son muy <strong>vers\u00e1tiles<\/strong>: puedes llevarlos en clave formal con un blazer estructurado y stilettos, al m\u00e1s puro estilo <strong>Saint Laurent<\/strong>, o con un jersey de cuello alto y botines para un <a data-voc-vtm-id=\"in-text-traffic\" href=\"https:\/\/www.mujerhoy.com\/lujo-slow\/que-es-effortless-chic-looks-comodos-elegantes-vaqueros-zapatillas-favoritos-influencers-tendencias-moda-lujo-2024-20240107132624-nt.html\" title=\"www.mujerhoy.com\" data-mrf-link=\"https:\/\/www.mujerhoy.com\/lujo-slow\/que-es-effortless-chic-looks-comodos-elegantes-vaqueros-zapatillas-favoritos-influencers-tendencias-moda-lujo-2024-20240107132624-nt.html\">look effortless chic<\/a><br \/>\n. Sea como fuere, el resultado siempre es un equilibrio perfecto entre sofisticaci\u00f3n y modernidad.\n<\/p>\n<p><h3 class=\"voc-detail__title\"> Shorts de invierno: los m\u00e1s ponibles<br \/>\n<\/h3>\n<\/p>\n<div class=\"voc-detail-photo-zoom\"> <picture data-toggle=\"modal\" data-target=\"#photoZoomModal-535\" target=\"modal\">\n<div class=\"voc-img-icon-link\"> <img loading=\"lazy\" src=\"http:\/\/hoycordobaweb.com\/wp-content\/uploads\/2025\/02\/estos-shorts-de-invierno-son-todo-lo-que-le-puedo-pedir-a-mi-armario-1.jpg\" width=\"650\" height=\"900\" alt=\"Pantal\u00f3n de lana de Parfois, 25,99 euros.\"> <noscript> <img src=\"http:\/\/hoycordobaweb.com\/wp-content\/uploads\/2025\/02\/estos-shorts-de-invierno-son-todo-lo-que-le-puedo-pedir-a-mi-armario-1.jpg\" alt=\"Pantal\u00f3n de lana de Parfois, 25,99 euros.\"> <\/noscript> <i class=\"voc-icons zoom voc-multimedia-box voc-ico-l\"><\/i> <\/div><figcaption class=\"figure-caption\">Pantal\u00f3n de lana de Parfois, 25,99 euros.<\/figcaption><\/picture>\n<\/div>\n<div id=\"photoZoomModal-535\" class=\"voc-lightbox modal fade voc-lightbox--photo-zoom\" role=\"dialog\" data-voc-photozoom-lightbox>\n<div class=\"voc-lightbox__dialog\" role=\"document\">\n<div class=\"voc-lightbox__content\"> <!-- Modal header --> <!-- Modal content --> <\/p>\n<div class=\"voc-lightbox__photo-container\"> <picture class> <img loading=\"lazy\" src=\"http:\/\/hoycordobaweb.com\/wp-content\/uploads\/2025\/02\/estos-shorts-de-invierno-son-todo-lo-que-le-puedo-pedir-a-mi-armario-1.jpg\" alt=\"Pantal\u00f3n de lana de Parfois, 25,99 euros.\"> <noscript> <img src=\"http:\/\/hoycordobaweb.com\/wp-content\/uploads\/2025\/02\/estos-shorts-de-invierno-son-todo-lo-que-le-puedo-pedir-a-mi-armario-1.jpg\" alt=\"Pantal\u00f3n de lana de Parfois, 25,99 euros.\"> <\/noscript> <\/picture> <\/div><\/div><\/div>\n<\/div>\n<p class=\"voc-paragraph\" data-mrf-recirculation=\"Link art\u00edculo\"><strong>Pantal\u00f3n de lana de Parfois, 25,99 euros<\/strong>. Perfecto para llevarlo con un c\u00e1rdigan y medias tupidas, el resultado ser\u00e1 elegant\u00edsimo y a prueba de dolores de cabeza por no saber qu\u00e9 ponerte.\n<\/p>\n<div class=\"voc-detail-photo-zoom\"> <picture data-toggle=\"modal\" data-target=\"#photoZoomModal-340\" target=\"modal\">\n<div class=\"voc-img-icon-link\"> <img loading=\"lazy\" src=\"http:\/\/hoycordobaweb.com\/wp-content\/uploads\/2025\/02\/estos-shorts-de-invierno-son-todo-lo-que-le-puedo-pedir-a-mi-armario-2.jpg\" width=\"650\" height=\"900\" alt=\"Pantalones de cuero de Morgan, a la venta en Zalando, 54,95 euros.\"> <noscript> <img src=\"http:\/\/hoycordobaweb.com\/wp-content\/uploads\/2025\/02\/estos-shorts-de-invierno-son-todo-lo-que-le-puedo-pedir-a-mi-armario-2.jpg\" alt=\"Pantalones de cuero de Morgan, a la venta en Zalando, 54,95 euros.\"> <\/noscript> <i class=\"voc-icons zoom voc-multimedia-box voc-ico-l\"><\/i> <\/div><figcaption class=\"figure-caption\">Pantalones de cuero de Morgan, a la venta en Zalando, 54,95 euros.<\/figcaption><\/picture>\n<\/div>\n<div id=\"photoZoomModal-340\" class=\"voc-lightbox modal fade voc-lightbox--photo-zoom\" role=\"dialog\" data-voc-photozoom-lightbox>\n<div class=\"voc-lightbox__dialog\" role=\"document\">\n<div class=\"voc-lightbox__content\"> <!-- Modal header --> <!-- Modal content --> <\/p>\n<div class=\"voc-lightbox__photo-container\"> <picture class> <img loading=\"lazy\" src=\"http:\/\/hoycordobaweb.com\/wp-content\/uploads\/2025\/02\/estos-shorts-de-invierno-son-todo-lo-que-le-puedo-pedir-a-mi-armario-2.jpg\" alt=\"Pantalones de cuero de Morgan, a la venta en Zalando, 54,95 euros.\"> <noscript> <img src=\"http:\/\/hoycordobaweb.com\/wp-content\/uploads\/2025\/02\/estos-shorts-de-invierno-son-todo-lo-que-le-puedo-pedir-a-mi-armario-2.jpg\" alt=\"Pantalones de cuero de Morgan, a la venta en Zalando, 54,95 euros.\"> <\/noscript> <\/picture> <\/div><\/div><\/div>\n<\/div>\n<p class=\"voc-paragraph\" data-mrf-recirculation=\"Link art\u00edculo\"><strong>Pantalones de cuero de Morgan, a la venta en Zalando, 54,95 euros<\/strong>. Para aquellas que vayan buscando un aire diferente y con un toque m\u00e1s atrevido, estos shorts son el comod\u00edn perfecto para llevarlo con jers\u00e9is y blusas. <\/p>\n<div class=\"voc-detail-photo-zoom\"> <picture data-toggle=\"modal\" data-target=\"#photoZoomModal-791\" target=\"modal\">\n<div class=\"voc-img-icon-link\"> <img loading=\"lazy\" src=\"http:\/\/hoycordobaweb.com\/wp-content\/uploads\/2025\/02\/estos-shorts-de-invierno-son-todo-lo-que-le-puedo-pedir-a-mi-armario-3.jpg\" width=\"650\" height=\"900\" alt=\"Short de espejos de Antik Batik, 395 euros.\"> <noscript> <img src=\"http:\/\/hoycordobaweb.com\/wp-content\/uploads\/2025\/02\/estos-shorts-de-invierno-son-todo-lo-que-le-puedo-pedir-a-mi-armario-3.jpg\" alt=\"Short de espejos de Antik Batik, 395 euros.\"> <\/noscript> <i class=\"voc-icons zoom voc-multimedia-box voc-ico-l\"><\/i> <\/div><figcaption class=\"figure-caption\">Short de espejos de Antik Batik, 395 euros.<\/figcaption><\/picture>\n<\/div>\n<div id=\"photoZoomModal-791\" class=\"voc-lightbox modal fade voc-lightbox--photo-zoom\" role=\"dialog\" data-voc-photozoom-lightbox>\n<div class=\"voc-lightbox__dialog\" role=\"document\">\n<div class=\"voc-lightbox__content\"> <!-- Modal header --> <!-- Modal content --> <\/p>\n<div class=\"voc-lightbox__photo-container\"> <picture class> <img loading=\"lazy\" src=\"http:\/\/hoycordobaweb.com\/wp-content\/uploads\/2025\/02\/estos-shorts-de-invierno-son-todo-lo-que-le-puedo-pedir-a-mi-armario-3.jpg\" alt=\"Short de espejos de Antik Batik, 395 euros.\"> <noscript> <img src=\"http:\/\/hoycordobaweb.com\/wp-content\/uploads\/2025\/02\/estos-shorts-de-invierno-son-todo-lo-que-le-puedo-pedir-a-mi-armario-3.jpg\" alt=\"Short de espejos de Antik Batik, 395 euros.\"> <\/noscript> <\/picture> <\/div><\/div><\/div>\n<\/div>\n<p class=\"voc-paragraph\" data-mrf-recirculation=\"Link art\u00edculo\"><strong>Short de espejos de Antik Batik, 395 euros<\/strong>. Nos parecen una preciosidad que podr\u00e1s combinar tanto con camisas blancas sencillas como con jers\u00e9is de lana pegaditos al cuerpo. El resultado ser\u00e1 elegant\u00edsimo. <\/p>\n<div class=\"voc-detail-photo-zoom\"> <picture data-toggle=\"modal\" data-target=\"#photoZoomModal-843\" target=\"modal\">\n<div class=\"voc-img-icon-link\"> <img loading=\"lazy\" src=\"http:\/\/hoycordobaweb.com\/wp-content\/uploads\/2025\/02\/estos-shorts-de-invierno-son-todo-lo-que-le-puedo-pedir-a-mi-armario-4.jpg\" width=\"650\" height=\"900\" alt=\"Shorts de tweed de S\u00e9zane, 105 euros.\"> <noscript> <img src=\"http:\/\/hoycordobaweb.com\/wp-content\/uploads\/2025\/02\/estos-shorts-de-invierno-son-todo-lo-que-le-puedo-pedir-a-mi-armario-4.jpg\" alt=\"Shorts de tweed de S\u00e9zane, 105 euros.\"> <\/noscript> <i class=\"voc-icons zoom voc-multimedia-box voc-ico-l\"><\/i> <\/div><figcaption class=\"figure-caption\">Shorts de tweed de S\u00e9zane, 105 euros.<\/figcaption><\/picture>\n<\/div>\n<div id=\"photoZoomModal-843\" class=\"voc-lightbox modal fade voc-lightbox--photo-zoom\" role=\"dialog\" data-voc-photozoom-lightbox>\n<div class=\"voc-lightbox__dialog\" role=\"document\">\n<div class=\"voc-lightbox__content\"> <!-- Modal header --> <!-- Modal content --> <\/p>\n<div class=\"voc-lightbox__photo-container\"> <picture class> <img loading=\"lazy\" src=\"http:\/\/hoycordobaweb.com\/wp-content\/uploads\/2025\/02\/estos-shorts-de-invierno-son-todo-lo-que-le-puedo-pedir-a-mi-armario-4.jpg\" alt=\"Shorts de tweed de S\u00e9zane, 105 euros.\"> <noscript> <img src=\"http:\/\/hoycordobaweb.com\/wp-content\/uploads\/2025\/02\/estos-shorts-de-invierno-son-todo-lo-que-le-puedo-pedir-a-mi-armario-4.jpg\" alt=\"Shorts de tweed de S\u00e9zane, 105 euros.\"> <\/noscript> <\/picture> <\/div><\/div><\/div>\n<\/div>\n<p class=\"voc-paragraph\" data-mrf-recirculation=\"Link art\u00edculo\"><strong>Shorts de tweed de S\u00e9zane, 105 euros.<\/strong> Si buscas el je ne sais quois m\u00e1s franc\u00e9s, acabas de encontrarlo. Mi consejo es que lo combines con tonos neutros claritos para que el tu look sea armonioso y elegante. <\/p>\n<div class=\"voc-detail-photo-zoom\"> <picture data-toggle=\"modal\" data-target=\"#photoZoomModal-603\" target=\"modal\">\n<div class=\"voc-img-icon-link\"> <img loading=\"lazy\" src=\"http:\/\/hoycordobaweb.com\/wp-content\/uploads\/2025\/02\/estos-shorts-de-invierno-son-todo-lo-que-le-puedo-pedir-a-mi-armario-5.jpg\" width=\"650\" height=\"900\" alt=\"Short de punto de Maje, 195 euros.\"> <noscript> <img src=\"http:\/\/hoycordobaweb.com\/wp-content\/uploads\/2025\/02\/estos-shorts-de-invierno-son-todo-lo-que-le-puedo-pedir-a-mi-armario-5.jpg\" alt=\"Short de punto de Maje, 195 euros.\"> <\/noscript> <i class=\"voc-icons zoom voc-multimedia-box voc-ico-l\"><\/i> <\/div><figcaption class=\"figure-caption\">Short de punto de Maje, 195 euros.<\/figcaption><\/picture>\n<\/div>\n<div id=\"photoZoomModal-603\" class=\"voc-lightbox modal fade voc-lightbox--photo-zoom\" role=\"dialog\" data-voc-photozoom-lightbox>\n<div class=\"voc-lightbox__dialog\" role=\"document\">\n<div class=\"voc-lightbox__content\"> <!-- Modal header --> <!-- Modal content --> <\/p>\n<div class=\"voc-lightbox__photo-container\"> <picture class> <img loading=\"lazy\" src=\"http:\/\/hoycordobaweb.com\/wp-content\/uploads\/2025\/02\/estos-shorts-de-invierno-son-todo-lo-que-le-puedo-pedir-a-mi-armario-5.jpg\" alt=\"Short de punto de Maje, 195 euros.\"> <noscript> <img src=\"http:\/\/hoycordobaweb.com\/wp-content\/uploads\/2025\/02\/estos-shorts-de-invierno-son-todo-lo-que-le-puedo-pedir-a-mi-armario-5.jpg\" alt=\"Short de punto de Maje, 195 euros.\"> <\/noscript> <\/picture> <\/div><\/div><\/div>\n<\/div>\n<p class=\"voc-paragraph\" data-mrf-recirculation=\"Link art\u00edculo\"><strong>Short de punto de Maje, 195 euros<\/strong>. Es la opci\u00f3n que buscas si quieres un short perfecto tanto para primavera, como para ponerte ahora con jers\u00e9is m\u00e1s gruesos y botas por la rodilla que te den un aire m\u00e1s comfy. <\/p>\n<div class=\"voc-detail-photo-zoom\"> <picture data-toggle=\"modal\" data-target=\"#photoZoomModal-391\" target=\"modal\">\n<div class=\"voc-img-icon-link\"> <img loading=\"lazy\" src=\"http:\/\/hoycordobaweb.com\/wp-content\/uploads\/2025\/02\/estos-shorts-de-invierno-son-todo-lo-que-le-puedo-pedir-a-mi-armario-6.jpg\" width=\"650\" height=\"900\" alt=\"Short con pespuntes de Claudie Pierlot, 185 euros.\"> <noscript> <img src=\"http:\/\/hoycordobaweb.com\/wp-content\/uploads\/2025\/02\/estos-shorts-de-invierno-son-todo-lo-que-le-puedo-pedir-a-mi-armario-6.jpg\" alt=\"Short con pespuntes de Claudie Pierlot, 185 euros.\"> <\/noscript> <i class=\"voc-icons zoom voc-multimedia-box voc-ico-l\"><\/i> <\/div><figcaption class=\"figure-caption\">Short con pespuntes de Claudie Pierlot, 185 euros.<\/figcaption><\/picture>\n<\/div>\n<div id=\"photoZoomModal-391\" class=\"voc-lightbox modal fade voc-lightbox--photo-zoom\" role=\"dialog\" data-voc-photozoom-lightbox>\n<div class=\"voc-lightbox__dialog\" role=\"document\">\n<div class=\"voc-lightbox__content\"> <!-- Modal header --> <!-- Modal content --> <\/p>\n<div class=\"voc-lightbox__photo-container\"> <picture class> <img loading=\"lazy\" src=\"http:\/\/hoycordobaweb.com\/wp-content\/uploads\/2025\/02\/estos-shorts-de-invierno-son-todo-lo-que-le-puedo-pedir-a-mi-armario-6.jpg\" alt=\"Short con pespuntes de Claudie Pierlot, 185 euros.\"> <noscript> <img src=\"http:\/\/hoycordobaweb.com\/wp-content\/uploads\/2025\/02\/estos-shorts-de-invierno-son-todo-lo-que-le-puedo-pedir-a-mi-armario-6.jpg\" alt=\"Short con pespuntes de Claudie Pierlot, 185 euros.\"> <\/noscript> <\/picture> <\/div><\/div><\/div>\n<\/div>\n<p class=\"voc-paragraph\" data-mrf-recirculation=\"Link art\u00edculo\"><strong>Short con pespuntes de Claudie Pierlot, 185 euros.<\/strong> Es una opci\u00f3n diferente a cualquiera de las anteriores, pero muy elegante y que queda muy bien en looks diarios, pero tambi\u00e9n en ocasiones un poco m\u00e1s elegantes. <\/p>\n<p> <!-- TOPICS --> <\/p>\n","protected":false},"excerpt":{"rendered":"<p>Si pensabas que los shorts eran solo para el verano, es hora de cambiar de opini\u00f3n, porque esta temporada 2025, los shorts de invierno se han convertido en el nuevo imprescindible de las m\u00e1s elegantes. Con tejidos estructurados, cortes impecables y una longitud estrat\u00e9gica que estiliza las piernas, son la alternativa perfecta a los pantalones [&hellip;]<\/p>\n","protected":false},"author":1,"featured_media":96638,"comment_status":"closed","ping_status":"closed","sticky":false,"template":"","format":"standard","meta":[],"categories":[],"tags":[],"_links":{"self":[{"href":"http:\/\/hoycordobaweb.com\/index.php\/wp-json\/wp\/v2\/posts\/96637"}],"collection":[{"href":"http:\/\/hoycordobaweb.com\/index.php\/wp-json\/wp\/v2\/posts"}],"about":[{"href":"http:\/\/hoycordobaweb.com\/index.php\/wp-json\/wp\/v2\/types\/post"}],"author":[{"embeddable":true,"href":"http:\/\/hoycordobaweb.com\/index.php\/wp-json\/wp\/v2\/users\/1"}],"replies":[{"embeddable":true,"href":"http:\/\/hoycordobaweb.com\/index.php\/wp-json\/wp\/v2\/comments?post=96637"}],"version-history":[{"count":0,"href":"http:\/\/hoycordobaweb.com\/index.php\/wp-json\/wp\/v2\/posts\/96637\/revisions"}],"wp:featuredmedia":[{"embeddable":true,"href":"http:\/\/hoycordobaweb.com\/index.php\/wp-json\/wp\/v2\/media\/96638"}],"wp:attachment":[{"href":"http:\/\/hoycordobaweb.com\/index.php\/wp-json\/wp\/v2\/media?parent=96637"}],"wp:term":[{"taxonomy":"category","embeddable":true,"href":"http:\/\/hoycordobaweb.com\/index.php\/wp-json\/wp\/v2\/categories?post=96637"},{"taxonomy":"post_tag","embeddable":true,"href":"http:\/\/hoycordobaweb.com\/index.php\/wp-json\/wp\/v2\/tags?post=96637"}],"curies":[{"name":"wp","href":"https:\/\/api.w.org\/{rel}","templated":true}]}}