{"id":96627,"date":"2025-02-10T09:01:34","date_gmt":"2025-02-10T09:01:34","guid":{"rendered":"https:\/\/www.ole.com.ar\/tenis\/francisco-comesana-ole-record-navone-cabala-religiosa-argentina-open_0_E4IuLf5niu.html"},"modified":"2025-02-10T09:01:34","modified_gmt":"2025-02-10T09:01:34","slug":"comesana-con-ole-el-record-con-navone-y-su-cabala-religiosa","status":"publish","type":"post","link":"http:\/\/hoycordobaweb.com\/index.php\/2025\/02\/10\/comesana-con-ole-el-record-con-navone-y-su-cabala-religiosa\/","title":{"rendered":"Comesa\u00f1a, con Ol\u00e9: el \u00abr\u00e9cord\u00bb con Navone y su c\u00e1bala religiosa"},"content":{"rendered":"<p><img src=\"http:\/\/hoycordobaweb.com\/wp-content\/uploads\/2025\/02\/comesana-con-ole-el-record-con-navone-y-su-cabala-religiosa.jpg\"><\/p>\n<p><time class=\"createDate\" datetime=\"2025-02-10T06:01:34-03:00\">10\/02\/2025 06:01hs.<\/time><\/p>\n<div id=\"storyBody\">\n<div class=\"custom-text \" readability=\"38\">\n<p><strong>Francisco Comesa\u00f1a no puede dejar de sonre\u00edr.<\/strong> Disfruta el momento. Como si se fuera a re\u00edr en medio de sus relatos, el marplatense de 24 a\u00f1os est\u00e1 viviendo el momento que siempre so\u00f1\u00f3 desde que empu\u00f1\u00f3 una raqueta por primera vez en el Edison de la Feliz: <strong>formar\u00e1 parte del cuadro principal del Argentina Open<\/strong>, donde debutar\u00e1 este lunes ante Mariano Navone en el segundo turno de la sesi\u00f3n nocturna. Y antes del \u00faltimo entrenamiento previo a salir al Estadio Guillermo Vilas, no tuvo problema para atender a <strong>Ol\u00e9 <\/strong>en un mano a mano exclusivo.<\/p>\n<\/div>\n<div class=\"custom-text \" readability=\"41\">\n<p>Si hay algo que caracteriza a esta camada joven de tenistas argentinos, es que se han apoyado mutuamente. Al igual que sucedi\u00f3 en su momento con la Legi\u00f3n, si uno consegu\u00eda un \u00e9xito no generaba envidia, sino un hambre competitivo para seguir esa huella. <strong>Y tanto Comesa\u00f1a como Navone compartieron todo el recorrido juntos<\/strong>: siendo rivales dentro de los l\u00edmites del terreno de juego, pero especialmente amigos fuera de la cancha, donde pasaron las mil y una. Desde momentos de j\u00fabilo absoluto hasta instantes de tensi\u00f3n en cruces fronterizos por Europa del Este. <strong>Y por und\u00e9cima ocasi\u00f3n en el profesionalismo se ver\u00e1n las caras<\/strong> (6-4 en favor del oriundo de Mar del Plata), aunque esta ser\u00e1 la primera a nivel ATP.<\/p>\n<\/div>\n<div class=\"custom-text \" readability=\"42\">\n<p>\u00ab<strong>No s\u00e9 cu\u00e1ntos jugadores se han enfrentado en futures, en challengers y ahora en ATP. Faltar\u00eda en un Grand Slam nada m\u00e1s (risas)<\/strong>. Con Marian nos conocemos hace 15 a\u00f1os de compartir Grado 3, Grado 2. Tambi\u00e9n jugamos en Grado 3, en Grado 2 (se agarra la cabeza como se\u00f1al para recordar viejos tiempos)&#8230; \u00a1Jugamos en todos lados! Nos conocemos un mont\u00f3n, lo quiero mucho. Hemos viajado juntos, hemos tenido experiencias dur\u00edsimas (lo acent\u00faa) viajando. <strong>Para el partido ser\u00e1 una rivalidad sana, pero voy a hacer mi partido<\/strong>\u00ab, coment\u00f3.<\/p>\n<\/div>\n<div class=\"sc-e7b891c4-0 ifHnQL image-embed\"><img alt=\"Comesa\u00f1a debutar\u00e1 contra Navone. Se conocen muy bien. (Emmanuel Fern\u00e1ndez)\" loading=\"lazy\" width=\"720\" height=\"100\" decoding=\"async\" data-nimg=\"1\" src=\"http:\/\/hoycordobaweb.com\/wp-content\/uploads\/2025\/02\/comesana-con-ole-el-record-con-navone-y-su-cabala-religiosa-2.jpg\"><span class=\"epigraphe\">Comesa\u00f1a debutar\u00e1 contra Navone. Se conocen muy bien. (Emmanuel Fern\u00e1ndez)<\/span><\/div>\n<p><h2><strong>Comesa\u00f1a: su transici\u00f3n a ATP y las c\u00e1balas religiosas<\/strong><\/h2>\n<\/p>\n<div class=\"custom-text \" readability=\"37\">\n<p>-Tuviste un gran 2024: cosechaste tres t\u00edtulos challenger (Oeiras, Buenos Aires y San Pablo), te metiste top 100 subiendo casi 40 puestos (del 124 al 85), debutaste y ganaste partidos en Grand Slam. <strong>\u00bfC\u00f3mo vas llevando esta transici\u00f3n a ATP?<\/strong><\/p>\n<\/div>\n<div class=\"custom-text \" readability=\"44\">\n<p><strong>FC:<\/strong> El circuito challenger te prepara muy bien, porque ten\u00e9s grandes batallas, pero creo que el (nivel) ATP es el paso final para lo que uno realmente quiere vivir, el jugar los torneos m\u00e1s grandes, <strong>jugar contra los mejores del mundo<\/strong>. Obviamente se siente (la diferencia), porque son jugadores de muy alto nivel, pero sigo adapt\u00e1ndome, sigo intentando jugar la mayor cantidad de torneos ATP posible, fogiarme con todos los jugadores. Y si bien es dif\u00edcil, de a poco lo vamos a ir logrando.<\/p>\n<\/div>\n<div class=\"sc-e7b891c4-0 ifHnQL image-embed\"><img alt=\"Comesa\u00f1a tuvo un gran 2024. Ir\u00e1 por m\u00e1s este a\u00f1o.\" loading=\"lazy\" width=\"720\" height=\"100\" decoding=\"async\" data-nimg=\"1\" src=\"http:\/\/hoycordobaweb.com\/wp-content\/uploads\/2025\/02\/comesana-con-ole-el-record-con-navone-y-su-cabala-religiosa-3.jpg\"><span class=\"epigraphe\">Comesa\u00f1a tuvo un gran 2024. Ir\u00e1 por m\u00e1s este a\u00f1o.<\/span><\/div>\n<div class=\"custom-text \" readability=\"43\">\n<p>-Fran Cer\u00fandolo dec\u00eda en su conferencia de prensa que actualmente sacando 3 o 4 tenistas, como Alcaraz, Sinner o Diokovic, despu\u00e9s cualquiera le puede ganar a cualquiera teniendo en cuenta que ya hoy en d\u00eda los jugadores, salvando las dificultades econ\u00f3micas de cada caso, ya trabajan con kinesi\u00f3logos, hacen un laburo psicol\u00f3gico. <strong>\u00bfVos, que ven\u00eds remando desde un poco m\u00e1s atr\u00e1s, lo notas de esa manera?<\/strong><\/p>\n<\/div>\n<div class=\"custom-text \" readability=\"40\">\n<p><strong>FC:<\/strong> Hay algunos que ya est\u00e1n establecidos hace un tiempo en ATP y pueden viajar m\u00e1s acompa\u00f1ados, a veces es mejor para cuidar el f\u00edsico y a medida que lo pueda hacer lo har\u00e9. S\u00ed creo que si bien se pueden dar golpes buenos en algunos ATP, <strong>lo que a veces cuesta un poquito es mantener la regularidad<\/strong>, que es muy importante para estar siempre dentro de los 50, 60, 40 mejores del mundo.<\/p>\n<\/div>\n<div class=\"custom-text \" readability=\"35\">\n<p><strong>-\u00bfY c\u00f3mo ven\u00eds laburando eso con Seba Guti\u00e9rrez, tu entrenador? \u00bfTe ayuda compartir entrenamientos con Seba Baez, que ya lleva varios a\u00f1os ah\u00ed en la \u00e9lite absoluta?<\/strong><\/p>\n<\/div>\n<div class=\"custom-text \" readability=\"39\">\n<p><strong>FC:<\/strong> S\u00ed, tal cual. <strong>Yo entreno mucho con Seba B\u00e1ez y \u00e9l es una bestia.<\/strong> F\u00edsicamente es un animal. La verdad que entrenar con \u00e9l me ayuda mucho tambi\u00e9n para ir sintiendo mucho m\u00e1s el ritmo de un top 20 como lo fue \u00e9l. Y bueno, ni hablar de Guti, que es una persona que me ha ayudado a cambiar un mont\u00f3n de cosas dentro y fuera de la cancha, y a quien le agradezco todo siempre.<\/p>\n<\/div>\n<div class=\"sc-e7b891c4-0 ifHnQL image-embed\"><img alt=\"Comesa\u00f1a habl\u00f3 de las c\u00e1balas religiosas que lo acompa\u00f1an a todos lados. (Emmanuel Fern\u00e1ndez)\" loading=\"lazy\" width=\"720\" height=\"100\" decoding=\"async\" data-nimg=\"1\" src=\"http:\/\/hoycordobaweb.com\/wp-content\/uploads\/2025\/02\/comesana-con-ole-el-record-con-navone-y-su-cabala-religiosa-4.jpg\"><span class=\"epigraphe\">Comesa\u00f1a habl\u00f3 de las c\u00e1balas religiosas que lo acompa\u00f1an a todos lados. (Emmanuel Fern\u00e1ndez)<\/span><\/div>\n<div class=\"custom-text \" readability=\"38\">\n<p>-Hablaste del trabajo fuera de la cancha y hace un a\u00f1o, en el challenger de Buenos Aires, me mostraste tu raquetero para un video y <strong>me dijiste que eras un poco cabulero, que ten\u00edas unas estampitas, que sos creyente&#8230;<\/strong><\/p>\n<\/div>\n<div class=\"custom-text \" readability=\"37\">\n<p><strong>FC:<\/strong> Es un poco de mi mam\u00e1. Ella tiene su rinconcito en casa que siempre reza, siempre pide salud por m\u00ed. Entonces siempre me da estampitas, me da unas piedras tambi\u00e9n energ\u00e9ticas. <strong>Ella tiene sus rituales y yo obviamente lo llevo conmigo con mucho gusto<\/strong>. Todo lo que me da mi mam\u00e1 lo pongo en el bolso y yo s\u00e9 que me acompa\u00f1a.<\/p>\n<\/div>\n<p><h2><strong>Despu\u00e9s del triunfo ante Rublev, Comesa\u00f1a hizo un click<\/strong><\/h2>\n<\/p>\n<div class=\"custom-text \" readability=\"41\">\n<p>M\u00e1s all\u00e1 de las motivaciones externas, Comesa\u00f1a hace doble y triple turno de trabajo en la Academia de Sebasti\u00e1n Guti\u00e9rrez ubicada en GEBA. Sabe que, tarde o temprano, con constancia lograr\u00e1 sus objetivos. Y el a\u00f1o anterior fue una de las gratas revelaciones argentinas. <strong>Tanto es as\u00ed que se carg\u00f3 en Wimbledon a Andrey Rublev<\/strong> (10\u00b0 del ranking actualmente, 6\u00b0 en ese momento). Casi sin experiencia en c\u00e9sped, pero con la confianza y los golpes necesarios, el fan\u00e1tico de Aldosivi le mostr\u00f3 al planeta entero todas sus armas.<\/p>\n<\/div>\n<div class=\"custom-text \" readability=\"44\">\n<p>\u00ab<strong>Me ha ayudado un poco a mis creencias<\/strong>: uno a veces piensa que no puede, que es dif\u00edcil. Pero bueno, yo tuve esa posibilidad de medirme con \u00e9l, de creer que pod\u00eda hacerlo, porque muchas veces capaz uno entra ante Rublev y piensa &#8216;voy a hacer mi mejor partido, a ver qu\u00e9 va a pasar, si me van a matar a pelotazos&#8217;, <strong>pero la verdad es que es que cre\u00ed mucho en m\u00ed y Guti me hizo confiar mucho en m\u00ed a m\u00ed.<\/strong> Obviamente era dif\u00edcil entrar a una cancha tan importante en mi primer Grand Slam y en una superficie que no hab\u00eda jugado contra alguien que ya ten\u00eda un mont\u00f3n de experiencia. Creo que el hecho de creer en m\u00ed y ganar ese partido me dio cada vez m\u00e1s confianza, <strong>y me hizo saber que puedo jugar grandes partidos<\/strong>\u00ab, sentenci\u00f3 el argentino.<\/p>\n<\/div>\n<div class=\"sc-e7b891c4-0 ifHnQL image-embed\"><img alt=\"En Wimbledon, Comesa\u00f1a sorprendi\u00f3 al mundo.\" loading=\"lazy\" width=\"720\" height=\"100\" decoding=\"async\" data-nimg=\"1\" src=\"http:\/\/hoycordobaweb.com\/wp-content\/uploads\/2025\/02\/comesana-con-ole-el-record-con-navone-y-su-cabala-religiosa-5.jpg\"><span class=\"epigraphe\">En Wimbledon, Comesa\u00f1a sorprendi\u00f3 al mundo.<\/span><\/div>\n<div class=\"sc-a7166897-0 eoLsBE\" readability=\"6.5\">\n<section readability=\"3\"><picture><img alt=\"Camilo Ugo Carabelli sali\u00f3 campe\u00f3n del challenger de Rosario y rompi\u00f3 un record personal\" loading=\"lazy\" width=\"290\" height=\"290\" decoding=\"async\" data-nimg=\"1\" src=\"http:\/\/hoycordobaweb.com\/wp-content\/uploads\/2025\/02\/comesana-con-ole-el-record-con-navone-y-su-cabala-religiosa-6.jpg\"><\/picture>\n<p><span>Mir\u00e1 tambi\u00e9n<\/span><\/p>\n<hr>\n<h3>Camilo Ugo Carabelli sali\u00f3 campe\u00f3n del challenger de Rosario y rompi\u00f3 un record personal<\/h3>\n<\/p>\n<\/section>\n<\/div>\n<div class=\"sc-a7166897-0 eoLsBE\" readability=\"7\">\n<section readability=\"4\"><picture><img alt=\"D\u00edaz Acosta, con Ol\u00e9: el pibe normal que ir\u00e1 por el bicampeonato en el Argentina Open\" loading=\"lazy\" width=\"290\" height=\"290\" decoding=\"async\" data-nimg=\"1\" src=\"http:\/\/hoycordobaweb.com\/wp-content\/uploads\/2025\/02\/comesana-con-ole-el-record-con-navone-y-su-cabala-religiosa-7.jpg\"><\/picture>\n<p><span>Mir\u00e1 tambi\u00e9n<\/span><\/p>\n<hr>\n<h3>D\u00edaz Acosta, con Ol\u00e9: el pibe normal que ir\u00e1 por el bicampeonato en el Argentina Open<\/h3>\n<\/p>\n<\/section>\n<\/div>\n<div class=\"sc-a7166897-0 eoLsBE\" readability=\"6.5\">\n<section readability=\"3\"><picture><img alt=\"Zverev, con Ol\u00e9: &quot;Me encantar\u00eda experimentar ir alguna vez a La Bombonera&quot;\" loading=\"lazy\" width=\"290\" height=\"290\" decoding=\"async\" data-nimg=\"1\" src=\"http:\/\/hoycordobaweb.com\/wp-content\/uploads\/2025\/02\/comesana-con-ole-el-record-con-navone-y-su-cabala-religiosa-8.jpg\"><\/picture>\n<p><span>Mir\u00e1 tambi\u00e9n<\/span><\/p>\n<hr>\n<h3>Zverev, con Ol\u00e9: \u00abMe encantar\u00eda experimentar ir alguna vez a La Bombonera\u00bb<\/h3>\n<\/p>\n<\/section>\n<\/div>\n<div class=\"sc-a7166897-0 eoLsBE\" readability=\"6.5\">\n<section readability=\"3\"><picture><img alt=\"Con Zverev como favorito, se sorte\u00f3 el cuadro del Argentina Open\" loading=\"lazy\" width=\"290\" height=\"290\" decoding=\"async\" data-nimg=\"1\" src=\"http:\/\/hoycordobaweb.com\/wp-content\/uploads\/2025\/02\/comesana-con-ole-el-record-con-navone-y-su-cabala-religiosa-9.jpg\"><\/picture>\n<p><span>Mir\u00e1 tambi\u00e9n<\/span><\/p>\n<hr>\n<h3>Con Zverev como favorito, se sorte\u00f3 el cuadro del Argentina Open<\/h3>\n<\/p>\n<\/section>\n<\/div>\n<div class=\"sc-a7166897-0 eoLsBE\" readability=\"6\">\n<section readability=\"2\"><picture><img alt=\"El hito sin precedentes que el Argentina Open marc\u00f3 en la historia del tenis mundial\" loading=\"lazy\" width=\"290\" height=\"290\" decoding=\"async\" data-nimg=\"1\" src=\"http:\/\/hoycordobaweb.com\/wp-content\/uploads\/2025\/02\/comesana-con-ole-el-record-con-navone-y-su-cabala-religiosa-10.jpg\"><\/picture>\n<p><span>Mir\u00e1 tambi\u00e9n<\/span><\/p>\n<hr>\n<h3>El hito sin precedentes que el Argentina Open marc\u00f3 en la historia del tenis mundial<\/h3>\n<\/p>\n<\/section>\n<\/div>\n<\/div>\n","protected":false},"excerpt":{"rendered":"<p>10\/02\/2025 06:01hs. Francisco Comesa\u00f1a no puede dejar de sonre\u00edr. Disfruta el momento. Como si se fuera a re\u00edr en medio de sus relatos, el marplatense de 24 a\u00f1os est\u00e1 viviendo el momento que siempre so\u00f1\u00f3 desde que empu\u00f1\u00f3 una raqueta por primera vez en el Edison de la Feliz: formar\u00e1 parte del cuadro principal del [&hellip;]<\/p>\n","protected":false},"author":1,"featured_media":96628,"comment_status":"open","ping_status":"closed","sticky":false,"template":"","format":"standard","meta":[],"categories":[16],"tags":[],"_links":{"self":[{"href":"http:\/\/hoycordobaweb.com\/index.php\/wp-json\/wp\/v2\/posts\/96627"}],"collection":[{"href":"http:\/\/hoycordobaweb.com\/index.php\/wp-json\/wp\/v2\/posts"}],"about":[{"href":"http:\/\/hoycordobaweb.com\/index.php\/wp-json\/wp\/v2\/types\/post"}],"author":[{"embeddable":true,"href":"http:\/\/hoycordobaweb.com\/index.php\/wp-json\/wp\/v2\/users\/1"}],"replies":[{"embeddable":true,"href":"http:\/\/hoycordobaweb.com\/index.php\/wp-json\/wp\/v2\/comments?post=96627"}],"version-history":[{"count":0,"href":"http:\/\/hoycordobaweb.com\/index.php\/wp-json\/wp\/v2\/posts\/96627\/revisions"}],"wp:featuredmedia":[{"embeddable":true,"href":"http:\/\/hoycordobaweb.com\/index.php\/wp-json\/wp\/v2\/media\/96628"}],"wp:attachment":[{"href":"http:\/\/hoycordobaweb.com\/index.php\/wp-json\/wp\/v2\/media?parent=96627"}],"wp:term":[{"taxonomy":"category","embeddable":true,"href":"http:\/\/hoycordobaweb.com\/index.php\/wp-json\/wp\/v2\/categories?post=96627"},{"taxonomy":"post_tag","embeddable":true,"href":"http:\/\/hoycordobaweb.com\/index.php\/wp-json\/wp\/v2\/tags?post=96627"}],"curies":[{"name":"wp","href":"https:\/\/api.w.org\/{rel}","templated":true}]}}