{"id":96622,"date":"2025-02-06T11:59:49","date_gmt":"2025-02-06T11:59:49","guid":{"rendered":"https:\/\/ladecimaweb.com\/?p=31030"},"modified":"2025-02-06T11:59:49","modified_gmt":"2025-02-06T11:59:49","slug":"vecinos-reducen-al-ladron-y-lo-atan-a-un-poste-a-la-espera-de-la-llegada-policial","status":"publish","type":"post","link":"http:\/\/hoycordobaweb.com\/index.php\/2025\/02\/06\/vecinos-reducen-al-ladron-y-lo-atan-a-un-poste-a-la-espera-de-la-llegada-policial\/","title":{"rendered":"Vecinos reducen al ladr\u00f3n y lo atan a un poste a la espera de la llegada policial"},"content":{"rendered":"<div class=\"boldgrid-section\">\n<div class=\"container\">\n<div class=\"row\">\n<div class=\"col-md-12 col-xs-12 col-sm-12\">\n<p>Un joven de 26 a\u00f1os<strong><span>&nbsp;<\/span>fue detenido por tercera vez en pocos d\u00edas<\/strong><span>&nbsp;<\/span>luego de ser atrapado por vecinos de la localidad de Achiras, en el sur de C\u00f3rdoba.&nbsp;<\/p>\n<p class=\"\">El hecho ocurri\u00f3 este mi\u00e9rcoles luego de que el sospechoso fuera visto nuevamente en la localidad. Los vecinos, que ya estaban alertados por los robos anteriores, decidieron actuar por su propia cuenta. As\u00ed,<span>&nbsp;<\/span><strong>lo redujeron en una esquina y lo ataron a un poste<span>&nbsp;<\/span><\/strong>de la calle, mientras esperaban a la Polic\u00eda.&nbsp;<\/p>\n<p class=\"\">Al momento de su detenci\u00f3n,<span>&nbsp;<\/span><strong>portaba objetos que hab\u00edan sido denunciados como robados momentos antes de un local comercial.<\/strong><span>&nbsp;<\/span>El fin de semana anterior, ya hab\u00eda sido aprehendido y trasladado a R\u00edo Cuarto, pero fue liberado.<\/p>\n<p>Seg\u00fan denunciaron los vecinos, el joven entraba a los comercios, amenazaba a los empleados y robaba principalmente bebidas alcoh\u00f3licas. Seg\u00fan la Polic\u00eda local, presenta problemas de salud mental, por lo que se aplic\u00f3 un protocolo especial dispuesto para estos casos.<\/p>\n<p>&nbsp;<\/p>\n<div class=\"ubm_banner\"><a href=\"https:\/\/www.cba.gov.ar\/dengue\/\" target=\"_blank\" rel=\"dofollow noopener noreferrer\"><img src=\"http:\/\/hoycordobaweb.com\/wp-content\/uploads\/2025\/02\/vecinos-reducen-al-ladron-y-lo-atan-a-un-poste-a-la-espera-de-la-llegada-policial.gif\" alt=\"\"><\/a><\/div>\n<\/div>\n<\/div>\n<\/div>\n<\/div>\n<p>La entrada <a rel=\"nofollow\" href=\"https:\/\/ladecimaweb.com\/vecinos-reducen-al-ladron-y-lo-atan-a-un-poste-a-la-espera-de-la-llegada-policial\/\">Vecinos reducen al ladr\u00f3n y lo atan a un poste a la espera de la llegada policial<\/a> se public\u00f3 primero en <a rel=\"nofollow\" href=\"https:\/\/ladecimaweb.com\">LaDecima<\/a>.<\/p>\n","protected":false},"excerpt":{"rendered":"<p>Un joven de 26 a\u00f1os&nbsp;fue detenido por tercera vez en pocos d\u00edas&nbsp;luego de ser atrapado por vecinos de la localidad de Achiras, en el sur de C\u00f3rdoba.&nbsp; El hecho ocurri\u00f3 este mi\u00e9rcoles luego de que el sospechoso fuera visto nuevamente en la localidad. Los vecinos, que ya estaban alertados por los robos anteriores, decidieron actuar [&hellip;]<\/p>\n","protected":false},"author":1,"featured_media":0,"comment_status":"closed","ping_status":"closed","sticky":false,"template":"","format":"standard","meta":[],"categories":[32],"tags":[],"_links":{"self":[{"href":"http:\/\/hoycordobaweb.com\/index.php\/wp-json\/wp\/v2\/posts\/96622"}],"collection":[{"href":"http:\/\/hoycordobaweb.com\/index.php\/wp-json\/wp\/v2\/posts"}],"about":[{"href":"http:\/\/hoycordobaweb.com\/index.php\/wp-json\/wp\/v2\/types\/post"}],"author":[{"embeddable":true,"href":"http:\/\/hoycordobaweb.com\/index.php\/wp-json\/wp\/v2\/users\/1"}],"replies":[{"embeddable":true,"href":"http:\/\/hoycordobaweb.com\/index.php\/wp-json\/wp\/v2\/comments?post=96622"}],"version-history":[{"count":0,"href":"http:\/\/hoycordobaweb.com\/index.php\/wp-json\/wp\/v2\/posts\/96622\/revisions"}],"wp:attachment":[{"href":"http:\/\/hoycordobaweb.com\/index.php\/wp-json\/wp\/v2\/media?parent=96622"}],"wp:term":[{"taxonomy":"category","embeddable":true,"href":"http:\/\/hoycordobaweb.com\/index.php\/wp-json\/wp\/v2\/categories?post=96622"},{"taxonomy":"post_tag","embeddable":true,"href":"http:\/\/hoycordobaweb.com\/index.php\/wp-json\/wp\/v2\/tags?post=96622"}],"curies":[{"name":"wp","href":"https:\/\/api.w.org\/{rel}","templated":true}]}}