{"id":9647,"date":"2021-01-09T23:09:00","date_gmt":"2021-01-09T23:09:00","guid":{"rendered":"http:\/\/hoycordobaweb.com\/index.php\/2021\/01\/09\/bolivia-esta-en-una-segunda-ola-del-coronavirus-segun-ministro-de-salud\/"},"modified":"2021-01-09T23:09:00","modified_gmt":"2021-01-09T23:09:00","slug":"bolivia-esta-en-una-segunda-ola-del-coronavirus-segun-ministro-de-salud","status":"publish","type":"post","link":"http:\/\/hoycordobaweb.com\/index.php\/2021\/01\/09\/bolivia-esta-en-una-segunda-ola-del-coronavirus-segun-ministro-de-salud\/","title":{"rendered":"Bolivia \u00abest\u00e1 en una segunda ola\u00bb del coronavirus, seg\u00fan ministro de Salud"},"content":{"rendered":"<p><img src=\"http:\/\/hoycordobaweb.com\/wp-content\/uploads\/2021\/01\/bolivia-esta-en-una-segunda-ola-del-coronavirus-segun-ministro-de-salud.jpg\"><\/p>\n<div class=\"image\" id=\"image\" readability=\"13\"> <img src=\"http:\/\/hoycordobaweb.com\/wp-content\/uploads\/2021\/01\/bolivia-esta-en-una-segunda-ola-del-coronavirus-segun-ministro-de-salud-2.jpg\" alt=\"El mayor n\u00famero de positivos se registr\u00f3 en el departamento de Santa Cruz, con 783, seguido de La Paz, con 668, y Cochabamba, con 322.\" title=\"El mayor n\u00famero de positivos se registr\u00f3 en el departamento de Santa Cruz, con 783, seguido de La Paz, con 668, y Cochabamba, con 322.\"><\/p>\n<p>El mayor n\u00famero de positivos se registr\u00f3 en el departamento de Santa Cruz, con 783, seguido de La Paz, con 668, y Cochabamba, con 322.<\/p>\n<\/div>\n<p>El ministro de Salud de Bolivia, Edgar Pozo, inform\u00f3 que el pa\u00eds registra una \u00abmuy r\u00e1pida escalada\u00bb de los casos de coronavirus e ingres\u00f3 en la segunda ola del brote, un d\u00eda despu\u00e9s de que se registrara el mayor n\u00famero de contagios desde el inicio de la pandemia.<\/p>\n<p>\u00abCon los seguimientos que se efectuaron hasta el viernes, hemos definido, percibido, comprobado, que tenemos una muy, muy r\u00e1pida escalada de casos de Covid-19 en el pa\u00eds, obviamente, estamos en una segunda ola\u00bb, afirm\u00f3 el funcionario en conferencia de prensa.<\/p>\n<p><strong>Estas declaraciones surgen luego de que Bolivia registrara en la v\u00edspera el mayor n\u00famero de infectados en un d\u00eda, 2.263, desde que comenz\u00f3 la pandemia en marzo pasado.<\/strong><\/p>\n<p>Los casos de este viernes superaron los 2.031 registrados el 18 de julio durante el pico de infectados en el pa\u00eds, seg\u00fan el Ministerio de Salud, cuyo titular indic\u00f3 que la caracter\u00edstica de las infecciones del viernes \u00abera en un pico similar al mes de julio del a\u00f1o 2020, o sea, estamos en un nivel alto de contaminaci\u00f3n\u00bb.<\/p>\n<p>El mayor n\u00famero de positivos se registr\u00f3 en el departamento de Santa Cruz, con 783, seguido de La Paz, con 668, y Cochabamba, con 322. Las tres regiones son las m\u00e1s pobladas de Bolivia, un pa\u00eds de 11,5 millones de habitantes, inform\u00f3 la agencia de noticias AFP.<\/p>\n<p><strong>Las gobernaciones de Santa Cruz y de La Paz dijeron que sus hospitales p\u00fablicos est\u00e1n saturados, as\u00ed como las salas de terapias intensivas.<\/strong><\/p>\n<p>Como medida para mejorar la lucha contra el brote, arranc\u00f3 hoy en la ciudad de La Paz la realizaci\u00f3n de pruebas r\u00e1pidas, masivas y gratuitas a su poblaci\u00f3n, inform\u00f3 el presidente Luis Arce.<\/p>\n<p>\u00abEmpezamos a aplicar las pruebas de Covid-19, masivas y gratuitas en La Paz\u00bb, anunci\u00f3 el mandatario en Twitter.<\/p>\n<p>\u00abEsta es la detecci\u00f3n temprana de la enfermedad que nos permite atender oportunamente con m\u00e1s equipos y m\u00e9dicos en los servicios de salud\u00bb, agreg\u00f3.<\/p>\n<p><strong>Seg\u00fan el Gobierno, las pruebas r\u00e1pidas de \u00abant\u00edgeno nasal\u00bb permitir\u00e1n detectar con mayor rapidez qui\u00e9nes necesitan atenci\u00f3n m\u00e9dica y de qu\u00e9 tipo. Esos test se extender\u00e1n a todo el pa\u00eds, por lo que se estima que aumentar\u00e1 la cifra contagios.<\/strong><\/p>\n<p>Bolivia acumul\u00f3 desde el inicio de la pandemia 171.154 infectados y 9.328 fallecidos.<\/p>\n<p>El Gobierno boliviano aceler\u00f3 hace dos semanas la compra de 5,2 millones de vacunas rusas Sputnik V con el objetivo de lanzar una inmunizaci\u00f3n masiva a partir de marzo.<\/p>\n<p>Las autoridades esperan tambi\u00e9n recibir ese mismo mes otras dos millones de dosis de la vacuna del laboratorio brit\u00e1nico AstraZeneca y la Universidad de Oxford, en el marco del dispositivo Covax, puesto en marcha por la Organizaci\u00f3n Mundial de la Salud (OMS). <\/p>\n","protected":false},"excerpt":{"rendered":"<p>El mayor n\u00famero de positivos se registr\u00f3 en el departamento de Santa Cruz, con 783, seguido de La Paz, con 668, y Cochabamba, con 322. El ministro de Salud de Bolivia, Edgar Pozo, inform\u00f3 que el pa\u00eds registra una \u00abmuy r\u00e1pida escalada\u00bb de los casos de coronavirus e ingres\u00f3 en la segunda ola del brote, [&hellip;]<\/p>\n","protected":false},"author":1,"featured_media":9648,"comment_status":"open","ping_status":"closed","sticky":false,"template":"","format":"standard","meta":[],"categories":[19],"tags":[],"_links":{"self":[{"href":"http:\/\/hoycordobaweb.com\/index.php\/wp-json\/wp\/v2\/posts\/9647"}],"collection":[{"href":"http:\/\/hoycordobaweb.com\/index.php\/wp-json\/wp\/v2\/posts"}],"about":[{"href":"http:\/\/hoycordobaweb.com\/index.php\/wp-json\/wp\/v2\/types\/post"}],"author":[{"embeddable":true,"href":"http:\/\/hoycordobaweb.com\/index.php\/wp-json\/wp\/v2\/users\/1"}],"replies":[{"embeddable":true,"href":"http:\/\/hoycordobaweb.com\/index.php\/wp-json\/wp\/v2\/comments?post=9647"}],"version-history":[{"count":0,"href":"http:\/\/hoycordobaweb.com\/index.php\/wp-json\/wp\/v2\/posts\/9647\/revisions"}],"wp:featuredmedia":[{"embeddable":true,"href":"http:\/\/hoycordobaweb.com\/index.php\/wp-json\/wp\/v2\/media\/9648"}],"wp:attachment":[{"href":"http:\/\/hoycordobaweb.com\/index.php\/wp-json\/wp\/v2\/media?parent=9647"}],"wp:term":[{"taxonomy":"category","embeddable":true,"href":"http:\/\/hoycordobaweb.com\/index.php\/wp-json\/wp\/v2\/categories?post=9647"},{"taxonomy":"post_tag","embeddable":true,"href":"http:\/\/hoycordobaweb.com\/index.php\/wp-json\/wp\/v2\/tags?post=9647"}],"curies":[{"name":"wp","href":"https:\/\/api.w.org\/{rel}","templated":true}]}}