{"id":96452,"date":"2025-02-08T23:26:15","date_gmt":"2025-02-08T23:26:15","guid":{"rendered":"https:\/\/www.trendencias.com\/alfombra-roja\/richard-gere-alejandra-silva-pareja-elegante-romantica-alfombra-roja-premios-goya-2025"},"modified":"2025-02-08T23:26:15","modified_gmt":"2025-02-08T23:26:15","slug":"richard-gere-y-alejandra-silva-la-pareja-mas-elegante-y-romantica-de-la-alfombra-roja-de-los-premios-goya-2025","status":"publish","type":"post","link":"http:\/\/hoycordobaweb.com\/index.php\/2025\/02\/08\/richard-gere-y-alejandra-silva-la-pareja-mas-elegante-y-romantica-de-la-alfombra-roja-de-los-premios-goya-2025\/","title":{"rendered":"Richard Gere y Alejandra Silva la pareja m\u00e1s elegante y rom\u00e1ntica de la alfombra roja de los Premios Goya 2025"},"content":{"rendered":"<p>As\u00ed de guapos y elegantes han posado <strong>Richard Gere y Alejandra Silva (Gere) <\/strong>en la alfombra roja de los Goya 2025. El actor ha recibido el Goya Internacional 2025 en la ceremonia de entrega de estos galardones de la Academia de cine espa\u00f1ol. Un premio muy merecido gracias a fant\u00e1sticas interpretaciones y papeles imponentes, aunque realmente nunca podremos olvidar sus ic\u00f3nicas pel\u00edculas como <em>Oficial y Caballero <\/em>o <em>Pretty Woman.<\/em><\/p>\n<p><!-- BREAK 1 --> <\/p>\n<div class=\"article-asset-image article-asset-normal article-asset-center\">\n<div class=\"asset-content\"> <img class=\"centro_sinmarco\" height=\"1432\" width=\"2148\" loading=\"lazy\" decoding=\"async\" sizes=\"100vw\" fetchpriority=\"high\" srcset=\"http:\/\/hoycordobaweb.com\/wp-content\/uploads\/2025\/02\/richard-gere-y-alejandra-silva-la-pareja-mas-elegante-y-romantica-de-la-alfombra-roja-de-los-premios-goya-2025.png 450w, http:\/\/hoycordobaweb.com\/wp-content\/uploads\/2025\/02\/richard-gere-y-alejandra-silva-la-pareja-mas-elegante-y-romantica-de-la-alfombra-roja-de-los-premios-goya-2025-3.png 681w, http:\/\/hoycordobaweb.com\/wp-content\/uploads\/2025\/02\/richard-gere-y-alejandra-silva-la-pareja-mas-elegante-y-romantica-de-la-alfombra-roja-de-los-premios-goya-2025-4.png 1024w, http:\/\/hoycordobaweb.com\/wp-content\/uploads\/2025\/02\/richard-gere-y-alejandra-silva-la-pareja-mas-elegante-y-romantica-de-la-alfombra-roja-de-los-premios-goya-2025-5.png 1366w\" src=\"http:\/\/hoycordobaweb.com\/wp-content\/uploads\/2025\/02\/richard-gere-y-alejandra-silva-la-pareja-mas-elegante-y-romantica-de-la-alfombra-roja-de-los-premios-goya-2025.png\" alt=\"Richard y Alejandra Gere\"> <noscript><img alt=\"Richard y Alejandra Gere\" class=\"centro_sinmarco\" src=\"http:\/\/hoycordobaweb.com\/wp-content\/uploads\/2025\/02\/richard-gere-y-alejandra-silva-la-pareja-mas-elegante-y-romantica-de-la-alfombra-roja-de-los-premios-goya-2025.png\"><\/noscript> <\/div>\n<\/div>\n<p>El actor y la empresaria, que viven desde hace unos meses en Madrid, se han trasladado a Granada para disfrutar de una noche inolvidable. han llegado a la alfombra roja desprendiendo glamour y mucho amor. La pareja ha protagonizado las im\u00e1genes m\u00e1s rom\u00e1nticas de la noche con dos lookazos cargados de elegancia.<\/p>\n<p><!-- BREAK 2 --><\/p>\n<div class=\"article-asset-image article-asset-normal article-asset-center\">\n<div class=\"asset-content\"> <img class=\"centro_sinmarco\" height=\"1424\" width=\"2136\" loading=\"lazy\" decoding=\"async\" sizes=\"100vw\" fetchpriority=\"high\" srcset=\"http:\/\/hoycordobaweb.com\/wp-content\/uploads\/2025\/02\/richard-gere-y-alejandra-silva-la-pareja-mas-elegante-y-romantica-de-la-alfombra-roja-de-los-premios-goya-2025-1.png 450w, http:\/\/hoycordobaweb.com\/wp-content\/uploads\/2025\/02\/richard-gere-y-alejandra-silva-la-pareja-mas-elegante-y-romantica-de-la-alfombra-roja-de-los-premios-goya-2025-6.png 681w, http:\/\/hoycordobaweb.com\/wp-content\/uploads\/2025\/02\/richard-gere-y-alejandra-silva-la-pareja-mas-elegante-y-romantica-de-la-alfombra-roja-de-los-premios-goya-2025-7.png 1024w, http:\/\/hoycordobaweb.com\/wp-content\/uploads\/2025\/02\/richard-gere-y-alejandra-silva-la-pareja-mas-elegante-y-romantica-de-la-alfombra-roja-de-los-premios-goya-2025-8.png 1366w\" src=\"http:\/\/hoycordobaweb.com\/wp-content\/uploads\/2025\/02\/richard-gere-y-alejandra-silva-la-pareja-mas-elegante-y-romantica-de-la-alfombra-roja-de-los-premios-goya-2025-1.png\" alt=\"Richard y Alejandra Gere\"> <noscript><img alt=\"Richard y Alejandra Gere\" class=\"centro_sinmarco\" src=\"http:\/\/hoycordobaweb.com\/wp-content\/uploads\/2025\/02\/richard-gere-y-alejandra-silva-la-pareja-mas-elegante-y-romantica-de-la-alfombra-roja-de-los-premios-goya-2025-1.png\"><\/noscript> <\/div>\n<\/div>\n<p><strong>Alejandra Gere<\/strong> se ha enfundado en una impresionante creaci\u00f3n firmada por <strong>Giorgio Armani.<\/strong> Un dise\u00f1o joya de archivo de Alta Costura, de escote palabra de honor, realizado en tul y cargado de pedrer\u00eda. Un look que ha completado con zapatos negros de terciopelo de <strong>Aquazzura <\/strong>e impresionantes joyas de <strong>Bvulgari.<\/strong><\/p>\n<p><!-- BREAK 3 --> <\/p>\n<p>El actor tambi\u00e9n ha apostado por un elegante esmoquin de <strong>Giorgio Armani <\/strong>que le sentaba como un guante.<\/p>\n<h2>El discurso de Richard Gere<\/h2>\n<div class=\"article-asset-image article-asset-normal article-asset-center\">\n<div class=\"asset-content\"> <img class=\"centro_sinmarco\" height=\"2950\" width=\"4425\" loading=\"lazy\" decoding=\"async\" sizes=\"100vw\" fetchpriority=\"high\" srcset=\"http:\/\/hoycordobaweb.com\/wp-content\/uploads\/2025\/02\/richard-gere-y-alejandra-silva-la-pareja-mas-elegante-y-romantica-de-la-alfombra-roja-de-los-premios-goya-2025.jpg 450w, http:\/\/hoycordobaweb.com\/wp-content\/uploads\/2025\/02\/richard-gere-y-alejandra-silva-la-pareja-mas-elegante-y-romantica-de-la-alfombra-roja-de-los-premios-goya-2025-1.jpg 681w, http:\/\/hoycordobaweb.com\/wp-content\/uploads\/2025\/02\/richard-gere-y-alejandra-silva-la-pareja-mas-elegante-y-romantica-de-la-alfombra-roja-de-los-premios-goya-2025-2.jpg 1024w, http:\/\/hoycordobaweb.com\/wp-content\/uploads\/2025\/02\/richard-gere-y-alejandra-silva-la-pareja-mas-elegante-y-romantica-de-la-alfombra-roja-de-los-premios-goya-2025-3.jpg 1366w\" src=\"http:\/\/hoycordobaweb.com\/wp-content\/uploads\/2025\/02\/richard-gere-y-alejandra-silva-la-pareja-mas-elegante-y-romantica-de-la-alfombra-roja-de-los-premios-goya-2025.jpg\" alt=\"Richard Gere\"> <noscript><img alt=\"Richard Gere\" class=\"centro_sinmarco\" src=\"http:\/\/hoycordobaweb.com\/wp-content\/uploads\/2025\/02\/richard-gere-y-alejandra-silva-la-pareja-mas-elegante-y-romantica-de-la-alfombra-roja-de-los-premios-goya-2025.jpg\"><\/noscript> <\/div>\n<\/div>\n<p>El actor ha recogido<strong> el galard\u00f3n internacional<\/strong> de la mano de su amigo Antonio Banderas. Gere ha comenzado su discurso en tono de humor con unas palabras en espa\u00f1ol, para posteriormente adentrarse en tem\u00e1ticas m\u00e1s serias. El estadounidense ha criticado con dureza el \u00abautoritarismo\u00bb y la gesti\u00f3n de Donald Trump en Estados Unidos: \u00abVengo de Am\u00e9rica, que est\u00e1 en un lugar muy oscuro, donde un mat\u00f3n es el presidente, pero no solo pasa en Estados Unidos, en todo el mundo el autoritarismo se est\u00e1 haciendo con el control. Tenemos que estar alerta, tenemos que tener valor\u00bb.<\/p>\n<p><!-- BREAK 4 --> <\/p>\n<p>Gere tambi\u00e9n ha tenido un gui\u00f1o a Espa\u00f1a y a su mujer: \u00abEspa\u00f1a es mi nuevo hogar. S\u00e9 por qu\u00e9 me han dado este premio, es<strong> <\/strong>porque me he casado con esta hermosa mujer de Galicia\u00bb, refiri\u00e9ndose a Alejandra, con la que lleva siete a\u00f1os casados y dos hijos en com\u00fan.<\/p>\n<p><!-- BREAK 5 --><\/p>\n<p>Fotos | Gtres<\/p>\n","protected":false},"excerpt":{"rendered":"<p>As\u00ed de guapos y elegantes han posado Richard Gere y Alejandra Silva (Gere) en la alfombra roja de los Goya 2025. El actor ha recibido el Goya Internacional 2025 en la ceremonia de entrega de estos galardones de la Academia de cine espa\u00f1ol. Un premio muy merecido gracias a fant\u00e1sticas interpretaciones y papeles imponentes, aunque [&hellip;]<\/p>\n","protected":false},"author":1,"featured_media":96453,"comment_status":"closed","ping_status":"closed","sticky":false,"template":"","format":"standard","meta":[],"categories":[],"tags":[],"_links":{"self":[{"href":"http:\/\/hoycordobaweb.com\/index.php\/wp-json\/wp\/v2\/posts\/96452"}],"collection":[{"href":"http:\/\/hoycordobaweb.com\/index.php\/wp-json\/wp\/v2\/posts"}],"about":[{"href":"http:\/\/hoycordobaweb.com\/index.php\/wp-json\/wp\/v2\/types\/post"}],"author":[{"embeddable":true,"href":"http:\/\/hoycordobaweb.com\/index.php\/wp-json\/wp\/v2\/users\/1"}],"replies":[{"embeddable":true,"href":"http:\/\/hoycordobaweb.com\/index.php\/wp-json\/wp\/v2\/comments?post=96452"}],"version-history":[{"count":0,"href":"http:\/\/hoycordobaweb.com\/index.php\/wp-json\/wp\/v2\/posts\/96452\/revisions"}],"wp:featuredmedia":[{"embeddable":true,"href":"http:\/\/hoycordobaweb.com\/index.php\/wp-json\/wp\/v2\/media\/96453"}],"wp:attachment":[{"href":"http:\/\/hoycordobaweb.com\/index.php\/wp-json\/wp\/v2\/media?parent=96452"}],"wp:term":[{"taxonomy":"category","embeddable":true,"href":"http:\/\/hoycordobaweb.com\/index.php\/wp-json\/wp\/v2\/categories?post=96452"},{"taxonomy":"post_tag","embeddable":true,"href":"http:\/\/hoycordobaweb.com\/index.php\/wp-json\/wp\/v2\/tags?post=96452"}],"curies":[{"name":"wp","href":"https:\/\/api.w.org\/{rel}","templated":true}]}}