{"id":96446,"date":"2025-02-08T22:28:48","date_gmt":"2025-02-08T22:28:48","guid":{"rendered":"https:\/\/www.mujerhoy.com\/moda\/no-te-pierdas\/mejores-looks-alfombra-roja-premios-goya-2025-invitadas-granada-20250208181953-nt.html"},"modified":"2025-02-08T22:28:48","modified_gmt":"2025-02-08T22:28:48","slug":"los-mejores-looks-de-la-alfombra-roja-de-los-premios-goya-2025","status":"publish","type":"post","link":"http:\/\/hoycordobaweb.com\/index.php\/2025\/02\/08\/los-mejores-looks-de-la-alfombra-roja-de-los-premios-goya-2025\/","title":{"rendered":"Los mejores looks de la alfombra roja de los Premios Goya 2025"},"content":{"rendered":"<p><!-- AUTHOR --> <\/p>\n<div class=\"voc-author-timesocial \"> <!-- AUTHOR --> <\/p>\n<div class=\"voc-author-timesocial__signature \">\n<div class=\"voc-author-timesocial__img-c\"> <!-- IMAGE AUTHOR --> <picture class=\"voc-image-signature\"> <img class=\"voc-image-signature__img\" src=\"http:\/\/hoycordobaweb.com\/wp-content\/uploads\/2025\/02\/los-mejores-looks-de-la-alfombra-roja-de-los-premios-goya-2025.jpg\" alt=\"Patricia Mart\u00edn\"> <\/picture> <\/div>\n<p> <!-- INFO AUTHOR --> <\/div><\/div>\n<p> <!-- COMPONENTS --> <\/p>\n<p class=\"voc-paragraph\" data-mrf-recirculation=\"Link art\u00edculo\">\u00c9l gran d\u00eda del cine espa\u00f1ol ha legado. <strong>La 39\u00aa edici\u00f3n de los Premios Goya <\/strong>se celebra este s\u00e1bado 8 de febrero en Granada, con una alfombra roja por donde pasar\u00e1n los rostros m\u00e1s conocidos del panorama audiovisual. Este a\u00f1o, la gala est\u00e1 conducida por las actrices <a data-voc-vtm-id=\"in-text-traffic\" href=\"https:\/\/www.mujerhoy.com\/celebrities\/maribel-verdu-presentadora-goya-2025-pareja-historia-amor-larga-pedro-larranaga-20250203073211-nt.html\" data-mrf-link=\"https:\/\/www.mujerhoy.com\/celebrities\/maribel-verdu-presentadora-goya-2025-pareja-historia-amor-larga-pedro-larranaga-20250203073211-nt.html\">Maribel Verd\u00fa<\/a> y Leonor Waitling, y el list\u00f3n de premios est\u00e1 muy alto. <\/p>\n<p class=\"voc-paragraph\" data-mrf-recirculation=\"Link art\u00edculo\">Pel\u00edculas como &#8216;El 47&#8217;, &#8216;La Infiltrada&#8217;, &#8216;Casa en llamas&#8217; o &#8216;La habitaci\u00f3n de al lado&#8217; se juegan hacerse con varias estatuillas est\u00e1 noche, mientars que hay dos premios que est\u00e1n asegurados: el Goya de Honor a<br \/>\n<a data-voc-vtm-id=\"in-text-traffic\" href=\"https:\/\/www.mujerhoy.com\/actualidad\/aitana-sanchez-gijon-premio-goya-honor-2025-actriz-exitos-mejores-peliculas-confesiones-edadismo-depresion-soledad-20250118122404-nt.html\" data-mrf-link=\"https:\/\/www.mujerhoy.com\/actualidad\/aitana-sanchez-gijon-premio-goya-honor-2025-actriz-exitos-mejores-peliculas-confesiones-edadismo-depresion-soledad-20250118122404-nt.html\"> Aitana S\u00e1nchez Gij\u00f3n,<\/a> y el Goya Intercional<br \/>\n<strong> a Richard Gere.<\/strong><\/p>\n<p><h3 class=\"voc-detail__title\"> Los mejores looks de la alfombra roja de los Goya 2025<br \/>\n<\/h3>\n<\/p>\n<p class=\"voc-paragraph\" data-mrf-recirculation=\"Link art\u00edculo\">Todos los a\u00f1os esperamos esta noche con ganas, no solo para descubrir que actrices o pel\u00edculas son premiadas, si no para disfrutar de <strong>los looks de las celebrities<\/strong> en una alfombra roja llena de elegancia y glamour. Por que en estos premios, el cine es lo principal, pero la moda se convierte siempre en protagonista indisuctible de la noche. <\/p>\n<div class=\"voc-detail-photo-zoom\"> <picture data-toggle=\"modal\" data-target=\"#photoZoomModal-405\" target=\"modal\">\n<div class=\"voc-img-icon-link\"> <img loading=\"lazy\" src=\"http:\/\/hoycordobaweb.com\/wp-content\/uploads\/2025\/02\/los-mejores-looks-de-la-alfombra-roja-de-los-premios-goya-2025-1.jpg\" width=\"650\" height=\"900\" alt=\"Todos los looks de los Premios Goya 2025 (LIMITED PICTURES)\"> <noscript> <img src=\"http:\/\/hoycordobaweb.com\/wp-content\/uploads\/2025\/02\/los-mejores-looks-de-la-alfombra-roja-de-los-premios-goya-2025-1.jpg\" alt=\"Todos los looks de los Premios Goya 2025 (LIMITED PICTURES)\"> <\/noscript> <i class=\"voc-icons zoom voc-multimedia-box voc-ico-l\"><\/i> <\/div><figcaption class=\"figure-caption\">Todos los looks de los Premios Goya 2025 (LIMITED PICTURES)<\/figcaption><\/picture>\n<\/div>\n<div id=\"photoZoomModal-405\" class=\"voc-lightbox modal fade voc-lightbox--photo-zoom\" role=\"dialog\" data-voc-photozoom-lightbox>\n<div class=\"voc-lightbox__dialog\" role=\"document\">\n<div class=\"voc-lightbox__content\"> <!-- Modal header --> <!-- Modal content --> <\/p>\n<div class=\"voc-lightbox__photo-container\"> <picture class> <img loading=\"lazy\" src=\"http:\/\/hoycordobaweb.com\/wp-content\/uploads\/2025\/02\/los-mejores-looks-de-la-alfombra-roja-de-los-premios-goya-2025-1.jpg\" alt=\"Todos los looks de los Premios Goya 2025 (LIMITED PICTURES)\"> <noscript> <img src=\"http:\/\/hoycordobaweb.com\/wp-content\/uploads\/2025\/02\/los-mejores-looks-de-la-alfombra-roja-de-los-premios-goya-2025-1.jpg\" alt=\"Todos los looks de los Premios Goya 2025 (LIMITED PICTURES)\"> <\/noscript> <\/picture> <\/div><\/div><\/div>\n<\/div>\n<p><h3 class=\"voc-detail__title\"> Chiara Ferragni<br \/>\n<\/h3>\n<\/p>\n<p class=\"voc-paragraph\" data-mrf-recirculation=\"Link art\u00edculo\">La influencer italiana no ha querido perderse la cita y ha elegido un vestido rojo <strong>de Ze Garc\u00eda<\/strong>, con escote asim\u00e9trico. Una pieza echa a medida de dise\u00f1o asim\u00e9trico y ce\u00f1ido al cuerpo con pliegues drapeados que resaltan la cintura en color rojo intenso. Un detalle distintivo es la tela que cae desde el hombro y se extiende hacia el suelo, creando un efecto capa que le da un toque elegante y sofisticado. Lleva el pelo suelto con ondas al agua, al estilo Old Hollywood, pendientes largos y un maquillaje muy favorecedor centrado en tonos nudes. <\/p>\n<div class=\"voc-detail-photo-zoom\"> <picture data-toggle=\"modal\" data-target=\"#photoZoomModal-582\" target=\"modal\">\n<div class=\"voc-img-icon-link\"> <img loading=\"lazy\" src=\"http:\/\/hoycordobaweb.com\/wp-content\/uploads\/2025\/02\/los-mejores-looks-de-la-alfombra-roja-de-los-premios-goya-2025-2.jpg\" width=\"650\" height=\"900\" alt=\"Todos los looks de los Premios Goya 2025 (LIMITED PICTURES)\"> <noscript> <img src=\"http:\/\/hoycordobaweb.com\/wp-content\/uploads\/2025\/02\/los-mejores-looks-de-la-alfombra-roja-de-los-premios-goya-2025-2.jpg\" alt=\"Todos los looks de los Premios Goya 2025 (LIMITED PICTURES)\"> <\/noscript> <i class=\"voc-icons zoom voc-multimedia-box voc-ico-l\"><\/i> <\/div><figcaption class=\"figure-caption\">Todos los looks de los Premios Goya 2025 (LIMITED PICTURES)<\/figcaption><\/picture>\n<\/div>\n<div id=\"photoZoomModal-582\" class=\"voc-lightbox modal fade voc-lightbox--photo-zoom\" role=\"dialog\" data-voc-photozoom-lightbox>\n<div class=\"voc-lightbox__dialog\" role=\"document\">\n<div class=\"voc-lightbox__content\"> <!-- Modal header --> <!-- Modal content --> <\/p>\n<div class=\"voc-lightbox__photo-container\"> <picture class> <img loading=\"lazy\" src=\"http:\/\/hoycordobaweb.com\/wp-content\/uploads\/2025\/02\/los-mejores-looks-de-la-alfombra-roja-de-los-premios-goya-2025-2.jpg\" alt=\"Todos los looks de los Premios Goya 2025 (LIMITED PICTURES)\"> <noscript> <img src=\"http:\/\/hoycordobaweb.com\/wp-content\/uploads\/2025\/02\/los-mejores-looks-de-la-alfombra-roja-de-los-premios-goya-2025-2.jpg\" alt=\"Todos los looks de los Premios Goya 2025 (LIMITED PICTURES)\"> <\/noscript> <\/picture> <\/div><\/div><\/div>\n<\/div>\n<p><h3 class=\"voc-detail__title\"> Nieves \u00c1lvarez<br \/>\n<\/h3>\n<\/p>\n<p class=\"voc-paragraph\" data-mrf-recirculation=\"Link art\u00edculo\">Nieves \u00c1lvarez, espectacular, ha elegido<br \/>\n<strong> un vestido de alta costura de Sthepane Rolland <\/strong>en negro, con escote pronunciado y hombreras marcadas con plumas. Completa el look con guantes de piel hasta los codos y <a data-voc-vtm-id=\"in-text-traffic\" href=\"https:\/\/www.mujerhoy.com\/moda\/no-te-pierdas\/nieves-alvarez-look-vestido-alta-costura-premios-goya-2025-joyas-20250208185513-nt.html\" data-mrf-link=\"https:\/\/www.mujerhoy.com\/moda\/no-te-pierdas\/nieves-alvarez-look-vestido-alta-costura-premios-goya-2025-joyas-20250208185513-nt.html\">una pulsera de Bvulgari.<\/a>\n<\/p>\n<div class=\"voc-detail-photo-zoom\"> <picture data-toggle=\"modal\" data-target=\"#photoZoomModal-348\" target=\"modal\">\n<div class=\"voc-img-icon-link\"> <img loading=\"lazy\" src=\"http:\/\/hoycordobaweb.com\/wp-content\/uploads\/2025\/02\/los-mejores-looks-de-la-alfombra-roja-de-los-premios-goya-2025-3.jpg\" width=\"650\" height=\"900\" alt=\"Todos los looks de los Premios Goya 2025 (LIMITED PICTURES)\"> <noscript> <img src=\"http:\/\/hoycordobaweb.com\/wp-content\/uploads\/2025\/02\/los-mejores-looks-de-la-alfombra-roja-de-los-premios-goya-2025-3.jpg\" alt=\"Todos los looks de los Premios Goya 2025 (LIMITED PICTURES)\"> <\/noscript> <i class=\"voc-icons zoom voc-multimedia-box voc-ico-l\"><\/i> <\/div><figcaption class=\"figure-caption\">Todos los looks de los Premios Goya 2025 (LIMITED PICTURES)<\/figcaption><\/picture>\n<\/div>\n<div id=\"photoZoomModal-348\" class=\"voc-lightbox modal fade voc-lightbox--photo-zoom\" role=\"dialog\" data-voc-photozoom-lightbox>\n<div class=\"voc-lightbox__dialog\" role=\"document\">\n<div class=\"voc-lightbox__content\"> <!-- Modal header --> <!-- Modal content --> <\/p>\n<div class=\"voc-lightbox__photo-container\"> <picture class> <img loading=\"lazy\" src=\"http:\/\/hoycordobaweb.com\/wp-content\/uploads\/2025\/02\/los-mejores-looks-de-la-alfombra-roja-de-los-premios-goya-2025-3.jpg\" alt=\"Todos los looks de los Premios Goya 2025 (LIMITED PICTURES)\"> <noscript> <img src=\"http:\/\/hoycordobaweb.com\/wp-content\/uploads\/2025\/02\/los-mejores-looks-de-la-alfombra-roja-de-los-premios-goya-2025-3.jpg\" alt=\"Todos los looks de los Premios Goya 2025 (LIMITED PICTURES)\"> <\/noscript> <\/picture> <\/div><\/div><\/div>\n<\/div>\n<p><h3 class=\"voc-detail__title\"> Aitana S\u00e1nchez Gij\u00f3n<br \/>\n<\/h3>\n<\/p>\n<p class=\"voc-paragraph\" data-mrf-recirculation=\"Link art\u00edculo\">La actriz que recibe hoy el Goya de Honor, guap\u00edsima, con un impresionante <strong>vestido de Carolina Herrera<\/strong> con estampado de rayas bicolor y palabra de honor, y <strong>joyas de Bvlgari.<\/strong><\/p>\n<div class=\"voc-detail-photo-zoom\"> <picture data-toggle=\"modal\" data-target=\"#photoZoomModal-267\" target=\"modal\">\n<div class=\"voc-img-icon-link\"> <img loading=\"lazy\" src=\"http:\/\/hoycordobaweb.com\/wp-content\/uploads\/2025\/02\/los-mejores-looks-de-la-alfombra-roja-de-los-premios-goya-2025-4.jpg\" width=\"650\" height=\"900\" alt=\"Todos los looks de los Premios Goya 2025 (LIMITED PICTURES)\"> <noscript> <img src=\"http:\/\/hoycordobaweb.com\/wp-content\/uploads\/2025\/02\/los-mejores-looks-de-la-alfombra-roja-de-los-premios-goya-2025-4.jpg\" alt=\"Todos los looks de los Premios Goya 2025 (LIMITED PICTURES)\"> <\/noscript> <i class=\"voc-icons zoom voc-multimedia-box voc-ico-l\"><\/i> <\/div><figcaption class=\"figure-caption\">Todos los looks de los Premios Goya 2025 (LIMITED PICTURES)<\/figcaption><\/picture>\n<\/div>\n<div id=\"photoZoomModal-267\" class=\"voc-lightbox modal fade voc-lightbox--photo-zoom\" role=\"dialog\" data-voc-photozoom-lightbox>\n<div class=\"voc-lightbox__dialog\" role=\"document\">\n<div class=\"voc-lightbox__content\"> <!-- Modal header --> <!-- Modal content --> <\/p>\n<div class=\"voc-lightbox__photo-container\"> <picture class> <img loading=\"lazy\" src=\"http:\/\/hoycordobaweb.com\/wp-content\/uploads\/2025\/02\/los-mejores-looks-de-la-alfombra-roja-de-los-premios-goya-2025-4.jpg\" alt=\"Todos los looks de los Premios Goya 2025 (LIMITED PICTURES)\"> <noscript> <img src=\"http:\/\/hoycordobaweb.com\/wp-content\/uploads\/2025\/02\/los-mejores-looks-de-la-alfombra-roja-de-los-premios-goya-2025-4.jpg\" alt=\"Todos los looks de los Premios Goya 2025 (LIMITED PICTURES)\"> <\/noscript> <\/picture> <\/div><\/div><\/div>\n<\/div>\n<p><h3 class=\"voc-detail__title\"> Macarena Garc\u00eda<br \/>\n<\/h3>\n<\/p>\n<p class=\"voc-paragraph\" data-mrf-recirculation=\"Link art\u00edculo\">La actriz nominada por su papel en Casa en Llamas, lleva <strong>un vestido negro de Dior<\/strong> con escote cuadrado, muy elegante<br \/>\n<strong>, y joyas de Rabat.<\/strong><\/p>\n<div class=\"voc-detail-photo-zoom\"> <picture data-toggle=\"modal\" data-target=\"#photoZoomModal-209\" target=\"modal\">\n<div class=\"voc-img-icon-link\"> <img loading=\"lazy\" src=\"http:\/\/hoycordobaweb.com\/wp-content\/uploads\/2025\/02\/los-mejores-looks-de-la-alfombra-roja-de-los-premios-goya-2025-5.jpg\" width=\"650\" height=\"900\" alt=\"Todos los looks de los Premios Goya 2025 (LIMITED PICTURES)\"> <noscript> <img src=\"http:\/\/hoycordobaweb.com\/wp-content\/uploads\/2025\/02\/los-mejores-looks-de-la-alfombra-roja-de-los-premios-goya-2025-5.jpg\" alt=\"Todos los looks de los Premios Goya 2025 (LIMITED PICTURES)\"> <\/noscript> <i class=\"voc-icons zoom voc-multimedia-box voc-ico-l\"><\/i> <\/div><figcaption class=\"figure-caption\">Todos los looks de los Premios Goya 2025 (LIMITED PICTURES)<\/figcaption><\/picture>\n<\/div>\n<div id=\"photoZoomModal-209\" class=\"voc-lightbox modal fade voc-lightbox--photo-zoom\" role=\"dialog\" data-voc-photozoom-lightbox>\n<div class=\"voc-lightbox__dialog\" role=\"document\">\n<div class=\"voc-lightbox__content\"> <!-- Modal header --> <!-- Modal content --> <\/p>\n<div class=\"voc-lightbox__photo-container\"> <picture class> <img loading=\"lazy\" src=\"http:\/\/hoycordobaweb.com\/wp-content\/uploads\/2025\/02\/los-mejores-looks-de-la-alfombra-roja-de-los-premios-goya-2025-5.jpg\" alt=\"Todos los looks de los Premios Goya 2025 (LIMITED PICTURES)\"> <noscript> <img src=\"http:\/\/hoycordobaweb.com\/wp-content\/uploads\/2025\/02\/los-mejores-looks-de-la-alfombra-roja-de-los-premios-goya-2025-5.jpg\" alt=\"Todos los looks de los Premios Goya 2025 (LIMITED PICTURES)\"> <\/noscript> <\/picture> <\/div><\/div><\/div>\n<\/div>\n<p><h3 class=\"voc-detail__title\"> Maribel Verd\u00fa<br \/>\n<\/h3>\n<\/p>\n<p class=\"voc-paragraph\" data-mrf-recirculation=\"Link art\u00edculo\">La actriz, que presenta la gala junto a Leonor Watling, lleva un vestido de vestido<br \/>\n<strong> Alberta Ferreti <\/strong>en negro con detalle de tachuelas doradas y joyas <strong>Damiani.<\/strong><\/p>\n<div class=\"voc-detail-photo-zoom\"> <picture data-toggle=\"modal\" data-target=\"#photoZoomModal-577\" target=\"modal\">\n<div class=\"voc-img-icon-link\"> <img loading=\"lazy\" src=\"http:\/\/hoycordobaweb.com\/wp-content\/uploads\/2025\/02\/los-mejores-looks-de-la-alfombra-roja-de-los-premios-goya-2025-6.jpg\" width=\"650\" height=\"900\" alt=\"Todos los looks de los Premios Goya 2025 (LIMITED PICTURES)\"> <noscript> <img src=\"http:\/\/hoycordobaweb.com\/wp-content\/uploads\/2025\/02\/los-mejores-looks-de-la-alfombra-roja-de-los-premios-goya-2025-6.jpg\" alt=\"Todos los looks de los Premios Goya 2025 (LIMITED PICTURES)\"> <\/noscript> <i class=\"voc-icons zoom voc-multimedia-box voc-ico-l\"><\/i> <\/div><figcaption class=\"figure-caption\">Todos los looks de los Premios Goya 2025 (LIMITED PICTURES)<\/figcaption><\/picture>\n<\/div>\n<div id=\"photoZoomModal-577\" class=\"voc-lightbox modal fade voc-lightbox--photo-zoom\" role=\"dialog\" data-voc-photozoom-lightbox>\n<div class=\"voc-lightbox__dialog\" role=\"document\">\n<div class=\"voc-lightbox__content\"> <!-- Modal header --> <!-- Modal content --> <\/p>\n<div class=\"voc-lightbox__photo-container\"> <picture class> <img loading=\"lazy\" src=\"http:\/\/hoycordobaweb.com\/wp-content\/uploads\/2025\/02\/los-mejores-looks-de-la-alfombra-roja-de-los-premios-goya-2025-6.jpg\" alt=\"Todos los looks de los Premios Goya 2025 (LIMITED PICTURES)\"> <noscript> <img src=\"http:\/\/hoycordobaweb.com\/wp-content\/uploads\/2025\/02\/los-mejores-looks-de-la-alfombra-roja-de-los-premios-goya-2025-6.jpg\" alt=\"Todos los looks de los Premios Goya 2025 (LIMITED PICTURES)\"> <\/noscript> <\/picture> <\/div><\/div><\/div>\n<\/div>\n<p><h3 class=\"voc-detail__title\"> Leonor Watling<br \/>\n<\/h3>\n<\/p>\n<p class=\"voc-paragraph\" data-mrf-recirculation=\"Link art\u00edculo\">Una de las presentadoras de la gala, Leonor Watling con vestido de<br \/>\n<strong> Redondo Brand <\/strong>confeccionado a medida compuesto de cuerpo drapeado en distintas direcciones y gran falda semitransparente en georgette de seda.\n<\/p>\n<div class=\"voc-detail-photo-zoom\"> <picture data-toggle=\"modal\" data-target=\"#photoZoomModal-836\" target=\"modal\">\n<div class=\"voc-img-icon-link\"> <img loading=\"lazy\" src=\"http:\/\/hoycordobaweb.com\/wp-content\/uploads\/2025\/02\/los-mejores-looks-de-la-alfombra-roja-de-los-premios-goya-2025-7.jpg\" width=\"650\" height=\"900\" alt=\"Todos los looks de los Premios Goya 2025 (LIMITED PICTURES)\"> <noscript> <img src=\"http:\/\/hoycordobaweb.com\/wp-content\/uploads\/2025\/02\/los-mejores-looks-de-la-alfombra-roja-de-los-premios-goya-2025-7.jpg\" alt=\"Todos los looks de los Premios Goya 2025 (LIMITED PICTURES)\"> <\/noscript> <i class=\"voc-icons zoom voc-multimedia-box voc-ico-l\"><\/i> <\/div><figcaption class=\"figure-caption\">Todos los looks de los Premios Goya 2025 (LIMITED PICTURES)<\/figcaption><\/picture>\n<\/div>\n<div id=\"photoZoomModal-836\" class=\"voc-lightbox modal fade voc-lightbox--photo-zoom\" role=\"dialog\" data-voc-photozoom-lightbox>\n<div class=\"voc-lightbox__dialog\" role=\"document\">\n<div class=\"voc-lightbox__content\"> <!-- Modal header --> <!-- Modal content --> <\/p>\n<div class=\"voc-lightbox__photo-container\"> <picture class> <img loading=\"lazy\" src=\"http:\/\/hoycordobaweb.com\/wp-content\/uploads\/2025\/02\/los-mejores-looks-de-la-alfombra-roja-de-los-premios-goya-2025-7.jpg\" alt=\"Todos los looks de los Premios Goya 2025 (LIMITED PICTURES)\"> <noscript> <img src=\"http:\/\/hoycordobaweb.com\/wp-content\/uploads\/2025\/02\/los-mejores-looks-de-la-alfombra-roja-de-los-premios-goya-2025-7.jpg\" alt=\"Todos los looks de los Premios Goya 2025 (LIMITED PICTURES)\"> <\/noscript> <\/picture> <\/div><\/div><\/div>\n<\/div>\n<p><h3 class=\"voc-detail__title\"> Richard Gere y Alejandra Silva<br \/>\n<\/h3>\n<\/p>\n<p class=\"voc-paragraph\" data-mrf-recirculation=\"Link art\u00edculo\">Richard Gere recoge hoy el Goya Internacional con un traje de Armani, acompa\u00f1ado de su mujer, Alejandra Silva, que lleva un vestido de lentejuelas y escote en V <strong>de Armani Priv\u00e8,<\/strong> zapatos Aquazzura, bolso Roger Vivier y joyas Bvlgari.\n<\/p>\n<div class=\"voc-detail-photo-zoom\"> <picture data-toggle=\"modal\" data-target=\"#photoZoomModal-445\" target=\"modal\">\n<div class=\"voc-img-icon-link\"> <img loading=\"lazy\" src=\"http:\/\/hoycordobaweb.com\/wp-content\/uploads\/2025\/02\/los-mejores-looks-de-la-alfombra-roja-de-los-premios-goya-2025-8.jpg\" width=\"650\" height=\"900\" alt=\"Todos los looks de los Premios Goya 2025 (LIMITED PICTURES)\"> <noscript> <img src=\"http:\/\/hoycordobaweb.com\/wp-content\/uploads\/2025\/02\/los-mejores-looks-de-la-alfombra-roja-de-los-premios-goya-2025-8.jpg\" alt=\"Todos los looks de los Premios Goya 2025 (LIMITED PICTURES)\"> <\/noscript> <i class=\"voc-icons zoom voc-multimedia-box voc-ico-l\"><\/i> <\/div><figcaption class=\"figure-caption\">Todos los looks de los Premios Goya 2025 (LIMITED PICTURES)<\/figcaption><\/picture>\n<\/div>\n<div id=\"photoZoomModal-445\" class=\"voc-lightbox modal fade voc-lightbox--photo-zoom\" role=\"dialog\" data-voc-photozoom-lightbox>\n<div class=\"voc-lightbox__dialog\" role=\"document\">\n<div class=\"voc-lightbox__content\"> <!-- Modal header --> <!-- Modal content --> <\/p>\n<div class=\"voc-lightbox__photo-container\"> <picture class> <img loading=\"lazy\" src=\"http:\/\/hoycordobaweb.com\/wp-content\/uploads\/2025\/02\/los-mejores-looks-de-la-alfombra-roja-de-los-premios-goya-2025-8.jpg\" alt=\"Todos los looks de los Premios Goya 2025 (LIMITED PICTURES)\"> <noscript> <img src=\"http:\/\/hoycordobaweb.com\/wp-content\/uploads\/2025\/02\/los-mejores-looks-de-la-alfombra-roja-de-los-premios-goya-2025-8.jpg\" alt=\"Todos los looks de los Premios Goya 2025 (LIMITED PICTURES)\"> <\/noscript> <\/picture> <\/div><\/div><\/div>\n<\/div>\n<p><h3 class=\"voc-detail__title\"> Carolina Yuste<br \/>\n<\/h3>\n<\/p>\n<p class=\"voc-paragraph\" data-mrf-recirculation=\"Link art\u00edculo\">Nominada a mejor actriz protagonista por su trabajo en &#8216;La Infiltrada&#8217;, Carolina Yuste lleva<br \/>\n<strong> un total look blanco de Alexander McQueen,<\/strong> muy diferente que ha combinado con unas botas con plataforma. <\/p>\n<div class=\"voc-detail-photo-zoom\"> <picture data-toggle=\"modal\" data-target=\"#photoZoomModal-334\" target=\"modal\">\n<div class=\"voc-img-icon-link\"> <img loading=\"lazy\" src=\"http:\/\/hoycordobaweb.com\/wp-content\/uploads\/2025\/02\/los-mejores-looks-de-la-alfombra-roja-de-los-premios-goya-2025-9.jpg\" width=\"650\" height=\"900\" alt=\"Todos los looks de los Premios Goya 2025 (LIMITED PICTURES)\"> <noscript> <img src=\"http:\/\/hoycordobaweb.com\/wp-content\/uploads\/2025\/02\/los-mejores-looks-de-la-alfombra-roja-de-los-premios-goya-2025-9.jpg\" alt=\"Todos los looks de los Premios Goya 2025 (LIMITED PICTURES)\"> <\/noscript> <i class=\"voc-icons zoom voc-multimedia-box voc-ico-l\"><\/i> <\/div><figcaption class=\"figure-caption\">Todos los looks de los Premios Goya 2025 (LIMITED PICTURES)<\/figcaption><\/picture>\n<\/div>\n<div id=\"photoZoomModal-334\" class=\"voc-lightbox modal fade voc-lightbox--photo-zoom\" role=\"dialog\" data-voc-photozoom-lightbox>\n<div class=\"voc-lightbox__dialog\" role=\"document\">\n<div class=\"voc-lightbox__content\"> <!-- Modal header --> <!-- Modal content --> <\/p>\n<div class=\"voc-lightbox__photo-container\"> <picture class> <img loading=\"lazy\" src=\"http:\/\/hoycordobaweb.com\/wp-content\/uploads\/2025\/02\/los-mejores-looks-de-la-alfombra-roja-de-los-premios-goya-2025-9.jpg\" alt=\"Todos los looks de los Premios Goya 2025 (LIMITED PICTURES)\"> <noscript> <img src=\"http:\/\/hoycordobaweb.com\/wp-content\/uploads\/2025\/02\/los-mejores-looks-de-la-alfombra-roja-de-los-premios-goya-2025-9.jpg\" alt=\"Todos los looks de los Premios Goya 2025 (LIMITED PICTURES)\"> <\/noscript> <\/picture> <\/div><\/div><\/div>\n<\/div>\n<p><h3 class=\"voc-detail__title\"> Hiba Abouk<br \/>\n<\/h3>\n<\/p>\n<p class=\"voc-paragraph\" data-mrf-recirculation=\"Link art\u00edculo\">La actriz se ha decantado por un vestido de Pedro del Hierro hecho a medida para la ocasi\u00f3n, con corte columna y escote palabra de honor, en cristal de color rojo Burgundy. Completa el look con zapatos Louboutin y joyas Messika.\n<\/p>\n<div class=\"voc-detail-photo-zoom\"> <picture data-toggle=\"modal\" data-target=\"#photoZoomModal-361\" target=\"modal\">\n<div class=\"voc-img-icon-link\"> <img loading=\"lazy\" src=\"http:\/\/hoycordobaweb.com\/wp-content\/uploads\/2025\/02\/los-mejores-looks-de-la-alfombra-roja-de-los-premios-goya-2025-10.jpg\" width=\"650\" height=\"900\" alt=\"Todos los looks de los Premios Goya 2025 (LIMITED PICTURES)\"> <noscript> <img src=\"http:\/\/hoycordobaweb.com\/wp-content\/uploads\/2025\/02\/los-mejores-looks-de-la-alfombra-roja-de-los-premios-goya-2025-10.jpg\" alt=\"Todos los looks de los Premios Goya 2025 (LIMITED PICTURES)\"> <\/noscript> <i class=\"voc-icons zoom voc-multimedia-box voc-ico-l\"><\/i> <\/div><figcaption class=\"figure-caption\">Todos los looks de los Premios Goya 2025 (LIMITED PICTURES)<\/figcaption><\/picture>\n<\/div>\n<div id=\"photoZoomModal-361\" class=\"voc-lightbox modal fade voc-lightbox--photo-zoom\" role=\"dialog\" data-voc-photozoom-lightbox>\n<div class=\"voc-lightbox__dialog\" role=\"document\">\n<div class=\"voc-lightbox__content\"> <!-- Modal header --> <!-- Modal content --> <\/p>\n<div class=\"voc-lightbox__photo-container\"> <picture class> <img loading=\"lazy\" src=\"http:\/\/hoycordobaweb.com\/wp-content\/uploads\/2025\/02\/los-mejores-looks-de-la-alfombra-roja-de-los-premios-goya-2025-10.jpg\" alt=\"Todos los looks de los Premios Goya 2025 (LIMITED PICTURES)\"> <noscript> <img src=\"http:\/\/hoycordobaweb.com\/wp-content\/uploads\/2025\/02\/los-mejores-looks-de-la-alfombra-roja-de-los-premios-goya-2025-10.jpg\" alt=\"Todos los looks de los Premios Goya 2025 (LIMITED PICTURES)\"> <\/noscript> <\/picture> <\/div><\/div><\/div>\n<\/div>\n<p><h3 class=\"voc-detail__title\"> Bel\u00e9n Rueda<br \/>\n<\/h3>\n<\/p>\n<p class=\"voc-paragraph\" data-mrf-recirculation=\"Link art\u00edculo\">Muy guapa, Belen Rueda ha elegido<br \/>\n<strong> un vestido de Valenzuela Atelier. <\/strong>El cuerpo, confeccionado en terciopelo, est\u00e1 creado mediante una estructura que realza la silueta, mientras que la falda es de organza, trabajada con capas superpuestas. Cada puntada es un tributo a la artesan\u00eda, a la arquitectura y a aquella Granada que sigue viva en la memoria de la moda. Los zapatos son de <strong>Aquazzura<\/strong> y las<br \/>\n<strong> joyas Del P\u00e1ramo vintage<\/strong>.\n<\/p>\n<div class=\"voc-detail-photo-zoom\"> <picture data-toggle=\"modal\" data-target=\"#photoZoomModal-901\" target=\"modal\">\n<div class=\"voc-img-icon-link\"> <img loading=\"lazy\" src=\"http:\/\/hoycordobaweb.com\/wp-content\/uploads\/2025\/02\/los-mejores-looks-de-la-alfombra-roja-de-los-premios-goya-2025-11.jpg\" width=\"650\" height=\"900\" alt=\"Todos los looks de los Premios Goya 2025 (LIMITED PICTURES)\"> <noscript> <img src=\"http:\/\/hoycordobaweb.com\/wp-content\/uploads\/2025\/02\/los-mejores-looks-de-la-alfombra-roja-de-los-premios-goya-2025-11.jpg\" alt=\"Todos los looks de los Premios Goya 2025 (LIMITED PICTURES)\"> <\/noscript> <i class=\"voc-icons zoom voc-multimedia-box voc-ico-l\"><\/i> <\/div><figcaption class=\"figure-caption\">Todos los looks de los Premios Goya 2025 (LIMITED PICTURES)<\/figcaption><\/picture>\n<\/div>\n<div id=\"photoZoomModal-901\" class=\"voc-lightbox modal fade voc-lightbox--photo-zoom\" role=\"dialog\" data-voc-photozoom-lightbox>\n<div class=\"voc-lightbox__dialog\" role=\"document\">\n<div class=\"voc-lightbox__content\"> <!-- Modal header --> <!-- Modal content --> <\/p>\n<div class=\"voc-lightbox__photo-container\"> <picture class> <img loading=\"lazy\" src=\"http:\/\/hoycordobaweb.com\/wp-content\/uploads\/2025\/02\/los-mejores-looks-de-la-alfombra-roja-de-los-premios-goya-2025-11.jpg\" alt=\"Todos los looks de los Premios Goya 2025 (LIMITED PICTURES)\"> <noscript> <img src=\"http:\/\/hoycordobaweb.com\/wp-content\/uploads\/2025\/02\/los-mejores-looks-de-la-alfombra-roja-de-los-premios-goya-2025-11.jpg\" alt=\"Todos los looks de los Premios Goya 2025 (LIMITED PICTURES)\"> <\/noscript> <\/picture> <\/div><\/div><\/div>\n<\/div>\n<p><h3 class=\"voc-detail__title\"> Patricia L\u00f3pez Arnaiz<br \/>\n<\/h3>\n<\/p>\n<p class=\"voc-paragraph\" data-mrf-recirculation=\"Link art\u00edculo\">Tambi\u00e9n nominada por su papel en &#8216;Los Destellos&#8217;, Patricia L\u00f3pez Arnaiz ha puesto la nota original con un traje de corte oversize con raya diplom\u00e1tica. <\/p>\n<div class=\"voc-detail-photo-zoom\"> <picture data-toggle=\"modal\" data-target=\"#photoZoomModal-976\" target=\"modal\">\n<div class=\"voc-img-icon-link\"> <img loading=\"lazy\" src=\"http:\/\/hoycordobaweb.com\/wp-content\/uploads\/2025\/02\/los-mejores-looks-de-la-alfombra-roja-de-los-premios-goya-2025-12.jpg\" width=\"650\" height=\"900\" alt=\"Todos los looks de los Premios Goya 2025 (LIMITED PICTURES)\"> <noscript> <img src=\"http:\/\/hoycordobaweb.com\/wp-content\/uploads\/2025\/02\/los-mejores-looks-de-la-alfombra-roja-de-los-premios-goya-2025-12.jpg\" alt=\"Todos los looks de los Premios Goya 2025 (LIMITED PICTURES)\"> <\/noscript> <i class=\"voc-icons zoom voc-multimedia-box voc-ico-l\"><\/i> <\/div><figcaption class=\"figure-caption\">Todos los looks de los Premios Goya 2025 (LIMITED PICTURES)<\/figcaption><\/picture>\n<\/div>\n<div id=\"photoZoomModal-976\" class=\"voc-lightbox modal fade voc-lightbox--photo-zoom\" role=\"dialog\" data-voc-photozoom-lightbox>\n<div class=\"voc-lightbox__dialog\" role=\"document\">\n<div class=\"voc-lightbox__content\"> <!-- Modal header --> <!-- Modal content --> <\/p>\n<div class=\"voc-lightbox__photo-container\"> <picture class> <img loading=\"lazy\" src=\"http:\/\/hoycordobaweb.com\/wp-content\/uploads\/2025\/02\/los-mejores-looks-de-la-alfombra-roja-de-los-premios-goya-2025-12.jpg\" alt=\"Todos los looks de los Premios Goya 2025 (LIMITED PICTURES)\"> <noscript> <img src=\"http:\/\/hoycordobaweb.com\/wp-content\/uploads\/2025\/02\/los-mejores-looks-de-la-alfombra-roja-de-los-premios-goya-2025-12.jpg\" alt=\"Todos los looks de los Premios Goya 2025 (LIMITED PICTURES)\"> <\/noscript> <\/picture> <\/div><\/div><\/div>\n<\/div>\n<p><h3 class=\"voc-detail__title\"> Mirela Bali\u0107<br \/>\n<\/h3>\n<\/p>\n<p class=\"voc-paragraph\" data-mrf-recirculation=\"Link art\u00edculo\">La acriz Mirela Bali\u0107 ha llevado un vestido de Jean Paul Gaultier en un amarillo ocre, con escote en pico que destaca por los originales nudos que tiene en a zona del pecho y la cintura. \u00bfLo mejor? La melena XL peinada con dos trenzas en la parte delantera. <\/p>\n<div class=\"voc-detail-photo-zoom\"> <picture data-toggle=\"modal\" data-target=\"#photoZoomModal-757\" target=\"modal\">\n<div class=\"voc-img-icon-link\"> <img loading=\"lazy\" src=\"http:\/\/hoycordobaweb.com\/wp-content\/uploads\/2025\/02\/los-mejores-looks-de-la-alfombra-roja-de-los-premios-goya-2025-13.jpg\" width=\"650\" height=\"900\" alt=\"Todos los looks de los Premios Goya 2025 (LIMITED PICTURES)\"> <noscript> <img src=\"http:\/\/hoycordobaweb.com\/wp-content\/uploads\/2025\/02\/los-mejores-looks-de-la-alfombra-roja-de-los-premios-goya-2025-13.jpg\" alt=\"Todos los looks de los Premios Goya 2025 (LIMITED PICTURES)\"> <\/noscript> <i class=\"voc-icons zoom voc-multimedia-box voc-ico-l\"><\/i> <\/div><figcaption class=\"figure-caption\">Todos los looks de los Premios Goya 2025 (LIMITED PICTURES)<\/figcaption><\/picture>\n<\/div>\n<div id=\"photoZoomModal-757\" class=\"voc-lightbox modal fade voc-lightbox--photo-zoom\" role=\"dialog\" data-voc-photozoom-lightbox>\n<div class=\"voc-lightbox__dialog\" role=\"document\">\n<div class=\"voc-lightbox__content\"> <!-- Modal header --> <!-- Modal content --> <\/p>\n<div class=\"voc-lightbox__photo-container\"> <picture class> <img loading=\"lazy\" src=\"http:\/\/hoycordobaweb.com\/wp-content\/uploads\/2025\/02\/los-mejores-looks-de-la-alfombra-roja-de-los-premios-goya-2025-13.jpg\" alt=\"Todos los looks de los Premios Goya 2025 (LIMITED PICTURES)\"> <noscript> <img src=\"http:\/\/hoycordobaweb.com\/wp-content\/uploads\/2025\/02\/los-mejores-looks-de-la-alfombra-roja-de-los-premios-goya-2025-13.jpg\" alt=\"Todos los looks de los Premios Goya 2025 (LIMITED PICTURES)\"> <\/noscript> <\/picture> <\/div><\/div><\/div>\n<\/div>\n<p><h3 class=\"voc-detail__title\"> Juana Acosta<br \/>\n<\/h3>\n<\/p>\n<p class=\"voc-paragraph\" data-mrf-recirculation=\"Link art\u00edculo\">La actriz se ha decantado por<br \/>\n<strong> un total look de look Armani Priv\u00e9,<\/strong> con un vestido vintage en negro con bordado de pedrer\u00eda, y silueta de bailarina. \u00bfLo mejor? El espectacular escote cruzado en la espalda. Completa el look con joyas de Jos\u00e9 Luis Joyer\u00edas.\n<\/p>\n<div class=\"voc-detail-photo-zoom\"> <picture data-toggle=\"modal\" data-target=\"#photoZoomModal-751\" target=\"modal\">\n<div class=\"voc-img-icon-link\"> <img loading=\"lazy\" src=\"http:\/\/hoycordobaweb.com\/wp-content\/uploads\/2025\/02\/los-mejores-looks-de-la-alfombra-roja-de-los-premios-goya-2025-14.jpg\" width=\"650\" height=\"900\" alt=\"Todos los looks de los Premios Goya 2025 (LIMITED PICTURES)\"> <noscript> <img src=\"http:\/\/hoycordobaweb.com\/wp-content\/uploads\/2025\/02\/los-mejores-looks-de-la-alfombra-roja-de-los-premios-goya-2025-14.jpg\" alt=\"Todos los looks de los Premios Goya 2025 (LIMITED PICTURES)\"> <\/noscript> <i class=\"voc-icons zoom voc-multimedia-box voc-ico-l\"><\/i> <\/div><figcaption class=\"figure-caption\">Todos los looks de los Premios Goya 2025 (LIMITED PICTURES)<\/figcaption><\/picture>\n<\/div>\n<div id=\"photoZoomModal-751\" class=\"voc-lightbox modal fade voc-lightbox--photo-zoom\" role=\"dialog\" data-voc-photozoom-lightbox>\n<div class=\"voc-lightbox__dialog\" role=\"document\">\n<div class=\"voc-lightbox__content\"> <!-- Modal header --> <!-- Modal content --> <\/p>\n<div class=\"voc-lightbox__photo-container\"> <picture class> <img loading=\"lazy\" src=\"http:\/\/hoycordobaweb.com\/wp-content\/uploads\/2025\/02\/los-mejores-looks-de-la-alfombra-roja-de-los-premios-goya-2025-14.jpg\" alt=\"Todos los looks de los Premios Goya 2025 (LIMITED PICTURES)\"> <noscript> <img src=\"http:\/\/hoycordobaweb.com\/wp-content\/uploads\/2025\/02\/los-mejores-looks-de-la-alfombra-roja-de-los-premios-goya-2025-14.jpg\" alt=\"Todos los looks de los Premios Goya 2025 (LIMITED PICTURES)\"> <\/noscript> <\/picture> <\/div><\/div><\/div>\n<\/div>\n<p><h3 class=\"voc-detail__title\"> Laura Weissmahr<br \/>\n<\/h3>\n<\/p>\n<p class=\"voc-paragraph\" data-mrf-recirculation=\"Link art\u00edculo\">Nominaca a actriz revelaci\u00f3n por su papel en la pel\u00edcula &#8216;Salve Mar\u00eda, Laura Weissmahr lleva un &#8216;nude dress&#8217; <strong>de Habey Club,<\/strong> muy fiel a su estilo, y zapatos de<br \/>\n<strong> Christian Louboutin.<\/strong><\/p>\n<div class=\"voc-detail-photo-zoom\"> <picture data-toggle=\"modal\" data-target=\"#photoZoomModal-218\" target=\"modal\">\n<div class=\"voc-img-icon-link\"> <img loading=\"lazy\" src=\"http:\/\/hoycordobaweb.com\/wp-content\/uploads\/2025\/02\/los-mejores-looks-de-la-alfombra-roja-de-los-premios-goya-2025-15.jpg\" width=\"650\" height=\"900\" alt=\"Todos los looks de los Premios Goya 2025 (LIMITED PICTURES)\"> <noscript> <img src=\"http:\/\/hoycordobaweb.com\/wp-content\/uploads\/2025\/02\/los-mejores-looks-de-la-alfombra-roja-de-los-premios-goya-2025-15.jpg\" alt=\"Todos los looks de los Premios Goya 2025 (LIMITED PICTURES)\"> <\/noscript> <i class=\"voc-icons zoom voc-multimedia-box voc-ico-l\"><\/i> <\/div><figcaption class=\"figure-caption\">Todos los looks de los Premios Goya 2025 (LIMITED PICTURES)<\/figcaption><\/picture>\n<\/div>\n<div id=\"photoZoomModal-218\" class=\"voc-lightbox modal fade voc-lightbox--photo-zoom\" role=\"dialog\" data-voc-photozoom-lightbox>\n<div class=\"voc-lightbox__dialog\" role=\"document\">\n<div class=\"voc-lightbox__content\"> <!-- Modal header --> <!-- Modal content --> <\/p>\n<div class=\"voc-lightbox__photo-container\"> <picture class> <img loading=\"lazy\" src=\"http:\/\/hoycordobaweb.com\/wp-content\/uploads\/2025\/02\/los-mejores-looks-de-la-alfombra-roja-de-los-premios-goya-2025-15.jpg\" alt=\"Todos los looks de los Premios Goya 2025 (LIMITED PICTURES)\"> <noscript> <img src=\"http:\/\/hoycordobaweb.com\/wp-content\/uploads\/2025\/02\/los-mejores-looks-de-la-alfombra-roja-de-los-premios-goya-2025-15.jpg\" alt=\"Todos los looks de los Premios Goya 2025 (LIMITED PICTURES)\"> <\/noscript> <\/picture> <\/div><\/div><\/div>\n<\/div>\n<p><h3 class=\"voc-detail__title\"> Emma Vilarasau<br \/>\n<\/h3>\n<\/p>\n<p class=\"voc-paragraph\" data-mrf-recirculation=\"Link art\u00edculo\">Nominada esta noche a mejor actriz protagonista, Emma Vilarasau ha elegido un vestido lencero blanco de <strong>Menchen Tomas<\/strong> con escote barco y detalle de pedrer\u00eda en la cintura. <\/p>\n<div class=\"voc-detail-photo-zoom\"> <picture data-toggle=\"modal\" data-target=\"#photoZoomModal-362\" target=\"modal\">\n<div class=\"voc-img-icon-link\"> <img loading=\"lazy\" src=\"http:\/\/hoycordobaweb.com\/wp-content\/uploads\/2025\/02\/los-mejores-looks-de-la-alfombra-roja-de-los-premios-goya-2025-16.jpg\" width=\"650\" height=\"900\" alt=\"Todos los looks de los Premios Goya 2025 (LIMITED PICTURES)\"> <noscript> <img src=\"http:\/\/hoycordobaweb.com\/wp-content\/uploads\/2025\/02\/los-mejores-looks-de-la-alfombra-roja-de-los-premios-goya-2025-16.jpg\" alt=\"Todos los looks de los Premios Goya 2025 (LIMITED PICTURES)\"> <\/noscript> <i class=\"voc-icons zoom voc-multimedia-box voc-ico-l\"><\/i> <\/div><figcaption class=\"figure-caption\">Todos los looks de los Premios Goya 2025 (LIMITED PICTURES)<\/figcaption><\/picture>\n<\/div>\n<div id=\"photoZoomModal-362\" class=\"voc-lightbox modal fade voc-lightbox--photo-zoom\" role=\"dialog\" data-voc-photozoom-lightbox>\n<div class=\"voc-lightbox__dialog\" role=\"document\">\n<div class=\"voc-lightbox__content\"> <!-- Modal header --> <!-- Modal content --> <\/p>\n<div class=\"voc-lightbox__photo-container\"> <picture class> <img loading=\"lazy\" src=\"http:\/\/hoycordobaweb.com\/wp-content\/uploads\/2025\/02\/los-mejores-looks-de-la-alfombra-roja-de-los-premios-goya-2025-16.jpg\" alt=\"Todos los looks de los Premios Goya 2025 (LIMITED PICTURES)\"> <noscript> <img src=\"http:\/\/hoycordobaweb.com\/wp-content\/uploads\/2025\/02\/los-mejores-looks-de-la-alfombra-roja-de-los-premios-goya-2025-16.jpg\" alt=\"Todos los looks de los Premios Goya 2025 (LIMITED PICTURES)\"> <\/noscript> <\/picture> <\/div><\/div><\/div>\n<\/div>\n<p><h3 class=\"voc-detail__title\"> Raquel S\u00e1nchez Silva<br \/>\n<\/h3>\n<\/p>\n<p class=\"voc-paragraph\" data-mrf-recirculation=\"Link art\u00edculo\">La presentadora tambi\u00e9n ha elegido un vestido en color rojo <strong>de Leandro Cano, <\/strong>con escote redondo y una falda con mucho vuelo. Completa el look con guantes hasta los codos rojos de<br \/>\n<strong> Varade,<\/strong> y joyas muy especiales del creador cordob\u00e9s<br \/>\n<strong> \u00c1lvaro Larrosa Furest<\/strong>: un brazalete dorado en uno de los brazos y unos espectaculares pendientes XL con forma de flor.\n<\/p>\n<div class=\"voc-detail-photo-zoom\"> <picture data-toggle=\"modal\" data-target=\"#photoZoomModal-25\" target=\"modal\">\n<div class=\"voc-img-icon-link\"> <img loading=\"lazy\" src=\"http:\/\/hoycordobaweb.com\/wp-content\/uploads\/2025\/02\/los-mejores-looks-de-la-alfombra-roja-de-los-premios-goya-2025-17.jpg\" width=\"650\" height=\"900\" alt=\"Todos los looks de los Premios Goya 2025 (LIMITED PICTURES)\"> <noscript> <img src=\"http:\/\/hoycordobaweb.com\/wp-content\/uploads\/2025\/02\/los-mejores-looks-de-la-alfombra-roja-de-los-premios-goya-2025-17.jpg\" alt=\"Todos los looks de los Premios Goya 2025 (LIMITED PICTURES)\"> <\/noscript> <i class=\"voc-icons zoom voc-multimedia-box voc-ico-l\"><\/i> <\/div><figcaption class=\"figure-caption\">Todos los looks de los Premios Goya 2025 (LIMITED PICTURES)<\/figcaption><\/picture>\n<\/div>\n<div id=\"photoZoomModal-25\" class=\"voc-lightbox modal fade voc-lightbox--photo-zoom\" role=\"dialog\" data-voc-photozoom-lightbox>\n<div class=\"voc-lightbox__dialog\" role=\"document\">\n<div class=\"voc-lightbox__content\"> <!-- Modal header --> <!-- Modal content --> <\/p>\n<div class=\"voc-lightbox__photo-container\"> <picture class> <img loading=\"lazy\" src=\"http:\/\/hoycordobaweb.com\/wp-content\/uploads\/2025\/02\/los-mejores-looks-de-la-alfombra-roja-de-los-premios-goya-2025-17.jpg\" alt=\"Todos los looks de los Premios Goya 2025 (LIMITED PICTURES)\"> <noscript> <img src=\"http:\/\/hoycordobaweb.com\/wp-content\/uploads\/2025\/02\/los-mejores-looks-de-la-alfombra-roja-de-los-premios-goya-2025-17.jpg\" alt=\"Todos los looks de los Premios Goya 2025 (LIMITED PICTURES)\"> <\/noscript> <\/picture> <\/div><\/div><\/div>\n<\/div>\n<p><h3 class=\"voc-detail__title\"> Cayetana Guill\u00e9n Cuervo<br \/>\n<\/h3>\n<\/p>\n<p class=\"voc-paragraph\" data-mrf-recirculation=\"Link art\u00edculo\">La actriz lleva un espectacular vestido en dorado de Rub\u00e9n Hern\u00e1ndez Costura, con palabra de honor asim\u00e9trico, cintur\u00f3n que marca la cintura y deja paso a una falda con vuelo y cola. <\/p>\n<div class=\"voc-detail-photo-zoom\"> <picture data-toggle=\"modal\" data-target=\"#photoZoomModal-886\" target=\"modal\">\n<div class=\"voc-img-icon-link\"> <img loading=\"lazy\" src=\"http:\/\/hoycordobaweb.com\/wp-content\/uploads\/2025\/02\/los-mejores-looks-de-la-alfombra-roja-de-los-premios-goya-2025-18.jpg\" width=\"650\" height=\"900\" alt=\"Todos los looks de los Premios Goya 2025 (LIMITED PICTURES)\"> <noscript> <img src=\"http:\/\/hoycordobaweb.com\/wp-content\/uploads\/2025\/02\/los-mejores-looks-de-la-alfombra-roja-de-los-premios-goya-2025-18.jpg\" alt=\"Todos los looks de los Premios Goya 2025 (LIMITED PICTURES)\"> <\/noscript> <i class=\"voc-icons zoom voc-multimedia-box voc-ico-l\"><\/i> <\/div><figcaption class=\"figure-caption\">Todos los looks de los Premios Goya 2025 (LIMITED PICTURES)<\/figcaption><\/picture>\n<\/div>\n<div id=\"photoZoomModal-886\" class=\"voc-lightbox modal fade voc-lightbox--photo-zoom\" role=\"dialog\" data-voc-photozoom-lightbox>\n<div class=\"voc-lightbox__dialog\" role=\"document\">\n<div class=\"voc-lightbox__content\"> <!-- Modal header --> <!-- Modal content --> <\/p>\n<div class=\"voc-lightbox__photo-container\"> <picture class> <img loading=\"lazy\" src=\"http:\/\/hoycordobaweb.com\/wp-content\/uploads\/2025\/02\/los-mejores-looks-de-la-alfombra-roja-de-los-premios-goya-2025-18.jpg\" alt=\"Todos los looks de los Premios Goya 2025 (LIMITED PICTURES)\"> <noscript> <img src=\"http:\/\/hoycordobaweb.com\/wp-content\/uploads\/2025\/02\/los-mejores-looks-de-la-alfombra-roja-de-los-premios-goya-2025-18.jpg\" alt=\"Todos los looks de los Premios Goya 2025 (LIMITED PICTURES)\"> <\/noscript> <\/picture> <\/div><\/div><\/div>\n<\/div>\n<p><h3 class=\"voc-detail__title\"> Amaia Salamanca<br \/>\n<\/h3>\n<\/p>\n<p class=\"voc-paragraph\" data-mrf-recirculation=\"Link art\u00edculo\">La actriz ha aparecido con un cambio de look luciendo un vestido de on <strong>vestido de Carolina Herrera New York<\/strong> en color malva con detalles negros, muy sofisticado. <\/p>\n<div class=\"voc-detail-photo-zoom\"> <picture data-toggle=\"modal\" data-target=\"#photoZoomModal-423\" target=\"modal\">\n<div class=\"voc-img-icon-link\"> <img loading=\"lazy\" src=\"http:\/\/hoycordobaweb.com\/wp-content\/uploads\/2025\/02\/los-mejores-looks-de-la-alfombra-roja-de-los-premios-goya-2025-19.jpg\" width=\"650\" height=\"900\" alt=\"Todos los looks de los Premios Goya 2025 (LIMITED PICTURES)\"> <noscript> <img src=\"http:\/\/hoycordobaweb.com\/wp-content\/uploads\/2025\/02\/los-mejores-looks-de-la-alfombra-roja-de-los-premios-goya-2025-19.jpg\" alt=\"Todos los looks de los Premios Goya 2025 (LIMITED PICTURES)\"> <\/noscript> <i class=\"voc-icons zoom voc-multimedia-box voc-ico-l\"><\/i> <\/div><figcaption class=\"figure-caption\">Todos los looks de los Premios Goya 2025 (LIMITED PICTURES)<\/figcaption><\/picture>\n<\/div>\n<div id=\"photoZoomModal-423\" class=\"voc-lightbox modal fade voc-lightbox--photo-zoom\" role=\"dialog\" data-voc-photozoom-lightbox>\n<div class=\"voc-lightbox__dialog\" role=\"document\">\n<div class=\"voc-lightbox__content\"> <!-- Modal header --> <!-- Modal content --> <\/p>\n<div class=\"voc-lightbox__photo-container\"> <picture class> <img loading=\"lazy\" src=\"http:\/\/hoycordobaweb.com\/wp-content\/uploads\/2025\/02\/los-mejores-looks-de-la-alfombra-roja-de-los-premios-goya-2025-19.jpg\" alt=\"Todos los looks de los Premios Goya 2025 (LIMITED PICTURES)\"> <noscript> <img src=\"http:\/\/hoycordobaweb.com\/wp-content\/uploads\/2025\/02\/los-mejores-looks-de-la-alfombra-roja-de-los-premios-goya-2025-19.jpg\" alt=\"Todos los looks de los Premios Goya 2025 (LIMITED PICTURES)\"> <\/noscript> <\/picture> <\/div><\/div><\/div>\n<\/div>\n<p><h3 class=\"voc-detail__title\"> Mina El Hammani<br \/>\n<\/h3>\n<\/p>\n<p class=\"voc-paragraph\" data-mrf-recirculation=\"Link art\u00edculo\">La actriz, espectacular, ha lucido un vestidazo de Tony Ward con escote coraz\u00f3n y una espectacular falda con vo\u00famenes, muy favorecedor. Completa el look con melena rizada XL y joyas de Cartier.\n<\/p>\n<div class=\"voc-detail-photo-zoom\"> <picture data-toggle=\"modal\" data-target=\"#photoZoomModal-127\" target=\"modal\">\n<div class=\"voc-img-icon-link\"> <img loading=\"lazy\" src=\"http:\/\/hoycordobaweb.com\/wp-content\/uploads\/2025\/02\/los-mejores-looks-de-la-alfombra-roja-de-los-premios-goya-2025-20.jpg\" width=\"650\" height=\"900\" alt=\"Todos los looks de los Premios Goya 2025 (LIMITED PICTURES)\"> <noscript> <img src=\"http:\/\/hoycordobaweb.com\/wp-content\/uploads\/2025\/02\/los-mejores-looks-de-la-alfombra-roja-de-los-premios-goya-2025-20.jpg\" alt=\"Todos los looks de los Premios Goya 2025 (LIMITED PICTURES)\"> <\/noscript> <i class=\"voc-icons zoom voc-multimedia-box voc-ico-l\"><\/i> <\/div><figcaption class=\"figure-caption\">Todos los looks de los Premios Goya 2025 (LIMITED PICTURES)<\/figcaption><\/picture>\n<\/div>\n<div id=\"photoZoomModal-127\" class=\"voc-lightbox modal fade voc-lightbox--photo-zoom\" role=\"dialog\" data-voc-photozoom-lightbox>\n<div class=\"voc-lightbox__dialog\" role=\"document\">\n<div class=\"voc-lightbox__content\"> <!-- Modal header --> <!-- Modal content --> <\/p>\n<div class=\"voc-lightbox__photo-container\"> <picture class> <img loading=\"lazy\" src=\"http:\/\/hoycordobaweb.com\/wp-content\/uploads\/2025\/02\/los-mejores-looks-de-la-alfombra-roja-de-los-premios-goya-2025-20.jpg\" alt=\"Todos los looks de los Premios Goya 2025 (LIMITED PICTURES)\"> <noscript> <img src=\"http:\/\/hoycordobaweb.com\/wp-content\/uploads\/2025\/02\/los-mejores-looks-de-la-alfombra-roja-de-los-premios-goya-2025-20.jpg\" alt=\"Todos los looks de los Premios Goya 2025 (LIMITED PICTURES)\"> <\/noscript> <\/picture> <\/div><\/div><\/div>\n<\/div>\n<p><h3 class=\"voc-detail__title\"> Rigoberta Bandini<br \/>\n<\/h3>\n<\/p>\n<p class=\"voc-paragraph\" data-mrf-recirculation=\"Link art\u00edculo\">La cantante que actuar\u00e1 en la gala ha elegido un vestido de <strong>Mans Concept, <\/strong>con escote palabra de honor cuadrado, muy sofisticado y especial. <\/p>\n<div class=\"voc-detail-photo-zoom\"> <picture data-toggle=\"modal\" data-target=\"#photoZoomModal-111\" target=\"modal\">\n<div class=\"voc-img-icon-link\"> <img loading=\"lazy\" src=\"http:\/\/hoycordobaweb.com\/wp-content\/uploads\/2025\/02\/los-mejores-looks-de-la-alfombra-roja-de-los-premios-goya-2025-21.jpg\" width=\"650\" height=\"900\" alt=\"Todos los looks de los Premios Goya 2025 (LIMITED PICTURES)\"> <noscript> <img src=\"http:\/\/hoycordobaweb.com\/wp-content\/uploads\/2025\/02\/los-mejores-looks-de-la-alfombra-roja-de-los-premios-goya-2025-21.jpg\" alt=\"Todos los looks de los Premios Goya 2025 (LIMITED PICTURES)\"> <\/noscript> <i class=\"voc-icons zoom voc-multimedia-box voc-ico-l\"><\/i> <\/div><figcaption class=\"figure-caption\">Todos los looks de los Premios Goya 2025 (LIMITED PICTURES)<\/figcaption><\/picture>\n<\/div>\n<div id=\"photoZoomModal-111\" class=\"voc-lightbox modal fade voc-lightbox--photo-zoom\" role=\"dialog\" data-voc-photozoom-lightbox>\n<div class=\"voc-lightbox__dialog\" role=\"document\">\n<div class=\"voc-lightbox__content\"> <!-- Modal header --> <!-- Modal content --> <\/p>\n<div class=\"voc-lightbox__photo-container\"> <picture class> <img loading=\"lazy\" src=\"http:\/\/hoycordobaweb.com\/wp-content\/uploads\/2025\/02\/los-mejores-looks-de-la-alfombra-roja-de-los-premios-goya-2025-21.jpg\" alt=\"Todos los looks de los Premios Goya 2025 (LIMITED PICTURES)\"> <noscript> <img src=\"http:\/\/hoycordobaweb.com\/wp-content\/uploads\/2025\/02\/los-mejores-looks-de-la-alfombra-roja-de-los-premios-goya-2025-21.jpg\" alt=\"Todos los looks de los Premios Goya 2025 (LIMITED PICTURES)\"> <\/noscript> <\/picture> <\/div><\/div><\/div>\n<\/div>\n<p><h3 class=\"voc-detail__title\"> Lola \u00cdndigo<br \/>\n<\/h3>\n<\/p>\n<p class=\"voc-paragraph\" data-mrf-recirculation=\"Link art\u00edculo\">La cantante tambi\u00e9n se suma al color rojo con<br \/>\n<strong> un vestido de Sybilla,<\/strong> confeccionado en crep\u00e9 rojo, con un corte asim\u00e9trico, espalda escotada y una lazada en la cintur\u00f3n. Completa el look con zapatos de <strong>Christian Louboutin<\/strong> y joyas <strong>Suot Studio. <\/strong><\/p>\n<div class=\"voc-detail-photo-zoom\"> <picture data-toggle=\"modal\" data-target=\"#photoZoomModal-554\" target=\"modal\">\n<div class=\"voc-img-icon-link\"> <img loading=\"lazy\" src=\"http:\/\/hoycordobaweb.com\/wp-content\/uploads\/2025\/02\/los-mejores-looks-de-la-alfombra-roja-de-los-premios-goya-2025-22.jpg\" width=\"650\" height=\"900\" alt=\"Todos los looks de los Premios Goya 2025 (LIMITED PICTURES)\"> <noscript> <img src=\"http:\/\/hoycordobaweb.com\/wp-content\/uploads\/2025\/02\/los-mejores-looks-de-la-alfombra-roja-de-los-premios-goya-2025-22.jpg\" alt=\"Todos los looks de los Premios Goya 2025 (LIMITED PICTURES)\"> <\/noscript> <i class=\"voc-icons zoom voc-multimedia-box voc-ico-l\"><\/i> <\/div><figcaption class=\"figure-caption\">Todos los looks de los Premios Goya 2025 (LIMITED PICTURES)<\/figcaption><\/picture>\n<\/div>\n<div id=\"photoZoomModal-554\" class=\"voc-lightbox modal fade voc-lightbox--photo-zoom\" role=\"dialog\" data-voc-photozoom-lightbox>\n<div class=\"voc-lightbox__dialog\" role=\"document\">\n<div class=\"voc-lightbox__content\"> <!-- Modal header --> <!-- Modal content --> <\/p>\n<div class=\"voc-lightbox__photo-container\"> <picture class> <img loading=\"lazy\" src=\"http:\/\/hoycordobaweb.com\/wp-content\/uploads\/2025\/02\/los-mejores-looks-de-la-alfombra-roja-de-los-premios-goya-2025-22.jpg\" alt=\"Todos los looks de los Premios Goya 2025 (LIMITED PICTURES)\"> <noscript> <img src=\"http:\/\/hoycordobaweb.com\/wp-content\/uploads\/2025\/02\/los-mejores-looks-de-la-alfombra-roja-de-los-premios-goya-2025-22.jpg\" alt=\"Todos los looks de los Premios Goya 2025 (LIMITED PICTURES)\"> <\/noscript> <\/picture> <\/div><\/div><\/div>\n<\/div>\n<p><h3 class=\"voc-detail__title\"> Enric Auquer<br \/>\n<\/h3>\n<\/p>\n<p class=\"voc-paragraph\" data-mrf-recirculation=\"Link art\u00edculo\">El actor nominado a actor de reparto por su papel en Casa en llamas lleva un total look de <strong>Carlota Barrera,<\/strong> con trahe azul marino con raya diplom\u00e1tica y un elegante abrigo blanco. <\/p>\n<div class=\"voc-detail-photo-zoom\"> <picture data-toggle=\"modal\" data-target=\"#photoZoomModal-566\" target=\"modal\">\n<div class=\"voc-img-icon-link\"> <img loading=\"lazy\" src=\"http:\/\/hoycordobaweb.com\/wp-content\/uploads\/2025\/02\/los-mejores-looks-de-la-alfombra-roja-de-los-premios-goya-2025-23.jpg\" width=\"650\" height=\"900\" alt=\"Todos los looks de los Premios Goya 2025 (LIMITED PICTURES)\"> <noscript> <img src=\"http:\/\/hoycordobaweb.com\/wp-content\/uploads\/2025\/02\/los-mejores-looks-de-la-alfombra-roja-de-los-premios-goya-2025-23.jpg\" alt=\"Todos los looks de los Premios Goya 2025 (LIMITED PICTURES)\"> <\/noscript> <i class=\"voc-icons zoom voc-multimedia-box voc-ico-l\"><\/i> <\/div><figcaption class=\"figure-caption\">Todos los looks de los Premios Goya 2025 (LIMITED PICTURES)<\/figcaption><\/picture>\n<\/div>\n<div id=\"photoZoomModal-566\" class=\"voc-lightbox modal fade voc-lightbox--photo-zoom\" role=\"dialog\" data-voc-photozoom-lightbox>\n<div class=\"voc-lightbox__dialog\" role=\"document\">\n<div class=\"voc-lightbox__content\"> <!-- Modal header --> <!-- Modal content --> <\/p>\n<div class=\"voc-lightbox__photo-container\"> <picture class> <img loading=\"lazy\" src=\"http:\/\/hoycordobaweb.com\/wp-content\/uploads\/2025\/02\/los-mejores-looks-de-la-alfombra-roja-de-los-premios-goya-2025-23.jpg\" alt=\"Todos los looks de los Premios Goya 2025 (LIMITED PICTURES)\"> <noscript> <img src=\"http:\/\/hoycordobaweb.com\/wp-content\/uploads\/2025\/02\/los-mejores-looks-de-la-alfombra-roja-de-los-premios-goya-2025-23.jpg\" alt=\"Todos los looks de los Premios Goya 2025 (LIMITED PICTURES)\"> <\/noscript> <\/picture> <\/div><\/div><\/div>\n<\/div>\n<p><h3 class=\"voc-detail__title\"> Mabel Lozano<br \/>\n<\/h3>\n<\/p>\n<p class=\"voc-paragraph\" data-mrf-recirculation=\"Link art\u00edculo\">La periodista Mabel Lozano lleva <strong>un total look de Mirto.<\/strong> El top, de inspiraci\u00f3n camisa esmoquin, esta realizado en crepe en blanco roto, sin mangas, con la espalda al descubierto, cuello \u00abhalter\u00bb, botones en negro al contraste y bot\u00f3n central Swarovski. La pajarita negra es de seda. El look se completa con una falda negra, realizada en Duchesse, con cintura alta y bajo asim\u00e9trico con un lado largo hasta el suelo.\n<\/p>\n<div class=\"voc-detail-photo-zoom\"> <picture data-toggle=\"modal\" data-target=\"#photoZoomModal-20\" target=\"modal\">\n<div class=\"voc-img-icon-link\"> <img loading=\"lazy\" src=\"http:\/\/hoycordobaweb.com\/wp-content\/uploads\/2025\/02\/los-mejores-looks-de-la-alfombra-roja-de-los-premios-goya-2025-24.jpg\" width=\"650\" height=\"900\" alt=\"Todos los looks de los Premios Goya 2025 (LIMITED PICTURES)\"> <noscript> <img src=\"http:\/\/hoycordobaweb.com\/wp-content\/uploads\/2025\/02\/los-mejores-looks-de-la-alfombra-roja-de-los-premios-goya-2025-24.jpg\" alt=\"Todos los looks de los Premios Goya 2025 (LIMITED PICTURES)\"> <\/noscript> <i class=\"voc-icons zoom voc-multimedia-box voc-ico-l\"><\/i> <\/div><figcaption class=\"figure-caption\">Todos los looks de los Premios Goya 2025 (LIMITED PICTURES)<\/figcaption><\/picture>\n<\/div>\n<div id=\"photoZoomModal-20\" class=\"voc-lightbox modal fade voc-lightbox--photo-zoom\" role=\"dialog\" data-voc-photozoom-lightbox>\n<div class=\"voc-lightbox__dialog\" role=\"document\">\n<div class=\"voc-lightbox__content\"> <!-- Modal header --> <!-- Modal content --> <\/p>\n<div class=\"voc-lightbox__photo-container\"> <picture class> <img loading=\"lazy\" src=\"http:\/\/hoycordobaweb.com\/wp-content\/uploads\/2025\/02\/los-mejores-looks-de-la-alfombra-roja-de-los-premios-goya-2025-24.jpg\" alt=\"Todos los looks de los Premios Goya 2025 (LIMITED PICTURES)\"> <noscript> <img src=\"http:\/\/hoycordobaweb.com\/wp-content\/uploads\/2025\/02\/los-mejores-looks-de-la-alfombra-roja-de-los-premios-goya-2025-24.jpg\" alt=\"Todos los looks de los Premios Goya 2025 (LIMITED PICTURES)\"> <\/noscript> <\/picture> <\/div><\/div><\/div>\n<\/div>\n<p><h3 class=\"voc-detail__title\"> Laura Escanes<br \/>\n<\/h3>\n<\/p>\n<p class=\"voc-paragraph\" data-mrf-recirculation=\"Link art\u00edculo\">La influencer lleva un vestido negro con silueta sirena, con una parte superior corsetera y el bajo del vestido con vuelo tejido en gasa. Completa el look con joyas vintage de Joyas Antiguas Sardinero.\n<\/p>\n<div class=\"voc-detail-photo-zoom\"> <picture data-toggle=\"modal\" data-target=\"#photoZoomModal-880\" target=\"modal\">\n<div class=\"voc-img-icon-link\"> <img loading=\"lazy\" src=\"http:\/\/hoycordobaweb.com\/wp-content\/uploads\/2025\/02\/los-mejores-looks-de-la-alfombra-roja-de-los-premios-goya-2025-25.jpg\" width=\"650\" height=\"900\" alt=\"Todos los looks de los Premios Goya 2025 (LIMITED PICTURES)\"> <noscript> <img src=\"http:\/\/hoycordobaweb.com\/wp-content\/uploads\/2025\/02\/los-mejores-looks-de-la-alfombra-roja-de-los-premios-goya-2025-25.jpg\" alt=\"Todos los looks de los Premios Goya 2025 (LIMITED PICTURES)\"> <\/noscript> <i class=\"voc-icons zoom voc-multimedia-box voc-ico-l\"><\/i> <\/div><figcaption class=\"figure-caption\">Todos los looks de los Premios Goya 2025 (LIMITED PICTURES)<\/figcaption><\/picture>\n<\/div>\n<div id=\"photoZoomModal-880\" class=\"voc-lightbox modal fade voc-lightbox--photo-zoom\" role=\"dialog\" data-voc-photozoom-lightbox>\n<div class=\"voc-lightbox__dialog\" role=\"document\">\n<div class=\"voc-lightbox__content\"> <!-- Modal header --> <!-- Modal content --> <\/p>\n<div class=\"voc-lightbox__photo-container\"> <picture class> <img loading=\"lazy\" src=\"http:\/\/hoycordobaweb.com\/wp-content\/uploads\/2025\/02\/los-mejores-looks-de-la-alfombra-roja-de-los-premios-goya-2025-25.jpg\" alt=\"Todos los looks de los Premios Goya 2025 (LIMITED PICTURES)\"> <noscript> <img src=\"http:\/\/hoycordobaweb.com\/wp-content\/uploads\/2025\/02\/los-mejores-looks-de-la-alfombra-roja-de-los-premios-goya-2025-25.jpg\" alt=\"Todos los looks de los Premios Goya 2025 (LIMITED PICTURES)\"> <\/noscript> <\/picture> <\/div><\/div><\/div>\n<\/div>\n<p><h3 class=\"voc-detail__title\"> Gabriela Andrada<br \/>\n<\/h3>\n<\/p>\n<p class=\"voc-paragraph\" data-mrf-recirculation=\"Link art\u00edculo\">La int\u00e9rprete se ha decantado por un vestido blanco de <strong>Pronovias <\/strong>con cola y drapeado, y joyas <strong>de Tous. <\/strong><\/p>\n<div class=\"voc-detail-photo-zoom\"> <picture data-toggle=\"modal\" data-target=\"#photoZoomModal-687\" target=\"modal\">\n<div class=\"voc-img-icon-link\"> <img loading=\"lazy\" src=\"http:\/\/hoycordobaweb.com\/wp-content\/uploads\/2025\/02\/los-mejores-looks-de-la-alfombra-roja-de-los-premios-goya-2025-26.jpg\" width=\"650\" height=\"900\" alt=\"Todos los looks de los Premios Goya 2025 (LIMITED PICTURES)\"> <noscript> <img src=\"http:\/\/hoycordobaweb.com\/wp-content\/uploads\/2025\/02\/los-mejores-looks-de-la-alfombra-roja-de-los-premios-goya-2025-26.jpg\" alt=\"Todos los looks de los Premios Goya 2025 (LIMITED PICTURES)\"> <\/noscript> <i class=\"voc-icons zoom voc-multimedia-box voc-ico-l\"><\/i> <\/div><figcaption class=\"figure-caption\">Todos los looks de los Premios Goya 2025 (LIMITED PICTURES)<\/figcaption><\/picture>\n<\/div>\n<div id=\"photoZoomModal-687\" class=\"voc-lightbox modal fade voc-lightbox--photo-zoom\" role=\"dialog\" data-voc-photozoom-lightbox>\n<div class=\"voc-lightbox__dialog\" role=\"document\">\n<div class=\"voc-lightbox__content\"> <!-- Modal header --> <!-- Modal content --> <\/p>\n<div class=\"voc-lightbox__photo-container\"> <picture class> <img loading=\"lazy\" src=\"http:\/\/hoycordobaweb.com\/wp-content\/uploads\/2025\/02\/los-mejores-looks-de-la-alfombra-roja-de-los-premios-goya-2025-26.jpg\" alt=\"Todos los looks de los Premios Goya 2025 (LIMITED PICTURES)\"> <noscript> <img src=\"http:\/\/hoycordobaweb.com\/wp-content\/uploads\/2025\/02\/los-mejores-looks-de-la-alfombra-roja-de-los-premios-goya-2025-26.jpg\" alt=\"Todos los looks de los Premios Goya 2025 (LIMITED PICTURES)\"> <\/noscript> <\/picture> <\/div><\/div><\/div>\n<\/div>\n<p><h3 class=\"voc-detail__title\"> Amaral<br \/>\n<\/h3>\n<\/p>\n<p class=\"voc-paragraph\" data-mrf-recirculation=\"Link art\u00edculo\">Eva Amaral lleva un vestido negro de Ana Locking de mangar larga y cuello alto, con detalle de circulos a lo largo del vestido. <\/p>\n<div class=\"voc-detail-photo-zoom\"> <picture data-toggle=\"modal\" data-target=\"#photoZoomModal-634\" target=\"modal\">\n<div class=\"voc-img-icon-link\"> <img loading=\"lazy\" src=\"http:\/\/hoycordobaweb.com\/wp-content\/uploads\/2025\/02\/los-mejores-looks-de-la-alfombra-roja-de-los-premios-goya-2025-27.jpg\" width=\"650\" height=\"900\" alt=\"Todos los looks de los Premios Goya 2025 (LIMITED PICTURES)\"> <noscript> <img src=\"http:\/\/hoycordobaweb.com\/wp-content\/uploads\/2025\/02\/los-mejores-looks-de-la-alfombra-roja-de-los-premios-goya-2025-27.jpg\" alt=\"Todos los looks de los Premios Goya 2025 (LIMITED PICTURES)\"> <\/noscript> <i class=\"voc-icons zoom voc-multimedia-box voc-ico-l\"><\/i> <\/div><figcaption class=\"figure-caption\">Todos los looks de los Premios Goya 2025 (LIMITED PICTURES)<\/figcaption><\/picture>\n<\/div>\n<div id=\"photoZoomModal-634\" class=\"voc-lightbox modal fade voc-lightbox--photo-zoom\" role=\"dialog\" data-voc-photozoom-lightbox>\n<div class=\"voc-lightbox__dialog\" role=\"document\">\n<div class=\"voc-lightbox__content\"> <!-- Modal header --> <!-- Modal content --> <\/p>\n<div class=\"voc-lightbox__photo-container\"> <picture class> <img loading=\"lazy\" src=\"http:\/\/hoycordobaweb.com\/wp-content\/uploads\/2025\/02\/los-mejores-looks-de-la-alfombra-roja-de-los-premios-goya-2025-27.jpg\" alt=\"Todos los looks de los Premios Goya 2025 (LIMITED PICTURES)\"> <noscript> <img src=\"http:\/\/hoycordobaweb.com\/wp-content\/uploads\/2025\/02\/los-mejores-looks-de-la-alfombra-roja-de-los-premios-goya-2025-27.jpg\" alt=\"Todos los looks de los Premios Goya 2025 (LIMITED PICTURES)\"> <\/noscript> <\/picture> <\/div><\/div><\/div>\n<\/div>\n<p><h3 class=\"voc-detail__title\"> Javier Calvo y Javier Ambrossi<br \/>\n<\/h3>\n<\/p>\n<p class=\"voc-paragraph\" data-mrf-recirculation=\"Link art\u00edculo\">Javier Ambrossi lleva traje de<br \/>\n<strong> Vivienne Westwood<\/strong> compuesto por chaqueta corta de doble abotonadura en punto de lana blanca y pantalones en sat\u00e9n negro, zapatos <strong>Christian Louboutin y joyas Su\u00e1rez.<\/strong> Javier Calvo, que tambi\u00e9n lleva un traje de la misma firma con chaqueta larga de tres botones en lana negra y pantalones en lana negra, al igual que los zapatos y las joyas. <\/p>\n<div class=\"voc-detail-photo-zoom\"> <picture data-toggle=\"modal\" data-target=\"#photoZoomModal-693\" target=\"modal\">\n<div class=\"voc-img-icon-link\"> <img loading=\"lazy\" src=\"http:\/\/hoycordobaweb.com\/wp-content\/uploads\/2025\/02\/los-mejores-looks-de-la-alfombra-roja-de-los-premios-goya-2025-28.jpg\" width=\"650\" height=\"900\" alt=\"Todos los looks de los Premios Goya 2025 (LIMITED PICTURES)\"> <noscript> <img src=\"http:\/\/hoycordobaweb.com\/wp-content\/uploads\/2025\/02\/los-mejores-looks-de-la-alfombra-roja-de-los-premios-goya-2025-28.jpg\" alt=\"Todos los looks de los Premios Goya 2025 (LIMITED PICTURES)\"> <\/noscript> <i class=\"voc-icons zoom voc-multimedia-box voc-ico-l\"><\/i> <\/div><figcaption class=\"figure-caption\">Todos los looks de los Premios Goya 2025 (LIMITED PICTURES)<\/figcaption><\/picture>\n<\/div>\n<div id=\"photoZoomModal-693\" class=\"voc-lightbox modal fade voc-lightbox--photo-zoom\" role=\"dialog\" data-voc-photozoom-lightbox>\n<div class=\"voc-lightbox__dialog\" role=\"document\">\n<div class=\"voc-lightbox__content\"> <!-- Modal header --> <!-- Modal content --> <\/p>\n<div class=\"voc-lightbox__photo-container\"> <picture class> <img loading=\"lazy\" src=\"http:\/\/hoycordobaweb.com\/wp-content\/uploads\/2025\/02\/los-mejores-looks-de-la-alfombra-roja-de-los-premios-goya-2025-28.jpg\" alt=\"Todos los looks de los Premios Goya 2025 (LIMITED PICTURES)\"> <noscript> <img src=\"http:\/\/hoycordobaweb.com\/wp-content\/uploads\/2025\/02\/los-mejores-looks-de-la-alfombra-roja-de-los-premios-goya-2025-28.jpg\" alt=\"Todos los looks de los Premios Goya 2025 (LIMITED PICTURES)\"> <\/noscript> <\/picture> <\/div><\/div><\/div>\n<\/div>\n<p><h3 class=\"voc-detail__title\"> Natalia Verbeke<br \/>\n<\/h3>\n<\/p>\n<p class=\"voc-paragraph\" data-mrf-recirculation=\"Link art\u00edculo\">La actriz luce un vestido negro entallado con palabra de honor y volumen en la parte de abajo, y<br \/>\n<strong> joyas de Messika.<\/strong><\/p>\n<div class=\"voc-detail-photo-zoom\"> <picture data-toggle=\"modal\" data-target=\"#photoZoomModal-78\" target=\"modal\">\n<div class=\"voc-img-icon-link\"> <img loading=\"lazy\" src=\"http:\/\/hoycordobaweb.com\/wp-content\/uploads\/2025\/02\/los-mejores-looks-de-la-alfombra-roja-de-los-premios-goya-2025-29.jpg\" width=\"650\" height=\"900\" alt=\"Todos los looks de los Premios Goya 2025 (LIMITED PICTURES)\"> <noscript> <img src=\"http:\/\/hoycordobaweb.com\/wp-content\/uploads\/2025\/02\/los-mejores-looks-de-la-alfombra-roja-de-los-premios-goya-2025-29.jpg\" alt=\"Todos los looks de los Premios Goya 2025 (LIMITED PICTURES)\"> <\/noscript> <i class=\"voc-icons zoom voc-multimedia-box voc-ico-l\"><\/i> <\/div><figcaption class=\"figure-caption\">Todos los looks de los Premios Goya 2025 (LIMITED PICTURES)<\/figcaption><\/picture>\n<\/div>\n<div id=\"photoZoomModal-78\" class=\"voc-lightbox modal fade voc-lightbox--photo-zoom\" role=\"dialog\" data-voc-photozoom-lightbox>\n<div class=\"voc-lightbox__dialog\" role=\"document\">\n<div class=\"voc-lightbox__content\"> <!-- Modal header --> <!-- Modal content --> <\/p>\n<div class=\"voc-lightbox__photo-container\"> <picture class> <img loading=\"lazy\" src=\"http:\/\/hoycordobaweb.com\/wp-content\/uploads\/2025\/02\/los-mejores-looks-de-la-alfombra-roja-de-los-premios-goya-2025-29.jpg\" alt=\"Todos los looks de los Premios Goya 2025 (LIMITED PICTURES)\"> <noscript> <img src=\"http:\/\/hoycordobaweb.com\/wp-content\/uploads\/2025\/02\/los-mejores-looks-de-la-alfombra-roja-de-los-premios-goya-2025-29.jpg\" alt=\"Todos los looks de los Premios Goya 2025 (LIMITED PICTURES)\"> <\/noscript> <\/picture> <\/div><\/div><\/div>\n<\/div>\n<p><h3 class=\"voc-detail__title\"> Zoe Bonafonte<br \/>\n<\/h3>\n<\/p>\n<p class=\"voc-paragraph\" data-mrf-recirculation=\"Link art\u00edculo\">Una de las nominadas de la noche, Zoe Bonafonte lleva un vestido rojo palabra de honor de Carolina Herrera, tacones Magrit y joyas Carrera y Carrera.\n<\/p>\n<div class=\"voc-detail-photo-zoom\"> <picture data-toggle=\"modal\" data-target=\"#photoZoomModal-22\" target=\"modal\">\n<div class=\"voc-img-icon-link\"> <img loading=\"lazy\" src=\"http:\/\/hoycordobaweb.com\/wp-content\/uploads\/2025\/02\/los-mejores-looks-de-la-alfombra-roja-de-los-premios-goya-2025-30.jpg\" width=\"650\" height=\"900\" alt=\"Todos los looks de los Premios Goya 2025 (LIMITED PICTURES)\"> <noscript> <img src=\"http:\/\/hoycordobaweb.com\/wp-content\/uploads\/2025\/02\/los-mejores-looks-de-la-alfombra-roja-de-los-premios-goya-2025-30.jpg\" alt=\"Todos los looks de los Premios Goya 2025 (LIMITED PICTURES)\"> <\/noscript> <i class=\"voc-icons zoom voc-multimedia-box voc-ico-l\"><\/i> <\/div><figcaption class=\"figure-caption\">Todos los looks de los Premios Goya 2025 (LIMITED PICTURES)<\/figcaption><\/picture>\n<\/div>\n<div id=\"photoZoomModal-22\" class=\"voc-lightbox modal fade voc-lightbox--photo-zoom\" role=\"dialog\" data-voc-photozoom-lightbox>\n<div class=\"voc-lightbox__dialog\" role=\"document\">\n<div class=\"voc-lightbox__content\"> <!-- Modal header --> <!-- Modal content --> <\/p>\n<div class=\"voc-lightbox__photo-container\"> <picture class> <img loading=\"lazy\" src=\"http:\/\/hoycordobaweb.com\/wp-content\/uploads\/2025\/02\/los-mejores-looks-de-la-alfombra-roja-de-los-premios-goya-2025-30.jpg\" alt=\"Todos los looks de los Premios Goya 2025 (LIMITED PICTURES)\"> <noscript> <img src=\"http:\/\/hoycordobaweb.com\/wp-content\/uploads\/2025\/02\/los-mejores-looks-de-la-alfombra-roja-de-los-premios-goya-2025-30.jpg\" alt=\"Todos los looks de los Premios Goya 2025 (LIMITED PICTURES)\"> <\/noscript> <\/picture> <\/div><\/div><\/div>\n<\/div>\n<p><h3 class=\"voc-detail__title\"> Natalia de Molina<br \/>\n<\/h3>\n<\/p>\n<p class=\"voc-paragraph\" data-mrf-recirculation=\"Link art\u00edculo\">La actriz ha confiado<br \/>\n<strong> en Redondo Brand <\/strong>con este vestido de costura a medida compuesto por bustier con escote curvo confeccionado en terciopelo de seda negro y falda columna bordada con placas met\u00e1licas y cristales.\n<\/p>\n<div class=\"voc-detail-photo-zoom\"> <picture data-toggle=\"modal\" data-target=\"#photoZoomModal-803\" target=\"modal\">\n<div class=\"voc-img-icon-link\"> <img loading=\"lazy\" src=\"http:\/\/hoycordobaweb.com\/wp-content\/uploads\/2025\/02\/los-mejores-looks-de-la-alfombra-roja-de-los-premios-goya-2025-31.jpg\" width=\"650\" height=\"900\" alt=\"Todos los looks de los Premios Goya 2025 (LIMITED PICTURES)\"> <noscript> <img src=\"http:\/\/hoycordobaweb.com\/wp-content\/uploads\/2025\/02\/los-mejores-looks-de-la-alfombra-roja-de-los-premios-goya-2025-31.jpg\" alt=\"Todos los looks de los Premios Goya 2025 (LIMITED PICTURES)\"> <\/noscript> <i class=\"voc-icons zoom voc-multimedia-box voc-ico-l\"><\/i> <\/div><figcaption class=\"figure-caption\">Todos los looks de los Premios Goya 2025 (LIMITED PICTURES)<\/figcaption><\/picture>\n<\/div>\n<div id=\"photoZoomModal-803\" class=\"voc-lightbox modal fade voc-lightbox--photo-zoom\" role=\"dialog\" data-voc-photozoom-lightbox>\n<div class=\"voc-lightbox__dialog\" role=\"document\">\n<div class=\"voc-lightbox__content\"> <!-- Modal header --> <!-- Modal content --> <\/p>\n<div class=\"voc-lightbox__photo-container\"> <picture class> <img loading=\"lazy\" src=\"http:\/\/hoycordobaweb.com\/wp-content\/uploads\/2025\/02\/los-mejores-looks-de-la-alfombra-roja-de-los-premios-goya-2025-31.jpg\" alt=\"Todos los looks de los Premios Goya 2025 (LIMITED PICTURES)\"> <noscript> <img src=\"http:\/\/hoycordobaweb.com\/wp-content\/uploads\/2025\/02\/los-mejores-looks-de-la-alfombra-roja-de-los-premios-goya-2025-31.jpg\" alt=\"Todos los looks de los Premios Goya 2025 (LIMITED PICTURES)\"> <\/noscript> <\/picture> <\/div><\/div><\/div>\n<\/div>\n<p><h3 class=\"voc-detail__title\"> Ester Exp\u00f3sito<br \/>\n<\/h3>\n<\/p>\n<p class=\"voc-paragraph\" data-mrf-recirculation=\"Link art\u00edculo\">Ester Exp\u00f3sito con<br \/>\n<strong> vestido de Vivianne Westwood <\/strong>en verde oliva, con una apertura lateral y cuerpo encorsetado. <\/p>\n<div class=\"voc-detail-photo-zoom\"> <picture data-toggle=\"modal\" data-target=\"#photoZoomModal-941\" target=\"modal\">\n<div class=\"voc-img-icon-link\"> <img loading=\"lazy\" src=\"http:\/\/hoycordobaweb.com\/wp-content\/uploads\/2025\/02\/los-mejores-looks-de-la-alfombra-roja-de-los-premios-goya-2025-32.jpg\" width=\"650\" height=\"900\" alt=\"Todos los looks de los Premios Goya 2025 (LIMITED PICTURES)\"> <noscript> <img src=\"http:\/\/hoycordobaweb.com\/wp-content\/uploads\/2025\/02\/los-mejores-looks-de-la-alfombra-roja-de-los-premios-goya-2025-32.jpg\" alt=\"Todos los looks de los Premios Goya 2025 (LIMITED PICTURES)\"> <\/noscript> <i class=\"voc-icons zoom voc-multimedia-box voc-ico-l\"><\/i> <\/div><figcaption class=\"figure-caption\">Todos los looks de los Premios Goya 2025 (LIMITED PICTURES)<\/figcaption><\/picture>\n<\/div>\n<div id=\"photoZoomModal-941\" class=\"voc-lightbox modal fade voc-lightbox--photo-zoom\" role=\"dialog\" data-voc-photozoom-lightbox>\n<div class=\"voc-lightbox__dialog\" role=\"document\">\n<div class=\"voc-lightbox__content\"> <!-- Modal header --> <!-- Modal content --> <\/p>\n<div class=\"voc-lightbox__photo-container\"> <picture class> <img loading=\"lazy\" src=\"http:\/\/hoycordobaweb.com\/wp-content\/uploads\/2025\/02\/los-mejores-looks-de-la-alfombra-roja-de-los-premios-goya-2025-32.jpg\" alt=\"Todos los looks de los Premios Goya 2025 (LIMITED PICTURES)\"> <noscript> <img src=\"http:\/\/hoycordobaweb.com\/wp-content\/uploads\/2025\/02\/los-mejores-looks-de-la-alfombra-roja-de-los-premios-goya-2025-32.jpg\" alt=\"Todos los looks de los Premios Goya 2025 (LIMITED PICTURES)\"> <\/noscript> <\/picture> <\/div><\/div><\/div>\n<\/div>\n<p><h3 class=\"voc-detail__title\"> Itsaso Arana<br \/>\n<\/h3>\n<\/p>\n<p class=\"voc-paragraph\" data-mrf-recirculation=\"Link art\u00edculo\">Actriz y directora, Itsaso Arana luce un espectacular <strong>vestido de Teresa Helbig <\/strong>con cuello cerrado y lentejuelas, y una espalda espectacular. Completa el look con <strong>joyas de Damiani<\/strong>.\n<\/p>\n<div class=\"voc-detail-photo-zoom\"> <picture data-toggle=\"modal\" data-target=\"#photoZoomModal-382\" target=\"modal\">\n<div class=\"voc-img-icon-link\"> <img loading=\"lazy\" src=\"http:\/\/hoycordobaweb.com\/wp-content\/uploads\/2025\/02\/los-mejores-looks-de-la-alfombra-roja-de-los-premios-goya-2025-33.jpg\" width=\"650\" height=\"900\" alt=\"Todos los looks de los Premios Goya 2025 (LIMITED PICTURES)\"> <noscript> <img src=\"http:\/\/hoycordobaweb.com\/wp-content\/uploads\/2025\/02\/los-mejores-looks-de-la-alfombra-roja-de-los-premios-goya-2025-33.jpg\" alt=\"Todos los looks de los Premios Goya 2025 (LIMITED PICTURES)\"> <\/noscript> <i class=\"voc-icons zoom voc-multimedia-box voc-ico-l\"><\/i> <\/div><figcaption class=\"figure-caption\">Todos los looks de los Premios Goya 2025 (LIMITED PICTURES)<\/figcaption><\/picture>\n<\/div>\n<div id=\"photoZoomModal-382\" class=\"voc-lightbox modal fade voc-lightbox--photo-zoom\" role=\"dialog\" data-voc-photozoom-lightbox>\n<div class=\"voc-lightbox__dialog\" role=\"document\">\n<div class=\"voc-lightbox__content\"> <!-- Modal header --> <!-- Modal content --> <\/p>\n<div class=\"voc-lightbox__photo-container\"> <picture class> <img loading=\"lazy\" src=\"http:\/\/hoycordobaweb.com\/wp-content\/uploads\/2025\/02\/los-mejores-looks-de-la-alfombra-roja-de-los-premios-goya-2025-33.jpg\" alt=\"Todos los looks de los Premios Goya 2025 (LIMITED PICTURES)\"> <noscript> <img src=\"http:\/\/hoycordobaweb.com\/wp-content\/uploads\/2025\/02\/los-mejores-looks-de-la-alfombra-roja-de-los-premios-goya-2025-33.jpg\" alt=\"Todos los looks de los Premios Goya 2025 (LIMITED PICTURES)\"> <\/noscript> <\/picture> <\/div><\/div><\/div>\n<\/div>\n<p><h3 class=\"voc-detail__title\"> Greta Fern\u00e1ndez<br \/>\n<\/h3>\n<\/p>\n<p class=\"voc-paragraph\" data-mrf-recirculation=\"Link art\u00edculo\">La actriz se ha decantado por <strong>un vestido de Armani <\/strong>ajustado al cuerpo, de lentejuelas, palabra de honor y con abertura frontal,<br \/>\n<strong> y joyas de Cartier.<\/strong><\/p>\n<p> <!-- TOPICS --> <\/p>\n","protected":false},"excerpt":{"rendered":"<p>\u00c9l gran d\u00eda del cine espa\u00f1ol ha legado. La 39\u00aa edici\u00f3n de los Premios Goya se celebra este s\u00e1bado 8 de febrero en Granada, con una alfombra roja por donde pasar\u00e1n los rostros m\u00e1s conocidos del panorama audiovisual. Este a\u00f1o, la gala est\u00e1 conducida por las actrices Maribel Verd\u00fa y Leonor Waitling, y el list\u00f3n [&hellip;]<\/p>\n","protected":false},"author":1,"featured_media":96447,"comment_status":"closed","ping_status":"closed","sticky":false,"template":"","format":"standard","meta":[],"categories":[],"tags":[],"_links":{"self":[{"href":"http:\/\/hoycordobaweb.com\/index.php\/wp-json\/wp\/v2\/posts\/96446"}],"collection":[{"href":"http:\/\/hoycordobaweb.com\/index.php\/wp-json\/wp\/v2\/posts"}],"about":[{"href":"http:\/\/hoycordobaweb.com\/index.php\/wp-json\/wp\/v2\/types\/post"}],"author":[{"embeddable":true,"href":"http:\/\/hoycordobaweb.com\/index.php\/wp-json\/wp\/v2\/users\/1"}],"replies":[{"embeddable":true,"href":"http:\/\/hoycordobaweb.com\/index.php\/wp-json\/wp\/v2\/comments?post=96446"}],"version-history":[{"count":0,"href":"http:\/\/hoycordobaweb.com\/index.php\/wp-json\/wp\/v2\/posts\/96446\/revisions"}],"wp:featuredmedia":[{"embeddable":true,"href":"http:\/\/hoycordobaweb.com\/index.php\/wp-json\/wp\/v2\/media\/96447"}],"wp:attachment":[{"href":"http:\/\/hoycordobaweb.com\/index.php\/wp-json\/wp\/v2\/media?parent=96446"}],"wp:term":[{"taxonomy":"category","embeddable":true,"href":"http:\/\/hoycordobaweb.com\/index.php\/wp-json\/wp\/v2\/categories?post=96446"},{"taxonomy":"post_tag","embeddable":true,"href":"http:\/\/hoycordobaweb.com\/index.php\/wp-json\/wp\/v2\/tags?post=96446"}],"curies":[{"name":"wp","href":"https:\/\/api.w.org\/{rel}","templated":true}]}}