{"id":96427,"date":"2025-02-08T07:03:18","date_gmt":"2025-02-08T07:03:18","guid":{"rendered":"http:\/\/hoycordobaweb.com\/index.php\/2025\/02\/08\/jose-florentin-anota-y-lidera-con-central-cordoba-en-la-liga-argentina-abc-color\/"},"modified":"2025-02-08T07:03:18","modified_gmt":"2025-02-08T07:03:18","slug":"jose-florentin-anota-y-lidera-con-central-cordoba-en-la-liga-argentina-abc-color","status":"publish","type":"post","link":"http:\/\/hoycordobaweb.com\/index.php\/2025\/02\/08\/jose-florentin-anota-y-lidera-con-central-cordoba-en-la-liga-argentina-abc-color\/","title":{"rendered":"Jos\u00e9 Florent\u00edn anota y lidera con Central C\u00f3rdoba en la Liga <b>argentina<\/b> &#8211; ABC Color"},"content":{"rendered":"<p>&#8230; Apertura del <b>f\u00fatbol argentino<\/b>, donde qued\u00f3 como l\u00edder provisional del Grupo A. <\/p>\n","protected":false},"excerpt":{"rendered":"<p>&#8230; Apertura del f\u00fatbol argentino, donde qued\u00f3 como l\u00edder provisional del Grupo A.<\/p>\n","protected":false},"author":1,"featured_media":0,"comment_status":"closed","ping_status":"closed","sticky":false,"template":"","format":"standard","meta":[],"categories":[22],"tags":[],"_links":{"self":[{"href":"http:\/\/hoycordobaweb.com\/index.php\/wp-json\/wp\/v2\/posts\/96427"}],"collection":[{"href":"http:\/\/hoycordobaweb.com\/index.php\/wp-json\/wp\/v2\/posts"}],"about":[{"href":"http:\/\/hoycordobaweb.com\/index.php\/wp-json\/wp\/v2\/types\/post"}],"author":[{"embeddable":true,"href":"http:\/\/hoycordobaweb.com\/index.php\/wp-json\/wp\/v2\/users\/1"}],"replies":[{"embeddable":true,"href":"http:\/\/hoycordobaweb.com\/index.php\/wp-json\/wp\/v2\/comments?post=96427"}],"version-history":[{"count":0,"href":"http:\/\/hoycordobaweb.com\/index.php\/wp-json\/wp\/v2\/posts\/96427\/revisions"}],"wp:attachment":[{"href":"http:\/\/hoycordobaweb.com\/index.php\/wp-json\/wp\/v2\/media?parent=96427"}],"wp:term":[{"taxonomy":"category","embeddable":true,"href":"http:\/\/hoycordobaweb.com\/index.php\/wp-json\/wp\/v2\/categories?post=96427"},{"taxonomy":"post_tag","embeddable":true,"href":"http:\/\/hoycordobaweb.com\/index.php\/wp-json\/wp\/v2\/tags?post=96427"}],"curies":[{"name":"wp","href":"https:\/\/api.w.org\/{rel}","templated":true}]}}