{"id":9641,"date":"2021-01-09T21:00:48","date_gmt":"2021-01-09T21:00:48","guid":{"rendered":"https:\/\/www.trendencias.com\/shopping\/19-prendas-atemporales-rebajas-redoute-que-puedes-anadir-a-tu-fondo-armario-tengas-talla-que-tengas"},"modified":"2021-01-09T21:00:48","modified_gmt":"2021-01-09T21:00:48","slug":"19-prendas-atemporales-en-las-rebajas-de-la-redoute-que-puedes-anadir-a-tu-fondo-de-armario-tengas-la-talla-que-tengas","status":"publish","type":"post","link":"http:\/\/hoycordobaweb.com\/index.php\/2021\/01\/09\/19-prendas-atemporales-en-las-rebajas-de-la-redoute-que-puedes-anadir-a-tu-fondo-de-armario-tengas-la-talla-que-tengas\/","title":{"rendered":"19 prendas atemporales en las rebajas de La Redoute que puedes a\u00f1adir a tu fondo de armario (tengas la talla que tengas)"},"content":{"rendered":"<p>Hay varias formas de afrontar las rebajas:<a href=\"https:\/\/www.trendencias.com\/tendencias\/ocho-conjuntos-americana-pantalon-rebajas-massimo-dutti-que-se-convertiran-nuestro-uniforme-working-2021\"> o bien te haces con caprichos que normalmente no te atrever\u00edas a comprar por su precio elevado<\/a> o por el uso limitado de la prenda (pero que son tu aut\u00e9ntico <em>crush<\/em> desde hace tiempo) o te decides por <strong>b\u00e1sicos de calidad que perduren en el tiempo <\/strong>y resistan al paso de las tendencias.<\/p>\n<p><!-- BREAK 1 --><\/p>\n<div class=\"article-asset article-asset-normal article-asset-center\">\n<div class=\"desvio-container\">\n<div class=\"desvio\">\n<div class=\"desvio-figure js-desvio-figure\"> <a href=\"https:\/\/www.trendencias.com\/shopping\/abrigos-acolchados-sudaderas-otras-prendas-tendencia-que-podemos-comprar-rebajas-guess-mucho\"> <img alt=\"Abrigos acolchados, sudaderas y otras prendas de tendencia que podemos comprar en las rebajas de Guess por mucho menos \" src=\"http:\/\/hoycordobaweb.com\/wp-content\/uploads\/2021\/01\/19-prendas-atemporales-en-las-rebajas-de-la-redoute-que-puedes-anadir-a-tu-fondo-de-armario-tengas-la-talla-que-tengas.jpg\"> <\/a> <\/div><\/div><\/div>\n<\/div>\n<p>Tambi\u00e9n est\u00e1 la opci\u00f3n de no comprar absolutamente nada, pero sinceramente, es la menos probable y <a href=\"https:\/\/www.trendencias.com\/zapatos-mujer\/siete-botas-botines-stradivarius-que-gracias-a-sus-rebajas-ahora-valen-30-euros\">si tu presupuesto est\u00e1 limitado,<\/a> siempre es una buena opci\u00f3n <strong>invertir en una prenda de calidad y con un buen descuento.<\/strong><\/p>\n<p><!-- BREAK 2 --> <\/p>\n<p>En <a href=\"https:\/\/www.trendencias.com\/redirect?url=https%3A%2F%2Fwww.laredoute.es%2F&amp;category=shopping\">La Redoute <\/a>tenemos varios ejemplos con rebajas de hasta el 60% y hemos seleccionado algunas de las m\u00e1s interesantes para <strong>las que prefieren invertir su dinero en algo atempora<\/strong>l. Abrigos de pa\u00f1o, jers\u00e9is de punto o pantalones con corte cl\u00e1sico son un claro ejemplo de lo que podemos encontrar en las rebajas de la web francesa:<\/p>\n<p><!-- BREAK 3 --><\/p>\n<div class=\"article-asset-image article-asset-normal article-asset-center\">\n<div class=\"asset-content\"> <img class=\"sf-lazy centro_sinmarco\" data-sf-srcset=\"http:\/\/hoycordobaweb.com\/wp-content\/uploads\/2021\/01\/19-prendas-atemporales-en-las-rebajas-de-la-redoute-que-puedes-anadir-a-tu-fondo-de-armario-tengas-la-talla-que-tengas-1.jpg 450w, http:\/\/hoycordobaweb.com\/wp-content\/uploads\/2021\/01\/19-prendas-atemporales-en-las-rebajas-de-la-redoute-que-puedes-anadir-a-tu-fondo-de-armario-tengas-la-talla-que-tengas-42.jpg 681w,http:\/\/hoycordobaweb.com\/wp-content\/uploads\/2021\/01\/19-prendas-atemporales-en-las-rebajas-de-la-redoute-que-puedes-anadir-a-tu-fondo-de-armario-tengas-la-talla-que-tengas-43.jpg 1024w, http:\/\/hoycordobaweb.com\/wp-content\/uploads\/2021\/01\/19-prendas-atemporales-en-las-rebajas-de-la-redoute-que-puedes-anadir-a-tu-fondo-de-armario-tengas-la-talla-que-tengas-44.jpg 1366w,\" data-sf-src=\"http:\/\/hoycordobaweb.com\/wp-content\/uploads\/2021\/01\/19-prendas-atemporales-en-las-rebajas-de-la-redoute-que-puedes-anadir-a-tu-fondo-de-armario-tengas-la-talla-que-tengas-1.jpg\" alt=\"Polo Amarillo\"> <noscript><img alt=\"Polo Amarillo\" class=\"centro_sinmarco\" src=\"http:\/\/hoycordobaweb.com\/wp-content\/uploads\/2021\/01\/19-prendas-atemporales-en-las-rebajas-de-la-redoute-que-puedes-anadir-a-tu-fondo-de-armario-tengas-la-talla-que-tengas-1.jpg\"><\/noscript> <\/div>\n<\/div>\n<p>Polo de manga larga color mostaza de 100% algod\u00f3n peinado por <del>29,99<\/del> <a href=\"https:\/\/www.trendencias.com\/redirect?url=https%3A%2F%2Fwww.laredoute.es%2Fppdp%2Fprod-350046401.aspx%3Fdocid%3D294320%23shoppingtool%3Dinternalcampaign&amp;category=shopping\">11,99 euros.<\/a><\/p>\n<p><!-- BREAK 4 --><!-- PIVOT START --><\/p>\n<div class=\"pivot-ecommerce-container\">\n<div class=\"pivot-ecommerce\">\n<div class=\"pivot-ecommerce-figure\"> <img alt=\"Polo mostaza de algod\u00f3n\" src=\"http:\/\/hoycordobaweb.com\/wp-content\/uploads\/2021\/01\/19-prendas-atemporales-en-las-rebajas-de-la-redoute-que-puedes-anadir-a-tu-fondo-de-armario-tengas-la-talla-que-tengas-2.jpg\"> <\/div>\n<div class=\"pivot-ecommerce-summary\">\n<p class=\"pivot-ecommerce-desc\">Polo mostaza de algod\u00f3n<\/p>\n<\/p><\/div><\/div>\n<\/div>\n<p><!-- PIVOT END --><\/p>\n<div class=\"article-asset-image article-asset-normal article-asset-center\">\n<div class=\"asset-content\"> <img class=\"sf-lazy centro_sinmarco\" data-sf-srcset=\"http:\/\/hoycordobaweb.com\/wp-content\/uploads\/2021\/01\/19-prendas-atemporales-en-las-rebajas-de-la-redoute-que-puedes-anadir-a-tu-fondo-de-armario-tengas-la-talla-que-tengas-3.jpg 450w, http:\/\/hoycordobaweb.com\/wp-content\/uploads\/2021\/01\/19-prendas-atemporales-en-las-rebajas-de-la-redoute-que-puedes-anadir-a-tu-fondo-de-armario-tengas-la-talla-que-tengas-45.jpg 681w,http:\/\/hoycordobaweb.com\/wp-content\/uploads\/2021\/01\/19-prendas-atemporales-en-las-rebajas-de-la-redoute-que-puedes-anadir-a-tu-fondo-de-armario-tengas-la-talla-que-tengas-46.jpg 1024w, http:\/\/hoycordobaweb.com\/wp-content\/uploads\/2021\/01\/19-prendas-atemporales-en-las-rebajas-de-la-redoute-que-puedes-anadir-a-tu-fondo-de-armario-tengas-la-talla-que-tengas-47.jpg 1366w,\" data-sf-src=\"http:\/\/hoycordobaweb.com\/wp-content\/uploads\/2021\/01\/19-prendas-atemporales-en-las-rebajas-de-la-redoute-que-puedes-anadir-a-tu-fondo-de-armario-tengas-la-talla-que-tengas-3.jpg\" alt=\"Laredoute1\"> <noscript><img alt=\"Laredoute1\" class=\"centro_sinmarco\" src=\"http:\/\/hoycordobaweb.com\/wp-content\/uploads\/2021\/01\/19-prendas-atemporales-en-las-rebajas-de-la-redoute-que-puedes-anadir-a-tu-fondo-de-armario-tengas-la-talla-que-tengas-3.jpg\"><\/noscript> <\/div>\n<\/div>\n<p>Chaqueta de punto con cuello de pico, cierre de botones en color gris de cachemir por <del>135<\/del> <a href=\"https:\/\/www.trendencias.com\/redirect?url=https%3A%2F%2Fwww.laredoute.es%2Fppdp%2Fprod-350077107.aspx%23shoppingtool%3Dinternalcampaign&amp;category=shopping\">59,40 euros.<\/a><\/p>\n<p><!-- BREAK 5 --><!-- PIVOT START --><\/p>\n<div class=\"pivot-ecommerce-container\">\n<div class=\"pivot-ecommerce\">\n<div class=\"pivot-ecommerce-figure\"> <img alt=\"Chaqueta de casmere\" src=\"http:\/\/hoycordobaweb.com\/wp-content\/uploads\/2021\/01\/19-prendas-atemporales-en-las-rebajas-de-la-redoute-que-puedes-anadir-a-tu-fondo-de-armario-tengas-la-talla-que-tengas-4.jpg\"> <\/div>\n<div class=\"pivot-ecommerce-summary\">\n<p class=\"pivot-ecommerce-desc\">Chaqueta de casmere<\/p>\n<\/p><\/div><\/div>\n<\/div>\n<p><!-- PIVOT END --><\/p>\n<div class=\"article-asset-image article-asset-normal article-asset-center\">\n<div class=\"asset-content\"> <img class=\"sf-lazy centro_sinmarco\" data-sf-srcset=\"http:\/\/hoycordobaweb.com\/wp-content\/uploads\/2021\/01\/19-prendas-atemporales-en-las-rebajas-de-la-redoute-que-puedes-anadir-a-tu-fondo-de-armario-tengas-la-talla-que-tengas-5.jpg 450w, http:\/\/hoycordobaweb.com\/wp-content\/uploads\/2021\/01\/19-prendas-atemporales-en-las-rebajas-de-la-redoute-que-puedes-anadir-a-tu-fondo-de-armario-tengas-la-talla-que-tengas-48.jpg 681w,http:\/\/hoycordobaweb.com\/wp-content\/uploads\/2021\/01\/19-prendas-atemporales-en-las-rebajas-de-la-redoute-que-puedes-anadir-a-tu-fondo-de-armario-tengas-la-talla-que-tengas-49.jpg 1024w, http:\/\/hoycordobaweb.com\/wp-content\/uploads\/2021\/01\/19-prendas-atemporales-en-las-rebajas-de-la-redoute-que-puedes-anadir-a-tu-fondo-de-armario-tengas-la-talla-que-tengas-50.jpg 1366w,\" data-sf-src=\"http:\/\/hoycordobaweb.com\/wp-content\/uploads\/2021\/01\/19-prendas-atemporales-en-las-rebajas-de-la-redoute-que-puedes-anadir-a-tu-fondo-de-armario-tengas-la-talla-que-tengas-5.jpg\" alt=\"Laredoute2\"> <noscript><img alt=\"Laredoute2\" class=\"centro_sinmarco\" src=\"http:\/\/hoycordobaweb.com\/wp-content\/uploads\/2021\/01\/19-prendas-atemporales-en-las-rebajas-de-la-redoute-que-puedes-anadir-a-tu-fondo-de-armario-tengas-la-talla-que-tengas-5.jpg\"><\/noscript> <\/div>\n<\/div>\n<p>Abrigo negro de estilo motero con cierre de cremallera por <del>109<\/del><a href=\"https:\/\/www.trendencias.com\/redirect?url=https%3A%2F%2Fwww.laredoute.es%2Fppdp%2Fprod-350118540.aspx%23shoppingtool%3Dinternalcampaign&amp;category=shopping\"> 43,60 euros.<\/a><\/p>\n<p><!-- BREAK 6 --><!-- PIVOT START --><\/p>\n<div class=\"pivot-ecommerce-container\">\n<div class=\"pivot-ecommerce\">\n<div class=\"pivot-ecommerce-figure\"> <img alt=\"Abrigo motero\" src=\"http:\/\/hoycordobaweb.com\/wp-content\/uploads\/2021\/01\/19-prendas-atemporales-en-las-rebajas-de-la-redoute-que-puedes-anadir-a-tu-fondo-de-armario-tengas-la-talla-que-tengas-6.jpg\"> <\/div>\n<div class=\"pivot-ecommerce-summary\">\n<p class=\"pivot-ecommerce-desc\">Abrigo motero<\/p>\n<\/p><\/div><\/div>\n<\/div>\n<p><!-- PIVOT END --><\/p>\n<div class=\"article-asset-image article-asset-normal article-asset-center\">\n<div class=\"asset-content\"> <img class=\"sf-lazy centro_sinmarco\" data-sf-srcset=\"http:\/\/hoycordobaweb.com\/wp-content\/uploads\/2021\/01\/19-prendas-atemporales-en-las-rebajas-de-la-redoute-que-puedes-anadir-a-tu-fondo-de-armario-tengas-la-talla-que-tengas-7.jpg 450w, http:\/\/hoycordobaweb.com\/wp-content\/uploads\/2021\/01\/19-prendas-atemporales-en-las-rebajas-de-la-redoute-que-puedes-anadir-a-tu-fondo-de-armario-tengas-la-talla-que-tengas-51.jpg 681w,http:\/\/hoycordobaweb.com\/wp-content\/uploads\/2021\/01\/19-prendas-atemporales-en-las-rebajas-de-la-redoute-que-puedes-anadir-a-tu-fondo-de-armario-tengas-la-talla-que-tengas-52.jpg 1024w, http:\/\/hoycordobaweb.com\/wp-content\/uploads\/2021\/01\/19-prendas-atemporales-en-las-rebajas-de-la-redoute-que-puedes-anadir-a-tu-fondo-de-armario-tengas-la-talla-que-tengas-53.jpg 1366w,\" data-sf-src=\"http:\/\/hoycordobaweb.com\/wp-content\/uploads\/2021\/01\/19-prendas-atemporales-en-las-rebajas-de-la-redoute-que-puedes-anadir-a-tu-fondo-de-armario-tengas-la-talla-que-tengas-7.jpg\" alt=\"Laredoute3\"> <noscript><img alt=\"Laredoute3\" class=\"centro_sinmarco\" src=\"http:\/\/hoycordobaweb.com\/wp-content\/uploads\/2021\/01\/19-prendas-atemporales-en-las-rebajas-de-la-redoute-que-puedes-anadir-a-tu-fondo-de-armario-tengas-la-talla-que-tengas-7.jpg\"><\/noscript> <\/div>\n<\/div>\n<p>Camisa de cuello de sastre en lino mezclado color lila por <del>39,99<\/del> <a href=\"https:\/\/www.trendencias.com\/redirect?url=https%3A%2F%2Fwww.laredoute.es%2Fppdp%2Fprod-350141965.aspx%23shoppingtool%3Dinternalcampaign&amp;category=shopping\">17,85 euros.<\/a><\/p>\n<p><!-- BREAK 7 --><!-- PIVOT START --><\/p>\n<div class=\"pivot-ecommerce-container\">\n<div class=\"pivot-ecommerce\">\n<div class=\"pivot-ecommerce-figure\"> <img alt=\"Camisa de lino\" src=\"http:\/\/hoycordobaweb.com\/wp-content\/uploads\/2021\/01\/19-prendas-atemporales-en-las-rebajas-de-la-redoute-que-puedes-anadir-a-tu-fondo-de-armario-tengas-la-talla-que-tengas-8.jpg\"> <\/div>\n<div class=\"pivot-ecommerce-summary\">\n<p class=\"pivot-ecommerce-desc\">Camisa de lino<\/p>\n<\/p><\/div><\/div>\n<\/div>\n<p><!-- PIVOT END --><\/p>\n<div class=\"article-asset-image article-asset-normal article-asset-center\">\n<div class=\"asset-content\"> <img class=\"sf-lazy centro_sinmarco\" data-sf-srcset=\"http:\/\/hoycordobaweb.com\/wp-content\/uploads\/2021\/01\/19-prendas-atemporales-en-las-rebajas-de-la-redoute-que-puedes-anadir-a-tu-fondo-de-armario-tengas-la-talla-que-tengas-9.jpg 450w, http:\/\/hoycordobaweb.com\/wp-content\/uploads\/2021\/01\/19-prendas-atemporales-en-las-rebajas-de-la-redoute-que-puedes-anadir-a-tu-fondo-de-armario-tengas-la-talla-que-tengas-54.jpg 681w,http:\/\/hoycordobaweb.com\/wp-content\/uploads\/2021\/01\/19-prendas-atemporales-en-las-rebajas-de-la-redoute-que-puedes-anadir-a-tu-fondo-de-armario-tengas-la-talla-que-tengas-55.jpg 1024w, http:\/\/hoycordobaweb.com\/wp-content\/uploads\/2021\/01\/19-prendas-atemporales-en-las-rebajas-de-la-redoute-que-puedes-anadir-a-tu-fondo-de-armario-tengas-la-talla-que-tengas-56.jpg 1366w,\" data-sf-src=\"http:\/\/hoycordobaweb.com\/wp-content\/uploads\/2021\/01\/19-prendas-atemporales-en-las-rebajas-de-la-redoute-que-puedes-anadir-a-tu-fondo-de-armario-tengas-la-talla-que-tengas-9.jpg\" alt=\"Laredoute4\"> <noscript><img alt=\"Laredoute4\" class=\"centro_sinmarco\" src=\"http:\/\/hoycordobaweb.com\/wp-content\/uploads\/2021\/01\/19-prendas-atemporales-en-las-rebajas-de-la-redoute-que-puedes-anadir-a-tu-fondo-de-armario-tengas-la-talla-que-tengas-9.jpg\"><\/noscript> <\/div>\n<\/div>\n<p>Pantal\u00f3n recto de piel en color negro por <del>199<\/del> <a href=\"https:\/\/www.trendencias.com\/redirect?url=https%3A%2F%2Fwww.laredoute.es%2Fppdp%2Fprod-350155351.aspx%23shoppingtool%3Dinternalcampaign&amp;category=shopping\">93,40 euros.<\/a><\/p>\n<p><!-- BREAK 8 --><!-- PIVOT START --><\/p>\n<div class=\"pivot-ecommerce-container\">\n<div class=\"pivot-ecommerce\">\n<div class=\"pivot-ecommerce-figure\"> <img alt=\"Pantal\u00f3n recto de piel\" src=\"http:\/\/hoycordobaweb.com\/wp-content\/uploads\/2021\/01\/19-prendas-atemporales-en-las-rebajas-de-la-redoute-que-puedes-anadir-a-tu-fondo-de-armario-tengas-la-talla-que-tengas-10.jpg\"> <\/div>\n<div class=\"pivot-ecommerce-summary\">\n<p class=\"pivot-ecommerce-desc\">Pantal\u00f3n recto de piel<\/p>\n<\/p><\/div><\/div>\n<\/div>\n<p><!-- PIVOT END --><\/p>\n<div class=\"article-asset-image article-asset-normal article-asset-center\">\n<div class=\"asset-content\"> <img class=\"sf-lazy centro_sinmarco\" data-sf-srcset=\"http:\/\/hoycordobaweb.com\/wp-content\/uploads\/2021\/01\/19-prendas-atemporales-en-las-rebajas-de-la-redoute-que-puedes-anadir-a-tu-fondo-de-armario-tengas-la-talla-que-tengas-11.jpg 450w, http:\/\/hoycordobaweb.com\/wp-content\/uploads\/2021\/01\/19-prendas-atemporales-en-las-rebajas-de-la-redoute-que-puedes-anadir-a-tu-fondo-de-armario-tengas-la-talla-que-tengas-57.jpg 681w,http:\/\/hoycordobaweb.com\/wp-content\/uploads\/2021\/01\/19-prendas-atemporales-en-las-rebajas-de-la-redoute-que-puedes-anadir-a-tu-fondo-de-armario-tengas-la-talla-que-tengas-58.jpg 1024w, http:\/\/hoycordobaweb.com\/wp-content\/uploads\/2021\/01\/19-prendas-atemporales-en-las-rebajas-de-la-redoute-que-puedes-anadir-a-tu-fondo-de-armario-tengas-la-talla-que-tengas-59.jpg 1366w,\" data-sf-src=\"http:\/\/hoycordobaweb.com\/wp-content\/uploads\/2021\/01\/19-prendas-atemporales-en-las-rebajas-de-la-redoute-que-puedes-anadir-a-tu-fondo-de-armario-tengas-la-talla-que-tengas-11.jpg\" alt=\"Laredoute5\"> <noscript><img alt=\"Laredoute5\" class=\"centro_sinmarco\" src=\"http:\/\/hoycordobaweb.com\/wp-content\/uploads\/2021\/01\/19-prendas-atemporales-en-las-rebajas-de-la-redoute-que-puedes-anadir-a-tu-fondo-de-armario-tengas-la-talla-que-tengas-11.jpg\"><\/noscript> <\/div>\n<\/div>\n<p>Abrigo en mezcla de lana azul marino con solapas y botones cruzados por <del>129<\/del> <a href=\"https:\/\/www.trendencias.com\/redirect?url=https%3A%2F%2Fwww.laredoute.es%2Fppdp%2Fprod-350188361.aspx%3Fdocid%3D294320%23shoppingtool%3Dinternalcampaign&amp;category=shopping\">51,48 euros.<\/a><\/p>\n<p><!-- BREAK 9 --><!-- PIVOT START --><\/p>\n<div class=\"pivot-ecommerce-container\">\n<div class=\"pivot-ecommerce\">\n<div class=\"pivot-ecommerce-figure\"> <img alt=\"Abrigo en mezcla de lana\" src=\"http:\/\/hoycordobaweb.com\/wp-content\/uploads\/2021\/01\/19-prendas-atemporales-en-las-rebajas-de-la-redoute-que-puedes-anadir-a-tu-fondo-de-armario-tengas-la-talla-que-tengas-12.jpg\"> <\/div>\n<div class=\"pivot-ecommerce-summary\">\n<p class=\"pivot-ecommerce-desc\">Abrigo en mezcla de lana<\/p>\n<\/p><\/div><\/div>\n<\/div>\n<p><!-- PIVOT END --><\/p>\n<div class=\"article-asset-image article-asset-normal article-asset-center\">\n<div class=\"asset-content\"> <img class=\"sf-lazy centro_sinmarco\" data-sf-srcset=\"http:\/\/hoycordobaweb.com\/wp-content\/uploads\/2021\/01\/19-prendas-atemporales-en-las-rebajas-de-la-redoute-que-puedes-anadir-a-tu-fondo-de-armario-tengas-la-talla-que-tengas-13.jpg 450w, http:\/\/hoycordobaweb.com\/wp-content\/uploads\/2021\/01\/19-prendas-atemporales-en-las-rebajas-de-la-redoute-que-puedes-anadir-a-tu-fondo-de-armario-tengas-la-talla-que-tengas-60.jpg 681w,http:\/\/hoycordobaweb.com\/wp-content\/uploads\/2021\/01\/19-prendas-atemporales-en-las-rebajas-de-la-redoute-que-puedes-anadir-a-tu-fondo-de-armario-tengas-la-talla-que-tengas-61.jpg 1024w, http:\/\/hoycordobaweb.com\/wp-content\/uploads\/2021\/01\/19-prendas-atemporales-en-las-rebajas-de-la-redoute-que-puedes-anadir-a-tu-fondo-de-armario-tengas-la-talla-que-tengas-62.jpg 1366w,\" data-sf-src=\"http:\/\/hoycordobaweb.com\/wp-content\/uploads\/2021\/01\/19-prendas-atemporales-en-las-rebajas-de-la-redoute-que-puedes-anadir-a-tu-fondo-de-armario-tengas-la-talla-que-tengas-13.jpg\" alt=\"Laredoute6\"> <noscript><img alt=\"Laredoute6\" class=\"centro_sinmarco\" src=\"http:\/\/hoycordobaweb.com\/wp-content\/uploads\/2021\/01\/19-prendas-atemporales-en-las-rebajas-de-la-redoute-que-puedes-anadir-a-tu-fondo-de-armario-tengas-la-talla-que-tengas-13.jpg\"><\/noscript> <\/div>\n<\/div>\n<p>Chaqueta de punto grueso abotonada en color tostado con botones marrones por <del>52,99<\/del> <a href=\"https:\/\/www.trendencias.com\/redirect?url=https%3A%2F%2Fwww.laredoute.es%2Fppdp%2Fprod-350152477.aspx%23shoppingtool%3Dinternalcampaign&amp;category=shopping\">23,84 euros.<\/a><\/p>\n<p><!-- BREAK 10 --><!-- PIVOT START --><\/p>\n<div class=\"pivot-ecommerce-container\">\n<div class=\"pivot-ecommerce\" readability=\"3\">\n<div class=\"pivot-ecommerce-figure\"> <img alt=\"Chaqueta de punto naranja\" src=\"http:\/\/hoycordobaweb.com\/wp-content\/uploads\/2021\/01\/19-prendas-atemporales-en-las-rebajas-de-la-redoute-que-puedes-anadir-a-tu-fondo-de-armario-tengas-la-talla-que-tengas-14.jpg\"> <\/div>\n<div class=\"pivot-ecommerce-summary\" readability=\"3.5\">\n<p class=\"pivot-ecommerce-desc\">Chaqueta de punto naranja<\/p>\n<\/p><\/div><\/div>\n<\/div>\n<p><!-- PIVOT END --><\/p>\n<div class=\"article-asset-image article-asset-normal article-asset-center\">\n<div class=\"asset-content\"> <img class=\"sf-lazy centro_sinmarco\" data-sf-srcset=\"http:\/\/hoycordobaweb.com\/wp-content\/uploads\/2021\/01\/19-prendas-atemporales-en-las-rebajas-de-la-redoute-que-puedes-anadir-a-tu-fondo-de-armario-tengas-la-talla-que-tengas-15.jpg 450w, http:\/\/hoycordobaweb.com\/wp-content\/uploads\/2021\/01\/19-prendas-atemporales-en-las-rebajas-de-la-redoute-que-puedes-anadir-a-tu-fondo-de-armario-tengas-la-talla-que-tengas-63.jpg 681w,http:\/\/hoycordobaweb.com\/wp-content\/uploads\/2021\/01\/19-prendas-atemporales-en-las-rebajas-de-la-redoute-que-puedes-anadir-a-tu-fondo-de-armario-tengas-la-talla-que-tengas-64.jpg 1024w, http:\/\/hoycordobaweb.com\/wp-content\/uploads\/2021\/01\/19-prendas-atemporales-en-las-rebajas-de-la-redoute-que-puedes-anadir-a-tu-fondo-de-armario-tengas-la-talla-que-tengas-65.jpg 1366w,\" data-sf-src=\"http:\/\/hoycordobaweb.com\/wp-content\/uploads\/2021\/01\/19-prendas-atemporales-en-las-rebajas-de-la-redoute-que-puedes-anadir-a-tu-fondo-de-armario-tengas-la-talla-que-tengas-15.jpg\" alt=\"Laredoute7\"> <noscript><img alt=\"Laredoute7\" class=\"centro_sinmarco\" src=\"http:\/\/hoycordobaweb.com\/wp-content\/uploads\/2021\/01\/19-prendas-atemporales-en-las-rebajas-de-la-redoute-que-puedes-anadir-a-tu-fondo-de-armario-tengas-la-talla-que-tengas-15.jpg\"><\/noscript> <\/div>\n<\/div>\n<p>Abrigo de largo midi con estampado de cuadros y botones cruzados por <del>99,99<\/del> <a href=\"https:\/\/www.trendencias.com\/redirect?url=https%3A%2F%2Fwww.laredoute.es%2Fppdp%2Fprod-350155176.aspx%23shoppingtool%3Dinternalcampaign&amp;category=shopping\">47,99 euros.<\/a><\/p>\n<p><!-- BREAK 11 --><!-- PIVOT START --><\/p>\n<div class=\"pivot-ecommerce-container\">\n<div class=\"pivot-ecommerce\">\n<div class=\"pivot-ecommerce-figure\"> <img alt=\"Abrigo de cuadros\" src=\"http:\/\/hoycordobaweb.com\/wp-content\/uploads\/2021\/01\/19-prendas-atemporales-en-las-rebajas-de-la-redoute-que-puedes-anadir-a-tu-fondo-de-armario-tengas-la-talla-que-tengas-16.jpg\"> <\/div>\n<div class=\"pivot-ecommerce-summary\">\n<p class=\"pivot-ecommerce-desc\">Abrigo de cuadros<\/p>\n<\/p><\/div><\/div>\n<\/div>\n<p><!-- PIVOT END --><\/p>\n<div class=\"article-asset-image article-asset-normal article-asset-center\">\n<div class=\"asset-content\"> <img class=\"sf-lazy centro_sinmarco\" data-sf-srcset=\"http:\/\/hoycordobaweb.com\/wp-content\/uploads\/2021\/01\/19-prendas-atemporales-en-las-rebajas-de-la-redoute-que-puedes-anadir-a-tu-fondo-de-armario-tengas-la-talla-que-tengas-17.jpg 450w, http:\/\/hoycordobaweb.com\/wp-content\/uploads\/2021\/01\/19-prendas-atemporales-en-las-rebajas-de-la-redoute-que-puedes-anadir-a-tu-fondo-de-armario-tengas-la-talla-que-tengas-66.jpg 681w,http:\/\/hoycordobaweb.com\/wp-content\/uploads\/2021\/01\/19-prendas-atemporales-en-las-rebajas-de-la-redoute-que-puedes-anadir-a-tu-fondo-de-armario-tengas-la-talla-que-tengas-67.jpg 1024w, http:\/\/hoycordobaweb.com\/wp-content\/uploads\/2021\/01\/19-prendas-atemporales-en-las-rebajas-de-la-redoute-que-puedes-anadir-a-tu-fondo-de-armario-tengas-la-talla-que-tengas-68.jpg 1366w,\" data-sf-src=\"http:\/\/hoycordobaweb.com\/wp-content\/uploads\/2021\/01\/19-prendas-atemporales-en-las-rebajas-de-la-redoute-que-puedes-anadir-a-tu-fondo-de-armario-tengas-la-talla-que-tengas-17.jpg\" alt=\"Chaqueta Sahara\"> <noscript><img alt=\"Chaqueta Sahara\" class=\"centro_sinmarco\" src=\"http:\/\/hoycordobaweb.com\/wp-content\/uploads\/2021\/01\/19-prendas-atemporales-en-las-rebajas-de-la-redoute-que-puedes-anadir-a-tu-fondo-de-armario-tengas-la-talla-que-tengas-17.jpg\"><\/noscript> <\/div>\n<\/div>\n<p>Chaqueta de estilo Sahariano con cierre de cremallera y cintur\u00f3n por <del>79,99<\/del> <a href=\"https:\/\/www.trendencias.com\/redirect?url=https%3A%2F%2Fwww.laredoute.es%2Fppdp%2Fprod-350142440.aspx%23shoppingtool%3Dinternalcampaign&amp;category=shopping\">37,05 euros.<\/a><\/p>\n<p><!-- BREAK 12 --><!-- PIVOT START --><\/p>\n<div class=\"pivot-ecommerce-container\">\n<div class=\"pivot-ecommerce\">\n<div class=\"pivot-ecommerce-figure\"> <img alt=\"Chaqueta Sahariana\" src=\"http:\/\/hoycordobaweb.com\/wp-content\/uploads\/2021\/01\/19-prendas-atemporales-en-las-rebajas-de-la-redoute-que-puedes-anadir-a-tu-fondo-de-armario-tengas-la-talla-que-tengas-18.jpg\"> <\/div>\n<div class=\"pivot-ecommerce-summary\">\n<p class=\"pivot-ecommerce-desc\">Chaqueta Sahariana<\/p>\n<\/p><\/div><\/div>\n<\/div>\n<p><!-- PIVOT END --><\/p>\n<div class=\"article-asset-image article-asset-normal article-asset-center\">\n<div class=\"asset-content\"> <img class=\"sf-lazy centro_sinmarco\" data-sf-srcset=\"http:\/\/hoycordobaweb.com\/wp-content\/uploads\/2021\/01\/19-prendas-atemporales-en-las-rebajas-de-la-redoute-que-puedes-anadir-a-tu-fondo-de-armario-tengas-la-talla-que-tengas-19.jpg 450w, http:\/\/hoycordobaweb.com\/wp-content\/uploads\/2021\/01\/19-prendas-atemporales-en-las-rebajas-de-la-redoute-que-puedes-anadir-a-tu-fondo-de-armario-tengas-la-talla-que-tengas-69.jpg 681w,http:\/\/hoycordobaweb.com\/wp-content\/uploads\/2021\/01\/19-prendas-atemporales-en-las-rebajas-de-la-redoute-que-puedes-anadir-a-tu-fondo-de-armario-tengas-la-talla-que-tengas-70.jpg 1024w, http:\/\/hoycordobaweb.com\/wp-content\/uploads\/2021\/01\/19-prendas-atemporales-en-las-rebajas-de-la-redoute-que-puedes-anadir-a-tu-fondo-de-armario-tengas-la-talla-que-tengas-71.jpg 1366w,\" data-sf-src=\"http:\/\/hoycordobaweb.com\/wp-content\/uploads\/2021\/01\/19-prendas-atemporales-en-las-rebajas-de-la-redoute-que-puedes-anadir-a-tu-fondo-de-armario-tengas-la-talla-que-tengas-19.jpg\" alt=\"La Redoute\"> <noscript><img alt=\"La Redoute\" class=\"centro_sinmarco\" src=\"http:\/\/hoycordobaweb.com\/wp-content\/uploads\/2021\/01\/19-prendas-atemporales-en-las-rebajas-de-la-redoute-que-puedes-anadir-a-tu-fondo-de-armario-tengas-la-talla-que-tengas-19.jpg\"><\/noscript> <\/div>\n<\/div>\n<p>Pantalones estampados con cuadros y banda lateral por <del>59,90<\/del> <a href=\"https:\/\/www.trendencias.com\/redirect?url=https%3A%2F%2Fwww.laredoute.es%2Fppdp%2Fprod-350182550.aspx%23shoppingtool%3Dinternalcampaign&amp;category=shopping\">23,98 euros.<\/a><\/p>\n<p><!-- BREAK 13 --><!-- PIVOT START --><\/p>\n<div class=\"pivot-ecommerce-container\">\n<div class=\"pivot-ecommerce\">\n<div class=\"pivot-ecommerce-figure\"> <img alt=\"Pantalones pitillo\" src=\"http:\/\/hoycordobaweb.com\/wp-content\/uploads\/2021\/01\/19-prendas-atemporales-en-las-rebajas-de-la-redoute-que-puedes-anadir-a-tu-fondo-de-armario-tengas-la-talla-que-tengas-20.jpg\"> <\/div>\n<div class=\"pivot-ecommerce-summary\">\n<p class=\"pivot-ecommerce-desc\">Pantalones pitillo<\/p>\n<\/p><\/div><\/div>\n<\/div>\n<p><!-- PIVOT END --><\/p>\n<div class=\"article-asset-image article-asset-normal article-asset-center\">\n<div class=\"asset-content\"> <img class=\"sf-lazy centro_sinmarco\" data-sf-srcset=\"http:\/\/hoycordobaweb.com\/wp-content\/uploads\/2021\/01\/19-prendas-atemporales-en-las-rebajas-de-la-redoute-que-puedes-anadir-a-tu-fondo-de-armario-tengas-la-talla-que-tengas-21.jpg 450w, http:\/\/hoycordobaweb.com\/wp-content\/uploads\/2021\/01\/19-prendas-atemporales-en-las-rebajas-de-la-redoute-que-puedes-anadir-a-tu-fondo-de-armario-tengas-la-talla-que-tengas-72.jpg 681w,http:\/\/hoycordobaweb.com\/wp-content\/uploads\/2021\/01\/19-prendas-atemporales-en-las-rebajas-de-la-redoute-que-puedes-anadir-a-tu-fondo-de-armario-tengas-la-talla-que-tengas-73.jpg 1024w, http:\/\/hoycordobaweb.com\/wp-content\/uploads\/2021\/01\/19-prendas-atemporales-en-las-rebajas-de-la-redoute-que-puedes-anadir-a-tu-fondo-de-armario-tengas-la-talla-que-tengas-74.jpg 1366w,\" data-sf-src=\"http:\/\/hoycordobaweb.com\/wp-content\/uploads\/2021\/01\/19-prendas-atemporales-en-las-rebajas-de-la-redoute-que-puedes-anadir-a-tu-fondo-de-armario-tengas-la-talla-que-tengas-21.jpg\" alt=\"Jersey\"> <noscript><img alt=\"Jersey\" class=\"centro_sinmarco\" src=\"http:\/\/hoycordobaweb.com\/wp-content\/uploads\/2021\/01\/19-prendas-atemporales-en-las-rebajas-de-la-redoute-que-puedes-anadir-a-tu-fondo-de-armario-tengas-la-talla-que-tengas-21.jpg\"><\/noscript> <\/div>\n<\/div>\n<p>Jersey de punto trenzado y cuello alto por <del>59,99<\/del> <a href=\"https:\/\/www.trendencias.com\/redirect?url=https%3A%2F%2Fwww.laredoute.es%2Fppdp%2Fprod-350192904.aspx%23shoppingtool%3Dinternalcampaign&amp;category=shopping\">23,99 euros.<\/a><\/p>\n<p><!-- BREAK 14 --><!-- PIVOT START --><\/p>\n<div class=\"pivot-ecommerce-container\">\n<div class=\"pivot-ecommerce\">\n<div class=\"pivot-ecommerce-figure\"> <img alt=\"Jersey de punto trenzado\" src=\"http:\/\/hoycordobaweb.com\/wp-content\/uploads\/2021\/01\/19-prendas-atemporales-en-las-rebajas-de-la-redoute-que-puedes-anadir-a-tu-fondo-de-armario-tengas-la-talla-que-tengas-22.jpg\"> <\/div>\n<div class=\"pivot-ecommerce-summary\">\n<p class=\"pivot-ecommerce-desc\">Jersey de punto trenzado<\/p>\n<\/p><\/div><\/div>\n<\/div>\n<p><!-- PIVOT END --><\/p>\n<div class=\"article-asset-image article-asset-normal article-asset-center\">\n<div class=\"asset-content\"> <img class=\"sf-lazy centro_sinmarco\" data-sf-srcset=\"http:\/\/hoycordobaweb.com\/wp-content\/uploads\/2021\/01\/19-prendas-atemporales-en-las-rebajas-de-la-redoute-que-puedes-anadir-a-tu-fondo-de-armario-tengas-la-talla-que-tengas-23.jpg 450w, http:\/\/hoycordobaweb.com\/wp-content\/uploads\/2021\/01\/19-prendas-atemporales-en-las-rebajas-de-la-redoute-que-puedes-anadir-a-tu-fondo-de-armario-tengas-la-talla-que-tengas-75.jpg 681w,http:\/\/hoycordobaweb.com\/wp-content\/uploads\/2021\/01\/19-prendas-atemporales-en-las-rebajas-de-la-redoute-que-puedes-anadir-a-tu-fondo-de-armario-tengas-la-talla-que-tengas-76.jpg 1024w, http:\/\/hoycordobaweb.com\/wp-content\/uploads\/2021\/01\/19-prendas-atemporales-en-las-rebajas-de-la-redoute-que-puedes-anadir-a-tu-fondo-de-armario-tengas-la-talla-que-tengas-77.jpg 1366w,\" data-sf-src=\"http:\/\/hoycordobaweb.com\/wp-content\/uploads\/2021\/01\/19-prendas-atemporales-en-las-rebajas-de-la-redoute-que-puedes-anadir-a-tu-fondo-de-armario-tengas-la-talla-que-tengas-23.jpg\" alt=\"Pantalon\"> <noscript><img alt=\"Pantalon\" class=\"centro_sinmarco\" src=\"http:\/\/hoycordobaweb.com\/wp-content\/uploads\/2021\/01\/19-prendas-atemporales-en-las-rebajas-de-la-redoute-que-puedes-anadir-a-tu-fondo-de-armario-tengas-la-talla-que-tengas-23.jpg\"><\/noscript> <\/div>\n<\/div>\n<p>Pantal\u00f3n color marr\u00f3n con talle alto y piernas tipo globo por <del>39,99<\/del> <a href=\"https:\/\/www.trendencias.com\/redirect?url=https%3A%2F%2Fwww.laredoute.es%2Fppdp%2Fprod-350188304.aspx%23shoppingtool%3Dinternalcampaign&amp;category=shopping\">18,99 euros.<\/a><\/p>\n<p><!-- BREAK 15 --><!-- PIVOT START --><\/p>\n<div class=\"pivot-ecommerce-container\">\n<div class=\"pivot-ecommerce\">\n<div class=\"pivot-ecommerce-figure\"> <img alt=\"Pantal\u00f3n\" src=\"http:\/\/hoycordobaweb.com\/wp-content\/uploads\/2021\/01\/19-prendas-atemporales-en-las-rebajas-de-la-redoute-que-puedes-anadir-a-tu-fondo-de-armario-tengas-la-talla-que-tengas-24.jpg\"> <\/div><\/div>\n<\/div>\n<p><!-- PIVOT END --><\/p>\n<div class=\"article-asset-image article-asset-normal article-asset-center\">\n<div class=\"asset-content\"> <img class=\"sf-lazy centro_sinmarco\" data-sf-srcset=\"http:\/\/hoycordobaweb.com\/wp-content\/uploads\/2021\/01\/19-prendas-atemporales-en-las-rebajas-de-la-redoute-que-puedes-anadir-a-tu-fondo-de-armario-tengas-la-talla-que-tengas-25.jpg 450w, http:\/\/hoycordobaweb.com\/wp-content\/uploads\/2021\/01\/19-prendas-atemporales-en-las-rebajas-de-la-redoute-que-puedes-anadir-a-tu-fondo-de-armario-tengas-la-talla-que-tengas-78.jpg 681w,http:\/\/hoycordobaweb.com\/wp-content\/uploads\/2021\/01\/19-prendas-atemporales-en-las-rebajas-de-la-redoute-que-puedes-anadir-a-tu-fondo-de-armario-tengas-la-talla-que-tengas-79.jpg 1024w, http:\/\/hoycordobaweb.com\/wp-content\/uploads\/2021\/01\/19-prendas-atemporales-en-las-rebajas-de-la-redoute-que-puedes-anadir-a-tu-fondo-de-armario-tengas-la-talla-que-tengas-80.jpg 1366w,\" data-sf-src=\"http:\/\/hoycordobaweb.com\/wp-content\/uploads\/2021\/01\/19-prendas-atemporales-en-las-rebajas-de-la-redoute-que-puedes-anadir-a-tu-fondo-de-armario-tengas-la-talla-que-tengas-25.jpg\" alt=\"Abrigo Camel\"> <noscript><img alt=\"Abrigo Camel\" class=\"centro_sinmarco\" src=\"http:\/\/hoycordobaweb.com\/wp-content\/uploads\/2021\/01\/19-prendas-atemporales-en-las-rebajas-de-la-redoute-que-puedes-anadir-a-tu-fondo-de-armario-tengas-la-talla-que-tengas-25.jpg\"><\/noscript> <\/div>\n<\/div>\n<p>Abrigo camel de estilo oversize con solapas y cierre cruzado por <del>119<\/del> <a href=\"https:\/\/www.trendencias.com\/redirect?url=https%3A%2F%2Fwww.laredoute.es%2Fppdp%2Fprod-350188391.aspx%23shoppingtool%3Dinternalcampaign&amp;category=shopping\">57,98 euros.<\/a><\/p>\n<p><!-- BREAK 16 --><!-- PIVOT START --><\/p>\n<div class=\"pivot-ecommerce-container\">\n<div class=\"pivot-ecommerce\">\n<div class=\"pivot-ecommerce-figure\"> <img alt=\"Abrigo camel\" src=\"http:\/\/hoycordobaweb.com\/wp-content\/uploads\/2021\/01\/19-prendas-atemporales-en-las-rebajas-de-la-redoute-que-puedes-anadir-a-tu-fondo-de-armario-tengas-la-talla-que-tengas-26.jpg\"> <\/div>\n<div class=\"pivot-ecommerce-summary\">\n<p class=\"pivot-ecommerce-desc\">Abrigo camel<\/p>\n<\/p><\/div><\/div>\n<\/div>\n<p><!-- PIVOT END --><\/p>\n<div class=\"article-asset-image article-asset-normal article-asset-center\">\n<div class=\"asset-content\"> <img class=\"sf-lazy centro_sinmarco\" data-sf-srcset=\"http:\/\/hoycordobaweb.com\/wp-content\/uploads\/2021\/01\/19-prendas-atemporales-en-las-rebajas-de-la-redoute-que-puedes-anadir-a-tu-fondo-de-armario-tengas-la-talla-que-tengas-27.jpg 450w, http:\/\/hoycordobaweb.com\/wp-content\/uploads\/2021\/01\/19-prendas-atemporales-en-las-rebajas-de-la-redoute-que-puedes-anadir-a-tu-fondo-de-armario-tengas-la-talla-que-tengas-81.jpg 681w,http:\/\/hoycordobaweb.com\/wp-content\/uploads\/2021\/01\/19-prendas-atemporales-en-las-rebajas-de-la-redoute-que-puedes-anadir-a-tu-fondo-de-armario-tengas-la-talla-que-tengas-82.jpg 1024w, http:\/\/hoycordobaweb.com\/wp-content\/uploads\/2021\/01\/19-prendas-atemporales-en-las-rebajas-de-la-redoute-que-puedes-anadir-a-tu-fondo-de-armario-tengas-la-talla-que-tengas-83.jpg 1366w,\" data-sf-src=\"http:\/\/hoycordobaweb.com\/wp-content\/uploads\/2021\/01\/19-prendas-atemporales-en-las-rebajas-de-la-redoute-que-puedes-anadir-a-tu-fondo-de-armario-tengas-la-talla-que-tengas-27.jpg\" alt=\"Blusa\"> <noscript><img alt=\"Blusa\" class=\"centro_sinmarco\" src=\"http:\/\/hoycordobaweb.com\/wp-content\/uploads\/2021\/01\/19-prendas-atemporales-en-las-rebajas-de-la-redoute-que-puedes-anadir-a-tu-fondo-de-armario-tengas-la-talla-que-tengas-27.jpg\"><\/noscript> <\/div>\n<\/div>\n<p>Blusa rom\u00e1ntica en color malva con pu\u00f1os con lazada por <del>39,99<\/del> <a href=\"https:\/\/www.trendencias.com\/redirect?url=https%3A%2F%2Fwww.laredoute.es%2Fppdp%2Fprod-350188100.aspx%23shoppingtool%3Dinternalcampaign&amp;category=shopping\">18,49 euros.<\/a><\/p>\n<p><!-- BREAK 17 --><!-- PIVOT START --><\/p>\n<div class=\"pivot-ecommerce-container\">\n<div class=\"pivot-ecommerce\">\n<div class=\"pivot-ecommerce-figure\"> <img alt=\"Blusa malva\" src=\"http:\/\/hoycordobaweb.com\/wp-content\/uploads\/2021\/01\/19-prendas-atemporales-en-las-rebajas-de-la-redoute-que-puedes-anadir-a-tu-fondo-de-armario-tengas-la-talla-que-tengas-28.jpg\"> <\/div>\n<div class=\"pivot-ecommerce-summary\">\n<p class=\"pivot-ecommerce-desc\">Blusa malva<\/p>\n<\/p><\/div><\/div>\n<\/div>\n<p><!-- PIVOT END --><\/p>\n<div class=\"article-asset-image article-asset-normal article-asset-center\">\n<div class=\"asset-content\"> <img class=\"sf-lazy centro_sinmarco\" data-sf-srcset=\"http:\/\/hoycordobaweb.com\/wp-content\/uploads\/2021\/01\/19-prendas-atemporales-en-las-rebajas-de-la-redoute-que-puedes-anadir-a-tu-fondo-de-armario-tengas-la-talla-que-tengas-29.jpg 450w, http:\/\/hoycordobaweb.com\/wp-content\/uploads\/2021\/01\/19-prendas-atemporales-en-las-rebajas-de-la-redoute-que-puedes-anadir-a-tu-fondo-de-armario-tengas-la-talla-que-tengas-84.jpg 681w,http:\/\/hoycordobaweb.com\/wp-content\/uploads\/2021\/01\/19-prendas-atemporales-en-las-rebajas-de-la-redoute-que-puedes-anadir-a-tu-fondo-de-armario-tengas-la-talla-que-tengas-85.jpg 1024w, http:\/\/hoycordobaweb.com\/wp-content\/uploads\/2021\/01\/19-prendas-atemporales-en-las-rebajas-de-la-redoute-que-puedes-anadir-a-tu-fondo-de-armario-tengas-la-talla-que-tengas-86.jpg 1366w,\" data-sf-src=\"http:\/\/hoycordobaweb.com\/wp-content\/uploads\/2021\/01\/19-prendas-atemporales-en-las-rebajas-de-la-redoute-que-puedes-anadir-a-tu-fondo-de-armario-tengas-la-talla-que-tengas-29.jpg\" alt=\"Vaqueros\"> <noscript><img alt=\"Vaqueros\" class=\"centro_sinmarco\" src=\"http:\/\/hoycordobaweb.com\/wp-content\/uploads\/2021\/01\/19-prendas-atemporales-en-las-rebajas-de-la-redoute-que-puedes-anadir-a-tu-fondo-de-armario-tengas-la-talla-que-tengas-29.jpg\"><\/noscript> <\/div>\n<\/div>\n<p>Vaqueros bootcut en color azul marino con botones met\u00e1licos por <del>39,99<\/del> <a href=\"https:\/\/www.trendencias.com\/redirect?url=https%3A%2F%2Fwww.laredoute.es%2Fppdp%2Fprod-350189208.aspx%23shoppingtool%3Dinternalcampaign&amp;category=shopping\">18,49 euros.<\/a><\/p>\n<p><!-- BREAK 18 --><!-- PIVOT START --><\/p>\n<div class=\"pivot-ecommerce-container\">\n<div class=\"pivot-ecommerce\">\n<div class=\"pivot-ecommerce-figure\"> <img alt=\"Vaqueros bootcut\" src=\"http:\/\/hoycordobaweb.com\/wp-content\/uploads\/2021\/01\/19-prendas-atemporales-en-las-rebajas-de-la-redoute-que-puedes-anadir-a-tu-fondo-de-armario-tengas-la-talla-que-tengas-30.jpg\"> <\/div>\n<div class=\"pivot-ecommerce-summary\">\n<p class=\"pivot-ecommerce-desc\">Vaqueros bootcut<\/p>\n<\/p><\/div><\/div>\n<\/div>\n<p><!-- PIVOT END --><\/p>\n<div class=\"article-asset-image article-asset-normal article-asset-center\">\n<div class=\"asset-content\"> <img class=\"sf-lazy centro_sinmarco\" data-sf-srcset=\"http:\/\/hoycordobaweb.com\/wp-content\/uploads\/2021\/01\/19-prendas-atemporales-en-las-rebajas-de-la-redoute-que-puedes-anadir-a-tu-fondo-de-armario-tengas-la-talla-que-tengas-31.jpg 450w, http:\/\/hoycordobaweb.com\/wp-content\/uploads\/2021\/01\/19-prendas-atemporales-en-las-rebajas-de-la-redoute-que-puedes-anadir-a-tu-fondo-de-armario-tengas-la-talla-que-tengas-87.jpg 681w,http:\/\/hoycordobaweb.com\/wp-content\/uploads\/2021\/01\/19-prendas-atemporales-en-las-rebajas-de-la-redoute-que-puedes-anadir-a-tu-fondo-de-armario-tengas-la-talla-que-tengas-88.jpg 1024w, http:\/\/hoycordobaweb.com\/wp-content\/uploads\/2021\/01\/19-prendas-atemporales-en-las-rebajas-de-la-redoute-que-puedes-anadir-a-tu-fondo-de-armario-tengas-la-talla-que-tengas-89.jpg 1366w,\" data-sf-src=\"http:\/\/hoycordobaweb.com\/wp-content\/uploads\/2021\/01\/19-prendas-atemporales-en-las-rebajas-de-la-redoute-que-puedes-anadir-a-tu-fondo-de-armario-tengas-la-talla-que-tengas-31.jpg\" alt=\"Poncho\"> <noscript><img alt=\"Poncho\" class=\"centro_sinmarco\" src=\"http:\/\/hoycordobaweb.com\/wp-content\/uploads\/2021\/01\/19-prendas-atemporales-en-las-rebajas-de-la-redoute-que-puedes-anadir-a-tu-fondo-de-armario-tengas-la-talla-que-tengas-31.jpg\"><\/noscript> <\/div>\n<\/div>\n<p>Poncho de punto fino en color blanco con rayas marrones por <del>59,99<\/del> <a href=\"https:\/\/www.trendencias.com\/redirect?url=https%3A%2F%2Fwww.laredoute.es%2Fppdp%2Fprod-350154907.aspx%23shoppingtool%3Dinternalcampaign&amp;category=shopping\">17,99 euros.<\/a><\/p>\n<p><!-- BREAK 19 --><!-- PIVOT START --><\/p>\n<div class=\"pivot-ecommerce-container\">\n<div class=\"pivot-ecommerce\">\n<div class=\"pivot-ecommerce-figure\"> <img alt=\"Poncho de punto\" src=\"http:\/\/hoycordobaweb.com\/wp-content\/uploads\/2021\/01\/19-prendas-atemporales-en-las-rebajas-de-la-redoute-que-puedes-anadir-a-tu-fondo-de-armario-tengas-la-talla-que-tengas-32.jpg\"> <\/div>\n<div class=\"pivot-ecommerce-summary\">\n<p class=\"pivot-ecommerce-desc\">Poncho de punto<\/p>\n<\/p><\/div><\/div>\n<\/div>\n<p><!-- PIVOT END --><\/p>\n<div class=\"article-asset-image article-asset-normal article-asset-center\">\n<div class=\"asset-content\"> <img class=\"sf-lazy centro_sinmarco\" data-sf-srcset=\"http:\/\/hoycordobaweb.com\/wp-content\/uploads\/2021\/01\/19-prendas-atemporales-en-las-rebajas-de-la-redoute-que-puedes-anadir-a-tu-fondo-de-armario-tengas-la-talla-que-tengas-33.jpg 450w, http:\/\/hoycordobaweb.com\/wp-content\/uploads\/2021\/01\/19-prendas-atemporales-en-las-rebajas-de-la-redoute-que-puedes-anadir-a-tu-fondo-de-armario-tengas-la-talla-que-tengas-90.jpg 681w,http:\/\/hoycordobaweb.com\/wp-content\/uploads\/2021\/01\/19-prendas-atemporales-en-las-rebajas-de-la-redoute-que-puedes-anadir-a-tu-fondo-de-armario-tengas-la-talla-que-tengas-91.jpg 1024w, http:\/\/hoycordobaweb.com\/wp-content\/uploads\/2021\/01\/19-prendas-atemporales-en-las-rebajas-de-la-redoute-que-puedes-anadir-a-tu-fondo-de-armario-tengas-la-talla-que-tengas-92.jpg 1366w,\" data-sf-src=\"http:\/\/hoycordobaweb.com\/wp-content\/uploads\/2021\/01\/19-prendas-atemporales-en-las-rebajas-de-la-redoute-que-puedes-anadir-a-tu-fondo-de-armario-tengas-la-talla-que-tengas-33.jpg\" alt=\"Falda\"> <noscript><img alt=\"Falda\" class=\"centro_sinmarco\" src=\"http:\/\/hoycordobaweb.com\/wp-content\/uploads\/2021\/01\/19-prendas-atemporales-en-las-rebajas-de-la-redoute-que-puedes-anadir-a-tu-fondo-de-armario-tengas-la-talla-que-tengas-33.jpg\"><\/noscript> <\/div>\n<\/div>\n<p>Falda midi fluida con estampado de topitos en color negro por <del>39,99<\/del> <a href=\"https:\/\/www.trendencias.com\/redirect?url=https%3A%2F%2Fwww.laredoute.es%2Fppdp%2Fprod-350185236.aspx%23shoppingtool%3Dinternalcampaign&amp;category=shopping\">17,99 euros.<\/a><\/p>\n<p><!-- BREAK 20 --><!-- PIVOT START --><\/p>\n<div class=\"pivot-ecommerce-container\">\n<div class=\"pivot-ecommerce\">\n<div class=\"pivot-ecommerce-figure\"> <img alt=\"Falda topos\" src=\"http:\/\/hoycordobaweb.com\/wp-content\/uploads\/2021\/01\/19-prendas-atemporales-en-las-rebajas-de-la-redoute-que-puedes-anadir-a-tu-fondo-de-armario-tengas-la-talla-que-tengas-34.jpg\"> <\/div>\n<div class=\"pivot-ecommerce-summary\">\n<p class=\"pivot-ecommerce-desc\">Falda topos<\/p>\n<\/p><\/div><\/div>\n<\/div>\n<p><!-- PIVOT END --><\/p>\n<div class=\"article-asset-image article-asset-normal article-asset-center\">\n<div class=\"asset-content\"> <img class=\"sf-lazy centro_sinmarco\" data-sf-srcset=\"http:\/\/hoycordobaweb.com\/wp-content\/uploads\/2021\/01\/19-prendas-atemporales-en-las-rebajas-de-la-redoute-que-puedes-anadir-a-tu-fondo-de-armario-tengas-la-talla-que-tengas-35.jpg 450w, http:\/\/hoycordobaweb.com\/wp-content\/uploads\/2021\/01\/19-prendas-atemporales-en-las-rebajas-de-la-redoute-que-puedes-anadir-a-tu-fondo-de-armario-tengas-la-talla-que-tengas-93.jpg 681w,http:\/\/hoycordobaweb.com\/wp-content\/uploads\/2021\/01\/19-prendas-atemporales-en-las-rebajas-de-la-redoute-que-puedes-anadir-a-tu-fondo-de-armario-tengas-la-talla-que-tengas-94.jpg 1024w, http:\/\/hoycordobaweb.com\/wp-content\/uploads\/2021\/01\/19-prendas-atemporales-en-las-rebajas-de-la-redoute-que-puedes-anadir-a-tu-fondo-de-armario-tengas-la-talla-que-tengas-95.jpg 1366w,\" data-sf-src=\"http:\/\/hoycordobaweb.com\/wp-content\/uploads\/2021\/01\/19-prendas-atemporales-en-las-rebajas-de-la-redoute-que-puedes-anadir-a-tu-fondo-de-armario-tengas-la-talla-que-tengas-35.jpg\" alt=\"Vestido\"> <noscript><img alt=\"Vestido\" class=\"centro_sinmarco\" src=\"http:\/\/hoycordobaweb.com\/wp-content\/uploads\/2021\/01\/19-prendas-atemporales-en-las-rebajas-de-la-redoute-que-puedes-anadir-a-tu-fondo-de-armario-tengas-la-talla-que-tengas-35.jpg\"><\/noscript> <\/div>\n<\/div>\n<p>Vestido camisero con estampado de rayas y manga larga por <del>62,99<\/del> <a href=\"https:\/\/www.trendencias.com\/redirect?url=https%3A%2F%2Fwww.laredoute.es%2Fppdp%2Fprod-350118214.aspx%23shoppingtool%3Dinternalcampaign&amp;category=shopping\">28,34 euros.<\/a><\/p>\n<p><!-- BREAK 21 --><!-- PIVOT START --><\/p>\n<div class=\"pivot-ecommerce-container\">\n<div class=\"pivot-ecommerce\">\n<div class=\"pivot-ecommerce-figure\"> <img alt=\"Vestido camisero\" src=\"http:\/\/hoycordobaweb.com\/wp-content\/uploads\/2021\/01\/19-prendas-atemporales-en-las-rebajas-de-la-redoute-que-puedes-anadir-a-tu-fondo-de-armario-tengas-la-talla-que-tengas-36.jpg\"> <\/div>\n<div class=\"pivot-ecommerce-summary\">\n<p class=\"pivot-ecommerce-desc\">Vestido camisero<\/p>\n<\/p><\/div><\/div>\n<\/div>\n<p><!-- PIVOT END --><\/p>\n<div class=\"article-asset-image article-asset-normal article-asset-center\">\n<div class=\"asset-content\"> <img class=\"sf-lazy centro_sinmarco\" data-sf-srcset=\"http:\/\/hoycordobaweb.com\/wp-content\/uploads\/2021\/01\/19-prendas-atemporales-en-las-rebajas-de-la-redoute-que-puedes-anadir-a-tu-fondo-de-armario-tengas-la-talla-que-tengas-37.jpg 450w, http:\/\/hoycordobaweb.com\/wp-content\/uploads\/2021\/01\/19-prendas-atemporales-en-las-rebajas-de-la-redoute-que-puedes-anadir-a-tu-fondo-de-armario-tengas-la-talla-que-tengas-96.jpg 681w,http:\/\/hoycordobaweb.com\/wp-content\/uploads\/2021\/01\/19-prendas-atemporales-en-las-rebajas-de-la-redoute-que-puedes-anadir-a-tu-fondo-de-armario-tengas-la-talla-que-tengas-97.jpg 1024w, http:\/\/hoycordobaweb.com\/wp-content\/uploads\/2021\/01\/19-prendas-atemporales-en-las-rebajas-de-la-redoute-que-puedes-anadir-a-tu-fondo-de-armario-tengas-la-talla-que-tengas-98.jpg 1366w,\" data-sf-src=\"http:\/\/hoycordobaweb.com\/wp-content\/uploads\/2021\/01\/19-prendas-atemporales-en-las-rebajas-de-la-redoute-que-puedes-anadir-a-tu-fondo-de-armario-tengas-la-talla-que-tengas-37.jpg\" alt=\"Jersey\"> <noscript><img alt=\"Jersey\" class=\"centro_sinmarco\" src=\"http:\/\/hoycordobaweb.com\/wp-content\/uploads\/2021\/01\/19-prendas-atemporales-en-las-rebajas-de-la-redoute-que-puedes-anadir-a-tu-fondo-de-armario-tengas-la-talla-que-tengas-37.jpg\"><\/noscript> <\/div>\n<\/div>\n<p>Jersey con escote en V de canal\u00e9 y manga larga por <del>39,99<\/del> <a href=\"https:\/\/www.trendencias.com\/redirect?url=https%3A%2F%2Fwww.laredoute.es%2Fppdp%2Fprod-350168039.aspx%23shoppingtool%3Dinternalcampaign&amp;category=shopping\">18,39 euros<\/a>.<\/p>\n<p><!-- BREAK 22 --><!-- PIVOT START --><\/p>\n<div class=\"pivot-ecommerce-container\">\n<div class=\"pivot-ecommerce\">\n<div class=\"pivot-ecommerce-figure\"> <img alt=\"Jersey de canal\u00e9\" src=\"http:\/\/hoycordobaweb.com\/wp-content\/uploads\/2021\/01\/19-prendas-atemporales-en-las-rebajas-de-la-redoute-que-puedes-anadir-a-tu-fondo-de-armario-tengas-la-talla-que-tengas-38.jpg\"> <\/div>\n<div class=\"pivot-ecommerce-summary\">\n<p class=\"pivot-ecommerce-desc\">Jersey de canal\u00e9<\/p>\n<\/p><\/div><\/div>\n<\/div>\n<p><!-- PIVOT END --><\/p>\n<div class=\"article-asset-image article-asset-normal article-asset-center\">\n<div class=\"asset-content\"> <img class=\"sf-lazy centro_sinmarco\" data-sf-srcset=\"http:\/\/hoycordobaweb.com\/wp-content\/uploads\/2021\/01\/19-prendas-atemporales-en-las-rebajas-de-la-redoute-que-puedes-anadir-a-tu-fondo-de-armario-tengas-la-talla-que-tengas-39.jpg 450w, http:\/\/hoycordobaweb.com\/wp-content\/uploads\/2021\/01\/19-prendas-atemporales-en-las-rebajas-de-la-redoute-que-puedes-anadir-a-tu-fondo-de-armario-tengas-la-talla-que-tengas-99.jpg 681w,http:\/\/hoycordobaweb.com\/wp-content\/uploads\/2021\/01\/19-prendas-atemporales-en-las-rebajas-de-la-redoute-que-puedes-anadir-a-tu-fondo-de-armario-tengas-la-talla-que-tengas-100.jpg 1024w, http:\/\/hoycordobaweb.com\/wp-content\/uploads\/2021\/01\/19-prendas-atemporales-en-las-rebajas-de-la-redoute-que-puedes-anadir-a-tu-fondo-de-armario-tengas-la-talla-que-tengas-101.jpg 1366w,\" data-sf-src=\"http:\/\/hoycordobaweb.com\/wp-content\/uploads\/2021\/01\/19-prendas-atemporales-en-las-rebajas-de-la-redoute-que-puedes-anadir-a-tu-fondo-de-armario-tengas-la-talla-que-tengas-39.jpg\" alt=\"Abrigo\"> <noscript><img alt=\"Abrigo\" class=\"centro_sinmarco\" src=\"http:\/\/hoycordobaweb.com\/wp-content\/uploads\/2021\/01\/19-prendas-atemporales-en-las-rebajas-de-la-redoute-que-puedes-anadir-a-tu-fondo-de-armario-tengas-la-talla-que-tengas-39.jpg\"><\/noscript> <\/div>\n<\/div>\n<p>Abrigo de pa\u00f1o en tonos grises con estampado de cuadros y cierre de botones por <del>149<\/del> <a href=\"https:\/\/www.trendencias.com\/redirect?url=https%3A%2F%2Fwww.laredoute.es%2Fppdp%2Fprod-350182463.aspx%23shoppingtool%3Dinternalcampaign&amp;category=shopping\">59,49 euros.<\/a><\/p>\n<p><!-- BREAK 23 --><!-- PIVOT START --><\/p>\n<div class=\"pivot-ecommerce-container\">\n<div class=\"pivot-ecommerce\">\n<div class=\"pivot-ecommerce-figure\"> <img alt=\"Abrigo de cuadros\" src=\"http:\/\/hoycordobaweb.com\/wp-content\/uploads\/2021\/01\/19-prendas-atemporales-en-las-rebajas-de-la-redoute-que-puedes-anadir-a-tu-fondo-de-armario-tengas-la-talla-que-tengas-40.jpg\"> <\/div>\n<div class=\"pivot-ecommerce-summary\">\n<p class=\"pivot-ecommerce-desc\">Abrigo de cuadros<\/p>\n<\/p><\/div><\/div>\n<\/div>\n<p><!-- PIVOT END --><\/p>\n<p><em>Nota: algunos de los enlaces aqu\u00ed publicados son de afiliados. A pesar de ello, ninguno de los art\u00edculos mencionados han sido propuestos ni por las marcas ni por las tiendas, siendo su introducci\u00f3n una decisi\u00f3n \u00fanica del equipo de editores.<\/em><\/p>\n<p><!-- BREAK 24 --><\/p>\n<p>Fotos | La Redoute, @<a href=\"https:\/\/www.instagram.com\/laredoute\/?hl=es\">laredoute<\/a><\/p>\n","protected":false},"excerpt":{"rendered":"<p>Hay varias formas de afrontar las rebajas: o bien te haces con caprichos que normalmente no te atrever\u00edas a comprar por su precio elevado o por el uso limitado de la prenda (pero que son tu aut\u00e9ntico crush desde hace tiempo) o te decides por b\u00e1sicos de calidad que perduren en el tiempo y resistan [&hellip;]<\/p>\n","protected":false},"author":1,"featured_media":9642,"comment_status":"closed","ping_status":"closed","sticky":false,"template":"","format":"standard","meta":[],"categories":[1],"tags":[],"_links":{"self":[{"href":"http:\/\/hoycordobaweb.com\/index.php\/wp-json\/wp\/v2\/posts\/9641"}],"collection":[{"href":"http:\/\/hoycordobaweb.com\/index.php\/wp-json\/wp\/v2\/posts"}],"about":[{"href":"http:\/\/hoycordobaweb.com\/index.php\/wp-json\/wp\/v2\/types\/post"}],"author":[{"embeddable":true,"href":"http:\/\/hoycordobaweb.com\/index.php\/wp-json\/wp\/v2\/users\/1"}],"replies":[{"embeddable":true,"href":"http:\/\/hoycordobaweb.com\/index.php\/wp-json\/wp\/v2\/comments?post=9641"}],"version-history":[{"count":0,"href":"http:\/\/hoycordobaweb.com\/index.php\/wp-json\/wp\/v2\/posts\/9641\/revisions"}],"wp:featuredmedia":[{"embeddable":true,"href":"http:\/\/hoycordobaweb.com\/index.php\/wp-json\/wp\/v2\/media\/9642"}],"wp:attachment":[{"href":"http:\/\/hoycordobaweb.com\/index.php\/wp-json\/wp\/v2\/media?parent=9641"}],"wp:term":[{"taxonomy":"category","embeddable":true,"href":"http:\/\/hoycordobaweb.com\/index.php\/wp-json\/wp\/v2\/categories?post=9641"},{"taxonomy":"post_tag","embeddable":true,"href":"http:\/\/hoycordobaweb.com\/index.php\/wp-json\/wp\/v2\/tags?post=9641"}],"curies":[{"name":"wp","href":"https:\/\/api.w.org\/{rel}","templated":true}]}}