{"id":96370,"date":"2025-02-08T10:01:45","date_gmt":"2025-02-08T10:01:45","guid":{"rendered":"https:\/\/www.espinof.com\/premios-goya\/extranisimo-primer-goya-tenia-complejo-mecanismo-interior-que-quitaron-solo-tres-anos-despues"},"modified":"2025-02-08T10:01:45","modified_gmt":"2025-02-08T10:01:45","slug":"el-extranisimo-primer-goya-tenia-un-complejo-mecanismo-interior-que-quitaron-solo-tres-anos-despues","status":"publish","type":"post","link":"http:\/\/hoycordobaweb.com\/index.php\/2025\/02\/08\/el-extranisimo-primer-goya-tenia-un-complejo-mecanismo-interior-que-quitaron-solo-tres-anos-despues\/","title":{"rendered":"El extra\u00f1\u00edsimo primer Goya ten\u00eda un complejo mecanismo interior&#8230; que quitaron solo tres a\u00f1os despu\u00e9s"},"content":{"rendered":"<p>Hoy son los <a class=\"text-outboundlink\" href=\"https:\/\/www.espinof.com\/premios-goya\/todos-nominados-a-premios-goya-2025-47-segundo-premio-infiltrada-arrasan-otro-desaire-a-almodovar\" data-vars-post-title=\"Premios Goya 2025: nominados, favoritos y fecha de la gala del cine espa\u00f1ol\" data-vars-post-url=\"https:\/\/www.espinof.com\/premios-goya\/todos-nominados-a-premios-goya-2025-47-segundo-premio-infiltrada-arrasan-otro-desaire-a-almodovar\">Premios Goya<\/a>, y seguramente todos los candidatos, incluso aquellos que saben que no tienen demasiadas oportunidades, <strong>ya est\u00e1n ensayando su discurso frente al espejo. Por si acaso, que siempre hay sorpresas.<\/strong> A un paso del 40 aniversario de los premios, lo cierto es que pocas cosas han cambiado. Bueno, s\u00ed: los presentadores, el tono, la duraci\u00f3n de la gala&#8230; Y, por supuesto, la propia estatuilla en s\u00ed misma. Porque <strong>aunque ahora pesa algo menos de 3 kilos, en su d\u00eda serv\u00eda para ahorrarte el gimnasio.<\/strong><\/p>\n<p><!-- BREAK 1 --> <\/p>\n<h2><strong>Mecha-Goya<\/strong><\/h2>\n<p>Aunque ahora parece algo de caj\u00f3n, en su d\u00eda los miembros de la Academia que quisieron montar una gala de premios para competir con los \u00d3scar (pero a la espa\u00f1ola) <strong>no ten\u00edan muy claro c\u00f3mo deb\u00edan llamarse<\/strong>. Unos dijeron que los Lumi\u00e8re. Otros, que los Bu\u00f1uel. Algunos, que los Soles. Y otros, finalmente, los Goya. El l\u00edo era tal que Carlos Saura, Rom\u00e1n Gubern y Jos\u00e9 Mar\u00eda Gonz\u00e1lez Sinde -entonces presidente- se fueron hasta Italia (m\u00e1s concretamente hasta Verona) para pedirle al escultor Miguel Ortiz Berrocal que <strong>hiciera la estatuilla de&#8230; \u00a1La Dama de Elche!<\/strong><\/p>\n<p><!-- BREAK 2 --><\/p>\n<p>\u00bfEl motivo? Bueno, pues que <strong>el famoso peinado de la escultura pod\u00eda recordar a dos bobinas cinematogr\u00e1ficas<\/strong>. Sin embargo, Berrocal estaba convencido de que el premio deb\u00eda ser un cabez\u00f3n de Goya, ya que consideraba que su arte fue precursor del cine (con cierta raz\u00f3n, por otro lado). El tr\u00edo volvi\u00f3 de Italia con el nombre, el concepto y el escultor. Ahora solo faltaba construir las estatuas y montar los premios. Pero, aunque el busto parece el mismo antes que ahora, realmente no se parece en nada:<strong> el que cre\u00f3 el artista pesaba 15 kilos porque dentro ten\u00eda un complejo mecanismo <\/strong>que los ganadores pod\u00edan activar.<\/p>\n<p><!-- BREAK 3 --> <\/p>\n<div class=\"article-asset article-asset-normal article-asset-center\">\n<div class=\"desvio-container\">\n<div class=\"desvio\">\n<div class=\"desvio-figure js-desvio-figure\"> <a href=\"https:\/\/www.espinof.com\/premios-goya\/quiniela-goya-2025-autobuses-terroristas-burgueses-catalanes-grupos-indie\" class=\"pivot-outboundlink\" data-vars-post-title=\"Premios Goya 2025, nuestra quiniela: entre autobuses, terroristas, burgueses catalanes y grupos indie\"> <img loading=\"lazy\" alt=\"Premios Goya 2025, nuestra quiniela: entre autobuses, terroristas, burgueses catalanes y grupos indie\" width=\"375\" height=\"142\" src=\"http:\/\/hoycordobaweb.com\/wp-content\/uploads\/2025\/02\/el-extranisimo-primer-goya-tenia-un-complejo-mecanismo-interior-que-quitaron-solo-tres-anos-despues.jpg\"> <\/a> <\/div><\/div><\/div>\n<\/div>\n<p>Inspirado en una escultura de Mariano Benlliure de 1902 (actualmente en el Museo del Prado), Berrocal invent\u00f3 una manera en la que, al ponerle pilas y activar la estatua, <strong>de la cabeza fabricada en bronce de Goya aparec\u00eda un proyector con dos bobinas y la silueta de Espa\u00f1a.<\/strong> Adem\u00e1s, era desmontable. Vamos, igualito que ahora.<\/p>\n<p><!-- BREAK 4 --><\/p>\n<h2>Goya, adelgazando<\/h2>\n<p>Los ganadores de aquella primera edici\u00f3n no se esperaban tal mamotreto, y <strong>la Academia se dio cuenta muy r\u00e1pido de que no sal\u00eda a cuenta, as\u00ed que en la cuarta gala<\/strong>, all\u00e1 por 1990, el contrato se termin\u00f3 y se lo dieron a Jos\u00e9 Luis Fern\u00e1ndez, que consigui\u00f3 aligerarla quitando el mecanismo y evitando, adem\u00e1s, el costoso tr\u00e1mite de llevarlas desde Verona hasta Madrid.<\/p>\n<p><!-- BREAK 5 --><\/p>\n<div class=\"article-asset-image article-asset-large article-asset-center\">\n<div class=\"asset-content\"> <img class height=\"940\" width=\"940\" loading=\"lazy\" decoding=\"async\" sizes=\"100vw\" fetchpriority=\"high\" srcset=\"http:\/\/hoycordobaweb.com\/wp-content\/uploads\/2025\/02\/el-extranisimo-primer-goya-tenia-un-complejo-mecanismo-interior-que-quitaron-solo-tres-anos-despues-1.jpg 450w, http:\/\/hoycordobaweb.com\/wp-content\/uploads\/2025\/02\/el-extranisimo-primer-goya-tenia-un-complejo-mecanismo-interior-que-quitaron-solo-tres-anos-despues-3.jpg 681w, http:\/\/hoycordobaweb.com\/wp-content\/uploads\/2025\/02\/el-extranisimo-primer-goya-tenia-un-complejo-mecanismo-interior-que-quitaron-solo-tres-anos-despues-4.jpg 1024w, http:\/\/hoycordobaweb.com\/wp-content\/uploads\/2025\/02\/el-extranisimo-primer-goya-tenia-un-complejo-mecanismo-interior-que-quitaron-solo-tres-anos-despues-5.jpg 1366w\" src=\"http:\/\/hoycordobaweb.com\/wp-content\/uploads\/2025\/02\/el-extranisimo-primer-goya-tenia-un-complejo-mecanismo-interior-que-quitaron-solo-tres-anos-despues-1.jpg\" alt=\"Goya\"> <noscript><img alt=\"Goya\" class src=\"http:\/\/hoycordobaweb.com\/wp-content\/uploads\/2025\/02\/el-extranisimo-primer-goya-tenia-un-complejo-mecanismo-interior-que-quitaron-solo-tres-anos-despues-1.jpg\"><\/noscript> <\/div>\n<\/div>\n<p>Las 51 personas que ganaron el Goya entre 1987 y 1989 tienen en sus manos un objeto de valor incalculable. Tanto, que <strong>la propia Academia de cine solo tiene uno en su sede, ante la sorpresa de Berrocal<\/strong>, que cre\u00eda que su modelo ser\u00eda utilizado para siempre y nadie har\u00eda una simple copia del mismo. Pese a sus brillantes ideas, el busto pas\u00f3 a pesar 3 kilos, aunque nunca m\u00e1s se movi\u00f3. <strong>En 2020 volvi\u00f3 a cambiar de manos<\/strong>, y la escultura ahora se hace m\u00e1s r\u00e1pidamente pero de manera igualmente artesanal, con un peso a\u00fan ligeramente menor.<\/p>\n<p><!-- BREAK 6 --> <\/p>\n<p>Hoy, 30 nuevos destinatarios recibir\u00e1n su Goya, de los que <strong>solo conocemos seguro a Aitana S\u00e1nchez-Gij\u00f3n y Richard Gere<\/strong>, flamantes premios de honor e internacional respectivamente. Al menos saben que podr\u00e1n llevar la estatuilla en la mano toda la noche sin dislocarse. <strong>Ya es m\u00e1s de lo que pod\u00edan decir a finales de los 80.<\/strong><\/p>\n<p><!-- BREAK 7 --><\/p>\n<p>Foto | Fundaci\u00f3n Miguel Berrocal<\/p>\n<p>En Espinof | <a class=\"text-outboundlink\" href=\"https:\/\/www.espinof.com\/premios-goya\/9-grandes-sorpresas-decepciones-nominaciones-a-goya-2025-ninguneo-a-najwa-nimri-faltada-a-pedro-almodovar\" data-vars-post-title=\"Las 9 grandes sorpresas y decepciones de las nominaciones a los Goya 2025, entre el ninguneo a Najwa Nimri y la faltada a Pedro Almod\u00f3var\" data-vars-post-url=\"https:\/\/www.espinof.com\/premios-goya\/9-grandes-sorpresas-decepciones-nominaciones-a-goya-2025-ninguneo-a-najwa-nimri-faltada-a-pedro-almodovar\">Las 9 grandes sorpresas y decepciones de las nominaciones a los Goya 2025, entre el ninguneo a Najwa Nimri y la faltada a Pedro Almod\u00f3var<\/a><\/p>\n<p>En Espinof | <a class=\"text-outboundlink\" href=\"https:\/\/www.espinof.com\/listas\/9-mejores-peliculas-espanolas-2024-ahora\" data-vars-post-title=\"Las 19 mejores pel\u00edculas espa\u00f1olas de 2024\" data-vars-post-url=\"https:\/\/www.espinof.com\/listas\/9-mejores-peliculas-espanolas-2024-ahora\">Las mejores pel\u00edculas espa\u00f1olas de 2024<\/a><\/p>\n","protected":false},"excerpt":{"rendered":"<p>Hoy son los Premios Goya, y seguramente todos los candidatos, incluso aquellos que saben que no tienen demasiadas oportunidades, ya est\u00e1n ensayando su discurso frente al espejo. Por si acaso, que siempre hay sorpresas. A un paso del 40 aniversario de los premios, lo cierto es que pocas cosas han cambiado. Bueno, s\u00ed: los presentadores, [&hellip;]<\/p>\n","protected":false},"author":1,"featured_media":96371,"comment_status":"open","ping_status":"closed","sticky":false,"template":"","format":"standard","meta":[],"categories":[10],"tags":[],"_links":{"self":[{"href":"http:\/\/hoycordobaweb.com\/index.php\/wp-json\/wp\/v2\/posts\/96370"}],"collection":[{"href":"http:\/\/hoycordobaweb.com\/index.php\/wp-json\/wp\/v2\/posts"}],"about":[{"href":"http:\/\/hoycordobaweb.com\/index.php\/wp-json\/wp\/v2\/types\/post"}],"author":[{"embeddable":true,"href":"http:\/\/hoycordobaweb.com\/index.php\/wp-json\/wp\/v2\/users\/1"}],"replies":[{"embeddable":true,"href":"http:\/\/hoycordobaweb.com\/index.php\/wp-json\/wp\/v2\/comments?post=96370"}],"version-history":[{"count":0,"href":"http:\/\/hoycordobaweb.com\/index.php\/wp-json\/wp\/v2\/posts\/96370\/revisions"}],"wp:featuredmedia":[{"embeddable":true,"href":"http:\/\/hoycordobaweb.com\/index.php\/wp-json\/wp\/v2\/media\/96371"}],"wp:attachment":[{"href":"http:\/\/hoycordobaweb.com\/index.php\/wp-json\/wp\/v2\/media?parent=96370"}],"wp:term":[{"taxonomy":"category","embeddable":true,"href":"http:\/\/hoycordobaweb.com\/index.php\/wp-json\/wp\/v2\/categories?post=96370"},{"taxonomy":"post_tag","embeddable":true,"href":"http:\/\/hoycordobaweb.com\/index.php\/wp-json\/wp\/v2\/tags?post=96370"}],"curies":[{"name":"wp","href":"https:\/\/api.w.org\/{rel}","templated":true}]}}