{"id":96367,"date":"2025-02-07T13:44:21","date_gmt":"2025-02-07T13:44:21","guid":{"rendered":"https:\/\/cordobaturismo.gov.ar\/?p=896140"},"modified":"2025-02-07T13:44:21","modified_gmt":"2025-02-07T13:44:21","slug":"festival-alienigena-una-experiencia-imperdible-en-capilla-del-monte","status":"publish","type":"post","link":"http:\/\/hoycordobaweb.com\/index.php\/2025\/02\/07\/festival-alienigena-una-experiencia-imperdible-en-capilla-del-monte\/","title":{"rendered":"Festival Alien\u00edgena: una experiencia imperdible en Capilla del Monte"},"content":{"rendered":"<p>Capilla del Monte se prepara para recibir a miles de visitantes en una nueva edici\u00f3n del Festival Alien\u00edgena, que se desarrollar\u00e1 del 7 al 16 de febrero. La ciudad se transformar\u00e1 en un epicentro de misterio, ciencia y entretenimiento con una variada grilla de actividades que incluyen conferencias, espect\u00e1culos en vivo, desfiles y caminatas nocturnas bajo el cielo certificado para Astroturismo.<\/p>\n<p>El viernes 7 de febrero dar\u00e1 inicio el festival con la muestra fotogr\u00e1fica \u00abLos Cielos de C\u00f3rdoba\u00bb en la Sala Poeta Lugones, seguida por el esperado Desfile Alien\u00edgena, que partir\u00e1 desde las escalinatas de Turismo hasta el escenario principal, donde se presentar\u00e1n Los Calientes (tributo a Babas\u00f3nicos), Juli Cardozo y Nawwan Rock &amp; Movies. El s\u00e1bado 8 continuar\u00e1 con otro desfile tem\u00e1tico alien\u00edgena y la premiaci\u00f3n del Concurso de Vidrieras y Disfraces, con espect\u00e1culos de Kid Espinillo, el humorista Oficial Gordillo y Los Cancheros (tributo a Los Piojos).<\/p>\n<p>El domingo 9 y lunes 10 estar\u00e1n dedicados al ciclo de conferencias en el Cine Teatro Enrique Mui\u00f1o, con expertos en ovnilog\u00eda y fenomenolog\u00eda como Rub\u00e9n Morales, N\u00e9stor Berlanda y Juan Acevedo. Adem\u00e1s, el lunes se realizar\u00e1 la B\u00fasqueda del Tesoro Alien\u00edgena y la proyecci\u00f3n de la pel\u00edcula \u00abLa B\u00fasqueda\u00bb con la presencia de su creador, Dami\u00e1n Marsicano.<\/p>\n<p>El martes 11 y mi\u00e9rcoles 12 continuar\u00e1 el ciclo de conferencias con disertaciones de Marcos Amadio y Alberto Rosso, entre otros. El martes tambi\u00e9n ser\u00e1 la jornada del tradicional Caf\u00e9 Ufol\u00f3gico en Samadhi Restobar y la presentaci\u00f3n de la Orquesta Cristal 432. El mi\u00e9rcoles destacar\u00e1 la presentaci\u00f3n de libros de Sixto Paz Wells y el ascenso al Uritorco con luna llena, una de las experiencias m\u00e1s esperadas.<\/p>\n<p>El jueves 13 ser\u00e1 el turno de la Fiesta Chayera en el Parador Punto Faro, con la presentaci\u00f3n de Sergio Galleguillo, el Indio Lucio Rojas, Paquito Oca\u00f1o y otras bandas invitadas. Adem\u00e1s, habr\u00e1 nuevas conferencias en la Sala Poeta Lugones, una caminata nocturna y la exhibici\u00f3n de un documental sobre luces extra\u00f1as en La Rioja.<\/p>\n<p>El viernes 14 se llevar\u00e1 a cabo una nueva edici\u00f3n del Caf\u00e9 Ufol\u00f3gico y la esperada Noche de las Luci\u00e9rnagas en la Biblioteca Mariano Moreno. El s\u00e1bado 15, Sixto Paz Wells brindar\u00e1 una conferencia en el Cine Teatro Enrique Mui\u00f1o y se realizar\u00e1 la Carrera Espacial Nocturna en la Calle Techada. Finalmente, el domingo 16 cerrar\u00e1 el festival con la \u00faltima conferencia de Sixto Paz Wells.<\/p>\n<p>Con esta agenda diversa y propuestas para todas las edades, el Festival Alien\u00edgena 2025 se consolida como un evento imperdible del verano cordob\u00e9s.<\/p>\n<figure class=\"wp-block-gallery has-nested-images columns-default is-cropped wp-block-gallery-1 is-layout-flex wp-block-gallery-is-layout-flex\">\n<figure class=\"wp-block-image size-large\"><img loading=\"lazy\" fetchpriority=\"high\" decoding=\"async\" width=\"575\" height=\"1024\" data-id=\"896144\" src=\"http:\/\/hoycordobaweb.com\/wp-content\/uploads\/2025\/02\/festival-alienigena-una-experiencia-imperdible-en-capilla-del-monte.jpg\" alt class=\"wp-image-896144\" srcset=\"http:\/\/hoycordobaweb.com\/wp-content\/uploads\/2025\/02\/festival-alienigena-una-experiencia-imperdible-en-capilla-del-monte.jpg 575w, http:\/\/hoycordobaweb.com\/wp-content\/uploads\/2025\/02\/festival-alienigena-una-experiencia-imperdible-en-capilla-del-monte-4.jpg 169w, http:\/\/hoycordobaweb.com\/wp-content\/uploads\/2025\/02\/festival-alienigena-una-experiencia-imperdible-en-capilla-del-monte-5.jpg 768w, http:\/\/hoycordobaweb.com\/wp-content\/uploads\/2025\/02\/festival-alienigena-una-experiencia-imperdible-en-capilla-del-monte-6.jpg 863w, http:\/\/hoycordobaweb.com\/wp-content\/uploads\/2025\/02\/festival-alienigena-una-experiencia-imperdible-en-capilla-del-monte-7.jpg 899w\" sizes=\"(max-width: 575px) 100vw, 575px\"><\/figure>\n<figure class=\"wp-block-image size-large\"><img loading=\"lazy\" decoding=\"async\" width=\"575\" height=\"1024\" data-id=\"896143\" src=\"http:\/\/hoycordobaweb.com\/wp-content\/uploads\/2025\/02\/festival-alienigena-una-experiencia-imperdible-en-capilla-del-monte-1.jpg\" alt class=\"wp-image-896143\" srcset=\"http:\/\/hoycordobaweb.com\/wp-content\/uploads\/2025\/02\/festival-alienigena-una-experiencia-imperdible-en-capilla-del-monte-1.jpg 575w, http:\/\/hoycordobaweb.com\/wp-content\/uploads\/2025\/02\/festival-alienigena-una-experiencia-imperdible-en-capilla-del-monte-8.jpg 169w, http:\/\/hoycordobaweb.com\/wp-content\/uploads\/2025\/02\/festival-alienigena-una-experiencia-imperdible-en-capilla-del-monte-9.jpg 768w, http:\/\/hoycordobaweb.com\/wp-content\/uploads\/2025\/02\/festival-alienigena-una-experiencia-imperdible-en-capilla-del-monte-10.jpg 863w, http:\/\/hoycordobaweb.com\/wp-content\/uploads\/2025\/02\/festival-alienigena-una-experiencia-imperdible-en-capilla-del-monte-11.jpg 899w\" sizes=\"(max-width: 575px) 100vw, 575px\"><\/figure>\n<figure class=\"wp-block-image size-large\"><img loading=\"lazy\" decoding=\"async\" width=\"575\" height=\"1024\" data-id=\"896142\" src=\"http:\/\/hoycordobaweb.com\/wp-content\/uploads\/2025\/02\/festival-alienigena-una-experiencia-imperdible-en-capilla-del-monte-2.jpg\" alt class=\"wp-image-896142\" srcset=\"http:\/\/hoycordobaweb.com\/wp-content\/uploads\/2025\/02\/festival-alienigena-una-experiencia-imperdible-en-capilla-del-monte-2.jpg 575w, http:\/\/hoycordobaweb.com\/wp-content\/uploads\/2025\/02\/festival-alienigena-una-experiencia-imperdible-en-capilla-del-monte-12.jpg 169w, http:\/\/hoycordobaweb.com\/wp-content\/uploads\/2025\/02\/festival-alienigena-una-experiencia-imperdible-en-capilla-del-monte-13.jpg 768w, http:\/\/hoycordobaweb.com\/wp-content\/uploads\/2025\/02\/festival-alienigena-una-experiencia-imperdible-en-capilla-del-monte-14.jpg 863w, http:\/\/hoycordobaweb.com\/wp-content\/uploads\/2025\/02\/festival-alienigena-una-experiencia-imperdible-en-capilla-del-monte-15.jpg 899w\" sizes=\"(max-width: 575px) 100vw, 575px\"><\/figure>\n<figure class=\"wp-block-image size-large\"><img loading=\"lazy\" decoding=\"async\" width=\"576\" height=\"1024\" data-id=\"896141\" src=\"http:\/\/hoycordobaweb.com\/wp-content\/uploads\/2025\/02\/festival-alienigena-una-experiencia-imperdible-en-capilla-del-monte-3.jpg\" alt class=\"wp-image-896141\" srcset=\"http:\/\/hoycordobaweb.com\/wp-content\/uploads\/2025\/02\/festival-alienigena-una-experiencia-imperdible-en-capilla-del-monte-3.jpg 576w, http:\/\/hoycordobaweb.com\/wp-content\/uploads\/2025\/02\/festival-alienigena-una-experiencia-imperdible-en-capilla-del-monte-16.jpg 169w, http:\/\/hoycordobaweb.com\/wp-content\/uploads\/2025\/02\/festival-alienigena-una-experiencia-imperdible-en-capilla-del-monte-17.jpg 768w, http:\/\/hoycordobaweb.com\/wp-content\/uploads\/2025\/02\/festival-alienigena-una-experiencia-imperdible-en-capilla-del-monte-18.jpg 864w, http:\/\/hoycordobaweb.com\/wp-content\/uploads\/2025\/02\/festival-alienigena-una-experiencia-imperdible-en-capilla-del-monte-19.jpg 900w\" sizes=\"auto, (max-width: 576px) 100vw, 576px\"><\/figure>\n<\/figure>\n","protected":false},"excerpt":{"rendered":"<p>Capilla del Monte se prepara para recibir a miles de visitantes en una nueva edici\u00f3n del Festival Alien\u00edgena, que se desarrollar\u00e1 del 7 al 16 de febrero. La ciudad se transformar\u00e1 en un epicentro de misterio, ciencia y entretenimiento con una variada grilla de actividades que incluyen conferencias, espect\u00e1culos en vivo, desfiles y caminatas nocturnas [&hellip;]<\/p>\n","protected":false},"author":1,"featured_media":96368,"comment_status":"closed","ping_status":"closed","sticky":false,"template":"","format":"standard","meta":[],"categories":[19],"tags":[],"_links":{"self":[{"href":"http:\/\/hoycordobaweb.com\/index.php\/wp-json\/wp\/v2\/posts\/96367"}],"collection":[{"href":"http:\/\/hoycordobaweb.com\/index.php\/wp-json\/wp\/v2\/posts"}],"about":[{"href":"http:\/\/hoycordobaweb.com\/index.php\/wp-json\/wp\/v2\/types\/post"}],"author":[{"embeddable":true,"href":"http:\/\/hoycordobaweb.com\/index.php\/wp-json\/wp\/v2\/users\/1"}],"replies":[{"embeddable":true,"href":"http:\/\/hoycordobaweb.com\/index.php\/wp-json\/wp\/v2\/comments?post=96367"}],"version-history":[{"count":0,"href":"http:\/\/hoycordobaweb.com\/index.php\/wp-json\/wp\/v2\/posts\/96367\/revisions"}],"wp:featuredmedia":[{"embeddable":true,"href":"http:\/\/hoycordobaweb.com\/index.php\/wp-json\/wp\/v2\/media\/96368"}],"wp:attachment":[{"href":"http:\/\/hoycordobaweb.com\/index.php\/wp-json\/wp\/v2\/media?parent=96367"}],"wp:term":[{"taxonomy":"category","embeddable":true,"href":"http:\/\/hoycordobaweb.com\/index.php\/wp-json\/wp\/v2\/categories?post=96367"},{"taxonomy":"post_tag","embeddable":true,"href":"http:\/\/hoycordobaweb.com\/index.php\/wp-json\/wp\/v2\/tags?post=96367"}],"curies":[{"name":"wp","href":"https:\/\/api.w.org\/{rel}","templated":true}]}}