{"id":96279,"date":"2025-02-07T09:50:09","date_gmt":"2025-02-07T09:50:09","guid":{"rendered":"https:\/\/www.espinof.com\/reality\/amaral-reflota-debate-machismo-se-enfrenta-a-preguntas-habituales-david-broncano-sexo-dinero-que-me-puedo-gastar"},"modified":"2025-02-07T09:50:09","modified_gmt":"2025-02-07T09:50:09","slug":"amaral-reflota-el-debate-sobre-el-machismo-y-se-enfrenta-a-las-preguntas-habituales-de-david-broncano-de-sexo-y-dinero-mas-del-que-me-puedo-gastar","status":"publish","type":"post","link":"http:\/\/hoycordobaweb.com\/index.php\/2025\/02\/07\/amaral-reflota-el-debate-sobre-el-machismo-y-se-enfrenta-a-las-preguntas-habituales-de-david-broncano-de-sexo-y-dinero-mas-del-que-me-puedo-gastar\/","title":{"rendered":"Amaral reflota el debate sobre el machismo y se enfrenta a las preguntas habituales de David Broncano de sexo y dinero. \u00abM\u00e1s del que me puedo gastar\u00bb"},"content":{"rendered":"<p>Los invitados del jueves 6 de febrero en <a class=\"text-outboundlink\" href=\"https:\/\/www.espinof.com\/criticas\/revuelta-siquiera-intenta-luchar-hormiguero-sigue-teniendo-espiritu-programa-nicho-hecho-cuatro-amigos-garaje\" data-vars-post-title=\"'La revuelta' ni siquiera intenta luchar contra 'El hormiguero' y sigue teniendo el esp\u00edritu de programa de nicho hecho por cuatro amigos en un garaje\" data-vars-post-url=\"https:\/\/www.espinof.com\/criticas\/revuelta-siquiera-intenta-luchar-hormiguero-sigue-teniendo-espiritu-programa-nicho-hecho-cuatro-amigos-garaje\">&#8216;La revuelta&#8217;<\/a> fueron el grupo Amaral. Juan Aguirre y Eva Amaral medio contestaron las preguntas habituales de David Broncano sobre sexo y dinero, adem\u00e1s de <strong>reabrir el debate sobre si es necesaria o no la pregunta de \u00ab\u00bfEres m\u00e1s machista o m\u00e1s racista?\u00bb<\/strong>.<\/p>\n<p><!-- BREAK 1 --> <\/p>\n<h2>\u00abNo es una pregunta f\u00e1cil\u00bb<\/h2>\n<p>Amaral acudi\u00f3 a &#8216;La revuelta&#8217; para presentar &#8216;Dolce Vita&#8217;, su noveno disco de estudio. El grupo <strong>reivindic\u00f3 la m\u00fasica en directo<\/strong> haciendo su propia actuaci\u00f3n durante el programa, siguiendo la estela de otros cantantes como Amaia o la banda de rock Biznaga, que tambi\u00e9n causaron sensaci\u00f3n en su paso por el programa.<\/p>\n<p><!-- BREAK 2 --><\/p>\n<div class=\"article-asset-image article-asset-large article-asset-center\">\n<div class=\"asset-content\"> <img class height=\"2731\" width=\"4096\" loading=\"lazy\" decoding=\"async\" sizes=\"100vw\" fetchpriority=\"high\" srcset=\"http:\/\/hoycordobaweb.com\/wp-content\/uploads\/2025\/02\/amaral-reflota-el-debate-sobre-el-machismo-y-se-enfrenta-a-las-preguntas-habituales-de-david-broncano-de-sexo-y-dinero-mas-del-que-me-puedo-gastar.jpg 450w, http:\/\/hoycordobaweb.com\/wp-content\/uploads\/2025\/02\/amaral-reflota-el-debate-sobre-el-machismo-y-se-enfrenta-a-las-preguntas-habituales-de-david-broncano-de-sexo-y-dinero-mas-del-que-me-puedo-gastar-3.jpg 681w, http:\/\/hoycordobaweb.com\/wp-content\/uploads\/2025\/02\/amaral-reflota-el-debate-sobre-el-machismo-y-se-enfrenta-a-las-preguntas-habituales-de-david-broncano-de-sexo-y-dinero-mas-del-que-me-puedo-gastar-4.jpg 1024w, http:\/\/hoycordobaweb.com\/wp-content\/uploads\/2025\/02\/amaral-reflota-el-debate-sobre-el-machismo-y-se-enfrenta-a-las-preguntas-habituales-de-david-broncano-de-sexo-y-dinero-mas-del-que-me-puedo-gastar-5.jpg 1366w\" src=\"http:\/\/hoycordobaweb.com\/wp-content\/uploads\/2025\/02\/amaral-reflota-el-debate-sobre-el-machismo-y-se-enfrenta-a-las-preguntas-habituales-de-david-broncano-de-sexo-y-dinero-mas-del-que-me-puedo-gastar.jpg\" alt=\"La Revuelta\"> <noscript><img alt=\"La Revuelta\" class src=\"http:\/\/hoycordobaweb.com\/wp-content\/uploads\/2025\/02\/amaral-reflota-el-debate-sobre-el-machismo-y-se-enfrenta-a-las-preguntas-habituales-de-david-broncano-de-sexo-y-dinero-mas-del-que-me-puedo-gastar.jpg\"><\/noscript> <\/div>\n<\/div>\n<p>En un momento dado, David Broncano les plante\u00f3 sus preguntas habituales, empezando por la de cu\u00e1nto dinero tienen: \u00abYo no s\u00e9 cu\u00e1nto dinero tengo en el banco exactamente. Est\u00e1 fe\u00edsimo hablar de dinero. <strong>Hay mucho dinero ah\u00ed<\/strong>\u00bb fue la respuesta de Eva Amaral, y Juan Aguirre tampoco fue mucho m\u00e1s concreto: <strong>\u00abMucho dinero, m\u00e1s del que me puedo gastar\u00bb<\/strong>.<\/p>\n<p><!-- BREAK 3 --> <\/p>\n<p>En la pregunta de cu\u00e1ntas relaciones sexuales han tenido en el \u00faltimo mes, no dieron n\u00fameros pero s\u00ed un poco m\u00e1s de detalles: <strong>\u00abPoco porque estoy en un <\/strong><em><strong>impasse <\/strong><\/em><strong>vital raro. Me molar\u00eda salir de ese <\/strong><em><strong>impasse<\/strong><\/em><strong>\u00ab<\/strong> explic\u00f3 Aguirre. \u00abLa \u00faltima vez ya te dije que me apetec\u00eda cada vez menos, me daba pereza. Pues eso ha ido a m\u00e1s, o sea, a m\u00e1s menos\u00bb dijo Amaral. <strong>\u00abCada vez que te apetece menos\u00bb<\/strong> apunt\u00f3 Broncano. \u00abS\u00ed, debe ser la premenopausia. Pero bueno, luego me pongo y bien, \u00bfeh? Es el empezar\u00bb concluy\u00f3 la artista.<\/p>\n<p><!-- BREAK 4 --><\/p>\n<div class=\"article-asset article-asset-normal article-asset-center\">\n<div class=\"desvio-container\">\n<div class=\"desvio\">\n<div class=\"desvio-figure js-desvio-figure\"> <a href=\"https:\/\/www.espinof.com\/reality\/soy-espia-joven-ii-guerra-mundial-liana-romero-swirski-comparte-david-broncano-sobrecogedora-historia-campos-concentracion-nazi\" class=\"pivot-outboundlink\" data-vars-post-title=\"&quot;Soy la esp\u00eda m\u00e1s joven de la II Guerra Mundial&quot;. Liana Romero Swirski comparte con David Broncano la sobrecogedora historia sobre los campos de concentraci\u00f3n nazi\"> <img loading=\"lazy\" alt=\"&quot;Soy la esp\u00eda m\u00e1s joven de la II Guerra Mundial&quot;. Liana Romero Swirski comparte con David Broncano la sobrecogedora historia sobre los campos de concentraci\u00f3n nazi\" width=\"375\" height=\"142\" src=\"http:\/\/hoycordobaweb.com\/wp-content\/uploads\/2025\/02\/amaral-reflota-el-debate-sobre-el-machismo-y-se-enfrenta-a-las-preguntas-habituales-de-david-broncano-de-sexo-y-dinero-mas-del-que-me-puedo-gastar-1.jpg\"> <\/a> <\/div><\/div><\/div>\n<\/div>\n<p>Hablando de preguntas habituales, Aguirre reflot\u00f3 el tema de la pregunta sobre si eres m\u00e1s machista o racista y le pregunt\u00f3 al presentador <a class=\"text-outboundlink\" href=\"https:\/\/www.espinof.com\/reality\/revuelta-da-giro-accede-a-cambiar-su-pregunta-machismo-tu-vas-paso-alla\" data-vars-post-title=\"'La revuelta' da un giro y accede a cambiar su pregunta sobre el machismo. &quot;T\u00fa ya vas un paso m\u00e1s all\u00e1&quot;\" data-vars-post-url=\"https:\/\/www.espinof.com\/reality\/revuelta-da-giro-accede-a-cambiar-su-pregunta-machismo-tu-vas-paso-alla\">por qu\u00e9 hab\u00eda dejado de hacerla<\/a>: \u00abHubo distintas corrientes de opini\u00f3n, entonces la hacemos menos\u00bb explic\u00f3, a lo que el m\u00fasico contest\u00f3 que le parec\u00eda importante que se siguiera haciendo: \u00ab<strong>Muchos pens\u00e1bamos que no ten\u00edamos nada que aprender, pero, si respondes en serio, no es un pregunta f\u00e1cil<\/strong>, ni tampoco pensar qu\u00e9 hago yo para evitarlo\u00bb.<\/p>\n<p><!-- BREAK 5 --><\/p>\n<p>En Espinof | <a class=\"text-outboundlink\" href=\"https:\/\/www.espinof.com\/reality\/aitana-sanchez-gijon-desvela-a-david-broncano-su-peculiar-anecdota-richard-gere-como-cambio-este-aspecto-su-vida-era-valioso-mundo\" data-vars-post-title=\"Aitana S\u00e1nchez-Gij\u00f3n desvela a David Broncano su peculiar an\u00e9cdota con Richard Gere y c\u00f3mo cambi\u00f3 este aspecto de su vida. &quot;Era lo m\u00e1s valioso del mundo&quot; \" data-vars-post-url=\"https:\/\/www.espinof.com\/reality\/aitana-sanchez-gijon-desvela-a-david-broncano-su-peculiar-anecdota-richard-gere-como-cambio-este-aspecto-su-vida-era-valioso-mundo\">Aitana S\u00e1nchez-Gij\u00f3n desvela a David Broncano su peculiar an\u00e9cdota con Richard Gere y c\u00f3mo cambi\u00f3 este aspecto de su vida. \u00abEra lo m\u00e1s valioso del mundo\u00bb<\/a><\/p>\n<p><!-- BREAK 6 --> <\/p>\n<p>En Espinof | <a class=\"text-outboundlink\" href=\"https:\/\/www.espinof.com\/listas\/las-mejores-series-de-comedia-de-2024\" data-vars-post-title=\"Las 14 mejores series de comedia de 2024\" data-vars-post-url=\"https:\/\/www.espinof.com\/listas\/las-mejores-series-de-comedia-de-2024\">Las mejores series de comedia de 2024<\/a><\/p>\n","protected":false},"excerpt":{"rendered":"<p>Los invitados del jueves 6 de febrero en &#8216;La revuelta&#8217; fueron el grupo Amaral. Juan Aguirre y Eva Amaral medio contestaron las preguntas habituales de David Broncano sobre sexo y dinero, adem\u00e1s de reabrir el debate sobre si es necesaria o no la pregunta de \u00ab\u00bfEres m\u00e1s machista o m\u00e1s racista?\u00bb. \u00abNo es una pregunta [&hellip;]<\/p>\n","protected":false},"author":1,"featured_media":96280,"comment_status":"open","ping_status":"closed","sticky":false,"template":"","format":"standard","meta":[],"categories":[10],"tags":[],"_links":{"self":[{"href":"http:\/\/hoycordobaweb.com\/index.php\/wp-json\/wp\/v2\/posts\/96279"}],"collection":[{"href":"http:\/\/hoycordobaweb.com\/index.php\/wp-json\/wp\/v2\/posts"}],"about":[{"href":"http:\/\/hoycordobaweb.com\/index.php\/wp-json\/wp\/v2\/types\/post"}],"author":[{"embeddable":true,"href":"http:\/\/hoycordobaweb.com\/index.php\/wp-json\/wp\/v2\/users\/1"}],"replies":[{"embeddable":true,"href":"http:\/\/hoycordobaweb.com\/index.php\/wp-json\/wp\/v2\/comments?post=96279"}],"version-history":[{"count":0,"href":"http:\/\/hoycordobaweb.com\/index.php\/wp-json\/wp\/v2\/posts\/96279\/revisions"}],"wp:featuredmedia":[{"embeddable":true,"href":"http:\/\/hoycordobaweb.com\/index.php\/wp-json\/wp\/v2\/media\/96280"}],"wp:attachment":[{"href":"http:\/\/hoycordobaweb.com\/index.php\/wp-json\/wp\/v2\/media?parent=96279"}],"wp:term":[{"taxonomy":"category","embeddable":true,"href":"http:\/\/hoycordobaweb.com\/index.php\/wp-json\/wp\/v2\/categories?post=96279"},{"taxonomy":"post_tag","embeddable":true,"href":"http:\/\/hoycordobaweb.com\/index.php\/wp-json\/wp\/v2\/tags?post=96279"}],"curies":[{"name":"wp","href":"https:\/\/api.w.org\/{rel}","templated":true}]}}