{"id":96277,"date":"2025-02-07T10:11:09","date_gmt":"2025-02-07T10:11:09","guid":{"rendered":"https:\/\/www.espinof.com\/la-1\/tve-pone-fin-fecha-estreno-a-asuntos-internos-serie-policiaca-ano-tiene-a-laia-manzanares-silvia-abascal-nacho-fresneda-su-reparto"},"modified":"2025-02-07T10:11:09","modified_gmt":"2025-02-07T10:11:09","slug":"tve-pone-por-fin-fecha-de-estreno-a-asuntos-internos-la-serie-policiaca-del-ano-tiene-a-laia-manzanares-silvia-abascal-y-nacho-fresneda-en-su-reparto","status":"publish","type":"post","link":"http:\/\/hoycordobaweb.com\/index.php\/2025\/02\/07\/tve-pone-por-fin-fecha-de-estreno-a-asuntos-internos-la-serie-policiaca-del-ano-tiene-a-laia-manzanares-silvia-abascal-y-nacho-fresneda-en-su-reparto\/","title":{"rendered":"TVE pone por fin fecha de estreno a &#8216;Asuntos internos&#8217;. La \u00abserie polic\u00edaca del a\u00f1o\u00bb tiene a Laia Manzanares, Silvia Abascal y Nacho Fresneda en su reparto"},"content":{"rendered":"<p>Es, desde luego, una de las grandes apuestas de ficci\u00f3n de <strong>Televisi\u00f3n Espa\u00f1ola para este 2025<\/strong> y, desde luego, no ocultan para nada que las expectativas est\u00e1n bien altas. La televisi\u00f3n p\u00fablica ha confirmado por fin la fecha de estreno de &#8216;<strong>Asuntos internos<\/strong>&#8216;, la \u00abserie polic\u00edaca del a\u00f1o\u00bb (lo dicen ellos mismos).<\/p>\n<p><!-- BREAK 1 --> <\/p>\n<p>Ser\u00e1 <strong>el pr\u00f3ximo mi\u00e9rcoles 12 de febrero a las 22:50<\/strong> (despu\u00e9s de &#8216;La Revuelta&#8217;) cuando los espectadores podamos ver en La 1 este thriller de seis episodios que nos lleva a una comisar\u00eda del barrio madrile\u00f1o de Vallecas en un momento en el que la epidemia de la hero\u00edna empieza a hacer estragos. Es 1979.<\/p>\n<p><!-- BREAK 2 --><\/p>\n<div class=\"article-asset article-asset-normal article-asset-center\">\n<div class=\"desvio-container\">\n<div class=\"desvio\">\n<div class=\"desvio-figure js-desvio-figure\"> <a href=\"https:\/\/www.espinof.com\/series-de-ficcion\/maximo-jefazo-ley-orden-fbi-chicago-ahora-va-a-probar-algo-completamente-diferente-su-nueva-serie-policias-se-estrena\" class=\"pivot-outboundlink\" data-vars-post-title=\"Ha creado miles y miles de horas de televisi\u00f3n, pero su nueva serie de polic\u00edas ser\u00e1 algo totalmente diferente. &quot;La capacidad de atenci\u00f3n est\u00e1 cambiando&quot;\"> <img loading=\"lazy\" alt=\"Ha creado miles y miles de horas de televisi\u00f3n, pero su nueva serie de polic\u00edas ser\u00e1 algo totalmente diferente. &quot;La capacidad de atenci\u00f3n est\u00e1 cambiando&quot;\" width=\"375\" height=\"142\" src=\"http:\/\/hoycordobaweb.com\/wp-content\/uploads\/2025\/02\/tve-pone-por-fin-fecha-de-estreno-a-asuntos-internos-la-serie-policiaca-del-ano-tiene-a-laia-manzanares-silvia-abascal-y-nacho-fresneda-en-su-reparto.jpg\"> <\/a> <\/div><\/div><\/div>\n<\/div>\n<h2>Hero\u00edna contra hero\u00edna<\/h2>\n<p>De esta manera, <strong>Laia Manzanares dar\u00e1 vida a Clara Montesinos<\/strong>, miembro de la primera promoci\u00f3n de mujeres polic\u00eda, quien se incorpora a la comisar\u00eda comprobando que todo es mucho m\u00e1s duro de lo que pens\u00f3. Se enzarzar\u00e1 en intentar limpiar el barrio con dos aliadas inesperadas: Ana (<strong>Silvia Abascal<\/strong>), madre adinerada cuya hija ha ca\u00eddo en la droga, y Berta (<strong>Marta Poveda<\/strong>), mujer que trabaja en su casa.<\/p>\n<p><!-- BREAK 3 --> <\/p>\n<p>Una serie inspirada en hechos reales cuyo reparto completa <strong>Nacho Fresneda, Luis Callejo, Carla Campra, Nico Romero, C\u00e9sar Vicente, Javier Collado, Jorge de Juan, Josema Pichardo y Josean Bengoetxea<\/strong>; y la colaboraci\u00f3n especial de Manuela Vell\u00e9s y Miki Esparb\u00e9.<\/p>\n<p><!-- BREAK 4 --><\/p>\n<p>Creada por <strong>Pedro Garc\u00eda R\u00edos y Rodrigo Mart\u00edn Antoranz<\/strong>, &#8216;Asuntos internos&#8217; fue la propuesta ganadora del premio RTVE en el Conecta Fiction 2020. Premio que permiti\u00f3 desarrollar la serie, entonces titulada &#8216;Demokracia&#8217;. En la direcci\u00f3n se encuentran <strong>Mar\u00eda Togores y Samantha L\u00f3pez Speranza<\/strong>.<\/p>\n<p><!-- BREAK 5 --><\/p>\n<p>En Espinof | <a class=\"text-outboundlink\" href=\"https:\/\/www.espinof.com\/listas\/29-mejores-series-intriga-suspense-netflix-hbo-amazon-movistar\" data-vars-post-title=\"Las 29 mejores series de intriga y suspense en Netflix, Max, Amazon Prime Video, Disney+ y Movistar\" data-vars-post-url=\"https:\/\/www.espinof.com\/listas\/29-mejores-series-intriga-suspense-netflix-hbo-amazon-movistar\">Las 29 mejores series de intriga y suspense<\/a><\/p>\n<p>En Espinof | <a class=\"text-outboundlink\" href=\"https:\/\/www.espinof.com\/listas\/series-esperadas-2025\" data-vars-post-title=\"Las 39 series m\u00e1s esperadas de 2025 y los mejores estrenos del a\u00f1o: 'Alien: Planeta Tierra', 'Daredevil: Born Again', la precuela de 'Outlander' y mucho m\u00e1s \" data-vars-post-url=\"https:\/\/www.espinof.com\/listas\/series-esperadas-2025\">Las series m\u00e1s esperadas de 2025<\/a><\/p>\n","protected":false},"excerpt":{"rendered":"<p>Es, desde luego, una de las grandes apuestas de ficci\u00f3n de Televisi\u00f3n Espa\u00f1ola para este 2025 y, desde luego, no ocultan para nada que las expectativas est\u00e1n bien altas. La televisi\u00f3n p\u00fablica ha confirmado por fin la fecha de estreno de &#8216;Asuntos internos&#8216;, la \u00abserie polic\u00edaca del a\u00f1o\u00bb (lo dicen ellos mismos). Ser\u00e1 el pr\u00f3ximo [&hellip;]<\/p>\n","protected":false},"author":1,"featured_media":96278,"comment_status":"open","ping_status":"closed","sticky":false,"template":"","format":"standard","meta":[],"categories":[10],"tags":[],"_links":{"self":[{"href":"http:\/\/hoycordobaweb.com\/index.php\/wp-json\/wp\/v2\/posts\/96277"}],"collection":[{"href":"http:\/\/hoycordobaweb.com\/index.php\/wp-json\/wp\/v2\/posts"}],"about":[{"href":"http:\/\/hoycordobaweb.com\/index.php\/wp-json\/wp\/v2\/types\/post"}],"author":[{"embeddable":true,"href":"http:\/\/hoycordobaweb.com\/index.php\/wp-json\/wp\/v2\/users\/1"}],"replies":[{"embeddable":true,"href":"http:\/\/hoycordobaweb.com\/index.php\/wp-json\/wp\/v2\/comments?post=96277"}],"version-history":[{"count":0,"href":"http:\/\/hoycordobaweb.com\/index.php\/wp-json\/wp\/v2\/posts\/96277\/revisions"}],"wp:featuredmedia":[{"embeddable":true,"href":"http:\/\/hoycordobaweb.com\/index.php\/wp-json\/wp\/v2\/media\/96278"}],"wp:attachment":[{"href":"http:\/\/hoycordobaweb.com\/index.php\/wp-json\/wp\/v2\/media?parent=96277"}],"wp:term":[{"taxonomy":"category","embeddable":true,"href":"http:\/\/hoycordobaweb.com\/index.php\/wp-json\/wp\/v2\/categories?post=96277"},{"taxonomy":"post_tag","embeddable":true,"href":"http:\/\/hoycordobaweb.com\/index.php\/wp-json\/wp\/v2\/tags?post=96277"}],"curies":[{"name":"wp","href":"https:\/\/api.w.org\/{rel}","templated":true}]}}