{"id":96263,"date":"2025-02-06T16:47:38","date_gmt":"2025-02-06T16:47:38","guid":{"rendered":"https:\/\/www.mujerhoy.com\/moda\/no-te-pierdas\/pantalones-flare-para-invierno-20250206174712-nt.html"},"modified":"2025-02-06T16:47:38","modified_gmt":"2025-02-06T16:47:38","slug":"los-pantalones-flare-son-los-favoritos-del-invierno-elegantes-y-muy-ponibles","status":"publish","type":"post","link":"http:\/\/hoycordobaweb.com\/index.php\/2025\/02\/06\/los-pantalones-flare-son-los-favoritos-del-invierno-elegantes-y-muy-ponibles\/","title":{"rendered":"Los pantalones flare son los favoritos del invierno: elegantes y muy ponibles"},"content":{"rendered":"<p><!-- AUTHOR --> <\/p>\n<div class=\"voc-author-timesocial \"> <!-- AUTHOR --> <\/p>\n<div class=\"voc-author-timesocial__signature \">\n<div class=\"voc-author-timesocial__img-c\"> <!-- IMAGE AUTHOR --> <picture class=\"voc-image-signature\"> <img class=\"voc-image-signature__img\" src=\"http:\/\/hoycordobaweb.com\/wp-content\/uploads\/2025\/02\/los-pantalones-flare-son-los-favoritos-del-invierno-elegantes-y-muy-ponibles.jpg\" alt=\"Lauren Izquierdo\"> <\/picture> <\/div>\n<p> <!-- INFO AUTHOR --> <\/div><\/div>\n<p> <!-- COMPONENTS --> <\/p>\n<p class=\"voc-paragraph\" data-mrf-recirculation=\"Link art\u00edculo\">Si hay un pantal\u00f3n que estiliza, alarga la figura y aporta ese toque de elegancia setentera que nunca pasa de moda, ese es el <strong>pantal\u00f3n flare<\/strong>. Su corte acampanado <a data-voc-vtm-id=\"in-text-traffic\" href=\"https:\/\/www.mujerhoy.com\/moda\/tendencias\/pantalones-flare-estilo-noventero-tendencia-famosas-hace-tipazo-bershka-stradivarius-20240913125658-nt.html\" title=\"www.mujerhoy.com\" data-mrf-link=\"https:\/\/www.mujerhoy.com\/moda\/tendencias\/pantalones-flare-estilo-noventero-tendencia-famosas-hace-tipazo-bershka-stradivarius-20240913125658-nt.html\">equilibra las proporciones del cuerpo<\/a> y favorece tanto a mujeres altas como a las m\u00e1s <strong>bajitas<\/strong> (con la ayuda de un buen zapato acabado en punta, claro). <\/p>\n<p class=\"voc-paragraph\" data-mrf-recirculation=\"Link art\u00edculo\">En las colecciones <strong>primavera-verano 2025<\/strong>, dise\u00f1adores de gran renombre como <strong>Jacquemus, Stella McCartney y Victoria Beckham<\/strong> han apostado fuerte por ellos, reinterpret\u00e1ndolos en tejidos ligeros, tonos neutros y versiones sofisticadas en sat\u00e9n o denim oscuro. La <strong>clave<\/strong> est\u00e1 en combinarlos con <a data-voc-vtm-id=\"in-text-traffic\" href=\"https:\/\/www.mujerhoy.com\/moda\/tendencias\/pantalones-flare-comodos-ponibles-verano-20240627132659-nt.html\" title=\"www.mujerhoy.com\" data-mrf-link=\"https:\/\/www.mujerhoy.com\/moda\/tendencias\/pantalones-flare-comodos-ponibles-verano-20240627132659-nt.html\">prendas estructuradas<\/a> en la parte superior\u2014como un blazer entallado o una blusa metida por dentro\u2014para lograr un look pulido y estilizado sin esfuerzo que destile la esencia del boho chic de la que tanto hemos o\u00eddo hablar.\n<\/p>\n<p class=\"voc-paragraph\" data-mrf-recirculation=\"Link art\u00edculo\">Adem\u00e1s, los <a data-voc-vtm-id=\"in-text-traffic\" href=\"https:\/\/www.mujerhoy.com\/moda\/tendencias\/vaqueros-flare-crop-favorecen-silueta-primavera-mango-sienna-20240326140611-nt.html\" title=\"www.mujerhoy.com\" data-mrf-link=\"https:\/\/www.mujerhoy.com\/moda\/tendencias\/vaqueros-flare-crop-favorecen-silueta-primavera-mango-sienna-20240326140611-nt.html\">flare<\/a> tienen la capacidad de adaptarse a cualquier escenario o contexto. Para un aire relajado pero chic, los modelos en lino de <strong>Alberta Ferretti<\/strong> o los de punto de <strong>Chlo\u00e9<\/strong> son ideales con sandalias de plataforma y un top de tirantes. Y si hablamos de looks de oficina, las propuestas de <strong>Proenza Schouler<\/strong> o <strong>Saint Laurent<\/strong> en tonos beige o negro con ca\u00edda impecable se convierten en la pieza clave de cualquier armario sofisticado.\n<\/p>\n<p><h3 class=\"voc-detail__title\"> Los pantalones flare que querr\u00e1s tener <\/h3>\n<\/p>\n<div class=\"voc-detail-photo-zoom\"> <picture data-toggle=\"modal\" data-target=\"#photoZoomModal-614\" target=\"modal\">\n<div class=\"voc-img-icon-link\"> <img loading=\"lazy\" src=\"http:\/\/hoycordobaweb.com\/wp-content\/uploads\/2025\/02\/los-pantalones-flare-son-los-favoritos-del-invierno-elegantes-y-muy-ponibles-1.jpg\" width=\"650\" height=\"900\" alt=\"Vaquero de Tommy jeans, 49,95 euros.\"> <noscript> <img src=\"http:\/\/hoycordobaweb.com\/wp-content\/uploads\/2025\/02\/los-pantalones-flare-son-los-favoritos-del-invierno-elegantes-y-muy-ponibles-1.jpg\" alt=\"Vaquero de Tommy jeans, 49,95 euros.\"> <\/noscript> <i class=\"voc-icons zoom voc-multimedia-box voc-ico-l\"><\/i> <\/div><figcaption class=\"figure-caption\">Vaquero de Tommy jeans, 49,95 euros.<\/figcaption><\/picture>\n<\/div>\n<div id=\"photoZoomModal-614\" class=\"voc-lightbox modal fade voc-lightbox--photo-zoom\" role=\"dialog\" data-voc-photozoom-lightbox>\n<div class=\"voc-lightbox__dialog\" role=\"document\">\n<div class=\"voc-lightbox__content\"> <!-- Modal header --> <!-- Modal content --> <\/p>\n<div class=\"voc-lightbox__photo-container\"> <picture class> <img loading=\"lazy\" src=\"http:\/\/hoycordobaweb.com\/wp-content\/uploads\/2025\/02\/los-pantalones-flare-son-los-favoritos-del-invierno-elegantes-y-muy-ponibles-1.jpg\" alt=\"Vaquero de Tommy jeans, 49,95 euros.\"> <noscript> <img src=\"http:\/\/hoycordobaweb.com\/wp-content\/uploads\/2025\/02\/los-pantalones-flare-son-los-favoritos-del-invierno-elegantes-y-muy-ponibles-1.jpg\" alt=\"Vaquero de Tommy jeans, 49,95 euros.\"> <\/noscript> <\/picture> <\/div><\/div><\/div>\n<\/div>\n<p class=\"voc-paragraph\" data-mrf-recirculation=\"Link art\u00edculo\"><strong>Vaquero de Tommy jeans, 49,95 euros<\/strong>. El azul medio siempre es un acierto, porque es muy f\u00e1cil de combinar y siempre queda bien, independientemente de tu estilo o del escenario al que te enfrentes. <\/p>\n<div class=\"voc-detail-photo-zoom\"> <picture data-toggle=\"modal\" data-target=\"#photoZoomModal-802\" target=\"modal\">\n<div class=\"voc-img-icon-link\"> <img loading=\"lazy\" src=\"http:\/\/hoycordobaweb.com\/wp-content\/uploads\/2025\/02\/los-pantalones-flare-son-los-favoritos-del-invierno-elegantes-y-muy-ponibles-2.jpg\" width=\"650\" height=\"900\" alt=\"Jeans Flare tiro medio de Mango, 49,99 euros.\"> <noscript> <img src=\"http:\/\/hoycordobaweb.com\/wp-content\/uploads\/2025\/02\/los-pantalones-flare-son-los-favoritos-del-invierno-elegantes-y-muy-ponibles-2.jpg\" alt=\"Jeans Flare tiro medio de Mango, 49,99 euros.\"> <\/noscript> <i class=\"voc-icons zoom voc-multimedia-box voc-ico-l\"><\/i> <\/div><figcaption class=\"figure-caption\">Jeans Flare tiro medio de Mango, 49,99 euros.<\/figcaption><\/picture>\n<\/div>\n<div id=\"photoZoomModal-802\" class=\"voc-lightbox modal fade voc-lightbox--photo-zoom\" role=\"dialog\" data-voc-photozoom-lightbox>\n<div class=\"voc-lightbox__dialog\" role=\"document\">\n<div class=\"voc-lightbox__content\"> <!-- Modal header --> <!-- Modal content --> <\/p>\n<div class=\"voc-lightbox__photo-container\"> <picture class> <img loading=\"lazy\" src=\"http:\/\/hoycordobaweb.com\/wp-content\/uploads\/2025\/02\/los-pantalones-flare-son-los-favoritos-del-invierno-elegantes-y-muy-ponibles-2.jpg\" alt=\"Jeans Flare tiro medio de Mango, 49,99 euros.\"> <noscript> <img src=\"http:\/\/hoycordobaweb.com\/wp-content\/uploads\/2025\/02\/los-pantalones-flare-son-los-favoritos-del-invierno-elegantes-y-muy-ponibles-2.jpg\" alt=\"Jeans Flare tiro medio de Mango, 49,99 euros.\"> <\/noscript> <\/picture> <\/div><\/div><\/div>\n<\/div>\n<p class=\"voc-paragraph\" data-mrf-recirculation=\"Link art\u00edculo\"><strong>Jeans Flare tiro medio de Mango, 49,99 euros<\/strong>. Nos gustan porque son una prenda muy atemporal que podr\u00e1s llevar en tu d\u00eda a d\u00eda con camisetas, y en ocasiones m\u00e1s formales con camisas. <\/p>\n<div class=\"voc-detail-photo-zoom\"> <picture data-toggle=\"modal\" data-target=\"#photoZoomModal-919\" target=\"modal\">\n<div class=\"voc-img-icon-link\"> <img loading=\"lazy\" src=\"http:\/\/hoycordobaweb.com\/wp-content\/uploads\/2025\/02\/los-pantalones-flare-son-los-favoritos-del-invierno-elegantes-y-muy-ponibles-3.jpg\" width=\"650\" height=\"900\" alt=\"Jeans flare con detalle dorado a los lados de Salsa Jeans, 109 euros.\"> <noscript> <img src=\"http:\/\/hoycordobaweb.com\/wp-content\/uploads\/2025\/02\/los-pantalones-flare-son-los-favoritos-del-invierno-elegantes-y-muy-ponibles-3.jpg\" alt=\"Jeans flare con detalle dorado a los lados de Salsa Jeans, 109 euros.\"> <\/noscript> <i class=\"voc-icons zoom voc-multimedia-box voc-ico-l\"><\/i> <\/div><figcaption class=\"figure-caption\">Jeans flare con detalle dorado a los lados de Salsa Jeans, 109 euros.<\/figcaption><\/picture>\n<\/div>\n<div id=\"photoZoomModal-919\" class=\"voc-lightbox modal fade voc-lightbox--photo-zoom\" role=\"dialog\" data-voc-photozoom-lightbox>\n<div class=\"voc-lightbox__dialog\" role=\"document\">\n<div class=\"voc-lightbox__content\"> <!-- Modal header --> <!-- Modal content --> <\/p>\n<div class=\"voc-lightbox__photo-container\"> <picture class> <img loading=\"lazy\" src=\"http:\/\/hoycordobaweb.com\/wp-content\/uploads\/2025\/02\/los-pantalones-flare-son-los-favoritos-del-invierno-elegantes-y-muy-ponibles-3.jpg\" alt=\"Jeans flare con detalle dorado a los lados de Salsa Jeans, 109 euros.\"> <noscript> <img src=\"http:\/\/hoycordobaweb.com\/wp-content\/uploads\/2025\/02\/los-pantalones-flare-son-los-favoritos-del-invierno-elegantes-y-muy-ponibles-3.jpg\" alt=\"Jeans flare con detalle dorado a los lados de Salsa Jeans, 109 euros.\"> <\/noscript> <\/picture> <\/div><\/div><\/div>\n<\/div>\n<p class=\"voc-paragraph\" data-mrf-recirculation=\"Link art\u00edculo\"><strong>Jeans flare con detalle dorado a los lados de Salsa Jeans, 109 euros<\/strong>. Tienen ese aire bonito y diferente que a\u00f1ade luz a cualquier look que tengas en mente. Adem\u00e1s, favorecen much\u00edsimo. <\/p>\n<div class=\"voc-detail-photo-zoom\"> <picture data-toggle=\"modal\" data-target=\"#photoZoomModal-708\" target=\"modal\">\n<div class=\"voc-img-icon-link\"> <img loading=\"lazy\" src=\"http:\/\/hoycordobaweb.com\/wp-content\/uploads\/2025\/02\/los-pantalones-flare-son-los-favoritos-del-invierno-elegantes-y-muy-ponibles-4.jpg\" width=\"650\" height=\"900\" alt=\"Vaqueros detalle lazada de Massimo Dutti, 59,95 euros.\"> <noscript> <img src=\"http:\/\/hoycordobaweb.com\/wp-content\/uploads\/2025\/02\/los-pantalones-flare-son-los-favoritos-del-invierno-elegantes-y-muy-ponibles-4.jpg\" alt=\"Vaqueros detalle lazada de Massimo Dutti, 59,95 euros.\"> <\/noscript> <i class=\"voc-icons zoom voc-multimedia-box voc-ico-l\"><\/i> <\/div><figcaption class=\"figure-caption\">Vaqueros detalle lazada de Massimo Dutti, 59,95 euros.<\/figcaption><\/picture>\n<\/div>\n<div id=\"photoZoomModal-708\" class=\"voc-lightbox modal fade voc-lightbox--photo-zoom\" role=\"dialog\" data-voc-photozoom-lightbox>\n<div class=\"voc-lightbox__dialog\" role=\"document\">\n<div class=\"voc-lightbox__content\"> <!-- Modal header --> <!-- Modal content --> <\/p>\n<div class=\"voc-lightbox__photo-container\"> <picture class> <img loading=\"lazy\" src=\"http:\/\/hoycordobaweb.com\/wp-content\/uploads\/2025\/02\/los-pantalones-flare-son-los-favoritos-del-invierno-elegantes-y-muy-ponibles-4.jpg\" alt=\"Vaqueros detalle lazada de Massimo Dutti, 59,95 euros.\"> <noscript> <img src=\"http:\/\/hoycordobaweb.com\/wp-content\/uploads\/2025\/02\/los-pantalones-flare-son-los-favoritos-del-invierno-elegantes-y-muy-ponibles-4.jpg\" alt=\"Vaqueros detalle lazada de Massimo Dutti, 59,95 euros.\"> <\/noscript> <\/picture> <\/div><\/div><\/div>\n<\/div>\n<p class=\"voc-paragraph\" data-mrf-recirculation=\"Link art\u00edculo\"><strong>Vaqueros detalle lazada de Massimo Dutti, 59,95 euros<\/strong>. Son unos vaqueros, pero tan bonitos, que les dar\u00e1s mucho uso. Nos encanta para llevarlos con una camisa oversize. A\u00f1ade un blazer oversize para un look m\u00e1s formal.\n<\/p>\n<div class=\"voc-detail-photo-zoom\"> <picture data-toggle=\"modal\" data-target=\"#photoZoomModal-611\" target=\"modal\">\n<div class=\"voc-img-icon-link\"> <img loading=\"lazy\" src=\"http:\/\/hoycordobaweb.com\/wp-content\/uploads\/2025\/02\/los-pantalones-flare-son-los-favoritos-del-invierno-elegantes-y-muy-ponibles-5.jpg\" width=\"650\" height=\"900\"> <noscript> <img src=\"http:\/\/hoycordobaweb.com\/wp-content\/uploads\/2025\/02\/los-pantalones-flare-son-los-favoritos-del-invierno-elegantes-y-muy-ponibles-5.jpg\"> <\/noscript> <i class=\"voc-icons zoom voc-multimedia-box voc-ico-l\"><\/i> <\/div><figcaption class=\"figure-caption\"><\/figcaption><\/picture>\n<\/div>\n<div id=\"photoZoomModal-611\" class=\"voc-lightbox modal fade voc-lightbox--photo-zoom\" role=\"dialog\" data-voc-photozoom-lightbox>\n<div class=\"voc-lightbox__dialog\" role=\"document\">\n<div class=\"voc-lightbox__content\"> <!-- Modal header --> <!-- Modal content --> <\/p>\n<div class=\"voc-lightbox__photo-container\"> <picture class> <img loading=\"lazy\" src=\"http:\/\/hoycordobaweb.com\/wp-content\/uploads\/2025\/02\/los-pantalones-flare-son-los-favoritos-del-invierno-elegantes-y-muy-ponibles-5.jpg\"> <noscript> <img src=\"http:\/\/hoycordobaweb.com\/wp-content\/uploads\/2025\/02\/los-pantalones-flare-son-los-favoritos-del-invierno-elegantes-y-muy-ponibles-5.jpg\"> <\/noscript> <\/picture> <\/div><\/div><\/div>\n<\/div>\n<p class=\"voc-paragraph\" data-mrf-recirculation=\"Link art\u00edculo\"><strong>Pantal\u00f3n de cuero con nervio de The Kooples, 132,50 euros<\/strong>. Perfectas para aquellas que buscan un toque sexy y que quite a\u00f1os de encima, estos pantalones sientan s\u00faper bien a todo tipo de cuerpos. <\/p>\n<div class=\"voc-detail-photo-zoom\"> <picture data-toggle=\"modal\" data-target=\"#photoZoomModal-863\" target=\"modal\">\n<div class=\"voc-img-icon-link\"> <img loading=\"lazy\" src=\"http:\/\/hoycordobaweb.com\/wp-content\/uploads\/2025\/02\/los-pantalones-flare-son-los-favoritos-del-invierno-elegantes-y-muy-ponibles-6.jpg\" width=\"650\" height=\"900\" alt=\"Pantal\u00f3n blanco de Brownie, 69,90 euros.\"> <noscript> <img src=\"http:\/\/hoycordobaweb.com\/wp-content\/uploads\/2025\/02\/los-pantalones-flare-son-los-favoritos-del-invierno-elegantes-y-muy-ponibles-6.jpg\" alt=\"Pantal\u00f3n blanco de Brownie, 69,90 euros.\"> <\/noscript> <i class=\"voc-icons zoom voc-multimedia-box voc-ico-l\"><\/i> <\/div><figcaption class=\"figure-caption\">Pantal\u00f3n blanco de Brownie, 69,90 euros.<\/figcaption><\/picture>\n<\/div>\n<div id=\"photoZoomModal-863\" class=\"voc-lightbox modal fade voc-lightbox--photo-zoom\" role=\"dialog\" data-voc-photozoom-lightbox>\n<div class=\"voc-lightbox__dialog\" role=\"document\">\n<div class=\"voc-lightbox__content\"> <!-- Modal header --> <!-- Modal content --> <\/p>\n<div class=\"voc-lightbox__photo-container\"> <picture class> <img loading=\"lazy\" src=\"http:\/\/hoycordobaweb.com\/wp-content\/uploads\/2025\/02\/los-pantalones-flare-son-los-favoritos-del-invierno-elegantes-y-muy-ponibles-6.jpg\" alt=\"Pantal\u00f3n blanco de Brownie, 69,90 euros.\"> <noscript> <img src=\"http:\/\/hoycordobaweb.com\/wp-content\/uploads\/2025\/02\/los-pantalones-flare-son-los-favoritos-del-invierno-elegantes-y-muy-ponibles-6.jpg\" alt=\"Pantal\u00f3n blanco de Brownie, 69,90 euros.\"> <\/noscript> <\/picture> <\/div><\/div><\/div>\n<\/div>\n<p class=\"voc-paragraph\" data-mrf-recirculation=\"Link art\u00edculo\"><strong>Pantal\u00f3n blanco de Brownie, 69,90 euros<\/strong>. Hay quien dice que engordan, pero no es cierto. Encima, podr\u00e1s llevarla tanto con jers\u00e9is de colores vibrantes o con blusas rom\u00e1nticas. <\/p>\n<p> <!-- TOPICS --> <\/p>\n","protected":false},"excerpt":{"rendered":"<p>Si hay un pantal\u00f3n que estiliza, alarga la figura y aporta ese toque de elegancia setentera que nunca pasa de moda, ese es el pantal\u00f3n flare. Su corte acampanado equilibra las proporciones del cuerpo y favorece tanto a mujeres altas como a las m\u00e1s bajitas (con la ayuda de un buen zapato acabado en punta, [&hellip;]<\/p>\n","protected":false},"author":1,"featured_media":96264,"comment_status":"closed","ping_status":"closed","sticky":false,"template":"","format":"standard","meta":[],"categories":[],"tags":[],"_links":{"self":[{"href":"http:\/\/hoycordobaweb.com\/index.php\/wp-json\/wp\/v2\/posts\/96263"}],"collection":[{"href":"http:\/\/hoycordobaweb.com\/index.php\/wp-json\/wp\/v2\/posts"}],"about":[{"href":"http:\/\/hoycordobaweb.com\/index.php\/wp-json\/wp\/v2\/types\/post"}],"author":[{"embeddable":true,"href":"http:\/\/hoycordobaweb.com\/index.php\/wp-json\/wp\/v2\/users\/1"}],"replies":[{"embeddable":true,"href":"http:\/\/hoycordobaweb.com\/index.php\/wp-json\/wp\/v2\/comments?post=96263"}],"version-history":[{"count":0,"href":"http:\/\/hoycordobaweb.com\/index.php\/wp-json\/wp\/v2\/posts\/96263\/revisions"}],"wp:featuredmedia":[{"embeddable":true,"href":"http:\/\/hoycordobaweb.com\/index.php\/wp-json\/wp\/v2\/media\/96264"}],"wp:attachment":[{"href":"http:\/\/hoycordobaweb.com\/index.php\/wp-json\/wp\/v2\/media?parent=96263"}],"wp:term":[{"taxonomy":"category","embeddable":true,"href":"http:\/\/hoycordobaweb.com\/index.php\/wp-json\/wp\/v2\/categories?post=96263"},{"taxonomy":"post_tag","embeddable":true,"href":"http:\/\/hoycordobaweb.com\/index.php\/wp-json\/wp\/v2\/tags?post=96263"}],"curies":[{"name":"wp","href":"https:\/\/api.w.org\/{rel}","templated":true}]}}