{"id":96257,"date":"2025-02-06T01:16:50","date_gmt":"2025-02-06T01:16:50","guid":{"rendered":"https:\/\/www.ole.com.ar\/futbol-internacional\/primer-gol-enzo-diaz-brasil-camiseta-san-pablo_0_Jtk8faAHIr.html"},"modified":"2025-02-06T01:16:50","modified_gmt":"2025-02-06T01:16:50","slug":"el-primer-gol-de-enzo-diaz-en-brasil-con-la-camiseta-del-san-pablo","status":"publish","type":"post","link":"http:\/\/hoycordobaweb.com\/index.php\/2025\/02\/06\/el-primer-gol-de-enzo-diaz-en-brasil-con-la-camiseta-del-san-pablo\/","title":{"rendered":"El primer gol de Enzo D\u00edaz en Brasil con la camiseta del San Pablo"},"content":{"rendered":"<p><img src=\"http:\/\/hoycordobaweb.com\/wp-content\/uploads\/2025\/02\/el-primer-gol-de-enzo-diaz-en-brasil-con-la-camiseta-del-san-pablo.jpg\"><\/p>\n<p><time class=\"createDate\" datetime=\"2025-02-05T22:16:50-03:00\">05\/02\/2025 22:16hs.<\/time><\/p>\n<div id=\"storyBody\">\n<div class=\"custom-text \" readability=\"34.153086419753\">\n<p>Enzo D\u00edaz ya empieza a hacerse notar en Brasil. <strong>El ex <a href=\"https:\/\/www.ole.com.ar\/tema\/river-plate.html\" title=\"River Plate\" alt=\"River Plate\" class=\"slug\">River<\/a>, que lleg\u00f3 al <a href=\"https:\/\/www.ole.com.ar\/tema\/sao-paulo.html\" title=\"Sao Paulo\" alt=\"Sao Paulo\" class=\"slug\">San Pablo<\/a> en este mercado de pases, tuvo su primer partido estelar en el Tricolor<\/strong>: <strong>fue una de las figuras en la goleada 4-1 sobre <a href=\"https:\/\/www.ole.com.ar\/tema\/mirassol.html\" title=\"Mirassol\" alt=\"Mirassol\" class=\"slug\">Mirassol<\/a><\/strong>por la s\u00e9ptima fecha del <a href=\"https:\/\/www.ole.com.ar\/tema\/campeonato-paulista.html\" title=\"Campeonato Paulista\" alt=\"Campeonato Paulista\" class=\"slug\">Campeonato Paulista<\/a>. <strong>No solo meti\u00f3 su primer gol con la nueva camiseta, sino que adem\u00e1s se despach\u00f3 con una asistencia. <\/strong>\u00a1Noche so\u00f1ada para el lateral izquierdo!<\/p>\n<\/div>\n<div class=\"sc-e7b891c4-0 ifHnQL image-embed\"><img alt=\"Enzo D\u00edaz marc\u00f3 su primer gol con la camiseta del San Pablo (Foto: Prensa San Pablo).\" loading=\"lazy\" width=\"720\" height=\"100\" decoding=\"async\" data-nimg=\"1\" src=\"http:\/\/hoycordobaweb.com\/wp-content\/uploads\/2025\/02\/el-primer-gol-de-enzo-diaz-en-brasil-con-la-camiseta-del-san-pablo-2.jpg\"><span class=\"epigraphe\">Enzo D\u00edaz marc\u00f3 su primer gol con la camiseta del San Pablo (Foto: Prensa San Pablo).<\/span><\/div>\n<p><h2>El debut goleador de Enzo D\u00edaz en San Pablo<\/h2>\n<\/p>\n<div class=\"custom-text \" readability=\"33.564459930314\">\n<p>El Morumb\u00ed fue testigo de <strong>una exhibici\u00f3n del equipo del DT <a href=\"https:\/\/www.ole.com.ar\/tema\/luis-zubeldia.html\" title=\"Lu\u00eds Zubeld\u00eda\" alt=\"Lu\u00eds Zubeld\u00eda\" class=\"slug\">Luis Zubeld\u00eda<\/a><\/strong>, que tuvo a los jugadores argentinos como protagonistas. <strong><a href=\"https:\/\/www.ole.com.ar\/tema\/jonathan-calleri.html\" title=\"Jonathan Calleri\" alt=\"Jonathan Calleri\" class=\"slug\">Jonathan Calleri<\/a>, ex Boca, otra vez, moj\u00f3 para el local, mientras que <a href=\"https:\/\/www.ole.com.ar\/tema\/enzo-diaz.html\" title=\"Enzo D\u00edaz\" alt=\"Enzo D\u00edaz\" class=\"slug\">Enzo D\u00edaz<\/a> fue clave con un pase gol y su estreno en la red en tierras brasile\u00f1as.<\/strong><\/p>\n<\/div>\n<div class=\"custom-text \" readability=\"39\">\n<p><strong>San Pablo arranc\u00f3 ganando temprano con un gol de Oscar<\/strong> a los nueve minutos del primer tiempo, <strong>tras una gran asistencia del jugador nacido en Las Toscas <\/strong>(pueblito de la provincia de Buenos Aires). Sin embargo, Mirassol reaccion\u00f3 y empat\u00f3 con Gabriel a los 24&#8242;. Pero antes de que termine la primera parte, <strong>Calleri puso el 2-1 para el Tricolor, encaminando el partido.<\/strong><\/p>\n<\/div>\n<div class=\"custom-text \" readability=\"40\">\n<p><strong>En el segundo tiempo, Enzo D\u00edaz se hizo notar.<\/strong> A los 39&#8242;, el lateral surgido en Agropecuario y que despu\u00e9s pas\u00f3 a Talleres antes de sumarse al Millonario en 2023, <strong>sorprendi\u00f3 en ataque y marc\u00f3 su primer gol con la camiseta de San Pablo. <\/strong>Para cerrar la goleada, Andr\u00e9 Silva anot\u00f3 el 4-1 final a los 45&#8242;. Un triunfo categ\u00f3rico para <strong>el equipo del argentino ex Lan\u00fas Zubeld\u00eda, que sigue firme en el Paulista.<\/strong><\/p>\n<\/div>\n<div class=\"sc-e7b891c4-0 ifHnQL image-embed\"><img alt=\"El ex Boca Calleri, tambi\u00e9n grit\u00f3 gol en la victoria del San Pablo ante Mirassol (Foto: Prensa San Pablo).\" loading=\"lazy\" width=\"720\" height=\"100\" decoding=\"async\" data-nimg=\"1\" src=\"http:\/\/hoycordobaweb.com\/wp-content\/uploads\/2025\/02\/el-primer-gol-de-enzo-diaz-en-brasil-con-la-camiseta-del-san-pablo-3.jpg\"><span class=\"epigraphe\">El ex Boca Calleri, tambi\u00e9n grit\u00f3 gol en la victoria del San Pablo ante Mirassol (Foto: Prensa San Pablo).<\/span><\/div>\n<p><h2>Los n\u00fameros de Enzo D\u00edaz en su partidazo<\/h2>\n<\/p>\n<div class=\"custom-text \" readability=\"37\">\n<p><strong>El lateral ex River no solo tuvo su debut goleador en Brasil, sino que tambi\u00e9n mostr\u00f3 un gran nivel en toda la banda izquierda.<\/strong> Adem\u00e1s del gol y la asistencia, <strong>complet\u00f3 con \u00e9xito el 83% de sus pases, gan\u00f3 cinco duelos individuales y estuvo firme en la marca. <\/strong>Una noche redonda.<\/p>\n<\/div>\n<p><h2>Enzo D\u00edaz y su salida de River: \u00abNo me gusta c\u00f3mo me voy\u00bb<\/h2>\n<\/p>\n<div class=\"custom-text \" readability=\"40\">\n<p>El defensor, que dej\u00f3 el Millonario en este mercado de pases, <strong>hab\u00eda expresado su bronca por la forma en la que se dio su salida<\/strong>: <strong>\u00abEn el \u00faltimo tiempo compet\u00ed con una lesi\u00f3n y no estuve al 100 por ciento,<\/strong> a diferencia del primer a\u00f1o que llegu\u00e9, que s\u00ed estaba en \u00f3ptimas condiciones\u00bb, explic\u00f3 antes de partir a Brasil.<\/p>\n<\/div>\n<div class=\"sc-e7b891c4-0 ifHnQL image-embed\"><img alt=\"Enzo D\u00edaz, en el entrenamiento (Prensa River).\" loading=\"lazy\" width=\"720\" height=\"100\" decoding=\"async\" data-nimg=\"1\" src=\"http:\/\/hoycordobaweb.com\/wp-content\/uploads\/2025\/02\/el-primer-gol-de-enzo-diaz-en-brasil-con-la-camiseta-del-san-pablo-4.jpg\"><span class=\"epigraphe\">Enzo D\u00edaz, en el entrenamiento (Prensa River).<\/span><\/div>\n<div class=\"custom-text \" readability=\"37\">\n<p><strong>D\u00edaz, que lleg\u00f3 a River en enero de 2023 desde Talleres a cambio de 2.500.000 d\u00f3lares, jug\u00f3 78 partidos y gan\u00f3 tres t\u00edtulos con la Banda.<\/strong> Sin embargo, su salida se dio en medio de molestias f\u00edsicas y sin el protagonismo que hab\u00eda tenido en sus primeros meses en N\u00fa\u00f1ez.<\/p>\n<\/div>\n<div class=\"custom-text \" readability=\"36\">\n<p>\u00abMe consagr\u00e9 campe\u00f3n y met\u00ed un gol en La Bombonera en el cl\u00e1sico m\u00e1s grande del mundo. Trato de agarrar los momentos m\u00e1s felices\u00bb, dijo en su despedida, aunque tambi\u00e9n reconoci\u00f3 que le qued\u00f3 la espina de no haber podido mantenerse en su mejor nivel.<\/p>\n<\/div>\n<p><h2>San Pablo lo recibi\u00f3 con los brazos abiertos<\/h2>\n<\/p>\n<div class=\"custom-text \" readability=\"38\">\n<p>Apenas se confirm\u00f3 su llegada, el club brasile\u00f1o lo present\u00f3 con bombos y platillos en sus redes sociales: \u00abSan Pablo acord\u00f3 fichar al lateral izquierdo Enzo D\u00edaz, de 29 a\u00f1os, que estaba en River\u00bb. <strong>El defensor firm\u00f3 a pr\u00e9stamo con obligaci\u00f3n de compra, que rondar\u00e1 los 3.000.000 d\u00f3lares.<\/strong><\/p>\n<\/div>\n<div class=\"sc-e7b891c4-0 ifHnQL image-embed\"><img alt=\"Enzo D\u00edaz en su presentaci\u00f3n en San Pablo (prensa Sao Paulo).\" loading=\"lazy\" width=\"720\" height=\"100\" decoding=\"async\" data-nimg=\"1\" src=\"http:\/\/hoycordobaweb.com\/wp-content\/uploads\/2025\/02\/el-primer-gol-de-enzo-diaz-en-brasil-con-la-camiseta-del-san-pablo-5.jpg\"><span class=\"epigraphe\">Enzo D\u00edaz en su presentaci\u00f3n en San Pablo (prensa Sao Paulo).<\/span><\/div>\n<p><h2>\u00bfQu\u00e9 se viene para el Tricolor?<\/h2>\n<\/p>\n<div class=\"custom-text \" readability=\"37\">\n<p>Con este triunfo, <strong>San Pablo sigue prendido en el Campeonato Paulista y ya piensa en su pr\u00f3ximo desaf\u00edo: enfrentar\u00e1 a Red Bull Bragantino<\/strong> en condici\u00f3n de visitante. Mirassol, por su parte, buscar\u00e1 recuperarse en su casa ante Noroeste.<\/p>\n<\/div>\n<div class=\"custom-text \" readability=\"35\">\n<p><strong>Para Enzo D\u00edaz, la aventura en Brasil empez\u00f3 con el pie derecho<\/strong>. Gol, asistencia y un nivel que ilusiona a los hinchas del Tricolor. <strong>\u00bfSer\u00e1 el comienzo de una gran etapa en San Pablo?<\/strong><\/p>\n<\/div>\n<p><h2>Videos: los goles de Enzo D\u00edaz y Jony Calleri en la victoria del San Pablo ante Mirassol<\/h2>\n<\/p>\n<div class=\"sc-734b4696-1 kFfZtB\">\n<div class=\"sc-d00d9e74-0 hnHYbk\" type=\"embed\">\n<div class=\"sc-d00d9e74-1 iKVbz videoText\" id=\"contentTitleembedNEpprL1j\" type=\"embed\"><svg fill=\"#ffffff\"><symbol id=\"play\" viewBox=\"0 0 512 512\"><path d=\"M512 256C512 397.4 397.4 512 256 512C114.6 512 0 397.4 0 256C0 114.6 114.6 0 256 0C397.4 0 512 114.6 512 256zM176 168V344C176 352.7 180.7 360.7 188.3 364.9C195.8 369.2 205.1 369 212.5 364.5L356.5 276.5C363.6 272.1 368 264.4 368 256C368 247.6 363.6 239.9 356.5 235.5L212.5 147.5C205.1 142.1 195.8 142.8 188.3 147.1C180.7 151.3 176 159.3 176 168V168z\" \/><\/symbol><use xlink:href=\"#play\" \/><\/svg><\/p>\n<div class=\"right\">\n<p>Sao Paulo<!-- --> &#8211; <span>&nbsp;<\/span><\/p>\n<h2 class=\"title-vid\">Enzo D\u00edan anot\u00f3 el tercero de Sao Paulo<\/h2>\n<\/div>\n<\/div>\n<p><span class=\"back\" id=\"spanBackembedNEpprL1j\"><\/span><\/div>\n<div class=\"JWvideoNota_title\">\n<p>@paulistao+<\/p>\n<\/div>\n<\/div>\n<div class=\"sc-734b4696-1 kFfZtB\">\n<div class=\"sc-d00d9e74-0 hnHYbk\" type=\"embed\">\n<div class=\"sc-d00d9e74-1 iKVbz videoText\" id=\"contentTitleembedhsyDyc5a\" type=\"embed\"><svg fill=\"#ffffff\"><symbol id=\"play\" viewBox=\"0 0 512 512\"><path d=\"M512 256C512 397.4 397.4 512 256 512C114.6 512 0 397.4 0 256C0 114.6 114.6 0 256 0C397.4 0 512 114.6 512 256zM176 168V344C176 352.7 180.7 360.7 188.3 364.9C195.8 369.2 205.1 369 212.5 364.5L356.5 276.5C363.6 272.1 368 264.4 368 256C368 247.6 363.6 239.9 356.5 235.5L212.5 147.5C205.1 142.1 195.8 142.8 188.3 147.1C180.7 151.3 176 159.3 176 168V168z\" \/><\/symbol><use xlink:href=\"#play\" \/><\/svg><\/p>\n<div class=\"right\">\n<p>Jonathan Calleri<!-- --> &#8211; <span>&nbsp;<\/span><\/p>\n<h2 class=\"title-vid\">Calleri puso el 1 a 0 de Sao Paulo<\/h2>\n<\/div>\n<\/div>\n<p><span class=\"back\" id=\"spanBackembedhsyDyc5a\"><\/span><\/div>\n<div class=\"JWvideoNota_title\">\n<p>@paulitao+<\/p>\n<\/div>\n<\/div>\n<div class=\"sc-a7166897-0 eoLsBE\" readability=\"6\">\n<section readability=\"2\"><picture><img alt=\"Enzo D\u00edaz mantuvo en San Pablo algo de River\" loading=\"lazy\" width=\"290\" height=\"290\" decoding=\"async\" data-nimg=\"1\" src=\"http:\/\/hoycordobaweb.com\/wp-content\/uploads\/2025\/02\/el-primer-gol-de-enzo-diaz-en-brasil-con-la-camiseta-del-san-pablo-6.jpg\"><\/picture>\n<p><span>Mir\u00e1 tambi\u00e9n<\/span><\/p>\n<hr>\n<h3>Enzo D\u00edaz mantuvo en San Pablo algo de River<\/h3>\n<\/p>\n<\/section>\n<\/div>\n<div class=\"sc-a7166897-0 eoLsBE\" readability=\"6\">\n<section readability=\"2\"><picture><img alt=\"El emotivo \u00faltimo adi\u00f3s de Enzo D\u00edaz a River en las redes\" loading=\"lazy\" width=\"290\" height=\"290\" decoding=\"async\" data-nimg=\"1\" src=\"http:\/\/hoycordobaweb.com\/wp-content\/uploads\/2025\/02\/el-primer-gol-de-enzo-diaz-en-brasil-con-la-camiseta-del-san-pablo-7.jpg\"><\/picture>\n<p><span>Mir\u00e1 tambi\u00e9n<\/span><\/p>\n<hr>\n<h3>El emotivo \u00faltimo adi\u00f3s de Enzo D\u00edaz a River en las redes<\/h3>\n<\/p>\n<\/section>\n<\/div>\n<div class=\"sc-a7166897-0 eoLsBE\" readability=\"7\">\n<section readability=\"4\"><picture><img alt=\"Enzo D\u00edaz deja River: &quot;No me gusta la forma en la que me voy, tuve una lesi\u00f3n y no estuve al 100%&quot;\" loading=\"lazy\" width=\"290\" height=\"290\" decoding=\"async\" data-nimg=\"1\" src=\"http:\/\/hoycordobaweb.com\/wp-content\/uploads\/2025\/02\/el-primer-gol-de-enzo-diaz-en-brasil-con-la-camiseta-del-san-pablo-8.jpg\"><\/picture>\n<p><span>Mir\u00e1 tambi\u00e9n<\/span><\/p>\n<hr>\n<h3>Enzo D\u00edaz deja River: \u00abNo me gusta la forma en la que me voy, tuve una lesi\u00f3n y no estuve al 100%\u00bb<\/h3>\n<\/p>\n<\/section>\n<\/div>\n<\/div>\n","protected":false},"excerpt":{"rendered":"<p>05\/02\/2025 22:16hs. Enzo D\u00edaz ya empieza a hacerse notar en Brasil. El ex River, que lleg\u00f3 al San Pablo en este mercado de pases, tuvo su primer partido estelar en el Tricolor: fue una de las figuras en la goleada 4-1 sobre Mirassolpor la s\u00e9ptima fecha del Campeonato Paulista. No solo meti\u00f3 su primer gol [&hellip;]<\/p>\n","protected":false},"author":1,"featured_media":96258,"comment_status":"open","ping_status":"closed","sticky":false,"template":"","format":"standard","meta":[],"categories":[16],"tags":[],"_links":{"self":[{"href":"http:\/\/hoycordobaweb.com\/index.php\/wp-json\/wp\/v2\/posts\/96257"}],"collection":[{"href":"http:\/\/hoycordobaweb.com\/index.php\/wp-json\/wp\/v2\/posts"}],"about":[{"href":"http:\/\/hoycordobaweb.com\/index.php\/wp-json\/wp\/v2\/types\/post"}],"author":[{"embeddable":true,"href":"http:\/\/hoycordobaweb.com\/index.php\/wp-json\/wp\/v2\/users\/1"}],"replies":[{"embeddable":true,"href":"http:\/\/hoycordobaweb.com\/index.php\/wp-json\/wp\/v2\/comments?post=96257"}],"version-history":[{"count":0,"href":"http:\/\/hoycordobaweb.com\/index.php\/wp-json\/wp\/v2\/posts\/96257\/revisions"}],"wp:featuredmedia":[{"embeddable":true,"href":"http:\/\/hoycordobaweb.com\/index.php\/wp-json\/wp\/v2\/media\/96258"}],"wp:attachment":[{"href":"http:\/\/hoycordobaweb.com\/index.php\/wp-json\/wp\/v2\/media?parent=96257"}],"wp:term":[{"taxonomy":"category","embeddable":true,"href":"http:\/\/hoycordobaweb.com\/index.php\/wp-json\/wp\/v2\/categories?post=96257"},{"taxonomy":"post_tag","embeddable":true,"href":"http:\/\/hoycordobaweb.com\/index.php\/wp-json\/wp\/v2\/tags?post=96257"}],"curies":[{"name":"wp","href":"https:\/\/api.w.org\/{rel}","templated":true}]}}