{"id":96253,"date":"2025-02-06T02:33:22","date_gmt":"2025-02-06T02:33:22","guid":{"rendered":"https:\/\/www.ole.com.ar\/futbol-internacional\/libertadores\/conocera-boca-rival-fase-2-copa-libertadores-alianza-lima-nacional-paraguay_0_tZf9hhcypD.html"},"modified":"2025-02-06T02:33:22","modified_gmt":"2025-02-06T02:33:22","slug":"cuando-conocera-boca-a-su-rival-en-la-fase-2-de-la-copa-libertadores","status":"publish","type":"post","link":"http:\/\/hoycordobaweb.com\/index.php\/2025\/02\/06\/cuando-conocera-boca-a-su-rival-en-la-fase-2-de-la-copa-libertadores\/","title":{"rendered":"\u00bfCu\u00e1ndo conocer\u00e1 Boca a su rival en la Fase 2 de la Copa Libertadores?"},"content":{"rendered":"<p><img src=\"http:\/\/hoycordobaweb.com\/wp-content\/uploads\/2025\/02\/cuando-conocera-boca-a-su-rival-en-la-fase-2-de-la-copa-libertadores.jpg\"><\/p>\n<p><time class=\"createDate\" datetime=\"2025-02-05T23:33:22-03:00\">05\/02\/2025 23:33hs.<\/time><\/p>\n<div id=\"storyBody\">\n<div class=\"custom-text \" readability=\"36.555223880597\">\n<p>Esta semana arranc\u00f3 la <strong><a href=\"https:\/\/www.ole.com.ar\/tema\/copa-libertadores.html\" title=\"Copa Libertadores\" alt=\"Copa Libertadores\" class=\"slug\">Copa Libertadores<\/a><\/strong> y <strong><a href=\"https:\/\/www.ole.com.ar\/tema\/boca-juniors.html\" title=\"Boca Juniors\" alt=\"Boca Juniors\" class=\"slug\">Boca<\/a><\/strong> ya est\u00e1 atento a los acontecimientos. Es que el Xeneize, que debutar\u00e1 en la segunda fase previa, ya analiza a su posible rival. Y este mi\u00e9rcoles, <strong>Nacional de Paraguay y Alianza Lima<\/strong> disputaron la ida de su serie, de la que saldr\u00e1 el primer rival del equipo argentino en el certamen.<\/p>\n<\/div>\n<div class=\"custom-text \" readability=\"38\">\n<p>En Asunci\u00f3n, <strong>el elenco local empat\u00f3 1-1 con los Blanquiazules de Pipo Gorosito (igualaron en el descuento, mediante un penal de Hern\u00e1n Barcos)<\/strong> y ahora todo se definir\u00e1 en la revancha que se disputar\u00e1 en Per\u00fa. Y c\u00f3mo ya hay fecha y horario pautado para dicho partido, el CABJ ya conoce cu\u00e1ndo se confirmar\u00e1 su rival para la Fase 2.<\/p>\n<\/div>\n<p><h2> <strong>\u00bfCu\u00e1ndo se juega la revancha entre Alianza Lima y Nacional de Paraguay, por la Fase 1 de la Copa Libertadores?<\/strong><\/h2>\n<\/p>\n<div class=\"custom-text \" readability=\"35\">\n<p>El encuentro de vuelta se disputar\u00e1 <strong>el pr\u00f3ximo mi\u00e9rcoles 12 de febrero a las 21.30hs<\/strong> en el Estadio Alejandro Villanueva, ubicado en la capital peruana. El mismo se podr\u00e1 ver a trav\u00e9s de las pantallas de Fox Sports y Disney+.<\/p>\n<\/div>\n<div class=\"sc-e7b891c4-0 ifHnQL image-embed\"><img alt=\"Paolo Guerrero, luego lesionado, mira el cabezazo de Meza (efe).\" loading=\"lazy\" width=\"720\" height=\"100\" decoding=\"async\" data-nimg=\"1\" src=\"http:\/\/hoycordobaweb.com\/wp-content\/uploads\/2025\/02\/cuando-conocera-boca-a-su-rival-en-la-fase-2-de-la-copa-libertadores-2.jpg\"><span class=\"epigraphe\">Paolo Guerrero, luego lesionado, mira el cabezazo de Meza (efe).<\/span><\/div>\n<div class=\"custom-text \" readability=\"38\">\n<p>En caso de empate en el global, la serie se definir\u00e1 por penales. Eso significa que, a m\u00e1s tardar, el Xeneize conocer\u00e1 al ganador de la llave (y por consiguiente, a su futuro rival) cerca de la medianoche del pr\u00f3ximo mi\u00e9rcoles.<\/p>\n<\/div>\n<p><h2><strong>\u00bfCu\u00e1ndo debuta Boca en la Copa Libertadores?<\/strong><\/h2>\n<\/p>\n<div class=\"custom-text \" readability=\"36\">\n<p>Quien resulte vencedor de la serie entre <strong>Nacional de Paraguay y Alianza Lima enfrentar\u00e1 a Boca el 18 de febrero en condici\u00f3n de local<\/strong>. Por lo tanto, el Xeneize cerrar\u00e1 la llave en la Bombonera con el apoyo de su p\u00fablico, siete d\u00edas despu\u00e9s (el martes 25).<\/p>\n<\/div>\n<div class=\"sc-e7b891c4-0 ifHnQL image-embed\"><img alt=\"D\u00edas y horarios de Boca en la Fase 2.\" loading=\"lazy\" width=\"720\" height=\"100\" decoding=\"async\" data-nimg=\"1\" src=\"http:\/\/hoycordobaweb.com\/wp-content\/uploads\/2025\/02\/cuando-conocera-boca-a-su-rival-en-la-fase-2-de-la-copa-libertadores-3.jpg\"><span class=\"epigraphe\">D\u00edas y horarios de Boca en la Fase 2.<\/span><\/div>\n<p><h2><strong>Las fases previas de la Copa<\/strong><\/h2>\n<\/p>\n<div class=\"sc-e7b891c4-0 ifHnQL image-embed\"><img alt=\"Sorteo fase preliminar de la Copa Libertadores 2025\" loading=\"lazy\" width=\"720\" height=\"100\" decoding=\"async\" data-nimg=\"1\" src=\"http:\/\/hoycordobaweb.com\/wp-content\/uploads\/2025\/02\/cuando-conocera-boca-a-su-rival-en-la-fase-2-de-la-copa-libertadores-4.jpg\"><span class=\"epigraphe\">Sorteo fase preliminar de la Copa Libertadores 2025<\/span><\/div>\n<p><h3><strong>Fase 1<\/strong><\/h3>\n<\/p>\n<div class=\"custom-text \" readability=\"32\">\n<p>E1: Blooming (BOL) vs. El Nacional (ECU)<\/p>\n<\/div>\n<div class=\"custom-text \" readability=\"32\">\n<p>E2: Nacional (PAR) vs. Alianza Lima (PER)<\/p>\n<\/div>\n<div class=\"custom-text \" readability=\"32\">\n<p>E3: Monagas (VEN) vs. Defensor Sporting (URU)<\/p>\n<\/div>\n<p><h3><strong>Fase 2<\/strong><\/h3>\n<\/p>\n<div class=\"custom-text \" readability=\"32\">\n<p>C1: Deportes Iquique (CHI) vs. Independiente Santa Fe (COL)<\/p>\n<\/div>\n<div class=\"custom-text \" readability=\"32\">\n<p>C2: The Strongest (BOL) vs. Bah\u00eda (BRA)<\/p>\n<\/div>\n<div class=\"custom-text \" readability=\"32\">\n<p>C3: E3 vs. Cerro Porte\u00f1o (PAR)<\/p>\n<\/div>\n<div class=\"custom-text \" readability=\"32\">\n<p>C4: E1 vs. Barcelona (ECU)<\/p>\n<\/div>\n<div class=\"custom-text \" readability=\"32\">\n<p>C5: Universidad Central (VEN) vs. Corinthians (BRA)<\/p>\n<\/div>\n<div class=\"custom-text \" readability=\"32\">\n<p>C6: Deportes Tolima (COL) vs. Melgar (PER)<\/p>\n<\/div>\n<div class=\"custom-text \" readability=\"32\">\n<p>C7: Boston River (URU) vs. \u00d1ublense (CHI)<\/p>\n<\/div>\n<div class=\"custom-text \" readability=\"32\">\n<p>C8: E2 vs. Boca Juniors (ARG)<\/p>\n<\/div>\n<p><h3><strong>Fase 3<\/strong><\/h3>\n<\/p>\n<div class=\"custom-text \" readability=\"32\">\n<p>C1 (Dep. Iquique o Ind. Santa Fe) vs. C8 (Boca)<\/p>\n<\/div>\n<div class=\"sc-a7166897-0 eoLsBE\" readability=\"7\">\n<section readability=\"4\"><picture><img alt=\"Torneo Apertura: d\u00edas, horas, TV y \u00e1rbitros de la cuarta fecha\" loading=\"lazy\" width=\"290\" height=\"290\" decoding=\"async\" data-nimg=\"1\" src=\"http:\/\/hoycordobaweb.com\/wp-content\/uploads\/2025\/02\/cuando-conocera-boca-a-su-rival-en-la-fase-2-de-la-copa-libertadores-5.jpg\"><\/picture>\n<p><span>Mir\u00e1 tambi\u00e9n<\/span><\/p>\n<hr>\n<h3>Torneo Apertura: d\u00edas, horas, TV y \u00e1rbitros de la cuarta fecha<\/h3>\n<\/p>\n<\/section>\n<\/div>\n<div class=\"sc-a7166897-0 eoLsBE\" readability=\"6.5\">\n<section readability=\"3\"><picture><img alt=\"Blondel convocado por Suiza: el pap\u00e1 ex tenista que entren\u00f3 a Stan Wawrinka y la infancia en Europa\" loading=\"lazy\" width=\"290\" height=\"290\" decoding=\"async\" data-nimg=\"1\" src=\"http:\/\/hoycordobaweb.com\/wp-content\/uploads\/2025\/02\/cuando-conocera-boca-a-su-rival-en-la-fase-2-de-la-copa-libertadores-6.jpg\"><\/picture>\n<p><span>Mir\u00e1 tambi\u00e9n<\/span><\/p>\n<hr>\n<h3>Blondel convocado por Suiza: el pap\u00e1 ex tenista que entren\u00f3 a Stan Wawrinka y la infancia en Europa<\/h3>\n<\/p>\n<\/section>\n<\/div>\n<div class=\"sc-a7166897-0 eoLsBE\" readability=\"6\">\n<section readability=\"2\"><picture><img alt=\"La intensa seguidilla que se le viene a Boca a partir del cl\u00e1sico con Racing\" loading=\"lazy\" width=\"290\" height=\"290\" decoding=\"async\" data-nimg=\"1\" src=\"http:\/\/hoycordobaweb.com\/wp-content\/uploads\/2025\/02\/cuando-conocera-boca-a-su-rival-en-la-fase-2-de-la-copa-libertadores-7.jpg\"><\/picture>\n<p><span>Mir\u00e1 tambi\u00e9n<\/span><\/p>\n<hr>\n<h3>La intensa seguidilla que se le viene a Boca a partir del cl\u00e1sico con Racing<\/h3>\n<\/p>\n<\/section>\n<\/div>\n<div class=\"sc-a7166897-0 eoLsBE\" readability=\"6\">\n<section readability=\"2\"><picture><img alt=\"C\u00f3mo sigue la Copa Libertadores y cu\u00e1ndo debuta Boca\" loading=\"lazy\" width=\"290\" height=\"290\" decoding=\"async\" data-nimg=\"1\" src=\"http:\/\/hoycordobaweb.com\/wp-content\/uploads\/2025\/02\/cuando-conocera-boca-a-su-rival-en-la-fase-2-de-la-copa-libertadores-8.jpg\"><\/picture>\n<p><span>Mir\u00e1 tambi\u00e9n<\/span><\/p>\n<hr>\n<h3>C\u00f3mo sigue la Copa Libertadores y cu\u00e1ndo debuta Boca<\/h3>\n<\/p>\n<\/section>\n<\/div>\n<\/div>\n","protected":false},"excerpt":{"rendered":"<p>05\/02\/2025 23:33hs. Esta semana arranc\u00f3 la Copa Libertadores y Boca ya est\u00e1 atento a los acontecimientos. Es que el Xeneize, que debutar\u00e1 en la segunda fase previa, ya analiza a su posible rival. Y este mi\u00e9rcoles, Nacional de Paraguay y Alianza Lima disputaron la ida de su serie, de la que saldr\u00e1 el primer rival [&hellip;]<\/p>\n","protected":false},"author":1,"featured_media":96254,"comment_status":"open","ping_status":"closed","sticky":false,"template":"","format":"standard","meta":[],"categories":[16],"tags":[],"_links":{"self":[{"href":"http:\/\/hoycordobaweb.com\/index.php\/wp-json\/wp\/v2\/posts\/96253"}],"collection":[{"href":"http:\/\/hoycordobaweb.com\/index.php\/wp-json\/wp\/v2\/posts"}],"about":[{"href":"http:\/\/hoycordobaweb.com\/index.php\/wp-json\/wp\/v2\/types\/post"}],"author":[{"embeddable":true,"href":"http:\/\/hoycordobaweb.com\/index.php\/wp-json\/wp\/v2\/users\/1"}],"replies":[{"embeddable":true,"href":"http:\/\/hoycordobaweb.com\/index.php\/wp-json\/wp\/v2\/comments?post=96253"}],"version-history":[{"count":0,"href":"http:\/\/hoycordobaweb.com\/index.php\/wp-json\/wp\/v2\/posts\/96253\/revisions"}],"wp:featuredmedia":[{"embeddable":true,"href":"http:\/\/hoycordobaweb.com\/index.php\/wp-json\/wp\/v2\/media\/96254"}],"wp:attachment":[{"href":"http:\/\/hoycordobaweb.com\/index.php\/wp-json\/wp\/v2\/media?parent=96253"}],"wp:term":[{"taxonomy":"category","embeddable":true,"href":"http:\/\/hoycordobaweb.com\/index.php\/wp-json\/wp\/v2\/categories?post=96253"},{"taxonomy":"post_tag","embeddable":true,"href":"http:\/\/hoycordobaweb.com\/index.php\/wp-json\/wp\/v2\/tags?post=96253"}],"curies":[{"name":"wp","href":"https:\/\/api.w.org\/{rel}","templated":true}]}}