{"id":96251,"date":"2025-02-06T02:46:14","date_gmt":"2025-02-06T02:46:14","guid":{"rendered":"https:\/\/www.ole.com.ar\/opinion\/falcon-perez-arbitro-sentido-comun-suspender-godoy-cruz-talleres_0_XlDQofijs8.html"},"modified":"2025-02-06T02:46:14","modified_gmt":"2025-02-06T02:46:14","slug":"falcon-perez-un-arbitro-con-sentido-comun","status":"publish","type":"post","link":"http:\/\/hoycordobaweb.com\/index.php\/2025\/02\/06\/falcon-perez-un-arbitro-con-sentido-comun\/","title":{"rendered":"Falc\u00f3n P\u00e9rez, un \u00e1rbitro con sentido com\u00fan"},"content":{"rendered":"<p><img src=\"http:\/\/hoycordobaweb.com\/wp-content\/uploads\/2025\/02\/falcon-perez-un-arbitro-con-sentido-comun.jpg\"><\/p>\n<p><time class=\"createDate\" datetime=\"2025-02-05T23:46:14-03:00\">05\/02\/2025 23:46hs.<\/time><\/p>\n<div id=\"storyBody\">\n<div class=\"custom-text \" readability=\"37\">\n<p>\u00abSi nosotros seguimos jugando, <strong>esto va a seguir pasando<\/strong> y vamos a darle con todo el okey. Tenemos que hacer las cosas como corresponde\u201d. Las explicaciones que<strong> Yael Falc\u00f3n P\u00e9rez<\/strong> le daba al entrenador de Godoy Cruz, Ernesto Pedernera, eran de un sentido com\u00fan abrumador.<\/p>\n<\/div>\n<div class=\"custom-text \" readability=\"39\">\n<p>Pero llamaron la atenci\u00f3n por lo poco \u201ccom\u00fan\u201d que es el sentido com\u00fan en estos casos. A pocos pasos de Falc\u00f3n y de Pedernera, los m\u00e9dicos segu\u00edan <strong>atendiendo al asistente Diego Mart\u00edn del ca\u00f1azo que le abri\u00f3 la frente<\/strong> y que de milagro no le sac\u00f3 un ojo. Incluso as\u00ed, pareci\u00f3 haber <strong>un intento de que el colaborador siguiera <\/strong>en su funci\u00f3n y, si no, lo reemplazara el \u00e1rbitro suplente.<\/p>\n<\/div>\n<div class=\"custom-text \" readability=\"38\">\n<p>Muchas cosas tuvo que manejar Falc\u00f3n en esos pocos y afiebrados minutos. A las organizaciones de los torneos<strong> no les gustan los \u00e1rbitros que suspenden partidos<\/strong>, obligan a procedimientos disciplinarios y reprogramaciones. Los \u00e1rbitros casi siempre quieren seguir a toda costa. Ac\u00e1 hay uno que dijo que no. Que acaso <strong>cree que se pueda sentar un precedente<\/strong>. Que, por lo menos, reflota el tema para que suba a la mesa de la discusi\u00f3n. \u00bfHay que seguir jugando de cualquier manera?<\/p>\n<\/div>\n<div class=\"custom-text \" readability=\"39\">\n<p>Banquemos a Falc\u00f3n P\u00e9rez en esto. Pongamos <strong>esa sana intenci\u00f3n por delante de las preguntas contraf\u00e1cticas<\/strong>: 1) \u00bfes una cuesti\u00f3n de punter\u00eda, si no le pegaban el fierrazo segu\u00eda todo alegremente aunque se lo hubieran tirado?; 2) era Godoy Cruz-Talleres. <strong>Si le pasa lo mismo el s\u00e1bado en Racing-Boca<\/strong>, \u00bftambi\u00e9n lo suspende? \u00bfY si pasa en otra cancha, con otro \u00e1rbitro? En la AFA, \u00bfser\u00e1 respaldada la decisi\u00f3n de Falc\u00f3n?<\/p>\n<\/div>\n<div class=\"custom-text \" readability=\"37\">\n<p>Y vendr\u00e1 el debate sobre <strong>cu\u00e1l sanci\u00f3n es justa para casos as\u00ed<\/strong>: el a\u00f1o pasado, los barras del mismo Godoy Cruz <strong>suspendieron el partido con San Lorenzo<\/strong> el 25 de mayo; hubo multa, dos partidos sin hinchas y quita de tres puntos. En agosto, los puntos ya se los hab\u00edan devuelto&#8230;<\/p>\n<\/div>\n<div class=\"sc-e7b891c4-0 ifHnQL image-embed\"><img alt=\"Falc\u00f3n P\u00e9rez retira a su colaborador Mart\u00edn del sector donde lo agredieron.\" loading=\"lazy\" width=\"720\" height=\"100\" decoding=\"async\" data-nimg=\"1\" src=\"http:\/\/hoycordobaweb.com\/wp-content\/uploads\/2025\/02\/falcon-perez-un-arbitro-con-sentido-comun-2.jpg\"><span class=\"epigraphe\">Falc\u00f3n P\u00e9rez retira a su colaborador Mart\u00edn del sector donde lo agredieron.<\/span><\/div>\n<div class=\"sc-e7b891c4-0 ifHnQL image-embed\"><img alt=\"La suspensi\u00f3n de Godoy Cruz-San Lorenzo, el a\u00f1o pasado.\" loading=\"lazy\" width=\"720\" height=\"100\" decoding=\"async\" data-nimg=\"1\" src=\"http:\/\/hoycordobaweb.com\/wp-content\/uploads\/2025\/02\/falcon-perez-un-arbitro-con-sentido-comun-3.jpg\"><span class=\"epigraphe\">La suspensi\u00f3n de Godoy Cruz-San Lorenzo, el a\u00f1o pasado.<\/span><\/div>\n<div class=\"sc-a7166897-0 eoLsBE\" readability=\"6\">\n<section readability=\"2\"><picture><img alt=\"Arranca el Nacional: todas las claves del torneo\" loading=\"lazy\" width=\"290\" height=\"290\" decoding=\"async\" data-nimg=\"1\" src=\"http:\/\/hoycordobaweb.com\/wp-content\/uploads\/2025\/02\/falcon-perez-un-arbitro-con-sentido-comun-4.jpg\"><\/picture>\n<p><span>Mir\u00e1 tambi\u00e9n<\/span><\/p>\n<hr>\n<h3>Arranca el Nacional: todas las claves del torneo<\/h3>\n<\/p>\n<\/section>\n<\/div>\n<div class=\"sc-a7166897-0 eoLsBE\" readability=\"6.5\">\n<section readability=\"3\"><picture><img alt=\"Sigue la traves\u00eda de Inter Miami y Messi: &quot;Pr\u00f3xima parada, Honduras&quot;\" loading=\"lazy\" width=\"290\" height=\"290\" decoding=\"async\" data-nimg=\"1\" src=\"http:\/\/hoycordobaweb.com\/wp-content\/uploads\/2025\/02\/falcon-perez-un-arbitro-con-sentido-comun-5.jpg\"><\/picture>\n<p><span>Mir\u00e1 tambi\u00e9n<\/span><\/p>\n<hr>\n<h3>Sigue la traves\u00eda de Inter Miami y Messi: \u00abPr\u00f3xima parada, Honduras\u00bb<\/h3>\n<\/p>\n<\/section>\n<\/div>\n<\/div>\n","protected":false},"excerpt":{"rendered":"<p>05\/02\/2025 23:46hs. \u00abSi nosotros seguimos jugando, esto va a seguir pasando y vamos a darle con todo el okey. Tenemos que hacer las cosas como corresponde\u201d. Las explicaciones que Yael Falc\u00f3n P\u00e9rez le daba al entrenador de Godoy Cruz, Ernesto Pedernera, eran de un sentido com\u00fan abrumador. Pero llamaron la atenci\u00f3n por lo poco \u201ccom\u00fan\u201d [&hellip;]<\/p>\n","protected":false},"author":1,"featured_media":96252,"comment_status":"open","ping_status":"closed","sticky":false,"template":"","format":"standard","meta":[],"categories":[16],"tags":[],"_links":{"self":[{"href":"http:\/\/hoycordobaweb.com\/index.php\/wp-json\/wp\/v2\/posts\/96251"}],"collection":[{"href":"http:\/\/hoycordobaweb.com\/index.php\/wp-json\/wp\/v2\/posts"}],"about":[{"href":"http:\/\/hoycordobaweb.com\/index.php\/wp-json\/wp\/v2\/types\/post"}],"author":[{"embeddable":true,"href":"http:\/\/hoycordobaweb.com\/index.php\/wp-json\/wp\/v2\/users\/1"}],"replies":[{"embeddable":true,"href":"http:\/\/hoycordobaweb.com\/index.php\/wp-json\/wp\/v2\/comments?post=96251"}],"version-history":[{"count":0,"href":"http:\/\/hoycordobaweb.com\/index.php\/wp-json\/wp\/v2\/posts\/96251\/revisions"}],"wp:featuredmedia":[{"embeddable":true,"href":"http:\/\/hoycordobaweb.com\/index.php\/wp-json\/wp\/v2\/media\/96252"}],"wp:attachment":[{"href":"http:\/\/hoycordobaweb.com\/index.php\/wp-json\/wp\/v2\/media?parent=96251"}],"wp:term":[{"taxonomy":"category","embeddable":true,"href":"http:\/\/hoycordobaweb.com\/index.php\/wp-json\/wp\/v2\/categories?post=96251"},{"taxonomy":"post_tag","embeddable":true,"href":"http:\/\/hoycordobaweb.com\/index.php\/wp-json\/wp\/v2\/tags?post=96251"}],"curies":[{"name":"wp","href":"https:\/\/api.w.org\/{rel}","templated":true}]}}