{"id":96243,"date":"2025-02-06T05:38:16","date_gmt":"2025-02-06T05:38:16","guid":{"rendered":"http:\/\/hoycordobaweb.com\/index.php\/2025\/02\/06\/sede-y-fecha-confirmadas-para-la-supercopa-internacional-entre-river-y-talleres-bolavip\/"},"modified":"2025-02-06T05:38:16","modified_gmt":"2025-02-06T05:38:16","slug":"sede-y-fecha-confirmadas-para-la-supercopa-internacional-entre-river-y-talleres-bolavip","status":"publish","type":"post","link":"http:\/\/hoycordobaweb.com\/index.php\/2025\/02\/06\/sede-y-fecha-confirmadas-para-la-supercopa-internacional-entre-river-y-talleres-bolavip\/","title":{"rendered":"Sede y fecha confirmadas para la Supercopa Internacional entre River y Talleres &#8211; Bolavip"},"content":{"rendered":"<p>Por segunda edici\u00f3n, la Supercopa Internacional consagrar\u00e1 a un equipo del <b>f\u00fatbol argentino<\/b> fuera del pa\u00eds. En esta ocasi\u00f3n, los campeones de la&nbsp;&#8230; <\/p>\n","protected":false},"excerpt":{"rendered":"<p>Por segunda edici\u00f3n, la Supercopa Internacional consagrar\u00e1 a un equipo del f\u00fatbol argentino fuera del pa\u00eds. En esta ocasi\u00f3n, los campeones de la&nbsp;&#8230;<\/p>\n","protected":false},"author":1,"featured_media":0,"comment_status":"closed","ping_status":"closed","sticky":false,"template":"","format":"standard","meta":[],"categories":[22],"tags":[],"_links":{"self":[{"href":"http:\/\/hoycordobaweb.com\/index.php\/wp-json\/wp\/v2\/posts\/96243"}],"collection":[{"href":"http:\/\/hoycordobaweb.com\/index.php\/wp-json\/wp\/v2\/posts"}],"about":[{"href":"http:\/\/hoycordobaweb.com\/index.php\/wp-json\/wp\/v2\/types\/post"}],"author":[{"embeddable":true,"href":"http:\/\/hoycordobaweb.com\/index.php\/wp-json\/wp\/v2\/users\/1"}],"replies":[{"embeddable":true,"href":"http:\/\/hoycordobaweb.com\/index.php\/wp-json\/wp\/v2\/comments?post=96243"}],"version-history":[{"count":0,"href":"http:\/\/hoycordobaweb.com\/index.php\/wp-json\/wp\/v2\/posts\/96243\/revisions"}],"wp:attachment":[{"href":"http:\/\/hoycordobaweb.com\/index.php\/wp-json\/wp\/v2\/media?parent=96243"}],"wp:term":[{"taxonomy":"category","embeddable":true,"href":"http:\/\/hoycordobaweb.com\/index.php\/wp-json\/wp\/v2\/categories?post=96243"},{"taxonomy":"post_tag","embeddable":true,"href":"http:\/\/hoycordobaweb.com\/index.php\/wp-json\/wp\/v2\/tags?post=96243"}],"curies":[{"name":"wp","href":"https:\/\/api.w.org\/{rel}","templated":true}]}}