{"id":96169,"date":"2025-02-05T16:55:33","date_gmt":"2025-02-05T16:55:33","guid":{"rendered":"https:\/\/www.mujerhoy.com\/moda\/no-te-pierdas\/look-reina-letizia-traje-rosa-hugo-boss-pendientes-rubies-reunion-patronato-instituto-cervantes-20250205164459-nt.html"},"modified":"2025-02-05T16:55:33","modified_gmt":"2025-02-05T16:55:33","slug":"la-reina-letizia-combina-su-traje-rosa-de-hugo-boss-favorito-con-pendientes-de-rubies-en-la-reunion-anual-del-patronato-del-instituto-cervantes","status":"publish","type":"post","link":"http:\/\/hoycordobaweb.com\/index.php\/2025\/02\/05\/la-reina-letizia-combina-su-traje-rosa-de-hugo-boss-favorito-con-pendientes-de-rubies-en-la-reunion-anual-del-patronato-del-instituto-cervantes\/","title":{"rendered":"La reina Letizia combina su traje rosa de Hugo Boss favorito con pendientes de rub\u00edes en la reuni\u00f3n anual del Patronato del Instituto Cervantes"},"content":{"rendered":"<p><!-- AUTHOR --> <\/p>\n<div class=\"voc-author-timesocial \"> <!-- AUTHOR --> <\/p>\n<div class=\"voc-author-timesocial__signature \">\n<div class=\"voc-author-timesocial__img-c\"> <!-- IMAGE AUTHOR --> <picture class=\"voc-image-signature\"> <img class=\"voc-image-signature__img\" src=\"http:\/\/hoycordobaweb.com\/wp-content\/uploads\/2025\/02\/la-reina-letizia-combina-su-traje-rosa-de-hugo-boss-favorito-con-pendientes-de-rubies-en-la-reunion-anual-del-patronato-del-instituto-cervantes.jpg\" alt=\"Sonia G\u00f3mez\"> <\/picture> <\/div>\n<p> <!-- INFO AUTHOR --> <\/div><\/div>\n<p> <!-- COMPONENTS --> <\/p>\n<p class=\"voc-paragraph\" data-mrf-recirculation=\"Link art\u00edculo\">Segunda cita de la semana en la <strong>agenda oficial de Letizia<\/strong>. La reina presidi\u00f3 este martes el acto organizado por la Asociaci\u00f3n Espa\u00f1ola Contra el C\u00e1ncer con motivo del \u00abD\u00eda Mundial Contra el C\u00e1ncer\u00bb con un bonito y primaveral <a data-voc-vtm-id=\"in-text-traffic\" href=\"https:\/\/www.mujerhoy.com\/moda\/no-te-pierdas\/reina-letizia-vestido-repite-color-primavera-favorecedor-dia-mundial-contra-cancer-20250204111651-nt.html\" data-mrf-link=\"https:\/\/www.mujerhoy.com\/moda\/no-te-pierdas\/reina-letizia-vestido-repite-color-primavera-favorecedor-dia-mundial-contra-cancer-20250204111651-nt.html\">vestido verde<\/a><br \/>\n. Y hoy ha acudido junto al rey Felipe a la <strong>reuni\u00f3n anual del Patronato del Instituto Cervantes<\/strong> celebrada este mi\u00e9rcoles en el Palacio Real con un <strong>look rosa y burdeos<\/strong> s\u00faper tendencia y sus pendientes de rub\u00edes m\u00e1s bonitos.\n<\/p>\n<p class=\"voc-paragraph\" data-mrf-recirculation=\"Link art\u00edculo\">Una intervenci\u00f3n esencial para <strong>Casa Real<\/strong> que se iba a celebrar el pasado mes de noviembre pero que <a data-voc-vtm-id=\"in-text-traffic\" href=\"https:\/\/www.mujerhoy.com\/celebrities\/realeza\/reyes-felipe-letizia-nueva-agenda-regreso-valencia-fecha-20241105143152-nt.html\" data-mrf-link=\"https:\/\/www.mujerhoy.com\/celebrities\/realeza\/reyes-felipe-letizia-nueva-agenda-regreso-valencia-fecha-20241105143152-nt.html\">se aplaz\u00f3 por la tragedia de la DANA<\/a> en Valencia y otros puntos de Espa\u00f1a. Una cat\u00e1strofe a la que los reyes quisieron dar la m\u00e1xima ayuda y prioridad en su agenda.\n<\/p>\n<p class=\"voc-paragraph\" data-mrf-recirculation=\"Link art\u00edculo\">Este 5 de febrero ha sido el d\u00eda elegido para retomar este encuentro con el m\u00e1ximo \u00f3rgano rector de la Instituci\u00f3n Cervantes, donde los reyes tambi\u00e9n han hecho <strong>entrega del \u00abPremio \u00d1\u00bb<\/strong>, un galard\u00f3n que distingue a personalidades que destacan por su labor de difusi\u00f3n internacional de la lengua espa\u00f1ola.\n<\/p>\n<p><h3 class=\"voc-detail__title\"> El look de la reina Letizia en la reuni\u00f3n anual del Patronato del Instituto Cervantes<br \/>\n<\/h3>\n<\/p>\n<p class=\"voc-paragraph\" data-mrf-recirculation=\"Link art\u00edculo\">En cuanto al estilismo de la reina Letizia, que es otro de los detalles m\u00e1s comentados de esta ocasi\u00f3n, se ha mantenido en el <strong>estilo m\u00e1s sobrio y pragm\u00e1tico<\/strong> al que lleva ya meses recurriendo para los <strong>d\u00edas de trabajo<\/strong>, y que diferencia muy bien de los de gala o celebraci\u00f3n.\n<\/p>\n<p class=\"voc-paragraph\" data-mrf-recirculation=\"Link art\u00edculo\">La prueba m\u00e1s evidente de este giro en sus elecciones estil\u00edsticas actuales es el look que llev\u00f3 en 2019 para esta misma cita, donde se decant\u00f3 por un <a data-voc-vtm-id=\"in-text-traffic\" href=\"https:\/\/www.mujerhoy.com\/celebrities\/realeza\/201910\/02\/look-letizia-hace-tipazo-pero-hace-mas-mayor-20191002173511.html\" data-mrf-link=\"https:\/\/www.mujerhoy.com\/celebrities\/realeza\/201910\/02\/look-letizia-hace-tipazo-pero-hace-mas-mayor-20191002173511.html\">conjunto de raso con estampado<\/a> de flores firmado por Juan Duyos muy original y llamativo, junto a unos espectaculares zapatos de tac\u00f3n de Prada.\n<\/p>\n<div class=\"voc-detail-photo-zoom\"> <picture data-toggle=\"modal\" data-target=\"#photoZoomModal-916\" target=\"modal\">\n<div class=\"voc-img-icon-link\"> <img loading=\"lazy\" src=\"http:\/\/hoycordobaweb.com\/wp-content\/uploads\/2025\/02\/la-reina-letizia-combina-su-traje-rosa-de-hugo-boss-favorito-con-pendientes-de-rubies-en-la-reunion-anual-del-patronato-del-instituto-cervantes-1.jpg\" width=\"650\" height=\"900\" alt=\"La reina Letizia con traje rosa y zapatos burdeos, el color tendencia de la temporada. Foto: Limited Pictures.\"> <noscript> <img src=\"http:\/\/hoycordobaweb.com\/wp-content\/uploads\/2025\/02\/la-reina-letizia-combina-su-traje-rosa-de-hugo-boss-favorito-con-pendientes-de-rubies-en-la-reunion-anual-del-patronato-del-instituto-cervantes-1.jpg\" alt=\"La reina Letizia con traje rosa y zapatos burdeos, el color tendencia de la temporada. Foto: Limited Pictures.\"> <\/noscript> <i class=\"voc-icons zoom voc-multimedia-box voc-ico-l\"><\/i> <\/div><figcaption class=\"figure-caption\">La reina Letizia con traje rosa y zapatos burdeos, el color tendencia de la temporada. Foto: Limited Pictures.<\/figcaption><\/picture>\n<\/div>\n<div id=\"photoZoomModal-916\" class=\"voc-lightbox modal fade voc-lightbox--photo-zoom\" role=\"dialog\" data-voc-photozoom-lightbox>\n<div class=\"voc-lightbox__dialog\" role=\"document\">\n<div class=\"voc-lightbox__content\"> <!-- Modal header --> <!-- Modal content --> <\/p>\n<div class=\"voc-lightbox__photo-container\"> <picture class> <img loading=\"lazy\" src=\"http:\/\/hoycordobaweb.com\/wp-content\/uploads\/2025\/02\/la-reina-letizia-combina-su-traje-rosa-de-hugo-boss-favorito-con-pendientes-de-rubies-en-la-reunion-anual-del-patronato-del-instituto-cervantes-1.jpg\" alt=\"La reina Letizia con traje rosa y zapatos burdeos, el color tendencia de la temporada. Foto: Limited Pictures.\"> <noscript> <img src=\"http:\/\/hoycordobaweb.com\/wp-content\/uploads\/2025\/02\/la-reina-letizia-combina-su-traje-rosa-de-hugo-boss-favorito-con-pendientes-de-rubies-en-la-reunion-anual-del-patronato-del-instituto-cervantes-1.jpg\" alt=\"La reina Letizia con traje rosa y zapatos burdeos, el color tendencia de la temporada. Foto: Limited Pictures.\"> <\/noscript> <\/picture> <\/div><\/div><\/div>\n<\/div>\n<p class=\"voc-paragraph\" data-mrf-recirculation=\"Link art\u00edculo\">Eso s\u00ed, aunque el giro sea austero y discreto, la consorte no ha perdido ni un \u00e1pice de elegancia y buen gusto. Letizia se ha puesto de nuevo el <strong>traje rosa pastel de Hugo Boss<\/strong> que en tantas ocasiones le hemos visto desde hace m\u00e1s de cinco a\u00f1os.\n<\/p>\n<p class=\"voc-paragraph\" data-mrf-recirculation=\"Link art\u00edculo\">Dos piezas cl\u00e1sicas tipo sastre que ha combinado a la perfecci\u00f3n al llevarlas al terreno de las tendencias de la temporada: ha unido la blazer y el pantal\u00f3n a un <strong>jersey de punto<\/strong> b\u00e1sico y cuello redondo de Falconeri (el mismo que llev\u00f3 <a data-voc-vtm-id=\"in-text-traffic\" href=\"https:\/\/www.mujerhoy.com\/moda\/no-te-pierdas\/reina-letizia-deslumbra-pascua-militar-vestido-burdeos-pendientes-perlas-20250106121229-nt.html\" data-mrf-link=\"https:\/\/www.mujerhoy.com\/moda\/no-te-pierdas\/reina-letizia-deslumbra-pascua-militar-vestido-burdeos-pendientes-perlas-20250106121229-nt.html\">en la Pascua Militar<\/a><br \/>\n), y a unos <strong>zapatos de tac\u00f3n c\u00f3modo<\/strong>.\n<\/p>\n<div class=\"voc-detail-photo-zoom\"> <picture data-toggle=\"modal\" data-target=\"#photoZoomModal-122\" target=\"modal\">\n<div class=\"voc-img-icon-link\"> <img loading=\"lazy\" src=\"http:\/\/hoycordobaweb.com\/wp-content\/uploads\/2025\/02\/la-reina-letizia-combina-su-traje-rosa-de-hugo-boss-favorito-con-pendientes-de-rubies-en-la-reunion-anual-del-patronato-del-instituto-cervantes-2.jpg\" width=\"650\" height=\"900\" alt=\"La reina Letizia con los pendientes rub\u00edes de la joyer\u00eda madrile\u00f1a Aldao. Foto: Limited Pictures.\"> <noscript> <img src=\"http:\/\/hoycordobaweb.com\/wp-content\/uploads\/2025\/02\/la-reina-letizia-combina-su-traje-rosa-de-hugo-boss-favorito-con-pendientes-de-rubies-en-la-reunion-anual-del-patronato-del-instituto-cervantes-2.jpg\" alt=\"La reina Letizia con los pendientes rub\u00edes de la joyer\u00eda madrile\u00f1a Aldao. Foto: Limited Pictures.\"> <\/noscript> <i class=\"voc-icons zoom voc-multimedia-box voc-ico-l\"><\/i> <\/div><figcaption class=\"figure-caption\">La reina Letizia con los pendientes rub\u00edes de la joyer\u00eda madrile\u00f1a Aldao. Foto: Limited Pictures.<\/figcaption><\/picture>\n<\/div>\n<div id=\"photoZoomModal-122\" class=\"voc-lightbox modal fade voc-lightbox--photo-zoom\" role=\"dialog\" data-voc-photozoom-lightbox>\n<div class=\"voc-lightbox__dialog\" role=\"document\">\n<div class=\"voc-lightbox__content\"> <!-- Modal header --> <!-- Modal content --> <\/p>\n<div class=\"voc-lightbox__photo-container\"> <picture class> <img loading=\"lazy\" src=\"http:\/\/hoycordobaweb.com\/wp-content\/uploads\/2025\/02\/la-reina-letizia-combina-su-traje-rosa-de-hugo-boss-favorito-con-pendientes-de-rubies-en-la-reunion-anual-del-patronato-del-instituto-cervantes-2.jpg\" alt=\"La reina Letizia con los pendientes rub\u00edes de la joyer\u00eda madrile\u00f1a Aldao. Foto: Limited Pictures.\"> <noscript> <img src=\"http:\/\/hoycordobaweb.com\/wp-content\/uploads\/2025\/02\/la-reina-letizia-combina-su-traje-rosa-de-hugo-boss-favorito-con-pendientes-de-rubies-en-la-reunion-anual-del-patronato-del-instituto-cervantes-2.jpg\" alt=\"La reina Letizia con los pendientes rub\u00edes de la joyer\u00eda madrile\u00f1a Aldao. Foto: Limited Pictures.\"> <\/noscript> <\/picture> <\/div><\/div><\/div>\n<\/div>\n<p class=\"voc-paragraph\" data-mrf-recirculation=\"Link art\u00edculo\">\u00bfLa clave de estilo diferencial? El <strong>color burdeos<\/strong> de la prenda de punto y del calzado que tanto se lleva este invierno. Para finalizar, ha a\u00f1adido el toque de poder\u00edo royal con los <strong>pendientes de rub\u00edes<\/strong> con oro blanco y diamantes que pertenecen a la m\u00edtica joyer\u00eda madrile\u00f1a Aldao. Tambi\u00e9n ha llevado su inseparable anillo Cornetero.\n<\/p>\n<p class=\"voc-paragraph\" data-mrf-recirculation=\"Link art\u00edculo\">Para terminar la <strong>agenda de la semana<\/strong>, la reina Letizia y el rey Felipe viajar\u00e1n hasta Caravaca de la Cruz, Murcia, para celebrar su A\u00f1o Jubilar 2024. Los monarcas visitar\u00e1n diferentes puntos de la localidad junto a la autoridades de la regi\u00f3n, y visitar\u00e1n la exposici\u00f3n \u00abEl Siglo de Tegeo\u00bb en la Antigua iglesia de la Compa\u00f1\u00eda de Jes\u00fas.\n<\/p>\n<p> <!-- TOPICS --> <\/p>\n","protected":false},"excerpt":{"rendered":"<p>Segunda cita de la semana en la agenda oficial de Letizia. La reina presidi\u00f3 este martes el acto organizado por la Asociaci\u00f3n Espa\u00f1ola Contra el C\u00e1ncer con motivo del \u00abD\u00eda Mundial Contra el C\u00e1ncer\u00bb con un bonito y primaveral vestido verde . Y hoy ha acudido junto al rey Felipe a la reuni\u00f3n anual del [&hellip;]<\/p>\n","protected":false},"author":1,"featured_media":96170,"comment_status":"closed","ping_status":"closed","sticky":false,"template":"","format":"standard","meta":[],"categories":[],"tags":[],"_links":{"self":[{"href":"http:\/\/hoycordobaweb.com\/index.php\/wp-json\/wp\/v2\/posts\/96169"}],"collection":[{"href":"http:\/\/hoycordobaweb.com\/index.php\/wp-json\/wp\/v2\/posts"}],"about":[{"href":"http:\/\/hoycordobaweb.com\/index.php\/wp-json\/wp\/v2\/types\/post"}],"author":[{"embeddable":true,"href":"http:\/\/hoycordobaweb.com\/index.php\/wp-json\/wp\/v2\/users\/1"}],"replies":[{"embeddable":true,"href":"http:\/\/hoycordobaweb.com\/index.php\/wp-json\/wp\/v2\/comments?post=96169"}],"version-history":[{"count":0,"href":"http:\/\/hoycordobaweb.com\/index.php\/wp-json\/wp\/v2\/posts\/96169\/revisions"}],"wp:featuredmedia":[{"embeddable":true,"href":"http:\/\/hoycordobaweb.com\/index.php\/wp-json\/wp\/v2\/media\/96170"}],"wp:attachment":[{"href":"http:\/\/hoycordobaweb.com\/index.php\/wp-json\/wp\/v2\/media?parent=96169"}],"wp:term":[{"taxonomy":"category","embeddable":true,"href":"http:\/\/hoycordobaweb.com\/index.php\/wp-json\/wp\/v2\/categories?post=96169"},{"taxonomy":"post_tag","embeddable":true,"href":"http:\/\/hoycordobaweb.com\/index.php\/wp-json\/wp\/v2\/tags?post=96169"}],"curies":[{"name":"wp","href":"https:\/\/api.w.org\/{rel}","templated":true}]}}