{"id":96154,"date":"2025-02-04T20:47:06","date_gmt":"2025-02-04T20:47:06","guid":{"rendered":"https:\/\/ladecimaweb.com\/?p=30993"},"modified":"2025-02-04T20:47:06","modified_gmt":"2025-02-04T20:47:06","slug":"la-provincia-construira-un-altonivel-sobre-av-velez-sarsfield-mas-grande-que-el-de-villa-el-libertador","status":"publish","type":"post","link":"http:\/\/hoycordobaweb.com\/index.php\/2025\/02\/04\/la-provincia-construira-un-altonivel-sobre-av-velez-sarsfield-mas-grande-que-el-de-villa-el-libertador\/","title":{"rendered":"La Provincia construir\u00e1 un altonivel sobre Av. V\u00e9lez Sarsfield, m\u00e1s grande que el de Villa El Libertador"},"content":{"rendered":"<div class=\"boldgrid-section\">\n<div class=\"container\">\n<div class=\"row\">\n<div class=\"col-md-12 col-xs-12 col-sm-12\">\n<article id=\"post-613622\" class=\"post-613622 post type-post status-publish format-standard has-post-thumbnail hentry category-informacion-general category-no-home ast-article-single\">\n<div class=\"ast-post-format- single-layout-1\">\n<div class=\"entry-content clear\" itemprop=\"text\">\n<p class=\"eplus-wrapper\"><strong><em>El gobernador Mart\u00edn Llaryora anunci\u00f3 el llamado a licitaci\u00f3n para la construcci\u00f3n de un altonivel sobre la Avenida V\u00e9lez Sarsfield de la ciudad de C\u00f3rdoba.<\/em><\/strong><\/p>\n<p class=\"\">El anuncio lo hizo en un acto encabezado hoy en el Centro Operativo 14 (V\u00e9lez Sarsfield 485), junto al intendente municipal Daniel Passerini y otros funcionarios provinciales.&nbsp;<\/p>\n<p class=\"eplus-wrapper\">La megaobra, de 600 metros de largo, se desarrollar\u00e1<strong> en el tramo comprendido entre la avenida Circunvalaci\u00f3n y la calle Posadas<\/strong>, en la zona urbana de C\u00f3rdoba de la ruta nacional 36, por la que<strong> circulan m\u00e1s de 3.6 millones de veh\u00edculos por a\u00f1o.<\/strong><\/p>\n<p class=\"eplus-wrapper\">Esta v\u00eda constituye, adem\u00e1s, la principal v\u00eda de comunicaci\u00f3n con el sur de la provincia a trav\u00e9s de la Autov\u00eda C\u00f3rdoba \u2013 R\u00edo Cuarto.<\/p>\n<p class=\"eplus-wrapper\">Al mismo tiempo, confluyen las ramas de ingreso y egreso a la Avenida de Circunvalaci\u00f3n, y las colectoras y calles importantes de la red vial urbana que<strong> sirven de comunicaci\u00f3n con barrios como Villa El Libertador, Coronel Olmedo, Inaudi, Las Huertillas y Comercial, entre otros.<\/strong><\/p>\n<p class=\"eplus-wrapper\">Por ese motivo en la zona se producen altos vol\u00famenes y mixturas de tr\u00e1nsito, cuya composici\u00f3n posee una gran incidencia de veh\u00edculos pesados, \u00f3mnibus y una fuerte presencia de veh\u00edculos livianos en las horas pico, que generan congesti\u00f3n, demoras y complicaciones para la circulaci\u00f3n.<\/p>\n<p class=\"eplus-wrapper\">Los trabajos implicar\u00e1n la intervenci\u00f3n de 1.000 metros de la avenida V\u00e9lez Sarsfield para el movimiento de maquinarias de gran porte y obreros. Se estima que <strong>la obra demandar\u00e1 unos 300 puestos de trabajo directos e indirectos.<\/strong><\/p>\n<p class=\"eplus-wrapper\">Llaryora reafirm\u00f3 el compromiso del Gobierno de C\u00f3rdoba con las <strong>inversiones en obra p\u00fablica<\/strong> que permitan mejorar la calidad de vida de los vecinos, impulsar la producci\u00f3n y generar m\u00e1s oportunidades de trabajo.<\/p>\n<p class=\"eplus-wrapper\"><strong><em>\u201cEn un momento en el que en el pa\u00eds se pierden puestos de trabajo, estamos haciendo un tremendo esfuerzo para que C\u00f3rdoba no pare\u201d<\/em>, sostuvo.<\/strong><\/p>\n<p class=\"eplus-wrapper\">Y afirm\u00f3 que<span>&nbsp;<\/span><em>\u201cpor la complejidad y el nivel que tiene, ser\u00e1 el mayor altonivel del pa\u00eds en construcci\u00f3n en este momento hist\u00f3rico\u00bb.<\/em><\/p>\n<p class=\" eplus-wrapper\">El mandatario provincial record\u00f3, adem\u00e1s, a los ex gobernadores Jos\u00e9 Manuel de la Sota y Juan Schiaretti, quienes tomaron la decisi\u00f3n de intervenir la ruta nacional 36, para convertirla en una autopista, ante la falta de obras y respuestas por parte del Gobierno Nacional.<\/p>\n<p class=\" eplus-wrapper\">&nbsp;<\/p>\n<figure class=\" wp-block-image size-large eplus-wrapper\">\n<p class=\"mod-reset\"><img loading=\"lazy\" class=\"wp-image-613633\" src=\"https:\/\/prensa.cba.gov.ar\/wp-content\/uploads\/2025\/02\/render-1024x581.jpg\" sizes=\"(max-width: 1024px) 100vw, 1024px\" srcset=\"https:\/\/prensa.cba.gov.ar\/wp-content\/uploads\/2025\/02\/render-1024x581.jpg 1024w, https:\/\/prensa.cba.gov.ar\/wp-content\/uploads\/2025\/02\/render-300x170.jpg 300w, https:\/\/prensa.cba.gov.ar\/wp-content\/uploads\/2025\/02\/render-768x436.jpg 768w, https:\/\/prensa.cba.gov.ar\/wp-content\/uploads\/2025\/02\/render.jpg 1444w\" alt=\"Render de la obra de altonivel en Av. V\u00e9lez Sarsfield\" width=\"657\" height=\"373\"><\/p>\n<\/figure>\n<figure class=\" wp-block-audio eplus-wrapper\">\n<p class=\"mod-reset\">&nbsp;<\/p>\n<\/figure>\n<p class=\" eplus-wrapper\">Llaryora destac\u00f3 el trabajo conjunto llevado a cabo con la Municipalidad de C\u00f3rdoba y el intendente Daniel Passerini, a trav\u00e9s de una articulaci\u00f3n permanente que posibilit\u00f3 la planificaci\u00f3n del altonivel.<\/p>\n<p class=\"eplus-wrapper\">En este sentido, record\u00f3 la labor mancomunada que desde el Gobierno de C\u00f3rdoba se concreta junto a intendentes y jefes comunales de toda la provincia<span>&nbsp;<\/span><em>\u201csin diferencias ideol\u00f3gicas ni partidarias\u00bb.<\/em><\/p>\n<p class=\"eplus-wrapper\"><strong>La obra, que ejecutar\u00e1 la empresa Caminos de las Sierras, prev\u00e9 la intervenci\u00f3n a lo largo de 1.000 metros de extensi\u00f3n<\/strong> para la construcci\u00f3n de un altonivel que posibilitar\u00e1 la sobreelevaci\u00f3n de la calzada principal de la Av. V\u00e9lez Sarsfield desde la calle Posadas hasta el cruce con la Circunvalaci\u00f3n.<\/p>\n<p class=\"eplus-wrapper\">Con estos trabajos se lograr\u00e1 la separaci\u00f3n del tr\u00e1nsito pasante, manteniendo en el nivel actual el tr\u00e1nsito frentista y regulando a trav\u00e9s de rotondas el flujo de las dos principales intersecciones: la calle Defensa y la colectora de Circunvalaci\u00f3n.<\/p>\n<p class=\"eplus-wrapper\">Con los trabajos que se llevar\u00e1n adelante <strong>se ordenar\u00e1 la circulaci\u00f3n en ese sector de la ciudad y se mejorar\u00e1 la seguridad vial<\/strong> tanto del tr\u00e1nsito local como del tr\u00e1nsito pasante que utiliza la Ruta Nacional 36 Autov\u00eda C\u00f3rdoba \u2013 R\u00edo Cuarto.<\/p>\n<p class=\"eplus-wrapper\"><strong>El presupuesto estimado es de alrededor de 47.764.447.500 millones de pesos y se prev\u00e9 un plazo de ejecuci\u00f3n de 18 meses.<\/strong><\/p>\n<p class=\"eplus-wrapper\">El intendente de la Ciudad de C\u00f3rdoba, Daniel Passerini, destac\u00f3 la generaci\u00f3n de empleo que implica el anuncio de esta obra y expres\u00f3:<span>&nbsp;<\/span><em>\u00abUn buen gobierno tiene que hacer las obras que las ciudades, los pueblos y las provincias necesitan. Esas son las gestiones que apuestan y resuelven\u00bb.<\/em><\/p>\n<p class=\"eplus-wrapper\">Mientras que, el ministro de Infraestructura y Servicios P\u00fablicos, Fabi\u00e1n L\u00f3pez, asegur\u00f3 que se trata de una obra de infraestructura vial con un fuerte impacto global que \u201c<em>con <strong>un intercambiador y viaducto m\u00e1s grande que el de Villa El Libertador.<\/strong> Por esta v\u00eda ingresan y egresan m\u00e1s de 3 millones 600 mil veh\u00edculos\u201d.<\/em><\/p>\n<p class=\"eplus-wrapper\"><strong>Detalle de los trabajos<\/strong><\/p>\n<p class=\"eplus-wrapper\">El viaducto del altonivel que se va a ejecutar en ese sector de la avenida V\u00e9lez Sarsfield tendr\u00e1 una<strong> longitud de 607 metros<\/strong>, finalizando en la vinculaci\u00f3n con el intercambiador en la intersecci\u00f3n con la Circunvalaci\u00f3n, tanto con su calzada principal como las ramas de ingreso y egreso de la misma.<\/p>\n<p class=\"eplus-wrapper\"><strong>La nueva traza contar\u00e1 con dos carriles por sentido de circulaci\u00f3n,<\/strong> separador central tipo new jersey y banquinas a ambos lados de la calzada.<\/p>\n<p class=\"eplus-wrapper\">En la parte inferior del altonivel se proyectaron calles frentistas que comenzar\u00e1n a ambos lados de los muros de sostenimiento del viaducto y se desarrollar\u00e1n a trav\u00e9s de una avenida urbana con dos carriles por sentido de circulaci\u00f3n y un cantero central de tres metros hasta la intersecci\u00f3n con la colectora de Circunvalaci\u00f3n.<\/p>\n<p class=\"eplus-wrapper\">Para resolver los cruces y giros del flujo vehicular <strong>se ejecutar\u00e1n tres rotondas:<\/strong> una en el cruce con la calle Defensa, la segunda en la intersecci\u00f3n con la colectora sur de Circunvalaci\u00f3n y la tercera en la intersecci\u00f3n con calle Minuzzi.<\/p>\n<p class=\"eplus-wrapper\">Los trabajos incluyen la construcci\u00f3n de un retorno para vincular las calles frentistas con la avenida bajo el altonivel.<\/p>\n<p class=\"eplus-wrapper\">Asimismo, se llevar\u00e1 adelante la vinculaci\u00f3n del altonivel con las ramas directas de enlace del distribuidor de enlace del anillo de Circunvalaci\u00f3n con la Ruta 36.<\/p>\n<p class=\"eplus-wrapper\">Como parte de las obras se realizar\u00e1 la relocalizaci\u00f3n de servicios; se ejecutar\u00e1n obras de drenaje tales como cordones cuneta, conductos, c\u00e1maras y sumideros; y obras de seguridad como se\u00f1alizaci\u00f3n vertical, demarcaci\u00f3n horizontal y colocaci\u00f3n de barreras de defensa.<\/p>\n<p class=\"eplus-wrapper\">&nbsp;<\/p>\n<p><iframe loading=\"lazy\" title=\"YouTube video player\" src=\"https:\/\/www.youtube.com\/embed\/qhF34_GP2Bw?si=tm6p1mYWhp-XhWiN\" width=\"560\" height=\"315\" frameborder=\"0\" allowfullscreen=\"allowfullscreen\" data-mce-fragment=\"1\"><\/iframe><\/p>\n<p class=\"\">&nbsp;<\/p>\n<p class=\" eplus-wrapper\">\n<div class=\"ubm_banner\"><a href=\"https:\/\/www.cba.gov.ar\/dengue\/\" target=\"_blank\" rel=\"dofollow noopener noreferrer\"><img src=\"http:\/\/hoycordobaweb.com\/wp-content\/uploads\/2025\/02\/la-provincia-construira-un-altonivel-sobre-av-velez-sarsfield-mas-grande-que-el-de-villa-el-libertador.gif\" alt=\"\"><\/a><\/div>\n<p class=\" eplus-wrapper\">&nbsp;<\/p>\n<\/div>\n<\/div>\n<\/article>\n<\/div>\n<\/div>\n<\/div>\n<\/div>\n<p>La entrada <a rel=\"nofollow\" href=\"https:\/\/ladecimaweb.com\/la-provincia-construira-un-altonivel-sobre-av-velez-sarsfield\/\">La Provincia construir\u00e1 un altonivel sobre Av. V\u00e9lez Sarsfield, m\u00e1s grande que el de Villa El Libertador<\/a> se public\u00f3 primero en <a rel=\"nofollow\" href=\"https:\/\/ladecimaweb.com\">LaDecima<\/a>.<\/p>\n","protected":false},"excerpt":{"rendered":"<p>El gobernador Mart\u00edn Llaryora anunci\u00f3 el llamado a licitaci\u00f3n para la construcci\u00f3n de un altonivel sobre la Avenida V\u00e9lez Sarsfield de la ciudad de C\u00f3rdoba. El anuncio lo hizo en un acto encabezado hoy en el Centro Operativo 14 (V\u00e9lez Sarsfield 485), junto al intendente municipal Daniel Passerini y otros funcionarios provinciales.&nbsp; La megaobra, de [&hellip;]<\/p>\n","protected":false},"author":1,"featured_media":0,"comment_status":"closed","ping_status":"closed","sticky":false,"template":"","format":"standard","meta":[],"categories":[32],"tags":[],"_links":{"self":[{"href":"http:\/\/hoycordobaweb.com\/index.php\/wp-json\/wp\/v2\/posts\/96154"}],"collection":[{"href":"http:\/\/hoycordobaweb.com\/index.php\/wp-json\/wp\/v2\/posts"}],"about":[{"href":"http:\/\/hoycordobaweb.com\/index.php\/wp-json\/wp\/v2\/types\/post"}],"author":[{"embeddable":true,"href":"http:\/\/hoycordobaweb.com\/index.php\/wp-json\/wp\/v2\/users\/1"}],"replies":[{"embeddable":true,"href":"http:\/\/hoycordobaweb.com\/index.php\/wp-json\/wp\/v2\/comments?post=96154"}],"version-history":[{"count":0,"href":"http:\/\/hoycordobaweb.com\/index.php\/wp-json\/wp\/v2\/posts\/96154\/revisions"}],"wp:attachment":[{"href":"http:\/\/hoycordobaweb.com\/index.php\/wp-json\/wp\/v2\/media?parent=96154"}],"wp:term":[{"taxonomy":"category","embeddable":true,"href":"http:\/\/hoycordobaweb.com\/index.php\/wp-json\/wp\/v2\/categories?post=96154"},{"taxonomy":"post_tag","embeddable":true,"href":"http:\/\/hoycordobaweb.com\/index.php\/wp-json\/wp\/v2\/tags?post=96154"}],"curies":[{"name":"wp","href":"https:\/\/api.w.org\/{rel}","templated":true}]}}