{"id":96061,"date":"2025-02-03T14:26:31","date_gmt":"2025-02-03T14:26:31","guid":{"rendered":"https:\/\/manoamanocba.com.ar\/?p=6949"},"modified":"2025-02-03T14:26:31","modified_gmt":"2025-02-03T14:26:31","slug":"la-fiesta-chayera-llega-a-capilla-del-monte","status":"publish","type":"post","link":"http:\/\/hoycordobaweb.com\/index.php\/2025\/02\/03\/la-fiesta-chayera-llega-a-capilla-del-monte\/","title":{"rendered":"La Fiesta Chayera llega a Capilla del Monte"},"content":{"rendered":"<div><img src=\"http:\/\/hoycordobaweb.com\/wp-content\/uploads\/2025\/02\/la-fiesta-chayera-llega-a-capilla-del-monte.png\" class=\"ff-og-image-inserted\"><\/div>\n<p>El pr\u00f3ximo jueves 13 de febrero, desde las 16 horas, el Faro de Capilla del Monte se llenar\u00e1 de m\u00fasica, danza y alegr\u00eda con la esperada edici\u00f3n de&nbsp;<strong>La Fiesta Chayera<\/strong>. Este evento, que celebra las ra\u00edces y tradiciones folcl\u00f3ricas, contar\u00e1 con las presentaciones de destacados artistas como&nbsp;<strong>Sergio Galleguillo<\/strong>,&nbsp;<strong>El Indio Lucio Rojas<\/strong>,&nbsp;<strong>Paquito Oca\u00f1o<\/strong>, adem\u00e1s de amigos y bandas invitadas que prometen una jornada inolvidable.<\/p>\n<h3>Artistas principales<\/h3>\n<h4>Sergio Galleguillo<\/h4>\n<p>El reconocido m\u00fasico riojano, multiinstrumentista y s\u00edmbolo de la chaya, traer\u00e1 todo el esp\u00edritu festivo que lo caracteriza. Con una trayectoria que abarca desde \u00abSergio Galleguillo y Los Amigos\u00bb hasta su exitosa carrera como solista, promete emocionarnos con su m\u00fasica y su carisma.<\/p>\n<h4>El Indio Lucio Rojas<\/h4>\n<p>Exintegrante de Los Carabajal y hermano de Jorge Rojas, El Indio es una figura destacada del folclore nacional. Su potente voz y su energ\u00eda sobre el escenario har\u00e1n vibrar a todos los presentes en una verdadera fiesta.<\/p>\n<h4>Paquito Oca\u00f1o<\/h4>\n<p>Conocido como \u00abEl Due\u00f1o de la Bailanta\u00bb, Paquito Oca\u00f1o es sin\u00f3nimo de alegr\u00eda y tradici\u00f3n. Su chamam\u00e9 aut\u00e9ntico y su estilo \u00fanico del norte cordob\u00e9s hacen de cada presentaci\u00f3n un momento inolvidable.<\/p>\n<h3>Informaci\u00f3n del evento<\/h3>\n<p>Entradas a la venta en <strong>Pase Show<\/strong>:&nbsp;<a href=\"https:\/\/www.paseshow.com.ar\/eventos\/fiesta-chayera-capilla-del-monte-13-febrero\" target=\"_blank\" rel=\"noopener noreferrer\" data-saferedirecturl=\"https:\/\/www.google.com\/url?q=https:\/\/www.paseshow.com.ar\/eventos\/fiesta-chayera-capilla-del-monte-13-febrero&amp;source=gmail&amp;ust=1738678691935000&amp;usg=AOvVaw3xa9JWc8N83bON8DpkJ53M\">https:\/\/www.paseshow.com.ar\/<wbr>eventos\/fiesta-chayera-<wbr>capilla-del-monte-13-febrero<\/a>. Tambi\u00e9n habr\u00e1 boleter\u00eda en el lugar. Menores pagan entrada desde los 10 a\u00f1os.<\/p>\n","protected":false},"excerpt":{"rendered":"<p>El pr\u00f3ximo jueves 13 de febrero, desde las 16 horas, el Faro de Capilla del Monte se llenar\u00e1 de m\u00fasica, danza y alegr\u00eda con la esperada edici\u00f3n de&nbsp;La Fiesta Chayera. Este evento, que celebra las ra\u00edces y tradiciones folcl\u00f3ricas, contar\u00e1 con las presentaciones de destacados artistas como&nbsp;Sergio Galleguillo,&nbsp;El Indio Lucio Rojas,&nbsp;Paquito Oca\u00f1o, adem\u00e1s de amigos [&hellip;]<\/p>\n","protected":false},"author":1,"featured_media":96062,"comment_status":"closed","ping_status":"closed","sticky":false,"template":"","format":"standard","meta":[],"categories":[19],"tags":[],"_links":{"self":[{"href":"http:\/\/hoycordobaweb.com\/index.php\/wp-json\/wp\/v2\/posts\/96061"}],"collection":[{"href":"http:\/\/hoycordobaweb.com\/index.php\/wp-json\/wp\/v2\/posts"}],"about":[{"href":"http:\/\/hoycordobaweb.com\/index.php\/wp-json\/wp\/v2\/types\/post"}],"author":[{"embeddable":true,"href":"http:\/\/hoycordobaweb.com\/index.php\/wp-json\/wp\/v2\/users\/1"}],"replies":[{"embeddable":true,"href":"http:\/\/hoycordobaweb.com\/index.php\/wp-json\/wp\/v2\/comments?post=96061"}],"version-history":[{"count":0,"href":"http:\/\/hoycordobaweb.com\/index.php\/wp-json\/wp\/v2\/posts\/96061\/revisions"}],"wp:featuredmedia":[{"embeddable":true,"href":"http:\/\/hoycordobaweb.com\/index.php\/wp-json\/wp\/v2\/media\/96062"}],"wp:attachment":[{"href":"http:\/\/hoycordobaweb.com\/index.php\/wp-json\/wp\/v2\/media?parent=96061"}],"wp:term":[{"taxonomy":"category","embeddable":true,"href":"http:\/\/hoycordobaweb.com\/index.php\/wp-json\/wp\/v2\/categories?post=96061"},{"taxonomy":"post_tag","embeddable":true,"href":"http:\/\/hoycordobaweb.com\/index.php\/wp-json\/wp\/v2\/tags?post=96061"}],"curies":[{"name":"wp","href":"https:\/\/api.w.org\/{rel}","templated":true}]}}