{"id":9600,"date":"2021-01-09T23:08:23","date_gmt":"2021-01-09T23:08:23","guid":{"rendered":"https:\/\/www.ole.com.ar\/colon\/emanuel-olivera-colon-peru-melgar_0_04CkQkhJC.html"},"modified":"2021-01-09T23:08:23","modified_gmt":"2021-01-09T23:08:23","slug":"emanuel-olivera-se-iria-de-colon-por-una-jugosa-oferta-en-dolares","status":"publish","type":"post","link":"http:\/\/hoycordobaweb.com\/index.php\/2021\/01\/09\/emanuel-olivera-se-iria-de-colon-por-una-jugosa-oferta-en-dolares\/","title":{"rendered":"Emanuel Olivera se ir\u00eda de Col\u00f3n por una jugosa oferta en d\u00f3lares"},"content":{"rendered":"<p><img src=\"http:\/\/hoycordobaweb.com\/wp-content\/uploads\/2021\/01\/emanuel-olivera-se-iria-de-colon-por-una-jugosa-oferta-en-dolares.jpg\"><\/p>\n<div><img src=\"http:\/\/hoycordobaweb.com\/wp-content\/uploads\/2021\/01\/emanuel-olivera-se-iria-de-colon-por-una-jugosa-oferta-en-dolares.jpg\" class=\"ff-og-image-inserted\"><\/div>\n<p><strong>Emanuel Olivera<\/strong>, jugador que fue clave en la defensa de Col\u00f3n en los \u00faltimos a\u00f1os y que particip\u00f3 de la hist\u00f3rica final de Copa Sudamericana, r<strong>esignar\u00eda una deuda importante y as\u00ed se ir\u00eda con el pase en su poder en estos d\u00edas, a pesar de que su contrato estaba vigente hasta junio de 2021.<\/strong>&nbsp;\u00bfCu\u00e1les son los motivos? Al Turro le sali\u00f3 una jugosa oferta imposible de rechazar y&nbsp;en d\u00f3lares en Per\u00fa, m\u00e1s espec\u00edficamente para jugar en <strong>Melgar<\/strong>.<\/p>\n<p> Apenas conoci\u00f3 el ofrecimiento fue directo a hablar con el t\u00e9cnico Eduardo Dom\u00ednguez, quien entendi\u00f3 la situaci\u00f3n y le dio luz verde para reunirse con los dirigentes. Olivera hab\u00eda llegado a Col\u00f3n en 2016, de la mano de Paolo Montero, y r\u00e1pidamente se transform\u00f3 en un pilar de la zaga central. Hoy, con 30 a\u00f1os, buscar\u00e1 un nuevo destino.<\/p>\n<p> A pesar de la jugosa oferta que tiene de Per\u00fa, hay otros dos clubes que tambi\u00e9n est\u00e1n interesados en contar con sus servicios. La idea del nacido en Laferrere es irse de Col\u00f3n por la puerta grande, habiendo consumado cuatro temporadas muy positivas con la camiseta del rojinegro. Al Sabalero tambi\u00e9n le servir\u00eda esta operaci\u00f3n&nbsp;porque liberar\u00eda&nbsp;uno de los contratos m\u00e1s altos del plantel y se ahorrar\u00eda&nbsp;de pagar la importante deuda que tiene&nbsp;tanto con el jugador como con su representante<\/p>\n<div class=\"entry-tags\">\n<h2>TEMAS QUE APARECEN EN ESTA NOTA<\/h2>\n<\/p><\/div>\n","protected":false},"excerpt":{"rendered":"<p>Emanuel Olivera, jugador que fue clave en la defensa de Col\u00f3n en los \u00faltimos a\u00f1os y que particip\u00f3 de la hist\u00f3rica final de Copa Sudamericana, resignar\u00eda una deuda importante y as\u00ed se ir\u00eda con el pase en su poder en estos d\u00edas, a pesar de que su contrato estaba vigente hasta junio de 2021.&nbsp;\u00bfCu\u00e1les son [&hellip;]<\/p>\n","protected":false},"author":1,"featured_media":9601,"comment_status":"open","ping_status":"closed","sticky":false,"template":"","format":"standard","meta":[],"categories":[16],"tags":[],"_links":{"self":[{"href":"http:\/\/hoycordobaweb.com\/index.php\/wp-json\/wp\/v2\/posts\/9600"}],"collection":[{"href":"http:\/\/hoycordobaweb.com\/index.php\/wp-json\/wp\/v2\/posts"}],"about":[{"href":"http:\/\/hoycordobaweb.com\/index.php\/wp-json\/wp\/v2\/types\/post"}],"author":[{"embeddable":true,"href":"http:\/\/hoycordobaweb.com\/index.php\/wp-json\/wp\/v2\/users\/1"}],"replies":[{"embeddable":true,"href":"http:\/\/hoycordobaweb.com\/index.php\/wp-json\/wp\/v2\/comments?post=9600"}],"version-history":[{"count":0,"href":"http:\/\/hoycordobaweb.com\/index.php\/wp-json\/wp\/v2\/posts\/9600\/revisions"}],"wp:featuredmedia":[{"embeddable":true,"href":"http:\/\/hoycordobaweb.com\/index.php\/wp-json\/wp\/v2\/media\/9601"}],"wp:attachment":[{"href":"http:\/\/hoycordobaweb.com\/index.php\/wp-json\/wp\/v2\/media?parent=9600"}],"wp:term":[{"taxonomy":"category","embeddable":true,"href":"http:\/\/hoycordobaweb.com\/index.php\/wp-json\/wp\/v2\/categories?post=9600"},{"taxonomy":"post_tag","embeddable":true,"href":"http:\/\/hoycordobaweb.com\/index.php\/wp-json\/wp\/v2\/tags?post=9600"}],"curies":[{"name":"wp","href":"https:\/\/api.w.org\/{rel}","templated":true}]}}