{"id":95996,"date":"2025-02-04T00:45:00","date_gmt":"2025-02-04T00:45:00","guid":{"rendered":"http:\/\/hoycordobaweb.com\/index.php\/2025\/02\/04\/milei-dijo-que-lo-sacaron-de-contexto-pero-insistio-la-ideologia-de-genero-llevada-al-extremo-conduce-al-abuso\/"},"modified":"2025-02-04T00:45:00","modified_gmt":"2025-02-04T00:45:00","slug":"milei-dijo-que-lo-sacaron-de-contexto-pero-insistio-la-ideologia-de-genero-llevada-al-extremo-conduce-al-abuso","status":"publish","type":"post","link":"http:\/\/hoycordobaweb.com\/index.php\/2025\/02\/04\/milei-dijo-que-lo-sacaron-de-contexto-pero-insistio-la-ideologia-de-genero-llevada-al-extremo-conduce-al-abuso\/","title":{"rendered":"Milei dijo que lo sacaron de contexto, pero insisti\u00f3: \u00abLa ideolog\u00eda de g\u00e9nero llevada al extremo conduce al abuso\u00bb"},"content":{"rendered":"<div class=\"media_block\"><\/div>\n<div><img src=\"http:\/\/hoycordobaweb.com\/wp-content\/uploads\/2025\/02\/milei-dijo-que-lo-sacaron-de-contexto-pero-insistio-la-ideologia-de-genero-llevada-al-extremo-conduce-al-abuso-1.jpg\" class=\"ff-og-image-inserted\"><\/div>\n<p>El <a target=\"_blank\" href=\"https:\/\/www.perfil.com\/noticias\/politica\/milei-tras-la-marcha-lgtbiq-me-apena-mucho-que-hayan-sido-usados-mediante-un-video-editado.phtml\" rel=\"noopener noreferrer\"><strong>presidente Javier Milei<\/strong><\/a> minimiz\u00f3 la marcha antifascista del pasado s\u00e1bado y sostuvo que participaron \u00abodiadores del Gobierno\u00bb y el \u00abtren fantasma\u00bb de la pol\u00edtica. Adem\u00e1s, insisti\u00f3 en que <strong>\u00abla ideolog\u00eda de g\u00e9nero llevada a su extremo conduce al abuso\u00bb<\/strong> y que quienes la promueven \u00ab<em>son ped\u00f3filos<\/em>\u00ab.<\/p>\n<p>En entrevista con el canal <em>LN+<\/em>, Milei expres\u00f3: \u00abSi vos ten\u00e9s una relaci\u00f3n homosexual \u00bfen qu\u00e9 me agred\u00eds? En nada. \u00bfEn qu\u00e9 afect\u00e1s a mi libertad? En nada. Yo no tengo nada que decir, hac\u00e9 lo que quieras, lo que me molesta es que quieras usar el Estado para imponer cosas, es el punto central que yo ataco en Davos\u00bb.<\/p>\n<p class=\"destacadoNota\"><a target=\"_blank\" href=\"https:\/\/www.perfil.com\/noticias\/economia\/javier-milei-pateo-la-salida-del-cepo-cambiario.phtml\" rel=\"noopener noreferrer\">Javier Milei pate\u00f3 la fecha de salida del cepo cambiario mientras negocia con el FMI<\/a><\/p>\n<div class=\"subscription\" readability=\"6.683257918552\">\n<p> Esto no les gusta a los autoritarios <\/p>\n<div class=\"subscription__container\" readability=\"6.1467391304348\">\n<div class=\"subscription__text-wrapper\" readability=\"31.20652173913\">\n<p> El ejercicio del periodismo profesional y cr\u00edtico es un pilar fundamental de la democracia. Por eso molesta a quienes creen ser los due\u00f1os de la verdad. <\/p>\n<\/p><\/div><\/div><\/div>\n<p>En ese sentido, el presidente volvi\u00f3 a decir que sus declaraciones en Davos fueron sacadas de contexto e insisti\u00f3: \u00ab<strong>Si no adher\u00eds a la ideolog\u00eda de g\u00e9nero, no sos ni homof\u00f3bico ni transf\u00f3bico. La ideolog\u00eda de g\u00e9nero llevada al extremo conduce al abuso. Por ende son ped\u00f3filos\u00bb.<\/strong><\/p>\n<p>En la misma entrevista, el mandatario consider\u00f3 que el Ministerio de la Mujer no sirvi\u00f3 porque \u00abAlberto Fern\u00e1ndez cagaba a trompadas a la mujer\u00bb.<\/p>\n<p>\u00ab<em>Para qu\u00e9 sirvi\u00f3 el Ministerio de Mujer si Alberto Fern\u00e1ndez cagaba a trompadas a la mujer<\/em>, si (Jos\u00e9) Alperovich violaba a la sobrina, si (Fernando) Espinoza acosaba a la secretaria\u00bb, subray\u00f3. \u00ab\u00bfC\u00f3mo cre\u00e9s que eso se arreglaba? \u00bfCon Ministerio de Mujer y cantitos? No, con mano dura\u00bb.<\/p>\n<h2>Milei defendi\u00f3 que sus dichos en Davos fueron tergiversados: \u00abEstos colectivos inventaron una mentira sobre mi persona\u00bb<\/h2>\n<p>Bautizada \u00abMarcha Federal del Orgullo Antifascista y Antirracista LGBTQI+\u00bb y convocada por movimientos feministas y de los colectivos de las diversidades sexuales, la manifestaci\u00f3n del s\u00e1bado fue organizada para rechazar el reciente discurso de Milei en el Foro de Davos sobre el feminismo y la comunidad LGBT.<\/p>\n<p>La movilizaci\u00f3n posiblemente haya sido la m\u00e1s multitudinaria contra el Gobierno desde la que se llev\u00f3 a cabo en abril por el financiamiento de la universidad p\u00fablica. Congreg\u00f3 tambi\u00e9n a referentes opositores, sindicatos y jubilados, as\u00ed como a artistas de talla internacional como Mar\u00eda Becerra y Lali Esp\u00f3sito.<\/p>\n<p>El detonante de la marcha fue la intervenci\u00f3n del mandatario argentino en el Foro Econ\u00f3mico de Davos el pasado 23 de enero. En l\u00ednea con su \u00abbatalla cultural\u00bb, carg\u00f3 contra el denominado \u00abwokismo\u00bb, asegur\u00f3 que el \u00abfeminismo radical\u00bb pretende \u00abprivilegios\u00bb, <strong>critic\u00f3 el concepto de \u00abfemicidio\u00bb y lo que llama \u00abideolog\u00eda de g\u00e9nero\u00bb, cuyas \u00abversiones m\u00e1s extremas\u00bb constituyen \u00ababuso infantil\u00bb.<\/strong><\/p>\n<p>\u00abA partir de lo que dije el pasado 23 de enero, estos colectivos inventaron una mentira sobre mi persona, una falacia del hombre de paja\u00bb, se defendi\u00f3 Milei en LN+.<\/p>\n<p>Y continu\u00f3: \u00ab<strong>En este caso, editaron parte de mi discurso de 29 minutos<\/strong>. Hay un fragmento que dedico a demoler el edificio <em>woke<\/em> y cuestiones de g\u00e9nero. Dura cerca de 1 minuto y medio. Ellos tomaron uno de los ejemplos, que tiene una extensi\u00f3n de 14 segundos, y le pusieron un remate de la parte final de este bloque\u00bb.<\/p>\n<p>\u00abA partir de esa mentira, los medios odiadores del Gobierno, que est\u00e1n enojados porque les quit\u00e9 la pauta, propagaron una mentira\u00bb, afirm\u00f3. \u00abAs\u00ed se gest\u00f3 una marcha en la que <em>terminaron apareciendo las mismas caras siniestras de siempre<\/em>\u00ab.<\/p>\n<p class=\"destacadoNota\"><a target=\"_blank\" href=\"https:\/\/www.perfil.com\/noticias\/politica\/una-baja-mas-para-las-fuerzas-del-cielo-el-gordo-dan-expulso-al-influencer-marco-palazzo.phtml\" rel=\"noopener noreferrer\">Una baja m\u00e1s para \u00abLas fuerzas del Cielo\u00bb: el \u00abGordo Dan\u00bb expuls\u00f3 al influencer Marco Palazzo<\/a><\/p>\n<p>\u00abFue una movilizaci\u00f3n en la que se ve\u00edan banderas del Partido Comunista, que asesinaban homosexuales. Hab\u00eda tambi\u00e9n banderas de Palestina. Termin\u00f3 siendo una convocatoria pol\u00edtica donde se juntaron todos los anti Milei\u00bb, agreg\u00f3.<\/p>\n<p><strong>\u00abEl hecho de que se tengan que juntar todos para enfrentarme muestra una situaci\u00f3n de enorme debilidad<\/strong>. Esto es la falacia del hombre de paja. Dicen que vos dijiste algo que no dijiste y a partir de eso te critican. Es una declaraci\u00f3n de inferioridad. Si vos para atacar a un tipo ten\u00e9s que mentir sobre esa persona\u2026\u00bb.<\/p>\n<h2>Javier Milei critic\u00f3 la presencia de Kicillof en la marcha: \u00abYo avis\u00e9 que era un in\u00fatil\u00bb<\/h2>\n<p>En entrevista con el canal LN+, el presidente critic\u00f3 la presencia del gobernador bonaerense, Axel Kicillof, en plena ola de inseguridad en la provincia y de Mart\u00edn Lousteau, Cristina Kirchner y Horacio Rodr\u00edguez Larreta.<\/p>\n<p><em>\u00abYo avis\u00e9 que Kicillof era un in\u00fatil. Parece que todo el tiempo se empecina en darme la raz\u00f3n. <\/em>El tiene una visi\u00f3n similar a la del juez Zaffaroni. Est\u00e1 a favor de los delincuentes. Y la gente responde a esos incentivos\u00bb, dijo Milei.<\/p>\n<p>\u00abLa Provincia es un ba\u00f1o de sangre. Estaba el caso de Lucas. Y sin embargo Kicillof prefiri\u00f3 hacer ruido pol\u00edtico en una marcha. Y no estaba solo. <strong>Lo acompa\u00f1aba el tren fantasma que compone tambi\u00e9n Lousteau, Larreta, Santoro, Carri\u00f3, La C\u00e1mpora y Cristina Fern\u00e1ndez de Kirchner\u00bb.<\/strong><\/p>\n<p class=\"destacadoNota\"><a target=\"_blank\" href=\"https:\/\/www.perfil.com\/noticias\/politica\/una-baja-mas-para-las-fuerzas-del-cielo-el-gordo-dan-expulso-al-influencer-marco-palazzo.phtml\" rel=\"noopener noreferrer\">Una baja m\u00e1s para \u00abLas fuerzas del Cielo\u00bb: el \u00abGordo Dan\u00bb expuls\u00f3 al influencer Marco Palazzo<\/a><\/p>\n<p>El presidente tambi\u00e9n apunt\u00f3 contra la ex mandataria Cristina Kirchner y remarc\u00f3 que \u00abes poca cosa, existe en Argentina nada m\u00e1s\u00bb<\/p>\n<p>\u00abNo me importa lo que diga ella. Es todo chiquitaje, cabotaje. Estoy para discutir otra cosa. <strong>Son muy cabotaje. Son muy poca cosa. Cristina es de cabotaje. Es conocida solo en Argentina. Nadie reconoce en ella un l\u00edder\u00bb, dijo.<\/strong><\/p>\n<p>Milei tambien cuestion\u00f3 a Mauricio Macri, al considerar que en su gesti\u00f3n busc\u00f3 implementar \u00abuna agenda socialdem\u00f3crata\u00bb, aunque insisti\u00f3 en que su relaci\u00f3n con el expresidente es buena. \u00abMacri posicion\u00f3 muy bien a la Argentina frente al mundo\u00bb, remarc\u00f3.<\/p>\n<p>\u00abLa \u00faltima vez que nos comunicamos fue cuando me mand\u00f3 un mensaje felicit\u00e1ndome por la baja de retenciones. Lo mismo puedo decir sobre la gente del Pro. <strong>No tengo ning\u00fan problema con ellos. Para ambos casos, existe una excelente relaci\u00f3n y pretendo que siga siendo as\u00ed\u00bb.<\/strong><\/p>\n<p>ds<\/p>\n","protected":false},"excerpt":{"rendered":"<p>El presidente Javier Milei minimiz\u00f3 la marcha antifascista del pasado s\u00e1bado y sostuvo que participaron \u00abodiadores del Gobierno\u00bb y el \u00abtren fantasma\u00bb de la pol\u00edtica. Adem\u00e1s, insisti\u00f3 en que \u00abla ideolog\u00eda de g\u00e9nero llevada a su extremo conduce al abuso\u00bb y que quienes la promueven \u00abson ped\u00f3filos\u00ab. En entrevista con el canal LN+, Milei expres\u00f3: [&hellip;]<\/p>\n","protected":false},"author":1,"featured_media":95997,"comment_status":"closed","ping_status":"closed","sticky":false,"template":"","format":"standard","meta":[],"categories":[19],"tags":[919,80,918],"_links":{"self":[{"href":"http:\/\/hoycordobaweb.com\/index.php\/wp-json\/wp\/v2\/posts\/95996"}],"collection":[{"href":"http:\/\/hoycordobaweb.com\/index.php\/wp-json\/wp\/v2\/posts"}],"about":[{"href":"http:\/\/hoycordobaweb.com\/index.php\/wp-json\/wp\/v2\/types\/post"}],"author":[{"embeddable":true,"href":"http:\/\/hoycordobaweb.com\/index.php\/wp-json\/wp\/v2\/users\/1"}],"replies":[{"embeddable":true,"href":"http:\/\/hoycordobaweb.com\/index.php\/wp-json\/wp\/v2\/comments?post=95996"}],"version-history":[{"count":0,"href":"http:\/\/hoycordobaweb.com\/index.php\/wp-json\/wp\/v2\/posts\/95996\/revisions"}],"wp:featuredmedia":[{"embeddable":true,"href":"http:\/\/hoycordobaweb.com\/index.php\/wp-json\/wp\/v2\/media\/95997"}],"wp:attachment":[{"href":"http:\/\/hoycordobaweb.com\/index.php\/wp-json\/wp\/v2\/media?parent=95996"}],"wp:term":[{"taxonomy":"category","embeddable":true,"href":"http:\/\/hoycordobaweb.com\/index.php\/wp-json\/wp\/v2\/categories?post=95996"},{"taxonomy":"post_tag","embeddable":true,"href":"http:\/\/hoycordobaweb.com\/index.php\/wp-json\/wp\/v2\/tags?post=95996"}],"curies":[{"name":"wp","href":"https:\/\/api.w.org\/{rel}","templated":true}]}}