{"id":95978,"date":"2025-02-03T00:16:55","date_gmt":"2025-02-03T00:16:55","guid":{"rendered":"https:\/\/www.ole.com.ar\/futbol-internacional\/inglaterra\/companeros-lujo-dibu-martinez-aston-villa_0_8yHomqGawN.html"},"modified":"2025-02-03T00:16:55","modified_gmt":"2025-02-03T00:16:55","slug":"los-dos-companeros-de-lujo-que-el-dibu-martinez-tendra-en-el-aston-villa","status":"publish","type":"post","link":"http:\/\/hoycordobaweb.com\/index.php\/2025\/02\/03\/los-dos-companeros-de-lujo-que-el-dibu-martinez-tendra-en-el-aston-villa\/","title":{"rendered":"Los dos compa\u00f1eros de lujo que el Dibu Mart\u00ednez tendr\u00e1 en el Aston Villa"},"content":{"rendered":"<p><img src=\"http:\/\/hoycordobaweb.com\/wp-content\/uploads\/2025\/02\/los-dos-companeros-de-lujo-que-el-dibu-martinez-tendra-en-el-aston-villa.jpg\"><\/p>\n<p><time class=\"createDate\" datetime=\"2025-02-02T21:16:55-03:00\">02\/02\/2025 21:16hs.<\/time><\/p>\n<div id=\"storyBody\">\n<div class=\"custom-text \" readability=\"32.576470588235\">\n<p>El <strong><a href=\"https:\/\/www.ole.com.ar\/tema\/aston-villa.html\" title=\"Aston Villa\" alt=\"Aston Villa\" class=\"slug\">Aston Villa<\/a> meti\u00f3 un bombazo en el mercado<\/strong> <strong>y se lleva, al menos por seis meses, a una de las figuras del <a href=\"https:\/\/www.ole.com.ar\/tema\/manchester-united.html\" title=\"Manchester United\" alt=\"Manchester United\" class=\"slug\">Manchester United<\/a>.<\/strong> <strong>Marcus Rashford<\/strong>, que no ten\u00eda lugar en los Red Devils del portugu\u00e9s Ruben Amorim, fue seducido por el proyecto del espa\u00f1ol <a href=\"https:\/\/www.ole.com.ar\/tema\/unai-emery.html\" title=\"Unai Emery\" alt=\"Unai Emery\" class=\"slug\">Unai Emery<\/a> y <strong>se suma al equipo de <a href=\"https:\/\/www.ole.com.ar\/tema\/damian-emiliano-martinez.html\" title=\"Dami\u00e1n Emiliano Mart\u00ednez\" alt=\"Dami\u00e1n Emiliano Mart\u00ednez\" class=\"slug\">Emiliano Mart\u00ednez<\/a> en busca de protagonismo y goles.<\/strong> <\/p>\n<\/div>\n<div class=\"custom-text \" readability=\"35\">\n<p>El delantero ingl\u00e9s, que en un momento son\u00f3 como refuerzo del Barcelona, finalmente <strong>jugar\u00e1 en el Aston Villa hasta junio con una opci\u00f3n de compra de 50.000.000 euros.<\/strong><\/p>\n<\/div>\n<p><h2>Un pr\u00e9stamo que rompe el mercado<\/h2>\n<\/p>\n<div class=\"custom-text \" readability=\"37.451612903226\">\n<p>La noticia se ven\u00eda cocinando y, despu\u00e9s de varios idas y vueltas, finalmente se confirm\u00f3: Rashford jugar\u00e1 en el Aston Villa. <strong>El acuerdo es una cesi\u00f3n por seis meses, con los Villanos cubriendo el 70% de su salario y la posibilidad de comprarlo en junio por una cifra cercana a los 50.000.000 euros.<\/strong> Un negocio redondo para el Villa, que <strong>suma un atacante top en plena pelea por la <a href=\"https:\/\/www.ole.com.ar\/tema\/champions-league.html\" title=\"Champions League\" alt=\"Champions League\" class=\"slug\">Champions League<\/a>.<\/strong><\/p>\n<\/div>\n<div class=\"sc-e7b891c4-0 ifHnQL image-embed\"><img alt=\"Rub\u00e9n Amorim y Rashford no han tenido una muy buena relaci\u00f3n y el delantero, que est\u00e1 lejos de su mejor versi\u00f3n, se fue del United.\" loading=\"lazy\" width=\"720\" height=\"100\" decoding=\"async\" data-nimg=\"1\" src=\"http:\/\/hoycordobaweb.com\/wp-content\/uploads\/2025\/02\/los-dos-companeros-de-lujo-que-el-dibu-martinez-tendra-en-el-aston-villa-2.jpg\"><span class=\"epigraphe\">Rub\u00e9n Amorim y Rashford no han tenido una muy buena relaci\u00f3n y el delantero, que est\u00e1 lejos de su mejor versi\u00f3n, se fue del United.<\/span><\/div>\n<div class=\"custom-text \" readability=\"38\">\n<p>La llegada de Rashford no fue sencilla. Seg\u00fan el medio The Sun, el delantero de 27 a\u00f1os ten\u00eda la intenci\u00f3n de seguir en el United o dar el salto a otro grande de Europa, pero ante la falta de ofertas concretas y el poco lugar que le daba Amorim en el equipo, opt\u00f3 por aceptar la propuesta del conjunto en el que ataja el Dibu.<\/p>\n<\/div>\n<div class=\"custom-text \" readability=\"36\">\n<p><strong>El delantero, que suma 138 goles con la camiseta del United, mantendr\u00e1 su contrato de 375.800 euros semanales<\/strong>, <strong>aunque su club de origen seguir\u00e1 pag\u00e1ndole el 25% de su sueldo.<\/strong><\/p>\n<\/div>\n<div class=\"sc-e7b891c4-0 ifHnQL image-embed\"><img alt=\"Aston Vill, junto a Monchi, anunci\u00f3 el pr\u00e9stamo de Marcus Rashford procedente del Manchester United (Foto: Prensa Aston Villa).\" loading=\"lazy\" width=\"720\" height=\"100\" decoding=\"async\" data-nimg=\"1\" src=\"http:\/\/hoycordobaweb.com\/wp-content\/uploads\/2025\/02\/los-dos-companeros-de-lujo-que-el-dibu-martinez-tendra-en-el-aston-villa-3.jpg\"><span class=\"epigraphe\">Aston Vill, junto a Monchi, anunci\u00f3 el pr\u00e9stamo de Marcus Rashford procedente del Manchester United (Foto: Prensa Aston Villa).<\/span><\/div>\n<p><h2>Un equipo con ambici\u00f3n europea<\/h2>\n<\/p>\n<div class=\"custom-text \" readability=\"36.765\">\n<p>El Aston Villa no solo se qued\u00f3 con Rashford. <strong>En las \u00faltimas horas tambi\u00e9n cerr\u00f3 la llegada de <a href=\"https:\/\/www.ole.com.ar\/tema\/marco-asensio.html\" title=\"Marco Asensio\" alt=\"Marco Asensio\" class=\"slug\">Marco Asensio<\/a><\/strong>, otro refuerzo de jerarqu\u00eda para la segunda mitad de la temporada. El espa\u00f1ol, que no ten\u00eda continuidad en el PSG de Luis Enrique y que estuvo cerca del Galatasaray de Turqu\u00eda, <strong>llegar\u00e1 a pr\u00e9stamo sin opci\u00f3n de compra<\/strong> y ser\u00e1 otra pieza clave en el ataque del equipo de Unai Emery.<\/p>\n<\/div>\n<div class=\"custom-text \" readability=\"36\">\n<p>Seg\u00fan el medio Relevo, Asensio buscaba minutos para mantenerse en forma de cara a la Champions League y el conjunto de la ciudad de Birmingham le ofreci\u00f3 un lugar en un equipo competitivo, que marcha octavo en la Premier y se meti\u00f3 entre los mejores ocho de Europa.<\/p>\n<\/div>\n<div class=\"sc-e7b891c4-0 ifHnQL image-embed\"><img alt=\"El espa\u00f1ol Marco Asensio jugar\u00e1 en el Aston Villa tambi\u00e9n.\" loading=\"lazy\" width=\"720\" height=\"100\" decoding=\"async\" data-nimg=\"1\" src=\"http:\/\/hoycordobaweb.com\/wp-content\/uploads\/2025\/02\/los-dos-companeros-de-lujo-que-el-dibu-martinez-tendra-en-el-aston-villa-4.jpg\"><span class=\"epigraphe\">El espa\u00f1ol Marco Asensio jugar\u00e1 en el Aston Villa tambi\u00e9n.<\/span><\/div>\n<div class=\"custom-text \" readability=\"38\">\n<p><strong>El director deportivo del club, Monchi, ya hab\u00eda intentado llevarse al exjugador del Real Madrid<\/strong> en otros mercados, pero reci\u00e9n ahora pudo cerrar su incorporaci\u00f3n.<strong> \u201cSiempre hemos querido a Marco. Tiene calidad y experiencia para aportar mucho al equipo\u201d, expres\u00f3<\/strong> en di\u00e1logo con El Larguero.<\/p>\n<\/div>\n<p><h2>Un traspaso que rompi\u00f3 el mercado saud\u00ed<\/h2>\n<\/p>\n<div class=\"custom-text \" readability=\"35\">\n<p><strong>La llegada de Rashford y Asensio fue posible en gran parte gracias a la venta de Jhon Dur\u00e1n.<\/strong> El delantero colombiano <strong>fue transferido al Al-Nassr de Arabia Saudita por cerca de 81.000.000 de euros<\/strong>, en una operaci\u00f3n que el club no pudo rechazar.<\/p>\n<\/div>\n<div class=\"custom-text \" readability=\"42\">\n<p>\u201cEs una operaci\u00f3n muy grande, de un jugador con un potencial tremendo. Pero ese tipo de ofertas, no solamente para el club, sino tambi\u00e9n para el jugador, a veces son dif\u00edciles de rechazar. Entre fijos y variables, vamos a estar cerca de los 85.000.000 euros, por lo que lo hemos aceptado\u201d, explic\u00f3 Monchi.<\/p>\n<\/div>\n<div class=\"custom-text \" readability=\"36\">\n<p><strong>Seg\u00fan datos de Transfermarkt, el valor de mercado de Dur\u00e1n hasta diciembre de 2024 era de 41.000.000 d\u00f3lares<\/strong>,<strong> mientras que en el Villa ganaba cerca de 4.000.000 anuales. La oferta del f\u00fatbol \u00e1rabe quintuplic\u00f3 su salario y facilit\u00f3 la salida.<\/strong><\/p>\n<\/div>\n<div class=\"sc-e7b891c4-0 ifHnQL image-embed\"><img alt=\"La venta millonaria de Jhon Dur\u00e1n al Al Nassr (77 millones de euros) ha sacado a la fiera del Aston Villa al mercado.\" loading=\"lazy\" width=\"720\" height=\"100\" decoding=\"async\" data-nimg=\"1\" src=\"http:\/\/hoycordobaweb.com\/wp-content\/uploads\/2025\/02\/los-dos-companeros-de-lujo-que-el-dibu-martinez-tendra-en-el-aston-villa-5.jpg\"><span class=\"epigraphe\">La venta millonaria de Jhon Dur\u00e1n al Al Nassr (77 millones de euros) ha sacado a la fiera del Aston Villa al mercado.<\/span><\/div>\n<p><h2>Rashford y Asensio, la dupla que ilusiona<\/h2>\n<\/p>\n<div class=\"custom-text \" readability=\"36\">\n<p>Con la llegada de estos dos nombres de peso, el Aston Villa apuesta fuerte a la segunda parte de la temporada. Rashford quiere recuperar su mejor versi\u00f3n y volver a ser considerado en la selecci\u00f3n inglesa, mientras que Asensio buscar\u00e1 m\u00e1s minutos y continuidad.<\/p>\n<\/div>\n<div class=\"custom-text \" readability=\"35\">\n<p><strong>Dibu Mart\u00ednez tendr\u00e1 ahora dos compa\u00f1eros de lujo para seguir so\u00f1ando en grande. El Aston Villa quiere meterse en la pelea por puestos de competencias internacionales en la Premier y dar la sorpresa en la Champions.<\/strong> Con estos refuerzos, la ilusi\u00f3n en sus hinchas est\u00e1 m\u00e1s encendida que nunca.<\/p>\n<\/div>\n<div class=\"sc-a7166897-0 eoLsBE\" readability=\"6\">\n<section readability=\"2\"><picture><img alt=\"Qu\u00e9 dijo Pep Guardiola tras el 5-1 del Arsenal al Manchester City\" loading=\"lazy\" width=\"290\" height=\"290\" decoding=\"async\" data-nimg=\"1\" src=\"http:\/\/hoycordobaweb.com\/wp-content\/uploads\/2025\/02\/los-dos-companeros-de-lujo-que-el-dibu-martinez-tendra-en-el-aston-villa-6.jpg\"><\/picture>\n<p><span>Mir\u00e1 tambi\u00e9n<\/span><\/p>\n<hr>\n<h3>Qu\u00e9 dijo Pep Guardiola tras el 5-1 del Arsenal al Manchester City<\/h3>\n<\/p>\n<\/section>\n<\/div>\n<div class=\"sc-a7166897-0 eoLsBE\" readability=\"6\">\n<section readability=\"2\"><picture><img alt=\"La preocupante frase de Ruben Amorim sobre la lesi\u00f3n de Lisandro Mart\u00ednez\" loading=\"lazy\" width=\"290\" height=\"290\" decoding=\"async\" data-nimg=\"1\" src=\"http:\/\/hoycordobaweb.com\/wp-content\/uploads\/2025\/02\/los-dos-companeros-de-lujo-que-el-dibu-martinez-tendra-en-el-aston-villa-7.jpg\"><\/picture>\n<p><span>Mir\u00e1 tambi\u00e9n<\/span><\/p>\n<hr>\n<h3>La preocupante frase de Ruben Amorim sobre la lesi\u00f3n de Lisandro Mart\u00ednez<\/h3>\n<\/p>\n<\/section>\n<\/div>\n<div class=\"sc-a7166897-0 eoLsBE\" readability=\"6\">\n<section readability=\"2\"><picture><img alt=\"Paliza del Arsenal al City para pisarle los talones al Liverpool de Mac Allister\" loading=\"lazy\" width=\"290\" height=\"290\" decoding=\"async\" data-nimg=\"1\" src=\"http:\/\/hoycordobaweb.com\/wp-content\/uploads\/2025\/02\/los-dos-companeros-de-lujo-que-el-dibu-martinez-tendra-en-el-aston-villa-8.jpg\"><\/picture>\n<p><span>Mir\u00e1 tambi\u00e9n<\/span><\/p>\n<hr>\n<h3>Paliza del Arsenal al City para pisarle los talones al Liverpool de Mac Allister<\/h3>\n<\/p>\n<\/section>\n<\/div>\n<\/div>\n","protected":false},"excerpt":{"rendered":"<p>02\/02\/2025 21:16hs. El Aston Villa meti\u00f3 un bombazo en el mercado y se lleva, al menos por seis meses, a una de las figuras del Manchester United. Marcus Rashford, que no ten\u00eda lugar en los Red Devils del portugu\u00e9s Ruben Amorim, fue seducido por el proyecto del espa\u00f1ol Unai Emery y se suma al equipo [&hellip;]<\/p>\n","protected":false},"author":1,"featured_media":95979,"comment_status":"open","ping_status":"closed","sticky":false,"template":"","format":"standard","meta":[],"categories":[16],"tags":[],"_links":{"self":[{"href":"http:\/\/hoycordobaweb.com\/index.php\/wp-json\/wp\/v2\/posts\/95978"}],"collection":[{"href":"http:\/\/hoycordobaweb.com\/index.php\/wp-json\/wp\/v2\/posts"}],"about":[{"href":"http:\/\/hoycordobaweb.com\/index.php\/wp-json\/wp\/v2\/types\/post"}],"author":[{"embeddable":true,"href":"http:\/\/hoycordobaweb.com\/index.php\/wp-json\/wp\/v2\/users\/1"}],"replies":[{"embeddable":true,"href":"http:\/\/hoycordobaweb.com\/index.php\/wp-json\/wp\/v2\/comments?post=95978"}],"version-history":[{"count":0,"href":"http:\/\/hoycordobaweb.com\/index.php\/wp-json\/wp\/v2\/posts\/95978\/revisions"}],"wp:featuredmedia":[{"embeddable":true,"href":"http:\/\/hoycordobaweb.com\/index.php\/wp-json\/wp\/v2\/media\/95979"}],"wp:attachment":[{"href":"http:\/\/hoycordobaweb.com\/index.php\/wp-json\/wp\/v2\/media?parent=95978"}],"wp:term":[{"taxonomy":"category","embeddable":true,"href":"http:\/\/hoycordobaweb.com\/index.php\/wp-json\/wp\/v2\/categories?post=95978"},{"taxonomy":"post_tag","embeddable":true,"href":"http:\/\/hoycordobaweb.com\/index.php\/wp-json\/wp\/v2\/tags?post=95978"}],"curies":[{"name":"wp","href":"https:\/\/api.w.org\/{rel}","templated":true}]}}