{"id":95796,"date":"2025-01-31T23:51:13","date_gmt":"2025-01-31T23:51:13","guid":{"rendered":"https:\/\/www.ole.com.ar\/futbol-internacional\/espana\/video-augusto-batalla-atajo-veces-penal-dio-triunfo-rayo-vallecano_0_piuQbvThZ1.html"},"modified":"2025-01-31T23:51:13","modified_gmt":"2025-01-31T23:51:13","slug":"video-augusto-batalla-atajo-dos-penales-y-le-dio-el-triunfo-sobre-la-hora-al-rayo-vallecano","status":"publish","type":"post","link":"http:\/\/hoycordobaweb.com\/index.php\/2025\/01\/31\/video-augusto-batalla-atajo-dos-penales-y-le-dio-el-triunfo-sobre-la-hora-al-rayo-vallecano\/","title":{"rendered":"Video: Augusto Batalla ataj\u00f3 dos penales y le dio el triunfo sobre la hora al Rayo Vallecano"},"content":{"rendered":"<p><img src=\"http:\/\/hoycordobaweb.com\/wp-content\/uploads\/2025\/02\/video-augusto-batalla-atajo-dos-penales-y-le-dio-el-triunfo-sobre-la-hora-al-rayo-vallecano.jpg\"><\/p>\n<p><span class=\"createDate\">31\/01\/2025 20:51hs.<\/span><time class=\"modificatedDate\" datetime=\"2025-01-31T20:52:35-03:00\"> Actualizado al 31\/01\/2025 20:52hs.<\/time><\/p>\n<div id=\"storyBody\">\n<div class=\"custom-text \" readability=\"33.362711864407\">\n<p><a href=\"https:\/\/www.ole.com.ar\/tema\/augusto-batalla.html\" title=\"Augusto Batalla\" alt=\"Augusto Batalla\" class=\"slug\">Augusto Batalla<\/a> atraviesa un enorme momento en el <a href=\"https:\/\/www.ole.com.ar\/tema\/rayo-vallecano.html\" title=\"Rayo Vallecano\" alt=\"Rayo Vallecano\" class=\"slug\">Rayo Vallecano<\/a> y este viernes sum\u00f3 otra actuaci\u00f3n notable para salvar a su equipo, <strong>que le gan\u00f3 1-0 al Legan\u00e9s como visitante en la fecha 22 gracias a un penal que ataj\u00f3 sobre la hora.<\/strong> M\u00e1s bien, fueron dos, aunque el primero se lo anularon.<\/p>\n<\/div>\n<div class=\"custom-text \" readability=\"40\">\n<p>El Rayo ganaba gracias a un gol a los 77&#8242; de Path\u00e9 Ciss. Y estaba llev\u00e1ndose la victoria en un partido que tendr\u00eda unos \u00faltimos minutos para el infarto. Con los 90&#8242; cumplidos y cinco de adici\u00f3n, <strong>al Legan\u00e9s le cobraron un penal en la \u00faltima que le daba la chance de cerrar el partido con un empate.<\/strong> El encargado de ejecutarlo fue Miguel de la Fuente, quien remat\u00f3 a la esquina inferior izquierda del arquero, <strong>y el argentino adivin\u00f3 correctamente, pero el juez lo anul\u00f3 porque consider\u00f3 que Batalla se adelant\u00f3. Tras la revisi\u00f3n en el VAR, se ratific\u00f3 su decisi\u00f3n.<\/strong><\/p>\n<\/div>\n<div class=\"custom-text \" readability=\"38\">\n<p>Es por eso que el penal debi\u00f3 ser ejecutado nuevamente y fue otra vez De la Fuente el que puso la pelota en el punto. En esta oportunidad, <strong>decidi\u00f3 cambiar el lado y patear a la esquina inferior derecha. Pero Batalla olfate\u00f3 el destino de ese bal\u00f3n nuevamente y volvi\u00f3 a atajar el remate, <\/strong>que r\u00e1pidamente un compa\u00f1ero suyo rechaz\u00f3 para despejar el peligro, ya con 104&#8242; en el reloj.<\/p>\n<\/div>\n<div class=\"custom-text \" readability=\"40\">\n<p>De inmediato, Batalla comenz\u00f3 a festejar euf\u00f3rico y sus compa\u00f1eros corrieron a abrazarlo. El silbato final son\u00f3 unos instantes despu\u00e9s y el Rayo se llev\u00f3 la victoria por 1-0, que estir\u00f3 su invicto en LaLiga a ocho partidos (cuatro triunfos y cuatro empates) y lo dej\u00f3 sexto en la tabla (puesto de clasificaci\u00f3n a la Conference League), con 32 unidades.<strong> El l\u00edder es el Real Madrid (49 puntos), equipo contra el que el argentino tambi\u00e9n hab\u00eda tenido una gran actuaci\u00f3n hace poco m\u00e1s de un mes, en el empate 3-3. <\/strong><\/p>\n<\/div>\n<div class=\"custom-text \" readability=\"39\">\n<p>\u00abCreo que fue un partido donde fuimos ampliamente superiores, donde pudimos dominar m\u00e1s all\u00e1 del gol. Creo que podemos trabajar mejor esos minutos (posteriores al gol) nosotros emocionalmente. Pero creo que hicimos un gran partido, que volvimos a demostrar que somos competitivos, que somos capaces y eso es en fin lo m\u00e1s importante. <strong>Muy contento por poder ayudar al equipo. Es la alegr\u00eda m\u00e1s grande estos 32 puntos y poder disfrutarlo\u00bb, dijo Batalla tras la victoria ante el Legan\u00e9s.<\/strong><\/p>\n<\/div>\n<div class=\"custom-text \" readability=\"40\">\n<p>Este fue el 17\u00b0 partido para el arquero ex River y San Lorenzo en LaLiga y en la temporada, quien tuvo el arco en cero en cuatro de ellos. \u00danicamente se perdi\u00f3 los tres primeros duelos del torneo, en los que fue suplente, y el del 10 de enero ante el Celta de Vigo, en la 19\u00b0 fecha, donde no fue convocado por lesi\u00f3n.<\/p>\n<\/div>\n<div class=\"sc-e7b891c4-0 ifHnQL image-embed\"><img alt=\"El festejo de Batalla tras la victoria. (Foto: EFE)\" loading=\"lazy\" width=\"720\" height=\"100\" decoding=\"async\" data-nimg=\"1\" src=\"http:\/\/hoycordobaweb.com\/wp-content\/uploads\/2025\/02\/video-augusto-batalla-atajo-dos-penales-y-le-dio-el-triunfo-sobre-la-hora-al-rayo-vallecano-2.jpg\"><span class=\"epigraphe\">El festejo de Batalla tras la victoria. (Foto: EFE)<\/span><\/div>\n<p><h2><strong>Video: el penal que ataj\u00f3 Batalla para darle la victoria al Rayo Vallecano<\/strong><\/h2>\n<\/p>\n<div class=\"sc-734b4696-1 kFfZtB\">\n<div class=\"sc-d00d9e74-0 hnHYbk\" type=\"embed\">\n<div class=\"sc-d00d9e74-1 iKVbz videoText\" id=\"contentTitleembedPAA4I5MH\" type=\"embed\"><svg fill=\"#ffffff\"><symbol id=\"play\" viewBox=\"0 0 512 512\"><path d=\"M512 256C512 397.4 397.4 512 256 512C114.6 512 0 397.4 0 256C0 114.6 114.6 0 256 0C397.4 0 512 114.6 512 256zM176 168V344C176 352.7 180.7 360.7 188.3 364.9C195.8 369.2 205.1 369 212.5 364.5L356.5 276.5C363.6 272.1 368 264.4 368 256C368 247.6 363.6 239.9 356.5 235.5L212.5 147.5C205.1 142.1 195.8 142.8 188.3 147.1C180.7 151.3 176 159.3 176 168V168z\" \/><\/symbol><use xlink:href=\"#play\" \/><\/svg><\/p>\n<div class=\"right\">\n<p>Augusto Batalla<!-- --> &#8211; <span>&nbsp;<\/span><\/p>\n<h2 class=\"title-vid\">El penal que ataj\u00f3 Augusto Batalla para darle el triunfo al Rayo Vallecano<\/h2>\n<\/div>\n<\/div>\n<p><span class=\"back\" id=\"spanBackembedPAA4I5MH\"><\/span><\/div>\n<div class=\"JWvideoNota_title\">\n<p>Cr\u00e9ditos: ESPN 2.\t<\/p>\n<\/div>\n<\/div>\n<div class=\"sc-a7166897-0 eoLsBE\" readability=\"7\">\n<section readability=\"4\"><picture><img alt=\"Hist\u00f3rica presentaci\u00f3n de Neymar en el Santos: llanto, fiesta y la camiseta de Pel\u00e9\" loading=\"lazy\" width=\"290\" height=\"290\" decoding=\"async\" data-nimg=\"1\" src=\"http:\/\/hoycordobaweb.com\/wp-content\/uploads\/2025\/02\/video-augusto-batalla-atajo-dos-penales-y-le-dio-el-triunfo-sobre-la-hora-al-rayo-vallecano-3.jpg\"><\/picture>\n<p><span>Mir\u00e1 tambi\u00e9n<\/span><\/p>\n<hr>\n<h3>Hist\u00f3rica presentaci\u00f3n de Neymar en el Santos: llanto, fiesta y la camiseta de Pel\u00e9<\/h3>\n<\/p>\n<\/section>\n<\/div>\n<div class=\"sc-a7166897-0 eoLsBE\" readability=\"6\">\n<section readability=\"2\"><picture><img alt=\"As\u00ed est\u00e1n Paredes y Boca en el cierre del mercado de pases \" loading=\"lazy\" width=\"290\" height=\"290\" decoding=\"async\" data-nimg=\"1\" src=\"http:\/\/hoycordobaweb.com\/wp-content\/uploads\/2025\/02\/video-augusto-batalla-atajo-dos-penales-y-le-dio-el-triunfo-sobre-la-hora-al-rayo-vallecano-4.jpg\"><\/picture>\n<p><span>Mir\u00e1 tambi\u00e9n<\/span><\/p>\n<hr>\n<h3>As\u00ed est\u00e1n Paredes y Boca en el cierre del mercado de pases <\/h3>\n<\/p>\n<\/section>\n<\/div>\n<div class=\"sc-a7166897-0 eoLsBE\" readability=\"6\">\n<section readability=\"2\"><picture><img alt=\"El motivo por el que Independiente no pagar\u00e1 nada por el pase de Pocho Rom\u00e1n\" loading=\"lazy\" width=\"290\" height=\"290\" decoding=\"async\" data-nimg=\"1\" src=\"http:\/\/hoycordobaweb.com\/wp-content\/uploads\/2025\/02\/video-augusto-batalla-atajo-dos-penales-y-le-dio-el-triunfo-sobre-la-hora-al-rayo-vallecano-5.jpg\"><\/picture>\n<p><span>Mir\u00e1 tambi\u00e9n<\/span><\/p>\n<hr>\n<h3>El motivo por el que Independiente no pagar\u00e1 nada por el pase de Pocho Rom\u00e1n<\/h3>\n<\/p>\n<\/section>\n<\/div>\n<\/div>\n","protected":false},"excerpt":{"rendered":"<p>31\/01\/2025 20:51hs. Actualizado al 31\/01\/2025 20:52hs. Augusto Batalla atraviesa un enorme momento en el Rayo Vallecano y este viernes sum\u00f3 otra actuaci\u00f3n notable para salvar a su equipo, que le gan\u00f3 1-0 al Legan\u00e9s como visitante en la fecha 22 gracias a un penal que ataj\u00f3 sobre la hora. M\u00e1s bien, fueron dos, aunque el [&hellip;]<\/p>\n","protected":false},"author":1,"featured_media":95797,"comment_status":"open","ping_status":"closed","sticky":false,"template":"","format":"standard","meta":[],"categories":[16],"tags":[],"_links":{"self":[{"href":"http:\/\/hoycordobaweb.com\/index.php\/wp-json\/wp\/v2\/posts\/95796"}],"collection":[{"href":"http:\/\/hoycordobaweb.com\/index.php\/wp-json\/wp\/v2\/posts"}],"about":[{"href":"http:\/\/hoycordobaweb.com\/index.php\/wp-json\/wp\/v2\/types\/post"}],"author":[{"embeddable":true,"href":"http:\/\/hoycordobaweb.com\/index.php\/wp-json\/wp\/v2\/users\/1"}],"replies":[{"embeddable":true,"href":"http:\/\/hoycordobaweb.com\/index.php\/wp-json\/wp\/v2\/comments?post=95796"}],"version-history":[{"count":0,"href":"http:\/\/hoycordobaweb.com\/index.php\/wp-json\/wp\/v2\/posts\/95796\/revisions"}],"wp:featuredmedia":[{"embeddable":true,"href":"http:\/\/hoycordobaweb.com\/index.php\/wp-json\/wp\/v2\/media\/95797"}],"wp:attachment":[{"href":"http:\/\/hoycordobaweb.com\/index.php\/wp-json\/wp\/v2\/media?parent=95796"}],"wp:term":[{"taxonomy":"category","embeddable":true,"href":"http:\/\/hoycordobaweb.com\/index.php\/wp-json\/wp\/v2\/categories?post=95796"},{"taxonomy":"post_tag","embeddable":true,"href":"http:\/\/hoycordobaweb.com\/index.php\/wp-json\/wp\/v2\/tags?post=95796"}],"curies":[{"name":"wp","href":"https:\/\/api.w.org\/{rel}","templated":true}]}}