{"id":95790,"date":"2025-02-01T02:00:51","date_gmt":"2025-02-01T02:00:51","guid":{"rendered":"https:\/\/www.ole.com.ar\/estudiantes\/facundo-farias-refuerzo-oficializo-estudiantes-cierre-mercado-pases_0_6WZY5xGTHi.html"},"modified":"2025-02-01T02:00:51","modified_gmt":"2025-02-01T02:00:51","slug":"una-joya-para-el-pincha-el-refuerzo-que-oficializo-estudiantes-en-el-cierre-del-mercado-de-pases","status":"publish","type":"post","link":"http:\/\/hoycordobaweb.com\/index.php\/2025\/02\/01\/una-joya-para-el-pincha-el-refuerzo-que-oficializo-estudiantes-en-el-cierre-del-mercado-de-pases\/","title":{"rendered":"Una Joya para el Pincha: el refuerzo que oficializ\u00f3 Estudiantes en el cierre del mercado de pases"},"content":{"rendered":"<p><img src=\"http:\/\/hoycordobaweb.com\/wp-content\/uploads\/2025\/02\/una-joya-para-el-pincha-el-refuerzo-que-oficializo-estudiantes-en-el-cierre-del-mercado-de-pases.jpg\"><\/p>\n<p><time class=\"createDate\" datetime=\"2025-01-31T23:00:51-03:00\">31\/01\/2025 23:00hs.<\/time><\/p>\n<div id=\"storyBody\">\n<div class=\"custom-text \" readability=\"29.755244755245\">\n<p>Sobre el cierre del mercado de pases, <strong><a href=\"https:\/\/www.ole.com.ar\/tema\/estudiantes-de-la-plata.html\" title=\"Estudiantes de La Plata\" alt=\"Estudiantes de La Plata\" class=\"slug\">Estudiantes <\/a>hizo oficial la llegada de <a href=\"https:\/\/www.ole.com.ar\/tema\/facundo-farias.html\" title=\"Facundo Far\u00edas\" alt=\"Facundo Far\u00edas\" class=\"slug\">Facundo Far\u00edas<\/a><\/strong>. El conjunto platense compr\u00f3 el pase del atacante santafesino, que viene de jugar con<strong><a href=\"https:\/\/www.ole.com.ar\/tema\/lionel-messi.html\" title=\"Lionel Messi\" alt=\"Lionel Messi\" class=\"slug\"> Lionel Messi<\/a><\/strong>en el Inter Miami y se reencontrar\u00e1 con <a href=\"https:\/\/www.ole.com.ar\/tema\/eduardo-dominguez.html\" title=\"Eduardo Dom\u00ednguez\" alt=\"Eduardo Dom\u00ednguez\" class=\"slug\">Eduardo Dom\u00ednguez<\/a>, con quien <strong>fue campe\u00f3n en Col\u00f3n.<\/strong><\/p>\n<\/div>\n<div class=\"custom-text \" readability=\"33\">\n<p>La Joya firm\u00f3 contrato con el Pincha por cuatro temporadas, <strong>hasta diciembre de 2028.<\/strong><\/p>\n<\/div>\n<p><h2><strong>El anuncio de Estudiantes<\/strong><\/h2>\n<\/p>\n<div class=\"custom-embedhtml\" readability=\"5.7327586206897\">\n<blockquote class=\"twitter-tweet\" readability=\"5.7327586206897\">\n<p lang=\"es\" dir=\"ltr\">\ud83c\udd95 \u00a1Facundo Far\u00edas es nuevo jugador de Estudiantes y ya se prueba la camiseta m\u00e1s linda de todas! \u00a1Bienvenido al Pincha, Facu! \ud83d\udcaa\ud83c\udde6\ud83c\uddf9 <a href=\"https:\/\/t.co\/4knXxCb4wR\">pic.twitter.com\/4knXxCb4wR<\/a><\/p>\n<p>\u2014 Estudiantes de La Plata (@EdelpOficial) <a href=\"https:\/\/twitter.com\/EdelpOficial\/status\/1885491333533429962?ref_src=twsrc%5Etfw\">February 1, 2025<\/a><\/p><\/blockquote><\/div>\n<p><h2><strong>La despedida del Inter Miami<\/strong><\/h2>\n<\/p>\n<div class=\"sc-e7b891c4-0 ifHnQL image-embed\"><img alt=\"Estudiantes anunci\u00f3 a Far\u00edas (prensa Estudiantes).\" loading=\"lazy\" width=\"720\" height=\"100\" decoding=\"async\" data-nimg=\"1\" src=\"http:\/\/hoycordobaweb.com\/wp-content\/uploads\/2025\/02\/una-joya-para-el-pincha-el-refuerzo-que-oficializo-estudiantes-en-el-cierre-del-mercado-de-pases-2.jpg\"><span class=\"epigraphe\">Estudiantes anunci\u00f3 a Far\u00edas (prensa Estudiantes).<\/span><\/div>\n<div class=\"sc-e7b891c4-0 ifHnQL image-embed\"><img alt=\"Far\u00edas viene de jugar con Messi.\" loading=\"lazy\" width=\"720\" height=\"100\" decoding=\"async\" data-nimg=\"1\" src=\"http:\/\/hoycordobaweb.com\/wp-content\/uploads\/2025\/02\/una-joya-para-el-pincha-el-refuerzo-que-oficializo-estudiantes-en-el-cierre-del-mercado-de-pases-3.jpg\"><span class=\"epigraphe\">Far\u00edas viene de jugar con Messi.<\/span><\/div>\n<div class=\"sc-a7166897-0 eoLsBE\" readability=\"6\">\n<section readability=\"2\"><picture><img alt=\"Cerr\u00f3 el mercado de pases: todos los refuerzos y salidas de los 30 equipos\" loading=\"lazy\" width=\"290\" height=\"290\" decoding=\"async\" data-nimg=\"1\" src=\"http:\/\/hoycordobaweb.com\/wp-content\/uploads\/2025\/02\/una-joya-para-el-pincha-el-refuerzo-que-oficializo-estudiantes-en-el-cierre-del-mercado-de-pases-4.jpg\"><\/picture>\n<p><span>Mir\u00e1 tambi\u00e9n<\/span><\/p>\n<hr>\n<h3>Cerr\u00f3 el mercado de pases: todos los refuerzos y salidas de los 30 equipos<\/h3>\n<\/p>\n<\/section>\n<\/div>\n<div class=\"sc-a7166897-0 eoLsBE\" readability=\"6\">\n<section readability=\"2\"><picture><img alt=\"El mercado de River: las intrigas que plantea el caso Villagra-Foster Gillett\" loading=\"lazy\" width=\"290\" height=\"290\" decoding=\"async\" data-nimg=\"1\" src=\"http:\/\/hoycordobaweb.com\/wp-content\/uploads\/2025\/02\/una-joya-para-el-pincha-el-refuerzo-que-oficializo-estudiantes-en-el-cierre-del-mercado-de-pases-5.jpg\"><\/picture>\n<p><span>Mir\u00e1 tambi\u00e9n<\/span><\/p>\n<hr>\n<h3>El mercado de River: las intrigas que plantea el caso Villagra-Foster Gillett<\/h3>\n<\/p>\n<\/section>\n<\/div>\n<div class=\"sc-a7166897-0 eoLsBE\" readability=\"7.5\">\n<section readability=\"5\"><picture><img alt=\"Damonte: La camiseta del Morro Garc\u00eda, la historia con Messi, las fotos como la Gata Fern\u00e1ndez y los tiempos con Gallardo en Uruguay\" loading=\"lazy\" width=\"290\" height=\"290\" decoding=\"async\" data-nimg=\"1\" src=\"http:\/\/hoycordobaweb.com\/wp-content\/uploads\/2025\/02\/una-joya-para-el-pincha-el-refuerzo-que-oficializo-estudiantes-en-el-cierre-del-mercado-de-pases-6.jpg\"><\/picture>\n<p><span>Mir\u00e1 tambi\u00e9n<\/span><\/p>\n<hr>\n<h3>Damonte: La camiseta del Morro Garc\u00eda, la historia con Messi, las fotos como la Gata Fern\u00e1ndez y los tiempos con Gallardo en Uruguay<\/h3>\n<\/p>\n<\/section>\n<\/div>\n<\/div>\n","protected":false},"excerpt":{"rendered":"<p>31\/01\/2025 23:00hs. Sobre el cierre del mercado de pases, Estudiantes hizo oficial la llegada de Facundo Far\u00edas. El conjunto platense compr\u00f3 el pase del atacante santafesino, que viene de jugar con Lionel Messien el Inter Miami y se reencontrar\u00e1 con Eduardo Dom\u00ednguez, con quien fue campe\u00f3n en Col\u00f3n. La Joya firm\u00f3 contrato con el Pincha [&hellip;]<\/p>\n","protected":false},"author":1,"featured_media":95791,"comment_status":"open","ping_status":"closed","sticky":false,"template":"","format":"standard","meta":[],"categories":[16],"tags":[],"_links":{"self":[{"href":"http:\/\/hoycordobaweb.com\/index.php\/wp-json\/wp\/v2\/posts\/95790"}],"collection":[{"href":"http:\/\/hoycordobaweb.com\/index.php\/wp-json\/wp\/v2\/posts"}],"about":[{"href":"http:\/\/hoycordobaweb.com\/index.php\/wp-json\/wp\/v2\/types\/post"}],"author":[{"embeddable":true,"href":"http:\/\/hoycordobaweb.com\/index.php\/wp-json\/wp\/v2\/users\/1"}],"replies":[{"embeddable":true,"href":"http:\/\/hoycordobaweb.com\/index.php\/wp-json\/wp\/v2\/comments?post=95790"}],"version-history":[{"count":0,"href":"http:\/\/hoycordobaweb.com\/index.php\/wp-json\/wp\/v2\/posts\/95790\/revisions"}],"wp:featuredmedia":[{"embeddable":true,"href":"http:\/\/hoycordobaweb.com\/index.php\/wp-json\/wp\/v2\/media\/95791"}],"wp:attachment":[{"href":"http:\/\/hoycordobaweb.com\/index.php\/wp-json\/wp\/v2\/media?parent=95790"}],"wp:term":[{"taxonomy":"category","embeddable":true,"href":"http:\/\/hoycordobaweb.com\/index.php\/wp-json\/wp\/v2\/categories?post=95790"},{"taxonomy":"post_tag","embeddable":true,"href":"http:\/\/hoycordobaweb.com\/index.php\/wp-json\/wp\/v2\/tags?post=95790"}],"curies":[{"name":"wp","href":"https:\/\/api.w.org\/{rel}","templated":true}]}}