{"id":95788,"date":"2025-02-01T02:42:47","date_gmt":"2025-02-01T02:42:47","guid":{"rendered":"https:\/\/www.ole.com.ar\/banfield\/nasif-mercado-pases-banfield-refuerzos-salidas-detalles_0_4MxWX0z7qT.html"},"modified":"2025-02-01T02:42:47","modified_gmt":"2025-02-01T02:42:47","slug":"con-nasif-el-mercado-de-pases-de-banfield-refuerzos-salidas-y-mas-detalles","status":"publish","type":"post","link":"http:\/\/hoycordobaweb.com\/index.php\/2025\/02\/01\/con-nasif-el-mercado-de-pases-de-banfield-refuerzos-salidas-y-mas-detalles\/","title":{"rendered":"Con Nasif, el mercado de pases de Banfield: refuerzos, salidas y m\u00e1s detalles"},"content":{"rendered":"<p><img src=\"http:\/\/hoycordobaweb.com\/wp-content\/uploads\/2025\/02\/con-nasif-el-mercado-de-pases-de-banfield-refuerzos-salidas-y-mas-detalles.jpg\"><\/p>\n<p><time class=\"createDate\" datetime=\"2025-01-31T23:42:47-03:00\">31\/01\/2025 23:42hs.<\/time><\/p>\n<div id=\"storyBody\">\n<div class=\"custom-text \" readability=\"32.855106888361\">\n<p><a href=\"https:\/\/www.ole.com.ar\/tema\/banfield.html\" title=\"Banfield\" alt=\"Banfield\" class=\"slug\">Banfield<\/a> fue uno de los equipos que m\u00e1s se movi\u00f3 en este mercado de pases,<strong><a href=\"https:\/\/www.ole.com.ar\/banfield\/tomas-nasif-reserva-river-goleador-banfield_0_yDQSwbyoQH.html\" target=\"_blank\" title=\" con Tom\u00e1s Nasif como su refuerzo m\u00e1s destacado.\" alt=\" con Tom\u00e1s Nasif como su refuerzo m\u00e1s destacado.\" rel=\"noopener noreferrer\">con Tom\u00e1s Nasif como su refuerzo m\u00e1s destacado.<\/a> <\/strong>Es que el pibe de 21 a\u00f1os, quien lleg\u00f3 al Taladro desde River (fue el goleador de la Reserva campeona en 2024) a pr\u00e9stamo por un a\u00f1o, sobresali\u00f3 en estas dos primeras fechas <strong>con tres goles y una asistencia que fueron vitales para los triunfos ante Defensa y Justicia (1-0) y Newell&#8217;s (3-0). <\/strong><\/p>\n<\/div>\n<div class=\"custom-text \" readability=\"41\">\n<p>Pero, adem\u00e1s de Nasif, hubo otras 10 incorporaciones en el Taladro, que logr\u00f3 otros pr\u00e9stamos y algunas compras. Tambi\u00e9n tuvo salidas, claro. Abajo, un detalle de todo el mercado de pases que realiz\u00f3 el club, con los n\u00fameros de cada futbolista que arrib\u00f3 y que se fue, entre otras cosas.<\/p>\n<\/div>\n<div class=\"sc-e7b891c4-0 ifHnQL image-embed\"><img alt=\"Tom\u00e1s Nasif lleva tres goles en apenas dos fechas. (FOTO: Prensa Banfield).\" loading=\"lazy\" width=\"720\" height=\"100\" decoding=\"async\" data-nimg=\"1\" src=\"http:\/\/hoycordobaweb.com\/wp-content\/uploads\/2025\/02\/con-nasif-el-mercado-de-pases-de-banfield-refuerzos-salidas-y-mas-detalles-2.jpg\"><span class=\"epigraphe\">Tom\u00e1s Nasif lleva tres goles en apenas dos fechas. (FOTO: Prensa Banfield).<\/span><\/div>\n<p><h2><strong>*LOS REFUERZOS DE BANFIELD PARA ESTE 2025<\/strong><\/h2>\n<\/p>\n<p><h3><strong>AGUST\u00cdN ALANIZ<\/strong><\/h3>\n<\/p>\n<div class=\"custom-text \" readability=\"35\">\n<p>Delantero, 22 a\u00f1os. Proveniente de Racing de Montevideo, firm\u00f3 con Banfield hasta diciembre del 2027. El Taladro adquiri\u00f3 el 50% del pase por U$S 900.000 a pagar en 18 meses.<\/p>\n<\/div>\n<p><h3><strong>TOM\u00c1S NASIF<\/strong><\/h3>\n<\/p>\n<div class=\"custom-text \" readability=\"40\">\n<p>Delantero, 21 a\u00f1os. Proveniente de River, llega a pr\u00e9stamo por un a\u00f1o sin cargo y sin opci\u00f3n de compra. El Millonario tiene opci\u00f3n de repesca en junio de 2025 exclusivamente para utilizarlo en su instituci\u00f3n, caso contrario sufrir\u00e1 una penalidad. Si River lo vende en enero de 2026, Banfield recibir\u00e1 el 5% de la transferencia por derecho de vidriera; en caso de repesca, ese derecho se extiende hasta agosto de 2026.<\/p>\n<\/div>\n<div class=\"sc-734b4696-1 kFfZtB\">\n<div class=\"sc-d00d9e74-0 hnHYbk\" type=\"embed\">\n<div class=\"sc-d00d9e74-1 iKVbz videoText\" id=\"contentTitleembedRVb5fEh8\" type=\"embed\"><svg fill=\"#ffffff\"><symbol id=\"play\" viewBox=\"0 0 512 512\"><path d=\"M512 256C512 397.4 397.4 512 256 512C114.6 512 0 397.4 0 256C0 114.6 114.6 0 256 0C397.4 0 512 114.6 512 256zM176 168V344C176 352.7 180.7 360.7 188.3 364.9C195.8 369.2 205.1 369 212.5 364.5L356.5 276.5C363.6 272.1 368 264.4 368 256C368 247.6 363.6 239.9 356.5 235.5L212.5 147.5C205.1 142.1 195.8 142.8 188.3 147.1C180.7 151.3 176 159.3 176 168V168z\" \/><\/symbol><use xlink:href=\"#play\" \/><\/svg><\/p>\n<div class=\"right\">\n<p>Facundo Nasif<!-- --> &#8211; <span>&nbsp;<\/span><\/p>\n<h2 class=\"title-vid\">Nasif puso el 1 a 0 para el Taladro<\/h2>\n<\/div>\n<\/div>\n<p><span class=\"back\" id=\"spanBackembedRVb5fEh8\"><\/span><\/div>\n<div class=\"JWvideoNota_title\">\n<p>Fuente: ESPN<\/p>\n<\/div>\n<\/div>\n<div class=\"sc-734b4696-1 kFfZtB\">\n<div class=\"sc-d00d9e74-0 hnHYbk\" type=\"embed\">\n<div class=\"sc-d00d9e74-1 iKVbz videoText\" id=\"contentTitleembedEUdzob5B\" type=\"embed\"><svg fill=\"#ffffff\"><symbol id=\"play\" viewBox=\"0 0 512 512\"><path d=\"M512 256C512 397.4 397.4 512 256 512C114.6 512 0 397.4 0 256C0 114.6 114.6 0 256 0C397.4 0 512 114.6 512 256zM176 168V344C176 352.7 180.7 360.7 188.3 364.9C195.8 369.2 205.1 369 212.5 364.5L356.5 276.5C363.6 272.1 368 264.4 368 256C368 247.6 363.6 239.9 356.5 235.5L212.5 147.5C205.1 142.1 195.8 142.8 188.3 147.1C180.7 151.3 176 159.3 176 168V168z\" \/><\/symbol><use xlink:href=\"#play\" \/><\/svg><\/p>\n<div class=\"right\">\n<p>Banfield<!-- --> &#8211; <span>&nbsp;<\/span><\/p>\n<h2 class=\"title-vid\">Nasif marc\u00f3 el 1-0 del Taladro<\/h2>\n<\/div>\n<\/div>\n<p><span class=\"back\" id=\"spanBackembedEUdzob5B\"><\/span><\/div>\n<div class=\"JWvideoNota_title\">\n<p>Video: ESPN<\/p>\n<\/div>\n<\/div>\n<div class=\"sc-734b4696-1 kFfZtB\" readability=\"7\">\n<div class=\"sc-d00d9e74-0 hnHYbk\" type=\"embed\">\n<div class=\"sc-d00d9e74-1 iKVbz videoText\" id=\"contentTitleembedbedYSQeZ\" type=\"embed\"><svg fill=\"#ffffff\"><symbol id=\"play\" viewBox=\"0 0 512 512\"><path d=\"M512 256C512 397.4 397.4 512 256 512C114.6 512 0 397.4 0 256C0 114.6 114.6 0 256 0C397.4 0 512 114.6 512 256zM176 168V344C176 352.7 180.7 360.7 188.3 364.9C195.8 369.2 205.1 369 212.5 364.5L356.5 276.5C363.6 272.1 368 264.4 368 256C368 247.6 363.6 239.9 356.5 235.5L212.5 147.5C205.1 142.1 195.8 142.8 188.3 147.1C180.7 151.3 176 159.3 176 168V168z\" \/><\/symbol><use xlink:href=\"#play\" \/><\/svg><\/p>\n<div class=\"right\">\n<p>Facundo Nasif<!-- --> &#8211; <span>&nbsp;<\/span><\/p>\n<h2 class=\"title-vid\">\u00a1De la Reserva de River a goleador en Primera!<\/h2>\n<\/div>\n<\/div>\n<p><span class=\"back\" id=\"spanBackembedbedYSQeZ\"><\/span><\/div>\n<div class=\"JWvideoNota_title\" readability=\"9\">\n<p>Tom\u00e1s Nasif lleva tres goles con Banfield, en apenas dos fechas del Apertura de la Copa de la Liga 2025. (Video: ESPN)<\/p>\n<\/div>\n<\/div>\n<p><h3><strong>SANTIAGO L\u00d3PEZ GARC\u00cdA<\/strong><\/h3>\n<\/p>\n<div class=\"custom-text \" readability=\"37\">\n<p>Mediocampista, 27 a\u00f1os. Proveniente de Gimnasia y Esgrima de Mendoza, con \u00faltimo paso por San Mart\u00edn de San Juan, llega a Banfield por una temporada con cargo de U$S 50.000 y obligaci\u00f3n de compra de U$S 150.000 por el 50% del pase si disputa m\u00e1s de 15 partidos.<\/p>\n<\/div>\n<p><h3><strong>DIEGO ROMERO<\/strong><\/h3>\n<\/p>\n<div class=\"custom-text \" readability=\"35\">\n<p>Arquero, 23 a\u00f1os. Proveniente de Universitario de Per\u00fa, lleg\u00f3 a Banfield a pr\u00e9stamo por un a\u00f1o sin cargo y con opci\u00f3n de compra de U$S 1.300.000 por el 80% del pase<\/p>\n<\/div>\n<p><h3><strong>JOAQU\u00cdN POMBO<\/strong><\/h3>\n<\/p>\n<div class=\"custom-text \" readability=\"35\">\n<p>Defensor central, 23 a\u00f1os. Proveniente de Independiente del Valle, llega al club a pr\u00e9stamo por una temporada con un cargo de U$S 50.000 y opci\u00f3n de compra de U$S 1.000.000 por el 80% del pase.<\/p>\n<\/div>\n<p><h3><strong>PAUL RIVEROS<\/strong><\/h3>\n<\/p>\n<div class=\"custom-text \" readability=\"36\">\n<p>Defensor central, 27 a\u00f1os. Proveniente de Guaran\u00ed (Paraguay), llega a Banfield a pr\u00e9stamo por un a\u00f1o con cargo de U$S 50.000 y opci\u00f3n de compra de U$S 700.000 (en junio) y U$S 900.000 (en diciembre) por el 80% del pase.<\/p>\n<\/div>\n<p><h3><strong>IGNACIO ABRAHAM<\/strong><\/h3>\n<\/p>\n<div class=\"custom-text \" readability=\"36\">\n<p>Lateral, 27 a\u00f1os. Proveniente de Estudiantes de R\u00edo Cuarto, llega a Banfield a pr\u00e9stamo por un a\u00f1o sin cargo y con opci\u00f3n de compra del 50% del pase U$S 200.000 (en junio) y U$S 300.000 (en diciembre).<\/p>\n<\/div>\n<p><h3><strong>MART\u00cdN R\u00cdO<\/strong><\/h3>\n<\/p>\n<div class=\"custom-text \" readability=\"35\">\n<p>Mediocampista, 23 a\u00f1os. Proveniente de Quer\u00e9taro (M\u00e9xico), llega a Banfield a pr\u00e9stamo por un a\u00f1o con cargo de U$S 100.000 y con opci\u00f3n de compra de U$S 600.000 por el 50% del pase.<\/p>\n<\/div>\n<p><h3><strong>GABRIEL VEGA<\/strong><\/h3>\n<\/p>\n<div class=\"custom-text \" readability=\"35\">\n<p>Volante, 22 a\u00f1os. Proveniente de Boca y de \u00faltimo paso por Atlanta, llega a Banfield a pr\u00e9stamo por un a\u00f1o sin cargo y con opci\u00f3n de compra de U$S 1.500.000 por el 50% del pase.<\/p>\n<\/div>\n<div class=\"sc-e7b891c4-0 ifHnQL image-embed\"><img alt=\"Gabriel Vega, el juvenil de Boca que pas\u00f3 a Banfield.\" loading=\"lazy\" width=\"720\" height=\"100\" decoding=\"async\" data-nimg=\"1\" src=\"http:\/\/hoycordobaweb.com\/wp-content\/uploads\/2025\/02\/con-nasif-el-mercado-de-pases-de-banfield-refuerzos-salidas-y-mas-detalles-3.jpg\"><span class=\"epigraphe\">Gabriel Vega, el juvenil de Boca que pas\u00f3 a Banfield.<\/span><\/div>\n<p><h3><strong>MARCOS ARTURIA<\/strong><\/h3>\n<\/p>\n<div class=\"custom-text \" readability=\"39\">\n<p>Delantero, 26 a\u00f1os. Proveniente de Talleres de C\u00f3rdoba, con \u00faltimo paso por Temperley, llega libre y firma contrato por dos a\u00f1os con Banfield. El Taladro, adquiere el 40% de su ficha sin cargo, con opci\u00f3n de obtener el 60% restante.<\/p>\n<\/div>\n<p><h3><strong>LEONEL MIRANDA<\/strong><\/h3>\n<\/p>\n<div class=\"custom-text \" readability=\"34\">\n<p>Mediocampista, 31 a\u00f1os. Proveniente de Tigre. Llega libre y firma contrato con Banfield por dos a\u00f1os. El Taladro adquiere el 100%.<\/p>\n<\/div>\n<div class=\"sc-e7b891c4-0 ifHnQL image-embed\"><img alt=\"Lolo Miranda en su etapa en Racing.\" loading=\"lazy\" width=\"720\" height=\"100\" decoding=\"async\" data-nimg=\"1\" src=\"http:\/\/hoycordobaweb.com\/wp-content\/uploads\/2025\/02\/con-nasif-el-mercado-de-pases-de-banfield-refuerzos-salidas-y-mas-detalles-4.jpg\"><span class=\"epigraphe\">Lolo Miranda en su etapa en Racing.<\/span><\/div>\n<p><h2><strong>*INCORPORACIONES A RESERVA<\/strong><\/h2>\n<\/p>\n<p><h3><strong>SANTIAGO DANIELE<\/strong><\/h3>\n<\/p>\n<div class=\"custom-text \" readability=\"36\">\n<p>Defensor, 19 a\u00f1os. Proveniente de Chacarita, llega a Banfield a pr\u00e9stamo sin cargo por un a\u00f1o con opci\u00f3n de compra de U$S 250.000 por el 50% del pase y se incorpor\u00f3 a la Reserva. El representante no percibi\u00f3 comisi\u00f3n.<\/p>\n<\/div>\n<p><h2><strong>*PR\u00c9STAMOS 2025<\/strong><\/h2>\n<\/p>\n<p><h3><strong>VICTOR AYALA<\/strong><\/h3>\n<\/p>\n<div class=\"custom-text \" readability=\"34\">\n<p>Contin\u00faa a pr\u00e9stamo al Club Social y Deportivo Cooper (Uruguay) por una temporada (30\/6\/25), tiene contrato con Banfield hasta diciembre de 2026.<\/p>\n<\/div>\n<p><h3><strong>FEDERICO MEDINA<\/strong><\/h3>\n<\/p>\n<div class=\"custom-text \" readability=\"34\">\n<p>Cedido a pr\u00e9stamo a Cerro Largo (Uruguay) por un a\u00f1o (31\/12\/2025), tiene contrato con Banfield hasta diciembre de 2026.<\/p>\n<\/div>\n<p><h3><strong>GINO SANTILLI<\/strong><\/h3>\n<\/p>\n<div class=\"custom-text \" readability=\"34\">\n<p>Se renov\u00f3 el pr\u00e9stamo a Cerro Largo (Uruguay) por un a\u00f1o (31\/12\/2025), tiene contrato con Banfield hasta diciembre de 2026.<\/p>\n<\/div>\n<p><h3><strong>LAUTARO VILLEGAS<\/strong><\/h3>\n<\/p>\n<div class=\"custom-text \" readability=\"34\">\n<p>Cedido a pr\u00e9stamo a Trist\u00e1n Su\u00e1rez por un a\u00f1o (31\/12\/2025) sin cargo y sin opci\u00f3n de compra, tiene contrato con Banfield hasta diciembre de 2026.<\/p>\n<\/div>\n<p><h3><strong>MARCOS ECHEVERR\u00cdA<\/strong><\/h3>\n<\/p>\n<div class=\"custom-text \" readability=\"34\">\n<p>Pas\u00f3 a pr\u00e9stamo a Atlanta por un a\u00f1o (31\/12\/2025) sin cargo y sin opci\u00f3n de compra, tiene contrato con Banfield hasta diciembre de 2026.<\/p>\n<\/div>\n<p><h2><strong>*SALIDAS 2025<\/strong><\/h2>\n<\/p>\n<p><h3><strong>ALEJANDRO MACIEL<\/strong><\/h3>\n<\/p>\n<div class=\"custom-text \" readability=\"36\">\n<p>El defensor central fue vendido al Club Olimpia de Paraguay. Banfield se desprendi\u00f3 de su parte de la ficha a cambio de U$S 100.000, entregando a Talleres de C\u00f3rdoba el porcentaje que le corresponde por ser due\u00f1o de la mitad del pase. El futbolista resign\u00f3 una importante deuda y con su salida se evit\u00f3 que el club compre el resto de su pase en U$S 600.000 por objetivos que estaban pr\u00f3ximos a cumplirse.<\/p>\n<\/div>\n<p><h3><strong>IGNACIO RODR\u00cdGUEZ<\/strong><\/h3>\n<\/p>\n<div class=\"custom-text \" readability=\"36\">\n<p>El mediocampista fue transferido a Racing quien obtuvo el 50% del pase a cambio de U$S 1.200.000 en todo concepto y una opci\u00f3n de compra de U$S 600.000 por otro 30% de la ficha. Banfield cobrar\u00e1 cuatro cuotas de U$S 300.000 en enero, abril, julio y octubre de 2025.<\/p>\n<\/div>\n<div class=\"sc-e7b891c4-0 ifHnQL image-embed\"><img alt=\"Ignacio Rodr\u00edguez, nuevo refuerzo de Racing.\" loading=\"lazy\" width=\"720\" height=\"100\" decoding=\"async\" data-nimg=\"1\" src=\"http:\/\/hoycordobaweb.com\/wp-content\/uploads\/2025\/02\/con-nasif-el-mercado-de-pases-de-banfield-refuerzos-salidas-y-mas-detalles-5.jpg\"><span class=\"epigraphe\">Ignacio Rodr\u00edguez, nuevo refuerzo de Racing.<\/span><\/div>\n<p><h2><strong>*COMISIONES A REPRESENTANTES<\/strong><\/h2>\n<\/p>\n<div class=\"custom-text \" readability=\"32\">\n<p>Un total de U$S 260.000 diversificados en 11 negociaciones entre altas y pr\u00e9stamos.<\/p>\n<\/div>\n<p><h2><strong>*RESCISIONES DE CONTRATO (BAJAS) 2025<\/strong><\/h2>\n<\/p>\n<p><h3><strong>JOS\u00c9 DEVECCHI<\/strong><\/h3>\n<\/p>\n<div class=\"custom-text \" readability=\"34\">\n<p>Se acord\u00f3 abonar la deuda con un arreglo econ\u00f3mico de $50.000.000 pesos en cuatro cuotas hasta mayo, ahorrando $110.000.000 que deb\u00eda pagarle al arquero.<\/p>\n<\/div>\n<p><h3><strong>FACUNDO VILA<\/strong><\/h3>\n<\/p>\n<div class=\"custom-text \" readability=\"33\">\n<p>Se pact\u00f3 la rescisi\u00f3n de contrato sin costo para Banfield tras su baja en diciembre de 2024. Pas\u00f3 a Estudiantes de Buenos Aires y el Taladro se qued\u00f3 con el 30% de una futura venta.<\/p>\n<\/div>\n<p><h3><strong>GUILLERMO ENRIQUE<\/strong><\/h3>\n<\/p>\n<div class=\"custom-text \" readability=\"34\">\n<p>Se convino la rescisi\u00f3n del contrato sin costo para Banfield, tras su baja en diciembre de 2024. El club ahorr\u00f3 $100.000.000 con esta salida anticipada.<\/p>\n<\/div>\n<p><h3><strong>DYLAN GAMARRA<\/strong><\/h3>\n<\/p>\n<div class=\"custom-text \" readability=\"32\">\n<p>Finaliz\u00f3 su pr\u00e9stamo con Banfield en diciembre de 2024.<\/p>\n<\/div>\n<p><h3><strong>EMANUEL INS\u00daA<\/strong><\/h3>\n<\/p>\n<div class=\"custom-text \" readability=\"33\">\n<p>Se acord\u00f3 abonar U$S 150.000 en cinco cuotas trimestrales (total 15 meses) ahorrando U$S 117.000 de deuda correspondiente a salarios impagos y rescisi\u00f3n anticipada.<\/p>\n<\/div>\n<p><h3><strong>ALEJANDRO CABRERA<\/strong><\/h3>\n<\/p>\n<div class=\"custom-text \" readability=\"33\">\n<p>Se pact\u00f3 abonar la deuda de $10.000.000 en tres cuotas. Pas\u00f3 a pr\u00e9stamo a Estudiantes de R\u00edo Cuarto por una temporada.<\/p>\n<\/div>\n<p><h3><strong>YONATHAN RODR\u00cdGUEZ<\/strong><\/h3>\n<\/p>\n<div class=\"custom-text \" readability=\"34\">\n<p>Tras rescindir su contrato con Banfield de manera anticipada, se pagaron $52.380.000 en seis cuotas hasta junio de 2025. El Taladro ahorr\u00f3 $250.000.000 que deb\u00eda abonarle al futbolista.<\/p>\n<\/div>\n<p><h3><strong>TOM\u00c1S BUSTOS<\/strong><\/h3>\n<\/p>\n<div class=\"custom-text \" readability=\"32\">\n<p>Se acord\u00f3 la finalizaci\u00f3n del contrato con Banfield sin costo para el club.<\/p>\n<\/div>\n<p><h3><strong>BRAIAN GALV\u00c1N<\/strong><\/h3>\n<\/p>\n<div class=\"custom-text \" readability=\"32\">\n<p>Se acord\u00f3 abonar la deuda con un arreglo econ\u00f3mico de U$S 216.000 en 18 cuotas.<\/p>\n<\/div>\n<p><h3><strong>ALEXANDER BUNGAARD<\/strong><\/h3>\n<\/p>\n<div class=\"custom-text \" readability=\"34\">\n<p>Su v\u00ednculo finalizaba el 31\/12\/25 y se acord\u00f3 abonar $1.300.000 en dos cuotas correspondiente a su salario adeudado, ahorrando $20.000.000 que deb\u00eda pagarle al jugador.<\/p>\n<\/div>\n<p><h3><strong>MATEO P\u00c9REZ<\/strong><\/h3>\n<\/p>\n<div class=\"custom-text \" readability=\"33\">\n<p>Su v\u00ednculo finaliz\u00f3 el 20\/1\/25 sin costo para Banfield obteniendo el 40% del convenio y pasando a San Mart\u00edn de Tucum\u00e1n.<\/p>\n<\/div>\n<p><h3><strong>GABRIEL ARANDA, LAUTARO CARDOZO, VALENT\u00cdN AGUINAGALDE, LUCIANO RECALDE, CRISTIAN N\u00da\u00d1EZ, EZEQUIEL CA\u00d1ETE Y JES\u00daS SORAIRE <\/strong><\/h3>\n<\/p>\n<div class=\"custom-text \" readability=\"32\">\n<p>Finalizaron su contrato con Banfield en diciembre de 2024.<\/p>\n<\/div>\n<div class=\"custom-text \" readability=\"32\">\n<p><strong><em>*Datos proporcionados por el club.<\/em><\/strong><\/p>\n<\/div>\n<div class=\"sc-a7166897-0 eoLsBE\" readability=\"6.5\">\n<section readability=\"3\"><picture><img alt=\"As\u00ed fue el \u00faltimo d\u00eda del mercado de pases: refuerzos, ventas y sorpresas\" loading=\"lazy\" width=\"290\" height=\"290\" decoding=\"async\" data-nimg=\"1\" src=\"http:\/\/hoycordobaweb.com\/wp-content\/uploads\/2025\/02\/con-nasif-el-mercado-de-pases-de-banfield-refuerzos-salidas-y-mas-detalles-6.jpg\"><\/picture>\n<p><span>Mir\u00e1 tambi\u00e9n<\/span><\/p>\n<hr>\n<h3>As\u00ed fue el \u00faltimo d\u00eda del mercado de pases: refuerzos, ventas y sorpresas<\/h3>\n<\/p>\n<\/section>\n<\/div>\n<div class=\"sc-a7166897-0 eoLsBE\" readability=\"6\">\n<section readability=\"2\"><picture><img alt=\"Cerr\u00f3 el mercado de pases: todos los refuerzos y salidas de los 30 equipos\" loading=\"lazy\" width=\"290\" height=\"290\" decoding=\"async\" data-nimg=\"1\" src=\"http:\/\/hoycordobaweb.com\/wp-content\/uploads\/2025\/02\/con-nasif-el-mercado-de-pases-de-banfield-refuerzos-salidas-y-mas-detalles-7.jpg\"><\/picture>\n<p><span>Mir\u00e1 tambi\u00e9n<\/span><\/p>\n<hr>\n<h3>Cerr\u00f3 el mercado de pases: todos los refuerzos y salidas de los 30 equipos<\/h3>\n<\/p>\n<\/section>\n<\/div>\n<\/div>\n","protected":false},"excerpt":{"rendered":"<p>31\/01\/2025 23:42hs. Banfield fue uno de los equipos que m\u00e1s se movi\u00f3 en este mercado de pases,con Tom\u00e1s Nasif como su refuerzo m\u00e1s destacado. Es que el pibe de 21 a\u00f1os, quien lleg\u00f3 al Taladro desde River (fue el goleador de la Reserva campeona en 2024) a pr\u00e9stamo por un a\u00f1o, sobresali\u00f3 en estas dos [&hellip;]<\/p>\n","protected":false},"author":1,"featured_media":95789,"comment_status":"open","ping_status":"closed","sticky":false,"template":"","format":"standard","meta":[],"categories":[16],"tags":[],"_links":{"self":[{"href":"http:\/\/hoycordobaweb.com\/index.php\/wp-json\/wp\/v2\/posts\/95788"}],"collection":[{"href":"http:\/\/hoycordobaweb.com\/index.php\/wp-json\/wp\/v2\/posts"}],"about":[{"href":"http:\/\/hoycordobaweb.com\/index.php\/wp-json\/wp\/v2\/types\/post"}],"author":[{"embeddable":true,"href":"http:\/\/hoycordobaweb.com\/index.php\/wp-json\/wp\/v2\/users\/1"}],"replies":[{"embeddable":true,"href":"http:\/\/hoycordobaweb.com\/index.php\/wp-json\/wp\/v2\/comments?post=95788"}],"version-history":[{"count":0,"href":"http:\/\/hoycordobaweb.com\/index.php\/wp-json\/wp\/v2\/posts\/95788\/revisions"}],"wp:featuredmedia":[{"embeddable":true,"href":"http:\/\/hoycordobaweb.com\/index.php\/wp-json\/wp\/v2\/media\/95789"}],"wp:attachment":[{"href":"http:\/\/hoycordobaweb.com\/index.php\/wp-json\/wp\/v2\/media?parent=95788"}],"wp:term":[{"taxonomy":"category","embeddable":true,"href":"http:\/\/hoycordobaweb.com\/index.php\/wp-json\/wp\/v2\/categories?post=95788"},{"taxonomy":"post_tag","embeddable":true,"href":"http:\/\/hoycordobaweb.com\/index.php\/wp-json\/wp\/v2\/tags?post=95788"}],"curies":[{"name":"wp","href":"https:\/\/api.w.org\/{rel}","templated":true}]}}