{"id":95726,"date":"2025-02-01T09:01:57","date_gmt":"2025-02-01T09:01:57","guid":{"rendered":"https:\/\/www.espinof.com\/reality\/first-dates-soltera-malaga-no-quiere-nada-su-cita-despues-ver-que-pide-yo-estoy-bueno-que-kinder-bueno"},"modified":"2025-02-01T09:01:57","modified_gmt":"2025-02-01T09:01:57","slug":"first-dates-una-soltera-de-malaga-no-quiere-nada-con-su-cita-despues-de-ver-lo-que-pide-yo-estoy-mas-bueno-que-un-kinder-bueno","status":"publish","type":"post","link":"http:\/\/hoycordobaweb.com\/index.php\/2025\/02\/01\/first-dates-una-soltera-de-malaga-no-quiere-nada-con-su-cita-despues-de-ver-lo-que-pide-yo-estoy-mas-bueno-que-un-kinder-bueno\/","title":{"rendered":"&#8216;First Dates&#8217;, una soltera de M\u00e1laga no quiere nada con su cita despu\u00e9s de ver lo que pide. \u00abYo estoy m\u00e1s bueno que un Kinder Bueno\u00bb"},"content":{"rendered":"<p>Hemos visto muchos conflictos en <a href=\"https:\/\/www.espinof.com\/tag\/first-dates\">&#8216;First Dates&#8217;<\/a> por los temas m\u00e1s variopintos, pero pocas veces que<strong> dos solteros compitan por ver qui\u00e9n es m\u00e1s guapo<\/strong>. Bibiche y \u00c1ngel no ten\u00edan abuela, y ella adem\u00e1s le hizo la cruz al ver que se ped\u00eda otro roncola \u00abcargadito\u00bb.<\/p>\n<p><!-- BREAK 1 --> <\/p>\n<h2>\u00a1Qu\u00e9 guap@ soy!<\/h2>\n<p>Bibiche vive en M\u00e1laga, tiene 26 a\u00f1os y trabaja como modelo y azafata: \u00abYo brillo all\u00e1 donde voy. La belleza que tengo me ha abierto muchas puertas\u00bb. Le cont\u00f3 a Carlos Sobera que vino desde el Congo a los 12 a\u00f1os, que hablaba cinco idiomas y que le hab\u00eda ido muy bien en el amor: <strong>\u00abNing\u00fan hombre me ha rechazado, solo un ni\u00f1o en el instituto\u00bb<\/strong>.<\/p>\n<p><!-- BREAK 2 --><\/p>\n<p>\u00c1ngel es un peluquero de Jerez de la Frontera (M\u00e1laga) de 29 a\u00f1os: \u00abYo soy un chico guapo, simp\u00e1tico, agradable&#8230; me quiero mucho, por supuesto\u00bb. &nbsp;Explic\u00f3 que all\u00e1 donde iba, causaba sensaci\u00f3n: \u00ab<strong>Yo me identifico con Julio Iglesias\u00bb<\/strong>. Sin embargo, a su cita le caus\u00f3 m\u00e1s pronto otra cosa: \u00abNo me ha dado el impacto de querer arrancarle la ropa\u00bb.<\/p>\n<p><!-- BREAK 3 --> <\/p>\n<div class=\"article-asset article-asset-normal article-asset-center\">\n<div class=\"desvio-container\">\n<div class=\"desvio\">\n<div class=\"desvio-figure js-desvio-figure\"> <a href=\"https:\/\/www.espinof.com\/reality\/first-dates-soltera-vigo-no-da-credito-cuando-su-cita-se-pone-a-vacilarla-esto-real-no-me-creo-nada\" class=\"pivot-outboundlink\" data-vars-post-title=\"'First Dates', una soltera de Vigo no da cr\u00e9dito cuando su cita se pone a vacilarla. &quot;\u00bfEsto es real? No me creo nada&quot; \"> <img loading=\"lazy\" alt=\"'First Dates', una soltera de Vigo no da cr\u00e9dito cuando su cita se pone a vacilarla. &quot;\u00bfEsto es real? No me creo nada&quot; \" width=\"375\" height=\"142\" src=\"http:\/\/hoycordobaweb.com\/wp-content\/uploads\/2025\/02\/first-dates-una-soltera-de-malaga-no-quiere-nada-con-su-cita-despues-de-ver-lo-que-pide-yo-estoy-mas-bueno-que-un-kinder-bueno.jpg\"> <\/a> <\/div><\/div><\/div>\n<\/div>\n<p>A \u00e9l s\u00ed que le hab\u00eda parecido guapa y la acompa\u00f1\u00f3 encantado a la mesa. All\u00ed, Bibiche le explic\u00f3 que <strong>no beb\u00eda alcohol: \u00abLo he dejado este a\u00f1o, no es bueno\u00bb<\/strong>. \u00c1ngel no compart\u00eda su postura porque \u00aben C\u00e1diz eran m\u00e1s fiesteros\u00bb y no pod\u00eda decirle que no \u00aba una copita\u00bb.<\/p>\n<p><!-- BREAK 4 --><\/p>\n<p>\u00c1ngel le cont\u00f3 que nunca hab\u00eda tenido pareja, porque \u00e9l siempre ha sido de \u00abamor a primera vista, tiquitaca, pumpum, fuera\u00bb. Ella le dijo que no toleraba los cuernos estando en pareja y \u00e9l alab\u00f3 su manera tan concisa de explicarse: <strong>\u00abEs que adem\u00e1s de guapa, soy inteligente\u00bb<\/strong> le gui\u00f1\u00f3 un ojo. <strong>\u00abSe lo tiene cre\u00eddo, pero no es malo\u00bb <\/strong>pens\u00f3 \u00c1ngel.<\/p>\n<p><!-- BREAK 5 --><\/p>\n<div class=\"article-asset-image article-asset-normal article-asset-center\">\n<div class=\"asset-content\"> <img class=\"centro_sinmarco\" height=\"768\" width=\"1366\" loading=\"lazy\" decoding=\"async\" sizes=\"100vw\" fetchpriority=\"high\" srcset=\"http:\/\/hoycordobaweb.com\/wp-content\/uploads\/2025\/02\/first-dates-una-soltera-de-malaga-no-quiere-nada-con-su-cita-despues-de-ver-lo-que-pide-yo-estoy-mas-bueno-que-un-kinder-bueno-1.jpg 450w, http:\/\/hoycordobaweb.com\/wp-content\/uploads\/2025\/02\/first-dates-una-soltera-de-malaga-no-quiere-nada-con-su-cita-despues-de-ver-lo-que-pide-yo-estoy-mas-bueno-que-un-kinder-bueno-3.jpg 681w, http:\/\/hoycordobaweb.com\/wp-content\/uploads\/2025\/02\/first-dates-una-soltera-de-malaga-no-quiere-nada-con-su-cita-despues-de-ver-lo-que-pide-yo-estoy-mas-bueno-que-un-kinder-bueno-4.jpg 1024w, http:\/\/hoycordobaweb.com\/wp-content\/uploads\/2025\/02\/first-dates-una-soltera-de-malaga-no-quiere-nada-con-su-cita-despues-de-ver-lo-que-pide-yo-estoy-mas-bueno-que-un-kinder-bueno-5.jpg 1366w\" src=\"http:\/\/hoycordobaweb.com\/wp-content\/uploads\/2025\/02\/first-dates-una-soltera-de-malaga-no-quiere-nada-con-su-cita-despues-de-ver-lo-que-pide-yo-estoy-mas-bueno-que-un-kinder-bueno-1.jpg\" alt=\"First Dates Decision\"> <noscript><img alt=\"First Dates Decision\" class=\"centro_sinmarco\" src=\"http:\/\/hoycordobaweb.com\/wp-content\/uploads\/2025\/02\/first-dates-una-soltera-de-malaga-no-quiere-nada-con-su-cita-despues-de-ver-lo-que-pide-yo-estoy-mas-bueno-que-un-kinder-bueno-1.jpg\"><\/noscript> <\/div>\n<\/div>\n<p>En el momento en que \u00c1ngel pidi\u00f3 otro roncola \u00abcargadito\u00bb, a Bibiche le saltaron las alarmas:<strong> \u00abYo alcoh\u00f3licos no, \u00bfeh?\u00bb<\/strong>. \u00abDe vez en cuando, alguna copilla no pasa nada\u00bb quit\u00f3 hierro al asunto. No lo arregl\u00f3 cuando se puso a quejarse a la camarera porque le hab\u00edan tra\u00eddo la bebida sin lim\u00f3n, ya que a ella le pareci\u00f3 que lo hab\u00eda hecho con muy malas maneras.<\/p>\n<p><!-- BREAK 6 --> <\/p>\n<p>La conversaci\u00f3n volvi\u00f3 a girar en torno al f\u00edsico de Bibiche (\u00abEstoy muy buena y lo sabes\u00bb) y \u00e9l se sinti\u00f3 identificado con lo de que la gente se girara a mirarle por la calle: \u00abYo estoy m\u00e1s bueno que un Kinder Bueno\u00bb. Al final, \u00c1ngel dijo que no a una segunda cita porque no era su tipo: <strong>\u00abEst\u00e1s muy bien f\u00edsicamente, pero tienes que comprender que yo tambi\u00e9n estoy muy bien\u00bb<\/strong>. Bibiche se empez\u00f3 a re\u00edr y al final tambi\u00e9n coincidi\u00f3 en que no pegaban juntos.<\/p>\n<p><!-- BREAK 7 --><\/p>\n<p>En Espinof | <a class=\"text-outboundlink\" href=\"https:\/\/www.espinof.com\/reality\/first-dates-soltera-colombiana-se-cabrea-carlos-sobera-comentario-puedo-golpear-al-presentador\" data-vars-post-title=\"'First Dates', una soltera colombiana se cabrea con Carlos Sobera por un comentario. &quot;\u00bfPuedo golpear al presentador?&quot; \" data-vars-post-url=\"https:\/\/www.espinof.com\/reality\/first-dates-soltera-colombiana-se-cabrea-carlos-sobera-comentario-puedo-golpear-al-presentador\">&#8216;First Dates&#8217;, una soltera colombiana se cabrea con Carlos Sobera por un comentario. \u00ab\u00bfPuedo golpear al presentador?\u00bb<\/a><\/p>\n<p>En Espinof | <a class=\"text-outboundlink\" href=\"https:\/\/www.espinof.com\/listas\/mejores-series-animadas-2024\" data-vars-post-title=\"Las 11 mejores series de animaci\u00f3n de 2024 y d\u00f3nde verlas\" data-vars-post-url=\"https:\/\/www.espinof.com\/listas\/mejores-series-animadas-2024\">Las mejores series animadas de 2024<\/a><\/p>\n","protected":false},"excerpt":{"rendered":"<p>Hemos visto muchos conflictos en &#8216;First Dates&#8217; por los temas m\u00e1s variopintos, pero pocas veces que dos solteros compitan por ver qui\u00e9n es m\u00e1s guapo. Bibiche y \u00c1ngel no ten\u00edan abuela, y ella adem\u00e1s le hizo la cruz al ver que se ped\u00eda otro roncola \u00abcargadito\u00bb. \u00a1Qu\u00e9 guap@ soy! Bibiche vive en M\u00e1laga, tiene 26 [&hellip;]<\/p>\n","protected":false},"author":1,"featured_media":95727,"comment_status":"open","ping_status":"closed","sticky":false,"template":"","format":"standard","meta":[],"categories":[10],"tags":[],"_links":{"self":[{"href":"http:\/\/hoycordobaweb.com\/index.php\/wp-json\/wp\/v2\/posts\/95726"}],"collection":[{"href":"http:\/\/hoycordobaweb.com\/index.php\/wp-json\/wp\/v2\/posts"}],"about":[{"href":"http:\/\/hoycordobaweb.com\/index.php\/wp-json\/wp\/v2\/types\/post"}],"author":[{"embeddable":true,"href":"http:\/\/hoycordobaweb.com\/index.php\/wp-json\/wp\/v2\/users\/1"}],"replies":[{"embeddable":true,"href":"http:\/\/hoycordobaweb.com\/index.php\/wp-json\/wp\/v2\/comments?post=95726"}],"version-history":[{"count":0,"href":"http:\/\/hoycordobaweb.com\/index.php\/wp-json\/wp\/v2\/posts\/95726\/revisions"}],"wp:featuredmedia":[{"embeddable":true,"href":"http:\/\/hoycordobaweb.com\/index.php\/wp-json\/wp\/v2\/media\/95727"}],"wp:attachment":[{"href":"http:\/\/hoycordobaweb.com\/index.php\/wp-json\/wp\/v2\/media?parent=95726"}],"wp:term":[{"taxonomy":"category","embeddable":true,"href":"http:\/\/hoycordobaweb.com\/index.php\/wp-json\/wp\/v2\/categories?post=95726"},{"taxonomy":"post_tag","embeddable":true,"href":"http:\/\/hoycordobaweb.com\/index.php\/wp-json\/wp\/v2\/tags?post=95726"}],"curies":[{"name":"wp","href":"https:\/\/api.w.org\/{rel}","templated":true}]}}