{"id":95722,"date":"2025-01-31T20:59:33","date_gmt":"2025-01-31T20:59:33","guid":{"rendered":"https:\/\/www.trendencias.com\/belleza\/pilar-rubio-cambia-look-paris-luce-corte-pelo-favorecedor"},"modified":"2025-01-31T20:59:33","modified_gmt":"2025-01-31T20:59:33","slug":"pilar-rubio-cambia-de-look-en-paris-y-luce-un-corte-de-pelo-de-lo-mas-favorecedor","status":"publish","type":"post","link":"http:\/\/hoycordobaweb.com\/index.php\/2025\/01\/31\/pilar-rubio-cambia-de-look-en-paris-y-luce-un-corte-de-pelo-de-lo-mas-favorecedor\/","title":{"rendered":"Pilar Rubio cambia de look en Par\u00eds y luce un corte de pelo de lo m\u00e1s favorecedor"},"content":{"rendered":"<p>Que s\u00ed, que <a href=\"https:\/\/www.trendencias.com\/tag\/Pilar-Rubio\">Pilar Rubio<\/a> nos gusta de cualquier manera es una realidad. Da igual que lleve extensiones, flequillo postizo, m\u00e1s largo, m\u00e1s corto&#8230; ella est\u00e1 siempre ideal. Sin embargo, hoy nos hemos fijado que durante su estancia en la Semana de la Moda de Par\u00eds nos ha dejado un <a href=\"https:\/\/www.trendencias.com\/tag\/cambio-de-look\">cambio de look <\/a>de esos que nos gustan.<\/p>\n<p><!-- BREAK 1 --> <\/p>\n<div class=\"article-asset article-asset-normal article-asset-center\">\n<div class=\"desvio-container\">\n<div class=\"desvio\">\n<div class=\"desvio-figure js-desvio-figure\"> <a href=\"https:\/\/www.trendencias.com\/psicologia\/personas-mentalmente-fuertes-siguen-estos-cinco-habitos-espartanos-hacian-hace-2500-anos\" class=\"pivot-outboundlink\" data-vars-post-title=\"Las personas mentalmente fuertes siguen estos cinco h\u00e1bitos. Los espartanos ya lo hac\u00edan hace 2500 a\u00f1os\"> <img loading=\"lazy\" alt=\"Las personas mentalmente fuertes siguen estos cinco h\u00e1bitos. Los espartanos ya lo hac\u00edan hace 2500 a\u00f1os\" width=\"375\" height=\"142\" src=\"http:\/\/hoycordobaweb.com\/wp-content\/uploads\/2025\/01\/pilar-rubio-cambia-de-look-en-paris-y-luce-un-corte-de-pelo-de-lo-mas-favorecedor.jpg\"> <\/a> <\/div><\/div><\/div>\n<\/div>\n<div class=\"article-asset-image article-asset-normal article-asset-center\">\n<div class=\"asset-content\"> <img class=\"centro_sinmarco\" height=\"1800\" width=\"1440\" loading=\"lazy\" decoding=\"async\" sizes=\"100vw\" fetchpriority=\"high\" srcset=\"http:\/\/hoycordobaweb.com\/wp-content\/uploads\/2025\/01\/pilar-rubio-cambia-de-look-en-paris-y-luce-un-corte-de-pelo-de-lo-mas-favorecedor-1.jpg 450w, http:\/\/hoycordobaweb.com\/wp-content\/uploads\/2025\/01\/pilar-rubio-cambia-de-look-en-paris-y-luce-un-corte-de-pelo-de-lo-mas-favorecedor-5.jpg 681w, http:\/\/hoycordobaweb.com\/wp-content\/uploads\/2025\/01\/pilar-rubio-cambia-de-look-en-paris-y-luce-un-corte-de-pelo-de-lo-mas-favorecedor-6.jpg 1024w, http:\/\/hoycordobaweb.com\/wp-content\/uploads\/2025\/01\/pilar-rubio-cambia-de-look-en-paris-y-luce-un-corte-de-pelo-de-lo-mas-favorecedor-7.jpg 1366w\" src=\"http:\/\/hoycordobaweb.com\/wp-content\/uploads\/2025\/01\/pilar-rubio-cambia-de-look-en-paris-y-luce-un-corte-de-pelo-de-lo-mas-favorecedor-1.jpg\" alt=\"pilar rubio\"> <noscript><img alt=\"pilar rubio\" class=\"centro_sinmarco\" src=\"http:\/\/hoycordobaweb.com\/wp-content\/uploads\/2025\/01\/pilar-rubio-cambia-de-look-en-paris-y-luce-un-corte-de-pelo-de-lo-mas-favorecedor-1.jpg\"><\/noscript> <\/div>\n<\/div>\n<p>Ha sido, precisamente, cuando la presentadora ha ido al <strong>desfile de Zuhair Murad <\/strong>que hemos podido ver c\u00f3mo su melena es mucho m\u00e1s corta de lo que nos tiene acostumbrados. Y es que Pilar es una amante de las extensiones y de las melenas XXL pero, de vez en cuando, cuando se las quita, est\u00e1 hasta m\u00e1s favorecida.<\/p>\n<p><!-- BREAK 2 --><\/p>\n<div class=\"article-asset-image article-asset-normal article-asset-center\">\n<div class=\"asset-content\"> <img class=\"centro_sinmarco\" height=\"900\" width=\"720\" loading=\"lazy\" decoding=\"async\" sizes=\"100vw\" fetchpriority=\"high\" srcset=\"http:\/\/hoycordobaweb.com\/wp-content\/uploads\/2025\/01\/pilar-rubio-cambia-de-look-en-paris-y-luce-un-corte-de-pelo-de-lo-mas-favorecedor-2.jpg 450w, http:\/\/hoycordobaweb.com\/wp-content\/uploads\/2025\/01\/pilar-rubio-cambia-de-look-en-paris-y-luce-un-corte-de-pelo-de-lo-mas-favorecedor-8.jpg 681w, http:\/\/hoycordobaweb.com\/wp-content\/uploads\/2025\/01\/pilar-rubio-cambia-de-look-en-paris-y-luce-un-corte-de-pelo-de-lo-mas-favorecedor-9.jpg 1024w, http:\/\/hoycordobaweb.com\/wp-content\/uploads\/2025\/01\/pilar-rubio-cambia-de-look-en-paris-y-luce-un-corte-de-pelo-de-lo-mas-favorecedor-10.jpg 1366w\" src=\"http:\/\/hoycordobaweb.com\/wp-content\/uploads\/2025\/01\/pilar-rubio-cambia-de-look-en-paris-y-luce-un-corte-de-pelo-de-lo-mas-favorecedor-2.jpg\" alt=\"pilar rubio\"> <noscript><img alt=\"pilar rubio\" class=\"centro_sinmarco\" src=\"http:\/\/hoycordobaweb.com\/wp-content\/uploads\/2025\/01\/pilar-rubio-cambia-de-look-en-paris-y-luce-un-corte-de-pelo-de-lo-mas-favorecedor-2.jpg\"><\/noscript> <\/div>\n<\/div>\n<p>As\u00ed, la hemos visto <strong>con una melena a la altura del pecho,<\/strong> justo al comienzo, que ya es una buena largura (dicho sea de paso) que ha lucido con unas ondas ligeras dando un aspecto muy natural y desenfadado, ideal para una cita como esta.<\/p>\n<p><!-- BREAK 3 --> <\/p>\n<div class=\"article-asset-image article-asset-normal article-asset-center\">\n<div class=\"asset-content\"> <img class=\"centro_sinmarco\" height=\"1800\" width=\"1440\" loading=\"lazy\" decoding=\"async\" sizes=\"100vw\" fetchpriority=\"high\" srcset=\"http:\/\/hoycordobaweb.com\/wp-content\/uploads\/2025\/01\/pilar-rubio-cambia-de-look-en-paris-y-luce-un-corte-de-pelo-de-lo-mas-favorecedor-3.jpg 450w, http:\/\/hoycordobaweb.com\/wp-content\/uploads\/2025\/01\/pilar-rubio-cambia-de-look-en-paris-y-luce-un-corte-de-pelo-de-lo-mas-favorecedor-11.jpg 681w, http:\/\/hoycordobaweb.com\/wp-content\/uploads\/2025\/01\/pilar-rubio-cambia-de-look-en-paris-y-luce-un-corte-de-pelo-de-lo-mas-favorecedor-12.jpg 1024w, http:\/\/hoycordobaweb.com\/wp-content\/uploads\/2025\/01\/pilar-rubio-cambia-de-look-en-paris-y-luce-un-corte-de-pelo-de-lo-mas-favorecedor-13.jpg 1366w\" src=\"http:\/\/hoycordobaweb.com\/wp-content\/uploads\/2025\/01\/pilar-rubio-cambia-de-look-en-paris-y-luce-un-corte-de-pelo-de-lo-mas-favorecedor-3.jpg\" alt=\"pilar rubio\"> <noscript><img alt=\"pilar rubio\" class=\"centro_sinmarco\" src=\"http:\/\/hoycordobaweb.com\/wp-content\/uploads\/2025\/01\/pilar-rubio-cambia-de-look-en-paris-y-luce-un-corte-de-pelo-de-lo-mas-favorecedor-3.jpg\"><\/noscript> <\/div>\n<\/div>\n<p>Est\u00e1 claro que est\u00e1 guap\u00edsima y, desde aqu\u00ed, la animamos a que se la deje as\u00ed m\u00e1s tiempo porque tiene un toque m\u00e1s rejuvenecedor, las cosas como son.&nbsp;<\/p>\n<p>Fotos | <a rel=\"noopener, noreferrer\" href=\"https:\/\/www.instagram.com\/pilarrubio\/?e=24965ec2-1a31-400a-868d-f54bc7de0511&amp;g=5\">@pilarrubio<\/a><\/p>\n<p>En Trendencias | <a class=\"text-outboundlink\" href=\"https:\/\/www.trendencias.com\/belleza\/todo-alisado-brasileno-que-como-se-hace-cuanto-dura\" data-vars-post-title=\"Todo sobre el alisado brasile\u00f1o: qu\u00e9 es, c\u00f3mo se hace y cu\u00e1nto dura\" data-vars-post-url=\"https:\/\/www.trendencias.com\/belleza\/todo-alisado-brasileno-que-como-se-hace-cuanto-dura\">Todo sobre el alisado brasile\u00f1o: qu\u00e9 es, c\u00f3mo se hace y cu\u00e1nto dura<\/a><\/p>\n<p>En Trendencias | <a class=\"text-outboundlink\" href=\"https:\/\/www.trendencias.com\/belleza\/como-conseguir-rubio-platino-perfecto-mejores-tips-experto-nueve-productos-dure-tiempo\" data-vars-post-title=\"C\u00f3mo conseguir un rubio platino perfecto: los mejores tips de experto y nueve productos para que dure m\u00e1s tiempo\" data-vars-post-url=\"https:\/\/www.trendencias.com\/belleza\/como-conseguir-rubio-platino-perfecto-mejores-tips-experto-nueve-productos-dure-tiempo\">C\u00f3mo conseguir un rubio platino perfecto: los mejores tips de experto y nueve productos para que dure m\u00e1s tiempo<\/a><\/p>\n","protected":false},"excerpt":{"rendered":"<p>Que s\u00ed, que Pilar Rubio nos gusta de cualquier manera es una realidad. Da igual que lleve extensiones, flequillo postizo, m\u00e1s largo, m\u00e1s corto&#8230; ella est\u00e1 siempre ideal. Sin embargo, hoy nos hemos fijado que durante su estancia en la Semana de la Moda de Par\u00eds nos ha dejado un cambio de look de esos [&hellip;]<\/p>\n","protected":false},"author":1,"featured_media":95723,"comment_status":"closed","ping_status":"closed","sticky":false,"template":"","format":"standard","meta":[],"categories":[],"tags":[],"_links":{"self":[{"href":"http:\/\/hoycordobaweb.com\/index.php\/wp-json\/wp\/v2\/posts\/95722"}],"collection":[{"href":"http:\/\/hoycordobaweb.com\/index.php\/wp-json\/wp\/v2\/posts"}],"about":[{"href":"http:\/\/hoycordobaweb.com\/index.php\/wp-json\/wp\/v2\/types\/post"}],"author":[{"embeddable":true,"href":"http:\/\/hoycordobaweb.com\/index.php\/wp-json\/wp\/v2\/users\/1"}],"replies":[{"embeddable":true,"href":"http:\/\/hoycordobaweb.com\/index.php\/wp-json\/wp\/v2\/comments?post=95722"}],"version-history":[{"count":0,"href":"http:\/\/hoycordobaweb.com\/index.php\/wp-json\/wp\/v2\/posts\/95722\/revisions"}],"wp:featuredmedia":[{"embeddable":true,"href":"http:\/\/hoycordobaweb.com\/index.php\/wp-json\/wp\/v2\/media\/95723"}],"wp:attachment":[{"href":"http:\/\/hoycordobaweb.com\/index.php\/wp-json\/wp\/v2\/media?parent=95722"}],"wp:term":[{"taxonomy":"category","embeddable":true,"href":"http:\/\/hoycordobaweb.com\/index.php\/wp-json\/wp\/v2\/categories?post=95722"},{"taxonomy":"post_tag","embeddable":true,"href":"http:\/\/hoycordobaweb.com\/index.php\/wp-json\/wp\/v2\/tags?post=95722"}],"curies":[{"name":"wp","href":"https:\/\/api.w.org\/{rel}","templated":true}]}}