{"id":95720,"date":"2025-01-31T21:40:49","date_gmt":"2025-01-31T21:40:49","guid":{"rendered":"https:\/\/www.trendencias.com\/libros-y-literatura\/libros-vendidos-enero-2025-diez-novelas-que-vas-a-oir-hablar-resto-ano"},"modified":"2025-01-31T21:40:49","modified_gmt":"2025-01-31T21:40:49","slug":"los-libros-mas-vendidos-de-enero-2025-diez-novelas-de-las-que-vas-a-oir-hablar-el-resto-del-ano","status":"publish","type":"post","link":"http:\/\/hoycordobaweb.com\/index.php\/2025\/01\/31\/los-libros-mas-vendidos-de-enero-2025-diez-novelas-de-las-que-vas-a-oir-hablar-el-resto-del-ano\/","title":{"rendered":"Los libros m\u00e1s vendidos de enero 2025: diez novelas de las que vas a oir hablar el resto del a\u00f1o"},"content":{"rendered":"<p>Nuevo a\u00f1os, nuevos libros que lo marcan y se convierten en temas de conversaci\u00f3n y t\u00edtulos habituales en clubes de lectura. Pero, \u00bfcu\u00e1les son los primeros libros que han conquistado a los lectores este a\u00f1o? A continuaci\u00f3n te desvelamos cu\u00e1les han sido los libros m\u00e1s le\u00eddos de enero de 2025. Adem\u00e1s, <strong>es muy probable que algunas de tus pr\u00f3ximas lecturas est\u00e9n en esta lista<\/strong>.<\/p>\n<p><!-- BREAK 1 --> <\/p>\n<div class=\"article-asset article-asset-normal article-asset-center\">\n<div class=\"desvio-container\">\n<div class=\"desvio\">\n<div class=\"desvio-figure js-desvio-figure\"> <a href=\"https:\/\/www.trendencias.com\/psicologia\/personas-mentalmente-fuertes-siguen-estos-cinco-habitos-espartanos-hacian-hace-2500-anos\" class=\"pivot-outboundlink\" data-vars-post-title=\"Las personas mentalmente fuertes siguen estos cinco h\u00e1bitos. Los espartanos ya lo hac\u00edan hace 2500 a\u00f1os\"> <img loading=\"lazy\" alt=\"Las personas mentalmente fuertes siguen estos cinco h\u00e1bitos. Los espartanos ya lo hac\u00edan hace 2500 a\u00f1os\" width=\"375\" height=\"142\" src=\"http:\/\/hoycordobaweb.com\/wp-content\/uploads\/2025\/01\/los-libros-mas-vendidos-de-enero-2025-diez-novelas-de-las-que-vas-a-oir-hablar-el-resto-del-ano.jpg\"> <\/a> <\/div><\/div><\/div>\n<\/div>\n<div class=\"toc-container article-asset-normal\">\n<details> <\/details>\n<div class=\"toc-list-wrap \">\n<div class=\"toc-list-item\">\n<ul class=\"toc-list\">\n<li class=\"toc-item\"> <a href=\"https:\/\/www.trendencias.com\/libros-y-literatura\/libros-vendidos-enero-2025-diez-novelas-que-vas-a-oir-hablar-resto-ano#peninsula-casas-vacias-david-ucles-1\" class=\"toc-item-link\">&#8216;La pen\u00ednsula de las casas vac\u00edas&#8217;, David Ucl\u00e9s<\/a> <\/li>\n<li class=\"toc-item\"> <a href=\"https:\/\/www.trendencias.com\/libros-y-literatura\/libros-vendidos-enero-2025-diez-novelas-que-vas-a-oir-hablar-resto-ano#que-no-duermen-dolores-redondo-2\" class=\"toc-item-link\">&#8216;Las que no duermen&#8217;, Dolores Redondo<\/a> <\/li>\n<li class=\"toc-item\"> <a href=\"https:\/\/www.trendencias.com\/libros-y-literatura\/libros-vendidos-enero-2025-diez-novelas-que-vas-a-oir-hablar-resto-ano#asistenta-freida-mcfadden-3\" class=\"toc-item-link\">&#8216;La asistenta&#8217;, Freida McFadden<\/a> <\/li>\n<li class=\"toc-item\"> <a href=\"https:\/\/www.trendencias.com\/libros-y-literatura\/libros-vendidos-enero-2025-diez-novelas-que-vas-a-oir-hablar-resto-ano#victoria-paloma-sanchez-garnica-4\" class=\"toc-item-link\">&#8216;Victoria&#8217;, Paloma S\u00e1nchez-Garnica<\/a> <\/li>\n<li class=\"toc-item\"> <a href=\"https:\/\/www.trendencias.com\/libros-y-literatura\/libros-vendidos-enero-2025-diez-novelas-que-vas-a-oir-hablar-resto-ano#nino-que-perdio-guerra-julia-navarro-5\" class=\"toc-item-link\">&#8216;El ni\u00f1o que perdi\u00f3 la guerra&#8217;, Julia Navarro<\/a> <\/li>\n<li class=\"toc-item\"> <a href=\"https:\/\/www.trendencias.com\/libros-y-literatura\/libros-vendidos-enero-2025-diez-novelas-que-vas-a-oir-hablar-resto-ano#vegetariana-han-kang-6\" class=\"toc-item-link\">&#8216;La vegetariana&#8217;, Han Kang<\/a> <\/li>\n<li class=\"toc-item\"> <a href=\"https:\/\/www.trendencias.com\/libros-y-literatura\/libros-vendidos-enero-2025-diez-novelas-que-vas-a-oir-hablar-resto-ano#conciencia-contada-sapiens-a-neandertal-juan-jose-millas-juan-luis-arsuaga-7\" class=\"toc-item-link\">&#8216;La conciencia contada por un sapiens a un neandertal&#8217;, Juan Jos\u00e9 Mill\u00e1s y Juan Luis Arsuaga<\/a> <\/li>\n<li class=\"toc-item\"> <a href=\"https:\/\/www.trendencias.com\/libros-y-literatura\/libros-vendidos-enero-2025-diez-novelas-que-vas-a-oir-hablar-resto-ano#isla-mujer-dormida-arturo-perez-reverte-8\" class=\"toc-item-link\">&#8216;La isla de la Mujer Dormida&#8217;, Arturo P\u00e9rez-Reverte<\/a> <\/li>\n<li class=\"toc-item\"> <a href=\"https:\/\/www.trendencias.com\/libros-y-literatura\/libros-vendidos-enero-2025-diez-novelas-que-vas-a-oir-hablar-resto-ano#cartera-francesa-giannone-9\" class=\"toc-item-link\">&#8216;La Cartera&#8217;, Francesa Giannone<\/a> <\/li>\n<li class=\"toc-item\"> <a href=\"https:\/\/www.trendencias.com\/libros-y-literatura\/libros-vendidos-enero-2025-diez-novelas-que-vas-a-oir-hablar-resto-ano#clan-carmen-mola-10\" class=\"toc-item-link\">&#8216;El clan&#8217;, Carmen Mola<\/a> <\/li>\n<\/ul><\/div><\/div>\n<\/div>\n<h2 id=\"peninsula-casas-vacias-david-ucles-1\" class=\"toc-enabled\"><span class=\"toc-shortcut-icon\" title=\"Ver \u00cdndice de contenido\"><\/span>&#8216;La pen\u00ednsula de las casas vac\u00edas&#8217;, David Ucl\u00e9s<\/h2>\n<div class=\"article-asset-image article-asset-small article-asset-center\">\n<div class=\"asset-content\"> <img class=\"centro_sinmarco\" height=\"839\" width=\"552\" loading=\"lazy\" decoding=\"async\" sizes=\"100vw\" fetchpriority=\"high\" srcset=\"http:\/\/hoycordobaweb.com\/wp-content\/uploads\/2025\/01\/los-libros-mas-vendidos-de-enero-2025-diez-novelas-de-las-que-vas-a-oir-hablar-el-resto-del-ano-1.jpg 450w, http:\/\/hoycordobaweb.com\/wp-content\/uploads\/2025\/01\/los-libros-mas-vendidos-de-enero-2025-diez-novelas-de-las-que-vas-a-oir-hablar-el-resto-del-ano-12.jpg 681w, http:\/\/hoycordobaweb.com\/wp-content\/uploads\/2025\/01\/los-libros-mas-vendidos-de-enero-2025-diez-novelas-de-las-que-vas-a-oir-hablar-el-resto-del-ano-13.jpg 1024w, http:\/\/hoycordobaweb.com\/wp-content\/uploads\/2025\/01\/los-libros-mas-vendidos-de-enero-2025-diez-novelas-de-las-que-vas-a-oir-hablar-el-resto-del-ano-14.jpg 1366w\" src=\"http:\/\/hoycordobaweb.com\/wp-content\/uploads\/2025\/01\/los-libros-mas-vendidos-de-enero-2025-diez-novelas-de-las-que-vas-a-oir-hablar-el-resto-del-ano-1.jpg\" alt=\"david ucl\u00e9s\"> <noscript><img alt=\"david ucl\u00e9s\" class=\"centro_sinmarco\" src=\"http:\/\/hoycordobaweb.com\/wp-content\/uploads\/2025\/01\/los-libros-mas-vendidos-de-enero-2025-diez-novelas-de-las-que-vas-a-oir-hablar-el-resto-del-ano-1.jpg\"><\/noscript> <\/div>\n<\/div>\n<p><a rel=\"nofollow, sponsored, noopener, noreferrer noopener\" target=\"_blank\" class=\"js-ecommerce\" id=\"link-ecommerce-1\" href=\"https:\/\/www.trendencias.com\/redirect?url=https%3A%2F%2Fwww.amazon.es%2Fpen%25C3%25ADnsula-las-casas-vac%25C3%25ADas-Tiempos%2Fdp%2F8419942316&amp;category=libros-y-literatura&amp;ecomPostExpiration=everlasting&amp;postId=639388\" data-vars-affiliate-url=\"https:\/\/www.amazon.es\/pen%C3%ADnsula-las-casas-vac%C3%ADas-Tiempos\/dp\/8419942316\">Esta es la historia<\/a> de la descomposici\u00f3n total de una familia, de la deshumanizaci\u00f3n de un pueblo, de la desintegraci\u00f3n de un territorio y de una pen\u00ednsula de casas vac\u00edas. <strong>La historia total de la Guerra Civil espa\u00f1ola<\/strong> y de una Iberia agonizante donde lo fant\u00e1stico apuntala la crudeza de lo real; donde los an\u00f3nimos miembros de un extenso clan de olivareros de J\u00e1ndula cruzan sus destinos con los de Alberti, Lorca y Unamuno; Rodoreda, Zambrano y Kent; Hemingway, Orwell y Bernanos; Picasso y Mallo; Aza\u00f1a y Fox\u00e1; donde lo \u00e9pico y lo costumbrista se entrelazan para tejer un portentoso tapiz, po\u00e9tico y grotesco, bello y delirante.<\/p>\n<p><!-- BREAK 2 --><\/p>\n<h2 id=\"que-no-duermen-dolores-redondo-2\" class=\"toc-enabled\"><span class=\"toc-shortcut-icon\" title=\"Ver \u00cdndice de contenido\"><\/span>&#8216;Las que no duermen&#8217;, Dolores Redondo<\/h2>\n<div class=\"article-asset-image article-asset-small article-asset-center\">\n<div class=\"asset-content\"> <img class=\"centro_sinmarco\" height=\"1500\" width=\"879\" loading=\"lazy\" decoding=\"async\" sizes=\"100vw\" fetchpriority=\"high\" srcset=\"http:\/\/hoycordobaweb.com\/wp-content\/uploads\/2025\/01\/los-libros-mas-vendidos-de-enero-2025-diez-novelas-de-las-que-vas-a-oir-hablar-el-resto-del-ano-2.jpg 450w, http:\/\/hoycordobaweb.com\/wp-content\/uploads\/2025\/01\/los-libros-mas-vendidos-de-enero-2025-diez-novelas-de-las-que-vas-a-oir-hablar-el-resto-del-ano-15.jpg 681w, http:\/\/hoycordobaweb.com\/wp-content\/uploads\/2025\/01\/los-libros-mas-vendidos-de-enero-2025-diez-novelas-de-las-que-vas-a-oir-hablar-el-resto-del-ano-16.jpg 1024w, http:\/\/hoycordobaweb.com\/wp-content\/uploads\/2025\/01\/los-libros-mas-vendidos-de-enero-2025-diez-novelas-de-las-que-vas-a-oir-hablar-el-resto-del-ano-17.jpg 1366w\" src=\"http:\/\/hoycordobaweb.com\/wp-content\/uploads\/2025\/01\/los-libros-mas-vendidos-de-enero-2025-diez-novelas-de-las-que-vas-a-oir-hablar-el-resto-del-ano-2.jpg\" alt=\"las que no duermen\"> <noscript><img alt=\"las que no duermen\" class=\"centro_sinmarco\" src=\"http:\/\/hoycordobaweb.com\/wp-content\/uploads\/2025\/01\/los-libros-mas-vendidos-de-enero-2025-diez-novelas-de-las-que-vas-a-oir-hablar-el-resto-del-ano-2.jpg\"><\/noscript> <\/div>\n<\/div>\n<p>La psic\u00f3loga forense Nash Elizondo documenta el origen de una leyenda sobre brujer\u00eda en uno de los Valles Tranquilos de Navarra, pero lo que halla es el cad\u00e1ver de una joven desaparecida tres a\u00f1os atr\u00e1s: Andrea Dancur. Se trata de <strong>un caso que conmocion\u00f3 al pa\u00eds y por cuyo crimen una mujer cumple prisi\u00f3n<\/strong>. Es marzo de 2020 y el hallazgo y las nuevas pistas obligan a reabrir una investigaci\u00f3n que se desarrollar\u00e1 en dos planos distintos: por una parte, a trav\u00e9s del m\u00e9todo cient\u00edfico y, por otra, mediante la profundizaci\u00f3n en la psicolog\u00eda de los implicados y el conocimiento de los misterios ancestrales.<\/p>\n<p><!-- BREAK 3 --> <\/p>\n<h2 id=\"asistenta-freida-mcfadden-3\" class=\"toc-enabled\"><span class=\"toc-shortcut-icon\" title=\"Ver \u00cdndice de contenido\"><\/span>&#8216;La asistenta&#8217;<em>, <\/em>Freida McFadden<\/h2>\n<div class=\"article-asset-image article-asset-small article-asset-center\">\n<div class=\"asset-content\"> <img class=\"centro_sinmarco\" height=\"1500\" width=\"978\" loading=\"lazy\" decoding=\"async\" sizes=\"100vw\" fetchpriority=\"high\" srcset=\"http:\/\/hoycordobaweb.com\/wp-content\/uploads\/2025\/01\/los-libros-mas-vendidos-de-enero-2025-diez-novelas-de-las-que-vas-a-oir-hablar-el-resto-del-ano-3.jpg 450w, http:\/\/hoycordobaweb.com\/wp-content\/uploads\/2025\/01\/los-libros-mas-vendidos-de-enero-2025-diez-novelas-de-las-que-vas-a-oir-hablar-el-resto-del-ano-18.jpg 681w, http:\/\/hoycordobaweb.com\/wp-content\/uploads\/2025\/01\/los-libros-mas-vendidos-de-enero-2025-diez-novelas-de-las-que-vas-a-oir-hablar-el-resto-del-ano-19.jpg 1024w, http:\/\/hoycordobaweb.com\/wp-content\/uploads\/2025\/01\/los-libros-mas-vendidos-de-enero-2025-diez-novelas-de-las-que-vas-a-oir-hablar-el-resto-del-ano-20.jpg 1366w\" src=\"http:\/\/hoycordobaweb.com\/wp-content\/uploads\/2025\/01\/los-libros-mas-vendidos-de-enero-2025-diez-novelas-de-las-que-vas-a-oir-hablar-el-resto-del-ano-3.jpg\" alt=\"la asistenta\"> <noscript><img alt=\"la asistenta\" class=\"centro_sinmarco\" src=\"http:\/\/hoycordobaweb.com\/wp-content\/uploads\/2025\/01\/los-libros-mas-vendidos-de-enero-2025-diez-novelas-de-las-que-vas-a-oir-hablar-el-resto-del-ano-3.jpg\"><\/noscript> <\/div>\n<\/div>\n<p><a href=\"https:\/\/www.trendencias.com\/redirect?url=https%3A%2F%2Fwww.amazon.es%2Fasistenta-adictivo-thriller-arrasando-internacionalmente-ebook%2Fdp%2FB0CD9M3ZKJ&amp;category=libros-y-literatura&amp;ecomPostExpiration=everlasting&amp;postId=633748\">Un thriller psicol\u00f3gico<\/a> absolutamente adictivo que los lectores de &#8216;La mujer en la ventana&#8217; y &#8216;La pareja de al lado&#8217; no se quieren perder. Adem\u00e1s, fue la novela ganadora del Premio Valencia Negra en la categor\u00eda Best Novel. Sigue a una mujer joven que lucha por salir adelante en medio de la pobreza y las dificultades laborales. Con una trama magistralmente construida a partir de una familia aparentemente id\u00edlica e intrigante, sumerge al lector en <strong>un juego de secretos, mentiras y giros inesperados<\/strong>.<\/p>\n<p><!-- BREAK 4 --><\/p>\n<h2 id=\"victoria-paloma-sanchez-garnica-4\" class=\"toc-enabled\"><span class=\"toc-shortcut-icon\" title=\"Ver \u00cdndice de contenido\"><\/span>&#8216;Victoria&#8217;, Paloma S\u00e1nchez-Garnica<\/h2>\n<div class=\"article-asset-image article-asset-small article-asset-center\">\n<div class=\"asset-content\"> <img class=\"centro_sinmarco\" height=\"1200\" width=\"785\" loading=\"lazy\" decoding=\"async\" sizes=\"100vw\" fetchpriority=\"high\" srcset=\"http:\/\/hoycordobaweb.com\/wp-content\/uploads\/2025\/01\/los-libros-mas-vendidos-de-enero-2025-diez-novelas-de-las-que-vas-a-oir-hablar-el-resto-del-ano-4.jpg 450w, http:\/\/hoycordobaweb.com\/wp-content\/uploads\/2025\/01\/los-libros-mas-vendidos-de-enero-2025-diez-novelas-de-las-que-vas-a-oir-hablar-el-resto-del-ano-21.jpg 681w, http:\/\/hoycordobaweb.com\/wp-content\/uploads\/2025\/01\/los-libros-mas-vendidos-de-enero-2025-diez-novelas-de-las-que-vas-a-oir-hablar-el-resto-del-ano-22.jpg 1024w, http:\/\/hoycordobaweb.com\/wp-content\/uploads\/2025\/01\/los-libros-mas-vendidos-de-enero-2025-diez-novelas-de-las-que-vas-a-oir-hablar-el-resto-del-ano-23.jpg 1366w\" src=\"http:\/\/hoycordobaweb.com\/wp-content\/uploads\/2025\/01\/los-libros-mas-vendidos-de-enero-2025-diez-novelas-de-las-que-vas-a-oir-hablar-el-resto-del-ano-4.jpg\" alt=\"victoria\"> <noscript><img alt=\"victoria\" class=\"centro_sinmarco\" src=\"http:\/\/hoycordobaweb.com\/wp-content\/uploads\/2025\/01\/los-libros-mas-vendidos-de-enero-2025-diez-novelas-de-las-que-vas-a-oir-hablar-el-resto-del-ano-4.jpg\"><\/noscript> <\/div>\n<\/div>\n<p>En un Berl\u00edn arrasado, reci\u00e9n terminada la Segunda Guerra Mundial, Victoria sobrevive cantando en el club Kassandra. Su hija y su hermana dependen de su m\u00edsero sueldo para vivir, pese a que ella tiene una mente prodigiosa, capaz de crear un poderoso sistema de cifrado de mensajes. Un chantaje por parte de los rusos obliga a Victoria a viajar sola a Estados Unidos, donde disfrutar\u00e1 del amor incondicional del capit\u00e1n Norton y descubrir\u00e1 que<strong> la que parec\u00eda la sociedad m\u00e1s democr\u00e1tica del mundo esconde una rancia capa de racismo e injusticias<\/strong> con el Ku Klux Klan y el senador McCarthy. La <a href=\"https:\/\/www.trendencias.com\/redirect?url=https%3A%2F%2Fwww.amazon.es%2FVictoria-Planeta-Autores-Espa%25C3%25B1oles-Iberoamericanos%2Fdp%2F8408295853%2Fref%3Dtmm_hrd_swatch_0%3F_encoding%3DUTF8%26dib_tag%3Dse%26dib%3DeyJ2IjoiMSJ9.dBGzaGEvxPzN2K3TlM5gRPrVszZ43vpDRdxgfZQWFYYfMXekWN-SuWt5LrgXfYov8-OXHdZICl8tkdKCjxnoBQNCtF2rJwHB6X0XfifmN9Vop9QVa3U5Q7Koakdluhk7D3olFKv0zMYoUUqr5HM8CuEuHj2RqZTBAiUycTMVSWcBDABQru2hWNg6DAgKejNMQbgJn3JBuVcn_NsQ4yo2DnEJPD6ko3Lpmh_Gc1HW5Ed_1tb3BKuvNCQAFdSSIuLysLGh8ofdswg-g2b6EsmiIzbs-u0a9XvbjiyBipzB8Vw.EFQckQOSqc8prl5IImjoLw39LXfCSzTy6KrHQSiYaz0%26qid%3D1731190820%26sr%3D8-1&amp;category=libros-y-literatura&amp;ecomPostExpiration=everlasting&amp;postId=635501\">novela ganadora del Premio Planeta 2024<\/a> retrata la azarosa vida de las personas que sufren las consecuencias de las grandes decisiones pol\u00edticas.<\/p>\n<p><!-- BREAK 5 --><\/p>\n<h2 id=\"nino-que-perdio-guerra-julia-navarro-5\" class=\"toc-enabled\"><span class=\"toc-shortcut-icon\" title=\"Ver \u00cdndice de contenido\"><\/span>&#8216;El ni\u00f1o que perdi\u00f3 la guerra&#8217;, Julia Navarro<\/h2>\n<div class=\"article-asset-image article-asset-small article-asset-center\">\n<div class=\"asset-content\"> <img class=\"centro_sinmarco\" height=\"1500\" width=\"982\" loading=\"lazy\" decoding=\"async\" sizes=\"100vw\" fetchpriority=\"high\" srcset=\"http:\/\/hoycordobaweb.com\/wp-content\/uploads\/2025\/01\/los-libros-mas-vendidos-de-enero-2025-diez-novelas-de-las-que-vas-a-oir-hablar-el-resto-del-ano-5.jpg 450w, http:\/\/hoycordobaweb.com\/wp-content\/uploads\/2025\/01\/los-libros-mas-vendidos-de-enero-2025-diez-novelas-de-las-que-vas-a-oir-hablar-el-resto-del-ano-24.jpg 681w, http:\/\/hoycordobaweb.com\/wp-content\/uploads\/2025\/01\/los-libros-mas-vendidos-de-enero-2025-diez-novelas-de-las-que-vas-a-oir-hablar-el-resto-del-ano-25.jpg 1024w, http:\/\/hoycordobaweb.com\/wp-content\/uploads\/2025\/01\/los-libros-mas-vendidos-de-enero-2025-diez-novelas-de-las-que-vas-a-oir-hablar-el-resto-del-ano-26.jpg 1366w\" src=\"http:\/\/hoycordobaweb.com\/wp-content\/uploads\/2025\/01\/los-libros-mas-vendidos-de-enero-2025-diez-novelas-de-las-que-vas-a-oir-hablar-el-resto-del-ano-5.jpg\" alt=\"Julia Navarro\"> <noscript><img alt=\"Julia Navarro\" class=\"centro_sinmarco\" src=\"http:\/\/hoycordobaweb.com\/wp-content\/uploads\/2025\/01\/los-libros-mas-vendidos-de-enero-2025-diez-novelas-de-las-que-vas-a-oir-hablar-el-resto-del-ano-5.jpg\"><\/noscript> <\/div>\n<\/div>\n<p>Un ni\u00f1o, dos pa\u00edses y dos ideolog\u00edas. <a href=\"https:\/\/www.trendencias.com\/redirect?url=https%3A%2F%2Fwww.amazon.es%2Fni%25C3%25B1o-que-perdi%25C3%25B3-guerra-%25C3%2589xitos%2Fdp%2F8401027977&amp;category=libros-y-literatura&amp;ecomPostExpiration=everlasting&amp;postId=633748\">&#8216;El ni\u00f1o que perdi\u00f3 la guerra&#8217;<\/a> es una emocionante y <strong>ambiciosa novela sobre la identidad<\/strong> y el poder arrollador de la cultura. En sus p\u00e1ginas, Julia Navarro nos muestra que, incluso en los rincones m\u00e1s oscuros de la Historia, la vida se abre paso.<\/p>\n<p><!-- BREAK 6 --> <\/p>\n<h2 id=\"vegetariana-han-kang-6\" class=\"toc-enabled\"><span class=\"toc-shortcut-icon\" title=\"Ver \u00cdndice de contenido\"><\/span>&#8216;La vegetariana&#8217;, Han Kang<\/h2>\n<div class=\"article-asset-image article-asset-small article-asset-center\">\n<div class=\"asset-content\"> <img class=\"centro_sinmarco\" height=\"1500\" width=\"890\" loading=\"lazy\" decoding=\"async\" sizes=\"100vw\" fetchpriority=\"high\" srcset=\"http:\/\/hoycordobaweb.com\/wp-content\/uploads\/2025\/01\/los-libros-mas-vendidos-de-enero-2025-diez-novelas-de-las-que-vas-a-oir-hablar-el-resto-del-ano-6.jpg 450w, http:\/\/hoycordobaweb.com\/wp-content\/uploads\/2025\/01\/los-libros-mas-vendidos-de-enero-2025-diez-novelas-de-las-que-vas-a-oir-hablar-el-resto-del-ano-27.jpg 681w, http:\/\/hoycordobaweb.com\/wp-content\/uploads\/2025\/01\/los-libros-mas-vendidos-de-enero-2025-diez-novelas-de-las-que-vas-a-oir-hablar-el-resto-del-ano-28.jpg 1024w, http:\/\/hoycordobaweb.com\/wp-content\/uploads\/2025\/01\/los-libros-mas-vendidos-de-enero-2025-diez-novelas-de-las-que-vas-a-oir-hablar-el-resto-del-ano-29.jpg 1366w\" src=\"http:\/\/hoycordobaweb.com\/wp-content\/uploads\/2025\/01\/los-libros-mas-vendidos-de-enero-2025-diez-novelas-de-las-que-vas-a-oir-hablar-el-resto-del-ano-6.jpg\" alt=\"La vegetariana\"> <noscript><img alt=\"La vegetariana\" class=\"centro_sinmarco\" src=\"http:\/\/hoycordobaweb.com\/wp-content\/uploads\/2025\/01\/los-libros-mas-vendidos-de-enero-2025-diez-novelas-de-las-que-vas-a-oir-hablar-el-resto-del-ano-6.jpg\"><\/noscript> <\/div>\n<\/div>\n<p>El inesperado <a class=\"text-outboundlink\" href=\"https:\/\/www.trendencias.com\/libros-y-literatura\/era-impensable-que-han-kang-ganara-nobel-literatura-no-hay-solo-motivo-hay-seis\" data-vars-post-title=\"Era impensable que Han Kang ganara el Nobel de Literatura y no hay solo un motivo: hay seis\" data-vars-post-url=\"https:\/\/www.trendencias.com\/libros-y-literatura\/era-impensable-que-han-kang-ganara-nobel-literatura-no-hay-solo-motivo-hay-seis\">Premio Nobel de Literatura que se ha llevado Han Kang<\/a> este a\u00f1o ha devuelto a la lista de los m\u00e1s vendidos una novela que se publico en espa\u00f1ol por primera vez en 2017. <a href=\"https:\/\/www.trendencias.com\/redirect?url=https%3A%2F%2Fwww.amazon.es%2Fvegetariana-Random-House-Han-Kang%2Fdp%2F8439743890%2Fref%3Dsr_1_1%3F__mk_es_ES%3D%25C3%2585M%25C3%2585%25C5%25BD%25C3%2595%25C3%2591%26crid%3D1OVCHOG0SCOYE%26dib%3DeyJ2IjoiMSJ9.UQkRwdCUmxEsxrXSXlsEu6fXslSdOt0EWTXSXVz0mDOE4x8_Cd0Fo2Z9_kViYEZ_-AAB58yG47DiKtdmtBFt0K1Koc_wbmrFqdXNwcydw_dxEfAbIKbhkLMWGfgfj9VUC2CtGK1IMEatL-jaI8NN87gglgklH8vRz7jYpeHIpjDrFFmePrHygGSjgd5SBzcJK2-TmmKcbWP9g-38JSq8S728BFYBHbp9gmNcm_AzLpN0SjiSvBh9ICfYnm3vE22P6YuDGgD_qWP0R7c1EKH7n6kn0VHDj86x3oszZpkGQfw0smZ1miQ-MVFtxPwzifztCGzhKH82QlSkDHF9m-MWInvFq2UYQuyIJ-eEq1YRIT4AfTZ6PqUaJt8GD0cHsWG7ZszKGCBj4vLUhiQ3jeVfdY2mnLnK3JdYijXFlw0baqWUpg_7twfiP7fdt_yvjYkX.09kkpygtxXzE7DF-FJPwtJK1MVnxCt661dndinBvDMQ%26dib_tag%3Dse%26keywords%3Dla%2Bvegetariana%26nsdOptOutParam%3Dtrue%26qid%3D1735598260%26sprefix%3Dla%2Bvegetariana%252Caps%252C244%26sr%3D8-1&amp;category=libros-y-literatura&amp;ecomPostExpiration=everlasting&amp;postId=638025\" data-id=\"nofollow, sponsored, noopener, noreferrer\">&#8216;La vegetariana&#8217;<\/a> Cuenta la historia de una mujer corriente, Yeonghye, que por la simple decisi\u00f3n de no volver a comer carne<strong> convierte una vida normal en una perturbadora pesadilla<\/strong>. Narrada a tres voces, es el desprendimiento progresivo de la condici\u00f3n humana de una mujer que ha decidido dejar de ser aquello que le obligan a ser. El lector, como un pariente m\u00e1s, asiste at\u00f3nito a ese acto subversivo que fracturar\u00e1 la vida familiar de la protagonista y transformar\u00e1 todas sus relaciones cotidianas en un v\u00f3rtice de violencia, verg\u00fcenza y deseo.<\/p>\n<p><!-- BREAK 7 --><\/p>\n<h2 id=\"conciencia-contada-sapiens-a-neandertal-juan-jose-millas-juan-luis-arsuaga-7\" class=\"toc-enabled\"><span class=\"toc-shortcut-icon\" title=\"Ver \u00cdndice de contenido\"><\/span>&#8216;La conciencia contada por un sapiens a un neandertal&#8217;, Juan Jos\u00e9 Mill\u00e1s y Juan Luis Arsuaga<\/h2>\n<div class=\"article-asset-image article-asset-small article-asset-center\">\n<div class=\"asset-content\"> <img class=\"centro_sinmarco\" height=\"1500\" width=\"950\" loading=\"lazy\" decoding=\"async\" sizes=\"100vw\" fetchpriority=\"high\" srcset=\"http:\/\/hoycordobaweb.com\/wp-content\/uploads\/2025\/01\/los-libros-mas-vendidos-de-enero-2025-diez-novelas-de-las-que-vas-a-oir-hablar-el-resto-del-ano-7.jpg 450w, http:\/\/hoycordobaweb.com\/wp-content\/uploads\/2025\/01\/los-libros-mas-vendidos-de-enero-2025-diez-novelas-de-las-que-vas-a-oir-hablar-el-resto-del-ano-30.jpg 681w, http:\/\/hoycordobaweb.com\/wp-content\/uploads\/2025\/01\/los-libros-mas-vendidos-de-enero-2025-diez-novelas-de-las-que-vas-a-oir-hablar-el-resto-del-ano-31.jpg 1024w, http:\/\/hoycordobaweb.com\/wp-content\/uploads\/2025\/01\/los-libros-mas-vendidos-de-enero-2025-diez-novelas-de-las-que-vas-a-oir-hablar-el-resto-del-ano-32.jpg 1366w\" src=\"http:\/\/hoycordobaweb.com\/wp-content\/uploads\/2025\/01\/los-libros-mas-vendidos-de-enero-2025-diez-novelas-de-las-que-vas-a-oir-hablar-el-resto-del-ano-7.jpg\" alt=\"la conciencia contada\"> <noscript><img alt=\"la conciencia contada\" class=\"centro_sinmarco\" src=\"http:\/\/hoycordobaweb.com\/wp-content\/uploads\/2025\/01\/los-libros-mas-vendidos-de-enero-2025-diez-novelas-de-las-que-vas-a-oir-hablar-el-resto-del-ano-7.jpg\"><\/noscript> <\/div>\n<\/div>\n<p>Vivimos con la paradoja de que, pese a los avances de la neurociencia en los \u00faltimos a\u00f1os, <strong>el cerebro, que rige nuestra conexi\u00f3n con el mundo, contin\u00faa siendo el gran desconocido<\/strong>. La identidad, la inteligencia (la natural y la artificial) y la memoria, as\u00ed como las condiciones para que saltara la chispa y surgiera la conciencia (que nos distingue a los humanos del resto de las especies) constituyen las tramas de <a href=\"https:\/\/www.trendencias.com\/redirect?url=https%3A%2F%2Fwww.amazon.es%2Fconciencia-contada-sapiens-neandertal-Hisp%25C3%25A1nica%2Fdp%2F8420471224&amp;category=libros-y-literatura&amp;ecomPostExpiration=everlasting&amp;postId=633748\">este libro<\/a>. Todas ellas atravesadas por la sabidur\u00eda y el humor, as\u00ed como por el eje narrativo de la singular relaci\u00f3n entre el cient\u00edfico y el novelista.<\/p>\n<p><!-- BREAK 8 --><\/p>\n<h2 id=\"isla-mujer-dormida-arturo-perez-reverte-8\" class=\"toc-enabled\"><span class=\"toc-shortcut-icon\" title=\"Ver \u00cdndice de contenido\"><\/span>&#8216;La isla de la Mujer Dormida&#8217;, Arturo P\u00e9rez-Reverte<\/h2>\n<div class=\"article-asset-image article-asset-small article-asset-center\">\n<div class=\"asset-content\"> <img class=\"centro_sinmarco\" height=\"1500\" width=\"933\" loading=\"lazy\" decoding=\"async\" sizes=\"100vw\" fetchpriority=\"high\" srcset=\"http:\/\/hoycordobaweb.com\/wp-content\/uploads\/2025\/01\/los-libros-mas-vendidos-de-enero-2025-diez-novelas-de-las-que-vas-a-oir-hablar-el-resto-del-ano-8.jpg 450w, http:\/\/hoycordobaweb.com\/wp-content\/uploads\/2025\/01\/los-libros-mas-vendidos-de-enero-2025-diez-novelas-de-las-que-vas-a-oir-hablar-el-resto-del-ano-33.jpg 681w, http:\/\/hoycordobaweb.com\/wp-content\/uploads\/2025\/01\/los-libros-mas-vendidos-de-enero-2025-diez-novelas-de-las-que-vas-a-oir-hablar-el-resto-del-ano-34.jpg 1024w, http:\/\/hoycordobaweb.com\/wp-content\/uploads\/2025\/01\/los-libros-mas-vendidos-de-enero-2025-diez-novelas-de-las-que-vas-a-oir-hablar-el-resto-del-ano-35.jpg 1366w\" src=\"http:\/\/hoycordobaweb.com\/wp-content\/uploads\/2025\/01\/los-libros-mas-vendidos-de-enero-2025-diez-novelas-de-las-que-vas-a-oir-hablar-el-resto-del-ano-8.jpg\" alt=\"la isla de la mujer\"> <noscript><img alt=\"la isla de la mujer\" class=\"centro_sinmarco\" src=\"http:\/\/hoycordobaweb.com\/wp-content\/uploads\/2025\/01\/los-libros-mas-vendidos-de-enero-2025-diez-novelas-de-las-que-vas-a-oir-hablar-el-resto-del-ano-8.jpg\"><\/noscript> <\/div>\n<\/div>\n<p>Abril de 1937. Mientras en Espa\u00f1a transcurre la guerra civil, el marino mercante Miguel Jord\u00e1n Kyriazis es enviado por el bando sublevado para atacar de modo clandestino el tr\u00e1fico naval que, desde la Uni\u00f3n Sovi\u00e9tica, transporta ayuda militar para la Rep\u00fablica. En la base de operaciones, una peque\u00f1a isla del mar Egeo, la vida del corsario espa\u00f1ol se cruzar\u00e1 en un turbio tri\u00e1ngulo con la de los propietarios, el bar\u00f3n Katelios y su esposa: <strong>una seductora mujer madura que busca, con fr\u00eda desesperaci\u00f3n, el modo de escapar a su destino<\/strong>.<\/p>\n<p><!-- BREAK 9 --><\/p>\n<h2 id=\"cartera-francesa-giannone-9\" class=\"toc-enabled\"><span class=\"toc-shortcut-icon\" title=\"Ver \u00cdndice de contenido\"><\/span>&#8216;La Cartera&#8217;, Francesa Giannone<\/h2>\n<div class=\"article-asset-image article-asset-small article-asset-center\">\n<div class=\"asset-content\"> <img class=\"centro_sinmarco\" height=\"1200\" width=\"793\" loading=\"lazy\" decoding=\"async\" sizes=\"100vw\" fetchpriority=\"high\" srcset=\"http:\/\/hoycordobaweb.com\/wp-content\/uploads\/2025\/01\/los-libros-mas-vendidos-de-enero-2025-diez-novelas-de-las-que-vas-a-oir-hablar-el-resto-del-ano-9.jpg 450w, http:\/\/hoycordobaweb.com\/wp-content\/uploads\/2025\/01\/los-libros-mas-vendidos-de-enero-2025-diez-novelas-de-las-que-vas-a-oir-hablar-el-resto-del-ano-36.jpg 681w, http:\/\/hoycordobaweb.com\/wp-content\/uploads\/2025\/01\/los-libros-mas-vendidos-de-enero-2025-diez-novelas-de-las-que-vas-a-oir-hablar-el-resto-del-ano-37.jpg 1024w, http:\/\/hoycordobaweb.com\/wp-content\/uploads\/2025\/01\/los-libros-mas-vendidos-de-enero-2025-diez-novelas-de-las-que-vas-a-oir-hablar-el-resto-del-ano-38.jpg 1366w\" src=\"http:\/\/hoycordobaweb.com\/wp-content\/uploads\/2025\/01\/los-libros-mas-vendidos-de-enero-2025-diez-novelas-de-las-que-vas-a-oir-hablar-el-resto-del-ano-9.jpg\" alt=\"La cartera\"> <noscript><img alt=\"La cartera\" class=\"centro_sinmarco\" src=\"http:\/\/hoycordobaweb.com\/wp-content\/uploads\/2025\/01\/los-libros-mas-vendidos-de-enero-2025-diez-novelas-de-las-que-vas-a-oir-hablar-el-resto-del-ano-9.jpg\"><\/noscript> <\/div>\n<\/div>\n<p>En el peque\u00f1o pueblo de Lizzanello, un autob\u00fas de l\u00ednea se detiene en la plaza mayor y baja una pareja: \u00e9l, Carlo, est\u00e1 contento de regresar a casa. Ella, Anna, su esposa, est\u00e1 triste y preocupada: \u00bfqu\u00e9 vida le espera en esta tierra desconocida? Incluso treinta a\u00f1os despu\u00e9s de ese d\u00eda, para la gente del pueblo Anna seguir\u00e1 siendo \u00abla forastera\u00bb, la diferente, la que no va a la iglesia, la que no se pasea por el pueblo, la que no se interesa por los chismes. Y Anna, orgullosa y esquiva, <strong>no se doblegar\u00e1 nunca a las leyes no escritas que oprimen a las mujeres del sur<\/strong>.<\/p>\n<p><!-- BREAK 10 --> <\/p>\n<h2 id=\"clan-carmen-mola-10\" class=\"toc-enabled\"><span class=\"toc-shortcut-icon\" title=\"Ver \u00cdndice de contenido\"><\/span>&#8216;El clan&#8217;, Carmen Mola<\/h2>\n<div class=\"article-asset-image article-asset-small article-asset-center\">\n<div class=\"asset-content\"> <img class=\"centro_sinmarco\" height=\"1200\" width=\"758\" loading=\"lazy\" decoding=\"async\" sizes=\"100vw\" fetchpriority=\"high\" srcset=\"http:\/\/hoycordobaweb.com\/wp-content\/uploads\/2025\/01\/los-libros-mas-vendidos-de-enero-2025-diez-novelas-de-las-que-vas-a-oir-hablar-el-resto-del-ano-10.jpg 450w, http:\/\/hoycordobaweb.com\/wp-content\/uploads\/2025\/01\/los-libros-mas-vendidos-de-enero-2025-diez-novelas-de-las-que-vas-a-oir-hablar-el-resto-del-ano-39.jpg 681w, http:\/\/hoycordobaweb.com\/wp-content\/uploads\/2025\/01\/los-libros-mas-vendidos-de-enero-2025-diez-novelas-de-las-que-vas-a-oir-hablar-el-resto-del-ano-40.jpg 1024w, http:\/\/hoycordobaweb.com\/wp-content\/uploads\/2025\/01\/los-libros-mas-vendidos-de-enero-2025-diez-novelas-de-las-que-vas-a-oir-hablar-el-resto-del-ano-41.jpg 1366w\" src=\"http:\/\/hoycordobaweb.com\/wp-content\/uploads\/2025\/01\/los-libros-mas-vendidos-de-enero-2025-diez-novelas-de-las-que-vas-a-oir-hablar-el-resto-del-ano-10.jpg\" alt=\"el clan\"> <noscript><img alt=\"el clan\" class=\"centro_sinmarco\" src=\"http:\/\/hoycordobaweb.com\/wp-content\/uploads\/2025\/01\/los-libros-mas-vendidos-de-enero-2025-diez-novelas-de-las-que-vas-a-oir-hablar-el-resto-del-ano-10.jpg\"><\/noscript> <\/div>\n<\/div>\n<p>Elena Blanco, inspectora de la Brigada de An\u00e1lisis de Casos (BAC) se enfrenta a su peor enemigo: &nbsp;<a href=\"https:\/\/www.trendencias.com\/redirect?url=https%3A%2F%2Fwww.amazon.es%2FClan-Inspectora-Elena-Blanco-Planeta%2Fdp%2F8408291262&amp;category=libros-y-literatura&amp;ecomPostExpiration=everlasting&amp;postId=633748\">&#8216;El Clan&#8217;<\/a>, una poderosa organizaci\u00f3n integrada por personalidades del mundo de la empresa, la pol\u00edtica, la judicatura y la polic\u00eda. <strong>Enfrentarse a \u00e9l es acabar muerto<\/strong> pero la BAC afronta el desaf\u00edo. Sin embargo, cuando Elena recibe unas im\u00e1genes en las que Z\u00e1rate aparece tendido sobre un charco de sangre, comete un error imperdonable.<\/p>\n<p><!-- BREAK 11 --><\/p>\n<p>Foto de portada | <a rel=\"noopener, noreferrer\" href=\"https:\/\/www.pexels.com\/es-es\/foto\/computadora-tableta-negra-detras-de-libros-1329571\/\">Perfecto Capucine<\/a><\/p>\n<p>En Trendencias | <a class=\"text-outboundlink\" href=\"https:\/\/www.trendencias.com\/propuestas-y-consejos\/16-libros-vendidos-2022-para-leer-2023\" data-vars-post-title=\"Los 29 mejores libros de 2025, recomendaciones y novedades que enganchan este a\u00f1o\" data-vars-post-url=\"https:\/\/www.trendencias.com\/propuestas-y-consejos\/16-libros-vendidos-2022-para-leer-2023\">Los 29 mejores libros de 2025, recomendaciones y novedades que enganchan este a\u00f1o<\/a><\/p>\n<p>En Trendencias | <a class=\"text-outboundlink\" href=\"https:\/\/www.trendencias.com\/propuestas-y-consejos\/15-mejores-libros-historia-que-te-engancharan-principio-a-fin\" data-vars-post-title=\"Los 20 mejores libros de la historia que te enganchar\u00e1n de principio a fin\" data-vars-post-url=\"https:\/\/www.trendencias.com\/propuestas-y-consejos\/15-mejores-libros-historia-que-te-engancharan-principio-a-fin\">Los 20 mejores libros de la historia que te enganchar\u00e1n de principio a fin<\/a><\/p>\n","protected":false},"excerpt":{"rendered":"<p>Nuevo a\u00f1os, nuevos libros que lo marcan y se convierten en temas de conversaci\u00f3n y t\u00edtulos habituales en clubes de lectura. Pero, \u00bfcu\u00e1les son los primeros libros que han conquistado a los lectores este a\u00f1o? A continuaci\u00f3n te desvelamos cu\u00e1les han sido los libros m\u00e1s le\u00eddos de enero de 2025. Adem\u00e1s, es muy probable que [&hellip;]<\/p>\n","protected":false},"author":1,"featured_media":95721,"comment_status":"closed","ping_status":"closed","sticky":false,"template":"","format":"standard","meta":[],"categories":[],"tags":[],"_links":{"self":[{"href":"http:\/\/hoycordobaweb.com\/index.php\/wp-json\/wp\/v2\/posts\/95720"}],"collection":[{"href":"http:\/\/hoycordobaweb.com\/index.php\/wp-json\/wp\/v2\/posts"}],"about":[{"href":"http:\/\/hoycordobaweb.com\/index.php\/wp-json\/wp\/v2\/types\/post"}],"author":[{"embeddable":true,"href":"http:\/\/hoycordobaweb.com\/index.php\/wp-json\/wp\/v2\/users\/1"}],"replies":[{"embeddable":true,"href":"http:\/\/hoycordobaweb.com\/index.php\/wp-json\/wp\/v2\/comments?post=95720"}],"version-history":[{"count":0,"href":"http:\/\/hoycordobaweb.com\/index.php\/wp-json\/wp\/v2\/posts\/95720\/revisions"}],"wp:featuredmedia":[{"embeddable":true,"href":"http:\/\/hoycordobaweb.com\/index.php\/wp-json\/wp\/v2\/media\/95721"}],"wp:attachment":[{"href":"http:\/\/hoycordobaweb.com\/index.php\/wp-json\/wp\/v2\/media?parent=95720"}],"wp:term":[{"taxonomy":"category","embeddable":true,"href":"http:\/\/hoycordobaweb.com\/index.php\/wp-json\/wp\/v2\/categories?post=95720"},{"taxonomy":"post_tag","embeddable":true,"href":"http:\/\/hoycordobaweb.com\/index.php\/wp-json\/wp\/v2\/tags?post=95720"}],"curies":[{"name":"wp","href":"https:\/\/api.w.org\/{rel}","templated":true}]}}