{"id":95712,"date":"2025-01-30T23:58:49","date_gmt":"2025-01-30T23:58:49","guid":{"rendered":"https:\/\/www.ole.com.ar\/san-lorenzo\/munian-cancha-athletic-bilbao-valencia-cancha_0_j5tQOxEzjd.html"},"modified":"2025-01-30T23:58:49","modified_gmt":"2025-01-30T23:58:49","slug":"muniain-fue-a-ver-a-su-athletic-bilbao","status":"publish","type":"post","link":"http:\/\/hoycordobaweb.com\/index.php\/2025\/01\/30\/muniain-fue-a-ver-a-su-athletic-bilbao\/","title":{"rendered":"Muniain fue a ver a su Athletic Bilbao"},"content":{"rendered":"<p><img src=\"http:\/\/hoycordobaweb.com\/wp-content\/uploads\/2025\/01\/muniain-fue-a-ver-a-su-athletic-bilbao.jpg\"><\/p>\n<p><time class=\"createDate\" datetime=\"2025-01-30T20:58:49-03:00\">30\/01\/2025 20:58hs.<\/time><\/p>\n<div id=\"storyBody\">\n<div class=\"custom-text \" readability=\"34.440506329114\">\n<p><strong><a href=\"https:\/\/www.ole.com.ar\/san-lorenzo\" target=\"_blank\" title=\"San Lorenzo\" alt=\"San Lorenzo\" rel=\"noopener noreferrer\">San Lorenzo<\/a><\/strong> recibi\u00f3 un dur\u00edsimo golpe al confirmarse la lesi\u00f3n de <strong><a href=\"https:\/\/www.ole.com.ar\/tema\/iker-muniain.html\" target=\"_blank\" title=\"Iker Muniain\" alt=\"Iker Muniain\" rel=\"noopener noreferrer\">Iker Muniain<\/a><\/strong> el viernes pasado. Ante la situaci\u00f3n, el futbolista decidi\u00f3 viajar a Espa\u00f1a durante una semana para tratar el desgarro con un especialista de su pa\u00eds. Ahora, a poco de su regreso, el Vasco <strong>no pudo resistirse a visitar San Mam\u00e9s para ver el partido entre Athletic Bilbao y Viktoria Plzen por la <a href=\"https:\/\/www.ole.com.ar\/futbol-internacional\/europa-league\" target=\"_blank\" title=\"Europa League.\" alt=\"Europa League.\" rel=\"noopener noreferrer\">Europa League.<\/a><\/strong><\/p>\n<\/div>\n<div class=\"custom-text \" readability=\"38\">\n<p>Lo cierto es que el Athletic Bilbao cerr\u00f3 una excelente primera fase de la Europa League, terminando en la segunda posici\u00f3n y asegurando su clasificaci\u00f3n autom\u00e1tica a los octavos de final de la competencia. Tras la gran actuaci\u00f3n del equipo en la victoria por 3-1 ante Viktoria Plzen en la \u00faltima fecha, el jugador de San Lorenzo particip\u00f3 en un video para las redes del club, felicitando al cuadro por su pase a octavos.<\/p>\n<\/div>\n<p><h2><strong>Muniain, presente en el San Mam\u00e9s<\/strong><\/h2>\n<\/p>\n<div class=\"custom-text \" readability=\"36\">\n<p>\u00abHa sido un placer vivir una noche europea aqu\u00ed en San Mam\u00e9s, en la Catedral. Mis felicitaciones a todos los hinchas del Athletic por el pase a la final. Ahora, a por m\u00e1s y todo lo que viene. Un abrazo para todos y a seguir\u00bb coment\u00f3 el jugador. <\/p>\n<\/div>\n<p><h2><strong>Cuando volver\u00e1 a jugar Muniain<\/strong><\/h2>\n<\/p>\n<div class=\"custom-text \" readability=\"36.336980306346\">\n<p>En principio, el capit\u00e1n del Cicl\u00f3n estar\u00e1 afuera de las canchas por un mes debido a la confirmaci\u00f3n del <strong>desgarro en el recto anterior del cu\u00e1driceps derecho.<\/strong> Una situaci\u00f3n que complica a\u00fan m\u00e1s al equipo de <strong><a href=\"https:\/\/www.ole.com.ar\/tema\/miguel-angel-russo.html\" target=\"_blank\" title=\"Miguel \u00c1ngel Russo,\" alt=\"Miguel \u00c1ngel Russo,\" rel=\"noopener noreferrer\">Miguel \u00c1ngel Russo,<\/a><\/strong> que enfrenta un apretado calendario en el Torneo Apertura. El equipo de Boedo (con dos victorias en dos fechas) no podr\u00e1 contar con el espa\u00f1ol en partidos clave como contra <strong>V\u00e9lez, River y el cl\u00e1sico frente a Hurac\u00e1n.<\/strong><\/p>\n<\/div>\n<div class=\"custom-text \" readability=\"38\">\n<p>Desde el pasado lunes, el jugador se encuentra en Espa\u00f1a para tratarse con <strong>Jurdan Mendiguch\u00eda, <\/strong>un fisioterapeuta de renombre mundial radicado en Pamplona, reconocido por su habilidad y experiencia. Mendiguch\u00eda ha acompa\u00f1ado a Iker durante casi toda su carrera y es considerado uno de los mejores del mundo en su campo.<\/p>\n<\/div>\n<div class=\"sc-e7b891c4-0 ifHnQL image-embed\"><img alt=\"El jugador reci\u00e9n volver\u00e1 a vestir la camiseta del Cicl\u00f3n en un mes. (EFE\/ Gast\u00f3n Britos)\" loading=\"lazy\" width=\"720\" height=\"100\" decoding=\"async\" data-nimg=\"1\" src=\"http:\/\/hoycordobaweb.com\/wp-content\/uploads\/2025\/01\/muniain-fue-a-ver-a-su-athletic-bilbao-2.jpg\"><span class=\"epigraphe\">El jugador reci\u00e9n volver\u00e1 a vestir la camiseta del Cicl\u00f3n en un mes. (EFE\/ Gast\u00f3n Britos)<\/span><\/div>\n<\/div>\n","protected":false},"excerpt":{"rendered":"<p>30\/01\/2025 20:58hs. San Lorenzo recibi\u00f3 un dur\u00edsimo golpe al confirmarse la lesi\u00f3n de Iker Muniain el viernes pasado. Ante la situaci\u00f3n, el futbolista decidi\u00f3 viajar a Espa\u00f1a durante una semana para tratar el desgarro con un especialista de su pa\u00eds. Ahora, a poco de su regreso, el Vasco no pudo resistirse a visitar San Mam\u00e9s [&hellip;]<\/p>\n","protected":false},"author":1,"featured_media":95713,"comment_status":"open","ping_status":"closed","sticky":false,"template":"","format":"standard","meta":[],"categories":[16],"tags":[],"_links":{"self":[{"href":"http:\/\/hoycordobaweb.com\/index.php\/wp-json\/wp\/v2\/posts\/95712"}],"collection":[{"href":"http:\/\/hoycordobaweb.com\/index.php\/wp-json\/wp\/v2\/posts"}],"about":[{"href":"http:\/\/hoycordobaweb.com\/index.php\/wp-json\/wp\/v2\/types\/post"}],"author":[{"embeddable":true,"href":"http:\/\/hoycordobaweb.com\/index.php\/wp-json\/wp\/v2\/users\/1"}],"replies":[{"embeddable":true,"href":"http:\/\/hoycordobaweb.com\/index.php\/wp-json\/wp\/v2\/comments?post=95712"}],"version-history":[{"count":0,"href":"http:\/\/hoycordobaweb.com\/index.php\/wp-json\/wp\/v2\/posts\/95712\/revisions"}],"wp:featuredmedia":[{"embeddable":true,"href":"http:\/\/hoycordobaweb.com\/index.php\/wp-json\/wp\/v2\/media\/95713"}],"wp:attachment":[{"href":"http:\/\/hoycordobaweb.com\/index.php\/wp-json\/wp\/v2\/media?parent=95712"}],"wp:term":[{"taxonomy":"category","embeddable":true,"href":"http:\/\/hoycordobaweb.com\/index.php\/wp-json\/wp\/v2\/categories?post=95712"},{"taxonomy":"post_tag","embeddable":true,"href":"http:\/\/hoycordobaweb.com\/index.php\/wp-json\/wp\/v2\/tags?post=95712"}],"curies":[{"name":"wp","href":"https:\/\/api.w.org\/{rel}","templated":true}]}}