{"id":9556,"date":"2021-01-08T23:26:00","date_gmt":"2021-01-08T23:26:00","guid":{"rendered":"http:\/\/hoycordobaweb.com\/index.php\/2021\/01\/08\/desmienten-que-una-nina-de-10-anos-haya-sido-detenida\/"},"modified":"2021-01-08T23:26:00","modified_gmt":"2021-01-08T23:26:00","slug":"desmienten-que-una-nina-de-10-anos-haya-sido-detenida","status":"publish","type":"post","link":"http:\/\/hoycordobaweb.com\/index.php\/2021\/01\/08\/desmienten-que-una-nina-de-10-anos-haya-sido-detenida\/","title":{"rendered":"Desmienten que una ni\u00f1a de 10 a\u00f1os haya sido detenida"},"content":{"rendered":"<div><img src=\"http:\/\/hoycordobaweb.com\/wp-content\/uploads\/2021\/01\/desmienten-que-una-nina-de-10-anos-haya-sido-detenida.png\" class=\"ff-og-image-inserted\"><\/div>\n<p> El secretario de Seguridad de Santiago del Estero, Marcelo David Pato, desminti\u00f3 la detenci\u00f3n de una ni\u00f1a menor de 10 a\u00f1os en esa provincia.<\/p>\n<p>Ante la viralizaci\u00f3n de im\u00e1genes en las que se aduc\u00eda que una menor de 10 a\u00f1os hab\u00eda sido detenida en Santiago del Estero, el funcionario aclar\u00f3 mediante un<strong> comunicado<\/strong> que \u00abla menor nunca estuvo detenida, sino acompa\u00f1ando a otra persona (de 20 a\u00f1os) que estaba demorada\u00bb por la infracci\u00f3n de no usar el tapabocas en la v\u00eda p\u00fablica.<\/p>\n<p><strong>\u00abEl grave hecho de exponer a una menor a tomas fotogr\u00e1ficas en ese lugar, significa una violaci\u00f3n a los derechos del ni\u00f1o, ni\u00f1as y adolescentes, desprotegiendo su imagen; esto ha motivado que el comisario Arga\u00f1ar\u00e1z Adri\u00e1n Fernando, quien es responsable de permitir dicha acci\u00f3n, sea puesto a disposici\u00f3n por la Jefatura de Polic\u00eda de la Provincia, apartado de la fuerza policial; someti\u00e9ndose a sumario administrativo junto al pase a disponibilidad preventiva<\/strong>\u00ab, a\u00f1ade el comunicado firmado por Pato.<\/p>\n<p>Los hechos<\/p>\n<p>A la vez detalla la situaci\u00f3n que sucedi\u00f3 este jueves, a las 12.10, al frente de la <strong>sede del Banco Santiago Del Estero, sucursal Brea Pozo, a m\u00e1s de 80 kil\u00f3metros de la capital santiague\u00f1a<\/strong>, en donde \u00abpersonal policial divisa a una persona de sexo femenino sin el tapaboca colocado, quien lo hac\u00eda en compa\u00f1\u00eda de una menor de edad\u00bb.<\/p>\n<p>\u00abDebido a tal situaci\u00f3n personal policial le llam\u00f3 la atenci\u00f3n, solicitando varias veces que se coloque bien el barbijo, al hacer caso omiso y reaccionando de manera agresiva contra el personal policial, se la hace comparecer a la dependencia, por una funcionaria policial\u00bb, agrega.<\/p>\n<p>\u00abSe hace resaltar que debido a la ausencia de otro mayor de edad que pudiera ser responsable de la menor que estaba acompa\u00f1ando a la joven, van caminando ambas hasta el destacamento\u00bb, expresa y a\u00f1ade que \u00abuna vez en el lugar se da aviso a los progenitores (padre y madre) que se presenten en esa dependencia, donde por disposici\u00f3n del fiscal interviniente, Robles Sebasti\u00e1n, quien previo de tener conocimiento de lo sucedido, dispuso la entrega de la menor en cuesti\u00f3n mediante acta respectiva a sus progenitores\u00bb.<\/p>\n<p>Es as\u00ed que los padres identificados como Marcelo Dar\u00edo Pe\u00f1aloza de 50 a\u00f1os y Evangelina Luque de Pe\u00f1aloza se acercan a la comisar\u00eda para retirar a la menor.<\/p>\n<p>En cuanto a la mayor de edad, identificada como Yohana Figueroa, de 20 a\u00f1os, el Fiscal dispuso que se le labr\u00e9 un acta de infracci\u00f3n por el Decreto 580\/2020 (falta de barbijo o tapaboca).<\/p>\n<p>\u00abDentro de local policial se habr\u00edan tomado fotos que luego fueron publicadas por redes sociales (seg\u00fan el informe de la polic\u00eda del lugar, habr\u00eda sido el padre de la menor cuando retiraba a su hija)\u00bb, expresa el comunicado. <\/p>\n","protected":false},"excerpt":{"rendered":"<p>El secretario de Seguridad de Santiago del Estero, Marcelo David Pato, desminti\u00f3 la detenci\u00f3n de una ni\u00f1a menor de 10 a\u00f1os en esa provincia. Ante la viralizaci\u00f3n de im\u00e1genes en las que se aduc\u00eda que una menor de 10 a\u00f1os hab\u00eda sido detenida en Santiago del Estero, el funcionario aclar\u00f3 mediante un comunicado que \u00abla [&hellip;]<\/p>\n","protected":false},"author":1,"featured_media":9557,"comment_status":"open","ping_status":"closed","sticky":false,"template":"","format":"standard","meta":[],"categories":[19],"tags":[],"_links":{"self":[{"href":"http:\/\/hoycordobaweb.com\/index.php\/wp-json\/wp\/v2\/posts\/9556"}],"collection":[{"href":"http:\/\/hoycordobaweb.com\/index.php\/wp-json\/wp\/v2\/posts"}],"about":[{"href":"http:\/\/hoycordobaweb.com\/index.php\/wp-json\/wp\/v2\/types\/post"}],"author":[{"embeddable":true,"href":"http:\/\/hoycordobaweb.com\/index.php\/wp-json\/wp\/v2\/users\/1"}],"replies":[{"embeddable":true,"href":"http:\/\/hoycordobaweb.com\/index.php\/wp-json\/wp\/v2\/comments?post=9556"}],"version-history":[{"count":0,"href":"http:\/\/hoycordobaweb.com\/index.php\/wp-json\/wp\/v2\/posts\/9556\/revisions"}],"wp:featuredmedia":[{"embeddable":true,"href":"http:\/\/hoycordobaweb.com\/index.php\/wp-json\/wp\/v2\/media\/9557"}],"wp:attachment":[{"href":"http:\/\/hoycordobaweb.com\/index.php\/wp-json\/wp\/v2\/media?parent=9556"}],"wp:term":[{"taxonomy":"category","embeddable":true,"href":"http:\/\/hoycordobaweb.com\/index.php\/wp-json\/wp\/v2\/categories?post=9556"},{"taxonomy":"post_tag","embeddable":true,"href":"http:\/\/hoycordobaweb.com\/index.php\/wp-json\/wp\/v2\/tags?post=9556"}],"curies":[{"name":"wp","href":"https:\/\/api.w.org\/{rel}","templated":true}]}}