{"id":95542,"date":"2025-01-29T14:51:00","date_gmt":"2025-01-29T14:51:00","guid":{"rendered":"https:\/\/cordobaturismo.gov.ar\/?p=895973"},"modified":"2025-01-29T14:51:00","modified_gmt":"2025-01-29T14:51:00","slug":"villa-maria-lista-para-el-festival-de-penas-2025","status":"publish","type":"post","link":"http:\/\/hoycordobaweb.com\/index.php\/2025\/01\/29\/villa-maria-lista-para-el-festival-de-penas-2025\/","title":{"rendered":"Villa Mar\u00eda, lista \u00a0para el Festival de Pe\u00f1as 2025"},"content":{"rendered":"<p>Del viernes 7 al martes 11 de febrero de 2025, el Anfiteatro de Villa Mar\u00eda ser\u00e1 escenario de la 57\u00aa edici\u00f3n del ic\u00f3nico <strong>Festival de Pe\u00f1as de Villa Mar\u00eda<\/strong>, uno de los eventos culturales m\u00e1s esperados en la provincia de C\u00f3rdoba. Este festival combina m\u00fasica, gastronom\u00eda y tradici\u00f3n en un marco \u00fanico que atrae tanto a vecinos como a turistas de todo el pa\u00eds.<\/p>\n<p>Con una grilla de artistas nacionales e internacionales de primer nivel, el evento promete noches inolvidables. Entre los destacados se encuentran Abel Pintos, Angela Leiva, Jorge Rojas, Destino San Javier, Luciano Pereyra, El Puma Rodr\u00edguez, Los Palmeras, La K\u2019onga y muchos m\u00e1s.<\/p>\n<p><strong>Grilla art\u00edstica por d\u00eda:<\/strong><\/p>\n<p><strong>Viernes 7 de febrero:<\/strong><br \/>El Chaque\u00f1o Palavecino, Los Manseros Santiague\u00f1os, Sergio Galleguillo y El Indio Lucio Rojas.<\/p>\n<p><strong>S\u00e1bado 8 de febrero:<\/strong><br \/>El Puma Rodr\u00edguez, Luciano Pereyra, Los Palmeras y J Mena.<\/p>\n<p><strong>Domingo 9 de febrero:<\/strong><br \/>Abel Pintos, Angela Leiva, Jorge Rojas y Destino San Javier.<\/p>\n<p><strong>Lunes 10 de febrero:<\/strong><br \/>Q\u2019 Lokura, Euge Quevedo, LBC (La Banda de Carlitos), La Barra, Valentino Merlo, Dale Q\u2019Va y Los Herrera.<\/p>\n<p><strong>Martes 11 de febrero:<\/strong><br \/>Emanero, Luck Ra, La K\u2019onga, La Delio Valdez y Juli Cardozo.<\/p>\n<p>Adem\u00e1s del escenario principal, los asistentes podr\u00e1n disfrutar del recorrido pe\u00f1ero, donde habr\u00e1 espect\u00e1culos musicales, pe\u00f1as tradicionales y una variada oferta gastron\u00f3mica que combina sabores regionales y del mundo entero.<\/p>\n<p><strong>Horarios del Festival:<\/strong><\/p>\n<ul class=\"wp-block-list\">\n<li><strong>Apertura de puertas:<\/strong> 19:00 hs.<\/li>\n<li><strong>Inicio del espect\u00e1culo:<\/strong> 21:15 hs.<\/li>\n<li><strong>Inicio de transmisi\u00f3n televisiva:<\/strong> 22:00 hs.<\/li>\n<li><strong>Cierre aproximado:<\/strong> 04:00 hs.<\/li>\n<\/ul>\n<p><strong>Venta de entradas:<\/strong><br \/>Las entradas est\u00e1n disponibles exclusivamente a trav\u00e9s de <a href=\"https:\/\/edenentradas.com.ar\">Eden Entradas<\/a>.<\/p>\n<p><strong>M\u00e1s informaci\u00f3n:<\/strong><br \/>Para conocer m\u00e1s detalles sobre la programaci\u00f3n y actividades, visita el sitio oficial del evento: <a href=\"https:\/\/anfi.villamaria.gob.ar\">https:\/\/anfi.villamaria.gob.ar<\/a>.<\/p>\n<p>El Festival de Pe\u00f1as de Villa Mar\u00eda es una cita imperdible que celebra la m\u00fasica, la cultura y el esp\u00edritu festivo de C\u00f3rdoba. \u00a1Te esperamos para vivir noches \u00fanicas en el coraz\u00f3n de la provincia!<\/p>\n<figure class=\"wp-block-gallery has-nested-images columns-default is-cropped wp-block-gallery-1 is-layout-flex wp-block-gallery-is-layout-flex\">\n<figure class=\"wp-block-image size-large\"><img loading=\"lazy\" fetchpriority=\"high\" decoding=\"async\" width=\"1024\" height=\"536\" data-id=\"895974\" src=\"http:\/\/hoycordobaweb.com\/wp-content\/uploads\/2025\/01\/villa-maria-lista-para-el-festival-de-penas-2025.jpg\" alt class=\"wp-image-895974\" srcset=\"http:\/\/hoycordobaweb.com\/wp-content\/uploads\/2025\/01\/villa-maria-lista-para-el-festival-de-penas-2025.jpg 1024w, http:\/\/hoycordobaweb.com\/wp-content\/uploads\/2025\/01\/villa-maria-lista-para-el-festival-de-penas-2025-5.jpg 300w, http:\/\/hoycordobaweb.com\/wp-content\/uploads\/2025\/01\/villa-maria-lista-para-el-festival-de-penas-2025-6.jpg 768w, http:\/\/hoycordobaweb.com\/wp-content\/uploads\/2025\/01\/villa-maria-lista-para-el-festival-de-penas-2025-7.jpg 1200w\" sizes=\"(max-width: 1024px) 100vw, 1024px\"><\/figure>\n<figure class=\"wp-block-image size-large\"><img loading=\"lazy\" decoding=\"async\" width=\"1024\" height=\"536\" data-id=\"895975\" src=\"http:\/\/hoycordobaweb.com\/wp-content\/uploads\/2025\/01\/villa-maria-lista-para-el-festival-de-penas-2025-1.jpg\" alt class=\"wp-image-895975\" srcset=\"http:\/\/hoycordobaweb.com\/wp-content\/uploads\/2025\/01\/villa-maria-lista-para-el-festival-de-penas-2025-1.jpg 1024w, http:\/\/hoycordobaweb.com\/wp-content\/uploads\/2025\/01\/villa-maria-lista-para-el-festival-de-penas-2025-8.jpg 300w, http:\/\/hoycordobaweb.com\/wp-content\/uploads\/2025\/01\/villa-maria-lista-para-el-festival-de-penas-2025-9.jpg 768w, http:\/\/hoycordobaweb.com\/wp-content\/uploads\/2025\/01\/villa-maria-lista-para-el-festival-de-penas-2025-10.jpg 1200w\" sizes=\"(max-width: 1024px) 100vw, 1024px\"><\/figure>\n<figure class=\"wp-block-image size-large\"><img loading=\"lazy\" decoding=\"async\" width=\"1024\" height=\"536\" data-id=\"895976\" src=\"http:\/\/hoycordobaweb.com\/wp-content\/uploads\/2025\/01\/villa-maria-lista-para-el-festival-de-penas-2025-2.jpg\" alt class=\"wp-image-895976\" srcset=\"http:\/\/hoycordobaweb.com\/wp-content\/uploads\/2025\/01\/villa-maria-lista-para-el-festival-de-penas-2025-2.jpg 1024w, http:\/\/hoycordobaweb.com\/wp-content\/uploads\/2025\/01\/villa-maria-lista-para-el-festival-de-penas-2025-11.jpg 300w, http:\/\/hoycordobaweb.com\/wp-content\/uploads\/2025\/01\/villa-maria-lista-para-el-festival-de-penas-2025-12.jpg 768w, http:\/\/hoycordobaweb.com\/wp-content\/uploads\/2025\/01\/villa-maria-lista-para-el-festival-de-penas-2025-13.jpg 1200w\" sizes=\"(max-width: 1024px) 100vw, 1024px\"><\/figure>\n<figure class=\"wp-block-image size-large\"><img loading=\"lazy\" decoding=\"async\" width=\"1024\" height=\"536\" data-id=\"895977\" src=\"http:\/\/hoycordobaweb.com\/wp-content\/uploads\/2025\/01\/villa-maria-lista-para-el-festival-de-penas-2025-3.jpg\" alt class=\"wp-image-895977\" srcset=\"http:\/\/hoycordobaweb.com\/wp-content\/uploads\/2025\/01\/villa-maria-lista-para-el-festival-de-penas-2025-3.jpg 1024w, http:\/\/hoycordobaweb.com\/wp-content\/uploads\/2025\/01\/villa-maria-lista-para-el-festival-de-penas-2025-14.jpg 300w, http:\/\/hoycordobaweb.com\/wp-content\/uploads\/2025\/01\/villa-maria-lista-para-el-festival-de-penas-2025-15.jpg 768w, http:\/\/hoycordobaweb.com\/wp-content\/uploads\/2025\/01\/villa-maria-lista-para-el-festival-de-penas-2025-16.jpg 1200w\" sizes=\"auto, (max-width: 1024px) 100vw, 1024px\"><\/figure>\n<figure class=\"wp-block-image size-large\"><img loading=\"lazy\" decoding=\"async\" width=\"1024\" height=\"536\" data-id=\"895978\" src=\"http:\/\/hoycordobaweb.com\/wp-content\/uploads\/2025\/01\/villa-maria-lista-para-el-festival-de-penas-2025-4.jpg\" alt class=\"wp-image-895978\" srcset=\"http:\/\/hoycordobaweb.com\/wp-content\/uploads\/2025\/01\/villa-maria-lista-para-el-festival-de-penas-2025-4.jpg 1024w, http:\/\/hoycordobaweb.com\/wp-content\/uploads\/2025\/01\/villa-maria-lista-para-el-festival-de-penas-2025-17.jpg 300w, http:\/\/hoycordobaweb.com\/wp-content\/uploads\/2025\/01\/villa-maria-lista-para-el-festival-de-penas-2025-18.jpg 768w, http:\/\/hoycordobaweb.com\/wp-content\/uploads\/2025\/01\/villa-maria-lista-para-el-festival-de-penas-2025-19.jpg 1200w\" sizes=\"auto, (max-width: 1024px) 100vw, 1024px\"><\/figure>\n<\/figure>\n","protected":false},"excerpt":{"rendered":"<p>Del viernes 7 al martes 11 de febrero de 2025, el Anfiteatro de Villa Mar\u00eda ser\u00e1 escenario de la 57\u00aa edici\u00f3n del ic\u00f3nico Festival de Pe\u00f1as de Villa Mar\u00eda, uno de los eventos culturales m\u00e1s esperados en la provincia de C\u00f3rdoba. Este festival combina m\u00fasica, gastronom\u00eda y tradici\u00f3n en un marco \u00fanico que atrae tanto [&hellip;]<\/p>\n","protected":false},"author":1,"featured_media":95543,"comment_status":"closed","ping_status":"closed","sticky":false,"template":"","format":"standard","meta":[],"categories":[19],"tags":[],"_links":{"self":[{"href":"http:\/\/hoycordobaweb.com\/index.php\/wp-json\/wp\/v2\/posts\/95542"}],"collection":[{"href":"http:\/\/hoycordobaweb.com\/index.php\/wp-json\/wp\/v2\/posts"}],"about":[{"href":"http:\/\/hoycordobaweb.com\/index.php\/wp-json\/wp\/v2\/types\/post"}],"author":[{"embeddable":true,"href":"http:\/\/hoycordobaweb.com\/index.php\/wp-json\/wp\/v2\/users\/1"}],"replies":[{"embeddable":true,"href":"http:\/\/hoycordobaweb.com\/index.php\/wp-json\/wp\/v2\/comments?post=95542"}],"version-history":[{"count":0,"href":"http:\/\/hoycordobaweb.com\/index.php\/wp-json\/wp\/v2\/posts\/95542\/revisions"}],"wp:featuredmedia":[{"embeddable":true,"href":"http:\/\/hoycordobaweb.com\/index.php\/wp-json\/wp\/v2\/media\/95543"}],"wp:attachment":[{"href":"http:\/\/hoycordobaweb.com\/index.php\/wp-json\/wp\/v2\/media?parent=95542"}],"wp:term":[{"taxonomy":"category","embeddable":true,"href":"http:\/\/hoycordobaweb.com\/index.php\/wp-json\/wp\/v2\/categories?post=95542"},{"taxonomy":"post_tag","embeddable":true,"href":"http:\/\/hoycordobaweb.com\/index.php\/wp-json\/wp\/v2\/tags?post=95542"}],"curies":[{"name":"wp","href":"https:\/\/api.w.org\/{rel}","templated":true}]}}