{"id":95530,"date":"2025-01-29T15:45:25","date_gmt":"2025-01-29T15:45:25","guid":{"rendered":"https:\/\/www.mujerhoy.com\/moda\/no-te-pierdas\/vestidos-basicos-rebajas-stradivarius-20250129164514-nt.html"},"modified":"2025-01-29T15:45:25","modified_gmt":"2025-01-29T15:45:25","slug":"los-vestidos-basicos-de-las-rebajas-de-stradivarius-que-te-solucionaran-el-look-en-un-minuto","status":"publish","type":"post","link":"http:\/\/hoycordobaweb.com\/index.php\/2025\/01\/29\/los-vestidos-basicos-de-las-rebajas-de-stradivarius-que-te-solucionaran-el-look-en-un-minuto\/","title":{"rendered":"Los vestidos b\u00e1sicos de las rebajas de Stradivarius que te solucionar\u00e1n el look en un minuto"},"content":{"rendered":"<p><!-- AUTHOR --> <\/p>\n<div class=\"voc-author-timesocial \"> <!-- AUTHOR --> <\/p>\n<div class=\"voc-author-timesocial__signature \">\n<div class=\"voc-author-timesocial__img-c\"> <!-- IMAGE AUTHOR --> <picture class=\"voc-image-signature\"> <img class=\"voc-image-signature__img\" src=\"http:\/\/hoycordobaweb.com\/wp-content\/uploads\/2025\/01\/los-vestidos-basicos-de-las-rebajas-de-stradivarius-que-te-solucionaran-el-look-en-un-minuto.jpg\" alt=\"Elena Olivero\"> <\/picture> <\/div>\n<p> <!-- INFO AUTHOR --> <\/div><\/div>\n<p> <!-- COMPONENTS --> <\/p>\n<p class=\"voc-paragraph\" data-mrf-recirculation=\"Link art\u00edculo\">Cuando no sabes qu\u00e9 ponerte (que es pr\u00e1cticamente a diario cada vez que tenemos que salir de casa) y quieres <strong>soluciones f\u00e1ciles para vestir bien<\/strong> y sencilla, siempre debes apostar por los b\u00e1sicos. Porque, con estos <a data-voc-vtm-id=\"in-text-traffic\" href=\"https:\/\/www.mujerhoy.com\/moda\/no-te-pierdas\/rebajas-massimo-dutti-mejores-basicos-buena-calidad-lujo-descuento-20250113120151-nt.html\" target=\"_blank\" data-mrf-link=\"https:\/\/www.mujerhoy.com\/moda\/no-te-pierdas\/rebajas-massimo-dutti-mejores-basicos-buena-calidad-lujo-descuento-20250113120151-nt.html\" rel=\"noopener noreferrer\">esenciales del armario<\/a> es imposible fallar y adem\u00e1s podr\u00e1s revolver tu <a data-voc-vtm-id=\"in-text-traffic\" href=\"https:\/\/www.mujerhoy.com\/moda\/no-te-pierdas\/mejores-looks-oficina-elegantes-basicos-armario-diario-copiar-influencers-20241217161001-nt.html\" target=\"_blank\" data-mrf-link=\"https:\/\/www.mujerhoy.com\/moda\/no-te-pierdas\/mejores-looks-oficina-elegantes-basicos-armario-diario-copiar-influencers-20241217161001-nt.html\" rel=\"noopener noreferrer\">outfit para la oficina<\/a><br \/>\n, salir de compras o hacer recados en solo un minuto.\n<\/p>\n<p class=\"voc-paragraph\" data-mrf-recirculation=\"Link art\u00edculo\">Por eso, mucho vaquero, <a data-voc-vtm-id=\"in-text-traffic\" href=\"https:\/\/www.mujerhoy.com\/moda\/no-te-pierdas\/pantalones-vestir-tonos-neutros-basicos-elegantes-fondo-armario-mango-corte-ingles-20250107131634-nt.html\" target=\"_blank\" data-mrf-link=\"https:\/\/www.mujerhoy.com\/moda\/no-te-pierdas\/pantalones-vestir-tonos-neutros-basicos-elegantes-fondo-armario-mango-corte-ingles-20250107131634-nt.html\" rel=\"noopener noreferrer\">pantal\u00f3n de vestir neutro<\/a><br \/>\n, chaqueta de cuero, camisa cl\u00e1sica y jersey oversize deben de ocupar tu guardarropa al menos en un 80%. El resto lo dejar\u00e1s para las tendencias de la temporada y los caprichos de tu estilo. Pero, si no quieres volver a quebrarte la cabeza, estos <strong>vestidos b\u00e1sicos de las rebajas de Stradivarius<\/strong> son de lo mejorcito.\n<\/p>\n<p class=\"voc-paragraph\" data-mrf-recirculation=\"Link art\u00edculo\">Ante la duda del qu\u00e9 me pongo, la opci\u00f3n m\u00e1s f\u00e1cil es ir a por un vestido. Por eso, a m\u00e1s mejor. Pero, precisamente para solucionarnos el look deben ser <strong>ponibles y c\u00f3modos de llevar a diario<\/strong>. Por eso, tienes que ir corriendo a por estos modelos todoterreno con descuentazo que te har\u00e1n ir bien vestida sin complicarte.\n<\/p>\n<p><h3 class=\"voc-detail__title\"> Vestidos b\u00e1sicos de fondo de armario en rebajas<br \/>\n<\/h3>\n<\/p>\n<div class=\"voc-detail-photo-zoom\"> <picture data-toggle=\"modal\" data-target=\"#photoZoomModal-915\" target=\"modal\">\n<div class=\"voc-img-icon-link\"> <img loading=\"lazy\" src=\"http:\/\/hoycordobaweb.com\/wp-content\/uploads\/2025\/01\/los-vestidos-basicos-de-las-rebajas-de-stradivarius-que-te-solucionaran-el-look-en-un-minuto-1.jpg\" width=\"650\" height=\"900\" alt=\"Vestido midi satinado burdeos\"> <noscript> <img src=\"http:\/\/hoycordobaweb.com\/wp-content\/uploads\/2025\/01\/los-vestidos-basicos-de-las-rebajas-de-stradivarius-que-te-solucionaran-el-look-en-un-minuto-1.jpg\" alt=\"Vestido midi satinado burdeos\"> <\/noscript> <i class=\"voc-icons zoom voc-multimedia-box voc-ico-l\"><\/i> <\/div><figcaption class=\"figure-caption\">Vestido midi satinado burdeos<\/figcaption><\/picture>\n<\/div>\n<div id=\"photoZoomModal-915\" class=\"voc-lightbox modal fade voc-lightbox--photo-zoom\" role=\"dialog\" data-voc-photozoom-lightbox>\n<div class=\"voc-lightbox__dialog\" role=\"document\">\n<div class=\"voc-lightbox__content\"> <!-- Modal header --> <!-- Modal content --> <\/p>\n<div class=\"voc-lightbox__photo-container\"> <picture class> <img loading=\"lazy\" src=\"http:\/\/hoycordobaweb.com\/wp-content\/uploads\/2025\/01\/los-vestidos-basicos-de-las-rebajas-de-stradivarius-que-te-solucionaran-el-look-en-un-minuto-1.jpg\" alt=\"Vestido midi satinado burdeos\"> <noscript> <img src=\"http:\/\/hoycordobaweb.com\/wp-content\/uploads\/2025\/01\/los-vestidos-basicos-de-las-rebajas-de-stradivarius-que-te-solucionaran-el-look-en-un-minuto-1.jpg\" alt=\"Vestido midi satinado burdeos\"> <\/noscript> <\/picture> <\/div><\/div><\/div>\n<\/div>\n<p> <span class=\"btn-c btn-c--center\"> <a href=\"https:\/\/redirect.prd.themonetise.es\/convert?apiKey=0419ab7c2d42d2be3f6b1d275b2b9a6e&amp;url=https%3A%2F%2Fwww.stradivarius.com%2Fes%2Fvestido-midi-satinado-tirantes-l08204934%3FcategoryId%3D1020412923%26colorId%3D150%26style%3Dnull%26pelement%3D407109947\" rel=\"nofollow, sponsored noopener noreferrer\" data-voc-vtm-id=\"comprar-ofertas-ext\" data-voc-vtm-info=\"mujerhoy:https:\/\/redirect.prd.themonetise.es\/convert?apiKey=0419ab7c2d42d2be3f6b1d275b2b9a6e&amp;url=https%3A%2F%2Fwww.stradivarius.com%2Fes%2Fvestido-midi-satinado-tirantes-l08204934%3FcategoryId%3D1020412923%26colorId%3D150%26style%3Dnull%26pelement%3D407109947\" class=\"btn\" target=\"_blank\"> En Stradivarius por 9,99 euros <\/a><br \/>\n<\/span> <\/p>\n<p class=\"voc-paragraph\" data-mrf-recirculation=\"Link art\u00edculo\">Con el color de moda de la temporada encontramos este <strong>vestido midi satinado en tono burdeos<\/strong>, ideal para con juntar con unas botas de tac\u00f3n o con <a data-voc-vtm-id=\"in-text-traffic\" href=\"https:\/\/www.mujerhoy.com\/moda\/no-te-pierdas\/zapatos-tacon-bajo-elegantes-comodos-calzado-expertas-moda-zara-mango-20250102174514-nt.html\" target=\"_blank\" data-mrf-link=\"https:\/\/www.mujerhoy.com\/moda\/no-te-pierdas\/zapatos-tacon-bajo-elegantes-comodos-calzado-expertas-moda-zara-mango-20250102174514-nt.html\" rel=\"noopener noreferrer\">zapatos kitten heel<\/a> y un abrigo tailoring elegante. Tiene mangas tipo sisa anchas. El cuello es redondo. Se acomoda al cuerpo. El corte es recto. Y, queda fluido.\n<\/p>\n<div class=\"voc-detail-photo-zoom\"> <picture data-toggle=\"modal\" data-target=\"#photoZoomModal-284\" target=\"modal\">\n<div class=\"voc-img-icon-link\"> <img loading=\"lazy\" src=\"http:\/\/hoycordobaweb.com\/wp-content\/uploads\/2025\/01\/los-vestidos-basicos-de-las-rebajas-de-stradivarius-que-te-solucionaran-el-look-en-un-minuto-2.jpg\" width=\"650\" height=\"900\" alt=\"Vestido de punto negro con cuello alto\"> <noscript> <img src=\"http:\/\/hoycordobaweb.com\/wp-content\/uploads\/2025\/01\/los-vestidos-basicos-de-las-rebajas-de-stradivarius-que-te-solucionaran-el-look-en-un-minuto-2.jpg\" alt=\"Vestido de punto negro con cuello alto\"> <\/noscript> <i class=\"voc-icons zoom voc-multimedia-box voc-ico-l\"><\/i> <\/div><figcaption class=\"figure-caption\">Vestido de punto negro con cuello alto<\/figcaption><\/picture>\n<\/div>\n<div id=\"photoZoomModal-284\" class=\"voc-lightbox modal fade voc-lightbox--photo-zoom\" role=\"dialog\" data-voc-photozoom-lightbox>\n<div class=\"voc-lightbox__dialog\" role=\"document\">\n<div class=\"voc-lightbox__content\"> <!-- Modal header --> <!-- Modal content --> <\/p>\n<div class=\"voc-lightbox__photo-container\"> <picture class> <img loading=\"lazy\" src=\"http:\/\/hoycordobaweb.com\/wp-content\/uploads\/2025\/01\/los-vestidos-basicos-de-las-rebajas-de-stradivarius-que-te-solucionaran-el-look-en-un-minuto-2.jpg\" alt=\"Vestido de punto negro con cuello alto\"> <noscript> <img src=\"http:\/\/hoycordobaweb.com\/wp-content\/uploads\/2025\/01\/los-vestidos-basicos-de-las-rebajas-de-stradivarius-que-te-solucionaran-el-look-en-un-minuto-2.jpg\" alt=\"Vestido de punto negro con cuello alto\"> <\/noscript> <\/picture> <\/div><\/div><\/div>\n<\/div>\n<p> <span class=\"btn-c btn-c--center\"> <a href=\"https:\/\/redirect.prd.themonetise.es\/convert?apiKey=0419ab7c2d42d2be3f6b1d275b2b9a6e&amp;url=https%3A%2F%2Fwww.stradivarius.com%2Fes%2Fvestido-largo-punto-cuello-subido-l05026835%3FcategoryId%3D1020412923%26colorId%3D001%26style%3Dnull%26pelement%3D409580685\" rel=\"nofollow, sponsored noopener noreferrer\" data-voc-vtm-id=\"comprar-ofertas-ext\" data-voc-vtm-info=\"mujerhoy:https:\/\/redirect.prd.themonetise.es\/convert?apiKey=0419ab7c2d42d2be3f6b1d275b2b9a6e&amp;url=https%3A%2F%2Fwww.stradivarius.com%2Fes%2Fvestido-largo-punto-cuello-subido-l05026835%3FcategoryId%3D1020412923%26colorId%3D001%26style%3Dnull%26pelement%3D409580685\" class=\"btn\" target=\"_blank\"> En Stradivarius por 12,99 euros <\/a><br \/>\n<\/span> <\/p>\n<p class=\"voc-paragraph\" data-mrf-recirculation=\"Link art\u00edculo\">Si quieres ir elegante en los d\u00edas de fr\u00edo, conjunta tus <a data-voc-vtm-id=\"in-text-traffic\" href=\"https:\/\/www.mujerhoy.com\/moda\/tendencias\/tendencias-botas-virales-favoritas-expertas-moda-invierno-zara-pullandbear-20241204133730-nt.html\" target=\"_blank\" data-mrf-link=\"https:\/\/www.mujerhoy.com\/moda\/tendencias\/tendencias-botas-virales-favoritas-expertas-moda-invierno-zara-pullandbear-20241204133730-nt.html\" rel=\"noopener noreferrer\">botas altas tendencia<\/a> y un abrigo camel, con este <strong>vestido midi en tejido de punto color negro<\/strong>. Es un dise\u00f1o el\u00e1stico y se ajusta al cuerpo. Tiene bajo terminado en evas\u00e9. Las mangas son largas. Y, cuenta con cuello cisne vuelto. Ideal para presumir de tipazo.\n<\/p>\n<div class=\"voc-detail-photo-zoom\"> <picture data-toggle=\"modal\" data-target=\"#photoZoomModal-8\" target=\"modal\">\n<div class=\"voc-img-icon-link\"> <img loading=\"lazy\" src=\"http:\/\/hoycordobaweb.com\/wp-content\/uploads\/2025\/01\/los-vestidos-basicos-de-las-rebajas-de-stradivarius-que-te-solucionaran-el-look-en-un-minuto-3.jpg\" width=\"650\" height=\"900\" alt=\"Vestido polo de punto midi\"> <noscript> <img src=\"http:\/\/hoycordobaweb.com\/wp-content\/uploads\/2025\/01\/los-vestidos-basicos-de-las-rebajas-de-stradivarius-que-te-solucionaran-el-look-en-un-minuto-3.jpg\" alt=\"Vestido polo de punto midi\"> <\/noscript> <i class=\"voc-icons zoom voc-multimedia-box voc-ico-l\"><\/i> <\/div><figcaption class=\"figure-caption\">Vestido polo de punto midi<\/figcaption><\/picture>\n<\/div>\n<div id=\"photoZoomModal-8\" class=\"voc-lightbox modal fade voc-lightbox--photo-zoom\" role=\"dialog\" data-voc-photozoom-lightbox>\n<div class=\"voc-lightbox__dialog\" role=\"document\">\n<div class=\"voc-lightbox__content\"> <!-- Modal header --> <!-- Modal content --> <\/p>\n<div class=\"voc-lightbox__photo-container\"> <picture class> <img loading=\"lazy\" src=\"http:\/\/hoycordobaweb.com\/wp-content\/uploads\/2025\/01\/los-vestidos-basicos-de-las-rebajas-de-stradivarius-que-te-solucionaran-el-look-en-un-minuto-3.jpg\" alt=\"Vestido polo de punto midi\"> <noscript> <img src=\"http:\/\/hoycordobaweb.com\/wp-content\/uploads\/2025\/01\/los-vestidos-basicos-de-las-rebajas-de-stradivarius-que-te-solucionaran-el-look-en-un-minuto-3.jpg\" alt=\"Vestido polo de punto midi\"> <\/noscript> <\/picture> <\/div><\/div><\/div>\n<\/div>\n<p> <span class=\"btn-c btn-c--center\"> <a href=\"https:\/\/redirect.prd.themonetise.es\/convert?apiKey=0419ab7c2d42d2be3f6b1d275b2b9a6e&amp;url=https%3A%2F%2Fwww.stradivarius.com%2Fes%2Fvestido-midi-polo-l06364523%3FcategoryId%3D1020412923%26colorId%3D200%26style%3Dnull%26pelement%3D405565216\" rel=\"nofollow, sponsored noopener noreferrer\" data-voc-vtm-id=\"comprar-ofertas-ext\" data-voc-vtm-info=\"mujerhoy:https:\/\/redirect.prd.themonetise.es\/convert?apiKey=0419ab7c2d42d2be3f6b1d275b2b9a6e&amp;url=https%3A%2F%2Fwww.stradivarius.com%2Fes%2Fvestido-midi-polo-l06364523%3FcategoryId%3D1020412923%26colorId%3D200%26style%3Dnull%26pelement%3D405565216\" class=\"btn\" target=\"_blank\"> En Stradivarius por 9,99 euros <\/a><br \/>\n<\/span> <\/p>\n<p class=\"voc-paragraph\" data-mrf-recirculation=\"Link art\u00edculo\">El look perfecto para la oficina lo llevar\u00e1s con una <a data-voc-vtm-id=\"in-text-traffic\" href=\"https:\/\/www.mujerhoy.com\/moda\/no-te-pierdas\/gabardinas-clasicas-elegantes-rebajas-mujeres-mayores-50-anos-corte-ingles-20250120084614-nt.html\" target=\"_blank\" data-mrf-link=\"https:\/\/www.mujerhoy.com\/moda\/no-te-pierdas\/gabardinas-clasicas-elegantes-rebajas-mujeres-mayores-50-anos-corte-ingles-20250120084614-nt.html\" rel=\"noopener noreferrer\">gabardina cl\u00e1sica<\/a><br \/>\n, unas botas planas o <a data-voc-vtm-id=\"in-text-traffic\" href=\"https:\/\/www.mujerhoy.com\/moda\/tendencias\/mocasines-de-hebilla-dorada-comodos-20250119133854-nt.html\" target=\"_blank\" data-mrf-link=\"https:\/\/www.mujerhoy.com\/moda\/tendencias\/mocasines-de-hebilla-dorada-comodos-20250119133854-nt.html\" rel=\"noopener noreferrer\">mocasines negros<\/a> y este c\u00f3modo <strong>vestido de punto midi acanalado estilo polo<\/strong>, color gris. Cuenta con cuello solapa y cierre de botones hasta el pecho. Las mangas son cortas. Es el\u00e1stico. Y, se amolda a la silueta.\n<\/p>\n<div class=\"voc-detail-photo-zoom\"> <picture data-toggle=\"modal\" data-target=\"#photoZoomModal-299\" target=\"modal\">\n<div class=\"voc-img-icon-link\"> <img loading=\"lazy\" src=\"http:\/\/hoycordobaweb.com\/wp-content\/uploads\/2025\/01\/los-vestidos-basicos-de-las-rebajas-de-stradivarius-que-te-solucionaran-el-look-en-un-minuto-4.jpg\" width=\"650\" height=\"900\" alt=\"Vestido drapeado midi negro\"> <noscript> <img src=\"http:\/\/hoycordobaweb.com\/wp-content\/uploads\/2025\/01\/los-vestidos-basicos-de-las-rebajas-de-stradivarius-que-te-solucionaran-el-look-en-un-minuto-4.jpg\" alt=\"Vestido drapeado midi negro\"> <\/noscript> <i class=\"voc-icons zoom voc-multimedia-box voc-ico-l\"><\/i> <\/div><figcaption class=\"figure-caption\">Vestido drapeado midi negro<\/figcaption><\/picture>\n<\/div>\n<div id=\"photoZoomModal-299\" class=\"voc-lightbox modal fade voc-lightbox--photo-zoom\" role=\"dialog\" data-voc-photozoom-lightbox>\n<div class=\"voc-lightbox__dialog\" role=\"document\">\n<div class=\"voc-lightbox__content\"> <!-- Modal header --> <!-- Modal content --> <\/p>\n<div class=\"voc-lightbox__photo-container\"> <picture class> <img loading=\"lazy\" src=\"http:\/\/hoycordobaweb.com\/wp-content\/uploads\/2025\/01\/los-vestidos-basicos-de-las-rebajas-de-stradivarius-que-te-solucionaran-el-look-en-un-minuto-4.jpg\" alt=\"Vestido drapeado midi negro\"> <noscript> <img src=\"http:\/\/hoycordobaweb.com\/wp-content\/uploads\/2025\/01\/los-vestidos-basicos-de-las-rebajas-de-stradivarius-que-te-solucionaran-el-look-en-un-minuto-4.jpg\" alt=\"Vestido drapeado midi negro\"> <\/noscript> <\/picture> <\/div><\/div><\/div>\n<\/div>\n<p> <span class=\"btn-c btn-c--center\"> <a href=\"https:\/\/redirect.prd.themonetise.es\/convert?apiKey=0419ab7c2d42d2be3f6b1d275b2b9a6e&amp;url=https%3A%2F%2Fwww.stradivarius.com%2Fes%2Fvestido-midi-drapeado-hombreras-l06270882%3FcategoryId%3D1020412923%26colorId%3D001%26style%3Dnull%26pelement%3D404617653\" rel=\"nofollow, sponsored noopener noreferrer\" data-voc-vtm-id=\"comprar-ofertas-ext\" data-voc-vtm-info=\"mujerhoy:https:\/\/redirect.prd.themonetise.es\/convert?apiKey=0419ab7c2d42d2be3f6b1d275b2b9a6e&amp;url=https%3A%2F%2Fwww.stradivarius.com%2Fes%2Fvestido-midi-drapeado-hombreras-l06270882%3FcategoryId%3D1020412923%26colorId%3D001%26style%3Dnull%26pelement%3D404617653\" class=\"btn\" target=\"_blank\"> En Stradivarius por 9,99 euros <\/a><br \/>\n<\/span> <\/p>\n<p class=\"voc-paragraph\" data-mrf-recirculation=\"Link art\u00edculo\">Para el d\u00eda o para la noche, con un <a data-voc-vtm-id=\"in-text-traffic\" href=\"https:\/\/www.mujerhoy.com\/moda\/no-te-pierdas\/abrigos-tailoring-elegantes-basicos-invierno-zara-mango-20241117132957-nt.html\" target=\"_blank\" data-mrf-link=\"https:\/\/www.mujerhoy.com\/moda\/no-te-pierdas\/abrigos-tailoring-elegantes-basicos-invierno-zara-mango-20241117132957-nt.html\" rel=\"noopener noreferrer\">abrigo tailoring largo<\/a> y unas botas de tac\u00f3n fino, estar\u00e1s espectacular gracias a este <strong>vestido midi negro fruncido<\/strong>. Las mangas son de tipo sisa con hombreras que aportan estructura. Tiene cuello redondo. Est\u00e1 drapeado en los lados. Y, queda entallado, aunque es el\u00e1stico.\n<\/p>\n<div class=\"voc-detail-photo-zoom\"> <picture data-toggle=\"modal\" data-target=\"#photoZoomModal-664\" target=\"modal\">\n<div class=\"voc-img-icon-link\"> <img loading=\"lazy\" src=\"http:\/\/hoycordobaweb.com\/wp-content\/uploads\/2025\/01\/los-vestidos-basicos-de-las-rebajas-de-stradivarius-que-te-solucionaran-el-look-en-un-minuto-5.jpg\" width=\"650\" height=\"900\" alt=\"Vestido de punto canal\u00e9 rojo\"> <noscript> <img src=\"http:\/\/hoycordobaweb.com\/wp-content\/uploads\/2025\/01\/los-vestidos-basicos-de-las-rebajas-de-stradivarius-que-te-solucionaran-el-look-en-un-minuto-5.jpg\" alt=\"Vestido de punto canal\u00e9 rojo\"> <\/noscript> <i class=\"voc-icons zoom voc-multimedia-box voc-ico-l\"><\/i> <\/div><figcaption class=\"figure-caption\">Vestido de punto canal\u00e9 rojo<\/figcaption><\/picture>\n<\/div>\n<div id=\"photoZoomModal-664\" class=\"voc-lightbox modal fade voc-lightbox--photo-zoom\" role=\"dialog\" data-voc-photozoom-lightbox>\n<div class=\"voc-lightbox__dialog\" role=\"document\">\n<div class=\"voc-lightbox__content\"> <!-- Modal header --> <!-- Modal content --> <\/p>\n<div class=\"voc-lightbox__photo-container\"> <picture class> <img loading=\"lazy\" src=\"http:\/\/hoycordobaweb.com\/wp-content\/uploads\/2025\/01\/los-vestidos-basicos-de-las-rebajas-de-stradivarius-que-te-solucionaran-el-look-en-un-minuto-5.jpg\" alt=\"Vestido de punto canal\u00e9 rojo\"> <noscript> <img src=\"http:\/\/hoycordobaweb.com\/wp-content\/uploads\/2025\/01\/los-vestidos-basicos-de-las-rebajas-de-stradivarius-que-te-solucionaran-el-look-en-un-minuto-5.jpg\" alt=\"Vestido de punto canal\u00e9 rojo\"> <\/noscript> <\/picture> <\/div><\/div><\/div>\n<\/div>\n<p> <span class=\"btn-c btn-c--center\"> <a href=\"https:\/\/redirect.prd.themonetise.es\/convert?apiKey=0419ab7c2d42d2be3f6b1d275b2b9a6e&amp;url=https%3A%2F%2Fwww.stradivarius.com%2Fes%2Fvestido-punto-midi-l06375764%3FcategoryId%3D1020412923%26colorId%3D150%26style%3Dnull%26pelement%3D416242553\" rel=\"nofollow, sponsored noopener noreferrer\" data-voc-vtm-id=\"comprar-ofertas-ext\" data-voc-vtm-info=\"mujerhoy:https:\/\/redirect.prd.themonetise.es\/convert?apiKey=0419ab7c2d42d2be3f6b1d275b2b9a6e&amp;url=https%3A%2F%2Fwww.stradivarius.com%2Fes%2Fvestido-punto-midi-l06375764%3FcategoryId%3D1020412923%26colorId%3D150%26style%3Dnull%26pelement%3D416242553\" class=\"btn\" target=\"_blank\"> En Stradivarius por 9,99 euros <\/a><br \/>\n<\/span> <\/p>\n<p class=\"voc-paragraph\" data-mrf-recirculation=\"Link art\u00edculo\">Las francesas tienen un truco para verse super favorecidas y es este <strong>vestido de punto acanalado en tono rojo<\/strong>, que sienta de maravilla con un abrigo burdeos y unas botas altas. Tiene cuello redondo. Las mangas son largas. Se amolda al cuerpo. Es el\u00e1stico. Y, el bajo termina en abertura en la parte de atr\u00e1s.\n<\/p>\n<div class=\"voc-detail-photo-zoom\"> <picture data-toggle=\"modal\" data-target=\"#photoZoomModal-404\" target=\"modal\">\n<div class=\"voc-img-icon-link\"> <img loading=\"lazy\" src=\"http:\/\/hoycordobaweb.com\/wp-content\/uploads\/2025\/01\/los-vestidos-basicos-de-las-rebajas-de-stradivarius-que-te-solucionaran-el-look-en-un-minuto-6.jpg\" width=\"650\" height=\"900\" alt=\"Vestido vaquero midi estilo camisero\"> <noscript> <img src=\"http:\/\/hoycordobaweb.com\/wp-content\/uploads\/2025\/01\/los-vestidos-basicos-de-las-rebajas-de-stradivarius-que-te-solucionaran-el-look-en-un-minuto-6.jpg\" alt=\"Vestido vaquero midi estilo camisero\"> <\/noscript> <i class=\"voc-icons zoom voc-multimedia-box voc-ico-l\"><\/i> <\/div><figcaption class=\"figure-caption\">Vestido vaquero midi estilo camisero<\/figcaption><\/picture>\n<\/div>\n<div id=\"photoZoomModal-404\" class=\"voc-lightbox modal fade voc-lightbox--photo-zoom\" role=\"dialog\" data-voc-photozoom-lightbox>\n<div class=\"voc-lightbox__dialog\" role=\"document\">\n<div class=\"voc-lightbox__content\"> <!-- Modal header --> <!-- Modal content --> <\/p>\n<div class=\"voc-lightbox__photo-container\"> <picture class> <img loading=\"lazy\" src=\"http:\/\/hoycordobaweb.com\/wp-content\/uploads\/2025\/01\/los-vestidos-basicos-de-las-rebajas-de-stradivarius-que-te-solucionaran-el-look-en-un-minuto-6.jpg\" alt=\"Vestido vaquero midi estilo camisero\"> <noscript> <img src=\"http:\/\/hoycordobaweb.com\/wp-content\/uploads\/2025\/01\/los-vestidos-basicos-de-las-rebajas-de-stradivarius-que-te-solucionaran-el-look-en-un-minuto-6.jpg\" alt=\"Vestido vaquero midi estilo camisero\"> <\/noscript> <\/picture> <\/div><\/div><\/div>\n<\/div>\n<p> <span class=\"btn-c btn-c--center\"> <a href=\"https:\/\/redirect.prd.themonetise.es\/convert?apiKey=0419ab7c2d42d2be3f6b1d275b2b9a6e&amp;url=https%3A%2F%2Fwww.stradivarius.com%2Fes%2Fvestido-camisero-midi-denim-l08200920\" rel=\"nofollow, sponsored noopener noreferrer\" data-voc-vtm-id=\"comprar-ofertas-ext\" data-voc-vtm-info=\"mujerhoy:https:\/\/redirect.prd.themonetise.es\/convert?apiKey=0419ab7c2d42d2be3f6b1d275b2b9a6e&amp;url=https%3A%2F%2Fwww.stradivarius.com%2Fes%2Fvestido-camisero-midi-denim-l08200920\" class=\"btn\" target=\"_blank\"> En Stradivarius por 9,99 euros <\/a><br \/>\n<\/span> <\/p>\n<p class=\"voc-paragraph\" data-mrf-recirculation=\"Link art\u00edculo\">Por \u00faltimo, tanto para usar ahora con <a data-voc-vtm-id=\"in-text-traffic\" href=\"https:\/\/www.mujerhoy.com\/moda\/no-te-pierdas\/colores-abrigos-tendencias-invierno-2024-2025-zara-mango-hym-20241206122612-nt.html\" target=\"_blank\" data-mrf-link=\"https:\/\/www.mujerhoy.com\/moda\/no-te-pierdas\/colores-abrigos-tendencias-invierno-2024-2025-zara-mango-hym-20241206122612-nt.html\" rel=\"noopener noreferrer\">abrigos en colores tendencia<\/a> y botas como para llevar en primavera con merceditas coquetas, este <strong>vestido vaquero midi estilo camisero<\/strong> es lo m\u00e1s. Tiene cuello solapa. Las mangas son largas acabadas en pu\u00f1os. Cuenta con cintura el\u00e1stica. La falda es de vuelo. Y, el cierre es de botones.\n<\/p>\n<p> <!-- TOPICS --> <\/p>\n","protected":false},"excerpt":{"rendered":"<p>Cuando no sabes qu\u00e9 ponerte (que es pr\u00e1cticamente a diario cada vez que tenemos que salir de casa) y quieres soluciones f\u00e1ciles para vestir bien y sencilla, siempre debes apostar por los b\u00e1sicos. Porque, con estos esenciales del armario es imposible fallar y adem\u00e1s podr\u00e1s revolver tu outfit para la oficina , salir de compras [&hellip;]<\/p>\n","protected":false},"author":1,"featured_media":95531,"comment_status":"closed","ping_status":"closed","sticky":false,"template":"","format":"standard","meta":[],"categories":[],"tags":[],"_links":{"self":[{"href":"http:\/\/hoycordobaweb.com\/index.php\/wp-json\/wp\/v2\/posts\/95530"}],"collection":[{"href":"http:\/\/hoycordobaweb.com\/index.php\/wp-json\/wp\/v2\/posts"}],"about":[{"href":"http:\/\/hoycordobaweb.com\/index.php\/wp-json\/wp\/v2\/types\/post"}],"author":[{"embeddable":true,"href":"http:\/\/hoycordobaweb.com\/index.php\/wp-json\/wp\/v2\/users\/1"}],"replies":[{"embeddable":true,"href":"http:\/\/hoycordobaweb.com\/index.php\/wp-json\/wp\/v2\/comments?post=95530"}],"version-history":[{"count":0,"href":"http:\/\/hoycordobaweb.com\/index.php\/wp-json\/wp\/v2\/posts\/95530\/revisions"}],"wp:featuredmedia":[{"embeddable":true,"href":"http:\/\/hoycordobaweb.com\/index.php\/wp-json\/wp\/v2\/media\/95531"}],"wp:attachment":[{"href":"http:\/\/hoycordobaweb.com\/index.php\/wp-json\/wp\/v2\/media?parent=95530"}],"wp:term":[{"taxonomy":"category","embeddable":true,"href":"http:\/\/hoycordobaweb.com\/index.php\/wp-json\/wp\/v2\/categories?post=95530"},{"taxonomy":"post_tag","embeddable":true,"href":"http:\/\/hoycordobaweb.com\/index.php\/wp-json\/wp\/v2\/tags?post=95530"}],"curies":[{"name":"wp","href":"https:\/\/api.w.org\/{rel}","templated":true}]}}