{"id":95526,"date":"2025-01-28T23:37:10","date_gmt":"2025-01-28T23:37:10","guid":{"rendered":"https:\/\/www.ole.com.ar\/futbol-internacional\/duscher-despido-sub20-sudamericano_0_hvXu3Rf3gc.html"},"modified":"2025-01-28T23:37:10","modified_gmt":"2025-01-28T23:37:10","slug":"insolito-echaron-a-duscher-de-paraguay-en-pleno-torneo","status":"publish","type":"post","link":"http:\/\/hoycordobaweb.com\/index.php\/2025\/01\/28\/insolito-echaron-a-duscher-de-paraguay-en-pleno-torneo\/","title":{"rendered":"Ins\u00f3lito: echaron a Duscher de Paraguay en pleno torneo"},"content":{"rendered":"<p><img src=\"http:\/\/hoycordobaweb.com\/wp-content\/uploads\/2025\/01\/insolito-echaron-a-duscher-de-paraguay-en-pleno-torneo.jpg\"><\/p>\n<p><span class=\"createDate\">28\/01\/2025 20:37hs.<\/span><time class=\"modificatedDate\" datetime=\"2025-01-28T21:17:34-03:00\"> Actualizado al 28\/01\/2025 21:17hs.<\/time><\/p>\n<div id=\"storyBody\">\n<div class=\"custom-text \" readability=\"34.700251889169\">\n<p>La dirigencia de la Asociaci\u00f3n Paraguaya de F\u00fatbol <strong>ech\u00f3 este martes al t\u00e9cnico argentino del Sub 20 guaran\u00ed, <a href=\"https:\/\/www.ole.com.ar\/tema\/aldo-pedro-duscher.html\" title=\"Aldo Pedro Duscher\" alt=\"Aldo Pedro Duscher\" class=\"slug\">Aldo Pedro Duscher<\/a>,<\/strong> luego de <a href=\"https:\/\/www.ole.com.ar\/futbol-internacional\/polemicas-declaraciones-aldo-duscher-dt-seleccion-sub-20-paraguay_0_wKZQxYpZAN.html\" target=\"_self\" title=\"discutir fuerte con periodistas\" alt=\"discutir fuerte con periodistas\" rel=\"noopener noreferrer\">discutir fuerte con periodistas<\/a> tras la derrota 6 a 0 frente a Uruguay por el<a href=\"https:\/\/www.ole.com.ar\/tema\/sudamericano-sub-20-2025.html\" title=\"Sudamericano Sub 20 2025\" alt=\"Sudamericano Sub 20 2025\" class=\"slug\"> Sudamericano<\/a> de la categor\u00eda. Este mi\u00e9rcoles, frente a Venezuela, <strong>el entrenador ser\u00e1 Antonin Alcaraz<\/strong>, exjugador de la selecci\u00f3n guaran\u00ed, que est\u00e1 al frente de la Sub 17..<\/p>\n<\/div>\n<div class=\"custom-text \" readability=\"40\">\n<p>Es muy extra\u00f1o que un entrenador de selecciones sea despedido en plena competencia, cuando se trata de torneos cortos. Sucedi\u00f3 en un Mundial, en Francia 1998, Carlos Alberto Parreira lleg\u00f3 como DT de Arabia Saudita. Tras perder contra Dinamarca (1-0) y el equipo organizador (4-0), el brasile\u00f1o fue echado y su lugar fue ocupado por Mohamed Al Kharachi, quien sac\u00f3 un empate contra Sud\u00e1frica en la \u00faltima fecha (2-2). Y eso que el brasile\u00f1o hab\u00eda sido campe\u00f3n con la Verdeamarela en Estados Unidos 94.<\/p>\n<\/div>\n<p><h2><strong>La respuesta de Duscher a Ol\u00e9<\/strong><\/h2>\n<\/p>\n<div class=\"custom-text \" readability=\"45\">\n<p>El entrenador atendi\u00f3 a <strong>Ol\u00e9<\/strong> poco despu\u00e9s de conocerse el despido. \u00abSe metieron con mi trabajo, yo defend\u00ed mi trabajo y no hubo un respeto que yo esperaba y se gener\u00f3 una pol\u00e9mica, no hay mucho m\u00e1s para decir. Defend\u00ed lo m\u00edo. Y no lo han tomado bien, pas\u00f3 eso. Hubo diferencias con el director deportivo, en muchas ocasiones, diferentes formas de trabajar. Se juntaron muchas cosas, con los jugadores todos fue espectacular, trabajo muy bueno, se termin\u00f3 todo despu\u00e9s de que un periodista, no respet\u00f3 mi trabajo y se gener\u00f3 esa discusi\u00f3n\u00bb, afirm\u00f3.<\/p>\n<\/div>\n<div class=\"custom-text \" readability=\"45\">\n<p>\u00abNo me arrepiento de las declaraciones. Es algo in\u00e9dito que por una declaraci\u00f3n que te echen, los jugadores estaban muy comprometidos. Es raro, por una segunda fecha&#8230; Muy raro. Yo simplemente defend\u00ed muy trabajo. Yo soy muy profesional y muy exigente, que no se confunda con ser conflictivo. Desde el 12 de diciembre yo no sal\u00ed de Paraguay, pas\u00e9 las Fiestas en Asunci\u00f3n, por el bien de la selecci\u00f3n, con mi familia. Y yo por una declaraci\u00f3n quedo afuera&#8230; No se entiende, es muy raro todo. Y la relaci\u00f3n con los jugadores es espectacular. Es lo que todos vieron. Desde lo profesional, el d\u00eda a d\u00eda y la exigencia estoy m\u00e1s tranquilo que nunca. Di todo, pero sucedi\u00f3 eso\u00bb, argument\u00f3.<\/p>\n<\/div>\n<div class=\"custom-text \" readability=\"41\">\n<p>\u00abPas\u00f3 eso, no m\u00e1s que eso, fue medi\u00e1tico, tomaron la decisi\u00f3n&#8230; Ac\u00e1 lo deportivo no tiene nada que ver, es raro ganar uno y perder otro que te echen, o por una declaraci\u00f3n. Fue un desencuentro con un periodista, fueron muy sensibles a la prensa\u00bb, agreg\u00f3 el DT.<\/p>\n<\/div>\n<div class=\"custom-text \" readability=\"38\">\n<p>\u00abFue una despedida muy emotiva con los jugadores, grupo b\u00e1rbaro, y desearles lo mejor porque se lo merecen. Fue un trabajo de mucho tiempo, y que sea lo mejor hay chance de seguir. Con ellos la relaci\u00f3n es magn\u00edfica\u00bb, explic\u00f3.<\/p>\n<\/div>\n<div class=\"custom-text \" readability=\"41\">\n<p>\u00abCuando me fui a despedir de los jugadores, ellos no entend\u00edan nada. Quedaron muy sentidos, hab\u00edamos hecho un trabajo muy bueno. No se conoce el sacrificio de los jugadores y pasa esto. Es un papel\u00f3n. Si me dec\u00eds que no clasificaba y me quedaba afuera, perfecto. Pero por dos declaraciones, es muy raro, nadie entend\u00eda nada. Es todo es muy dif\u00edcil. Mi profesionalismo siempre estuvo y quiz\u00e1 no est\u00e1n acostumbrados\u00bb, sostuvo.<\/p>\n<\/div>\n<div class=\"custom-text \" readability=\"37\">\n<p>La Albirroja, pese a la dura ca\u00edda con la Celeste, se mantiene con chances de clasificar al hexagonal final que da un cupo para el Mundial de Chile, ya que en la primera fecha le hab\u00eda ganado 2 a 1 a Per\u00fa.<\/p>\n<\/div>\n<p><h2><strong>Qu\u00e9 hab\u00eda pasado<\/strong><\/h2>\n<\/p>\n<div class=\"custom-text \" readability=\"41\">\n<p>No es habitual que en plena competencia los entrenadores salgan al aire en medios de comunicaci\u00f3n, pero desde Asunci\u00f3n se comunicaron con el DT. Uno de ellos fue el periodista Federico Arias, quien lleva adelante el ciclo La Gran Jugada en Rock&amp;Pop de la capital. Y la reacci\u00f3n fue as\u00ed: \u00abVos est\u00e1s atacando mi trabajo, diciendo que no estudi\u00e9 al rival. El f\u00fatbol no termina ac\u00e1, la pelota no para nunca. Si no contin\u00fao ac\u00e1, voy a continuar en otro lado. Yo quiero que a Paraguay le vaya bien, nada m\u00e1s. Y vos no entend\u00e9s nada\u00bb.<\/p>\n<\/div>\n<div class=\"custom-text \" readability=\"42\">\n<p>En l\u00ednea con esto \u00faltimo, le espet\u00f3 (en una superposici\u00f3n pr\u00e1cticamente constante entre las voces de ambos): \u00ab\u00bfSab\u00e9s por qu\u00e9 no entend\u00e9s nada? Porque vos no fuiste a ning\u00fan entrenamiento de la Selecci\u00f3n de Paraguay Sub 20. Vos te gui\u00e1s de los resultados, vos sos resultadista. And\u00e1 al d\u00eda a d\u00eda\u00bb. El desaire no concluy\u00f3 ah\u00ed: cuando Arias le dijo al pasar \u00abhermano\u00bb, esto molest\u00f3 al det\u00e9 y le dijo \u00abhermano tuyo no soy, a m\u00ed tratame bien\u00bb. \u00abVos fuiste el que trajo la palabra quilombo a la nota, no vengas a decir que te faltamos el respeto\u00bb, le respondi\u00f3 el trabajador de prensa, haciendo alusi\u00f3n a que previamente el entrevistado hab\u00eda dicho que estaban buscando (justamente) quilombo.<\/p>\n<\/div>\n<div class=\"custom-text \" readability=\"40\">\n<p>Con Cardinal Deportivo tambi\u00e9n tuvo un entredicho, al marcarle al panel que deb\u00edan hacerle \u00abpreguntas positivas, constructivas\u00bb. Esto molest\u00f3 al conductor, quien levant\u00f3 la voz. \u00abA m\u00ed no me grites porque si no vamos a tener problemas, no grites. Primero que todo, respeto\u00bb, le se\u00f1al\u00f3 Duscher.<\/p>\n<\/div>\n<div class=\"custom-text \" readability=\"39\">\n<p>\u00abYo me siento atacado, viste. Es lo normal, hay muchos que aprovechan la oportunidad. Lo tomo como normal, porque esto es el f\u00fatbol. Cuando gan\u00e1s sos el mejor y cuando perd\u00e9s sos el peor. Para estar en esta profesi\u00f3n ten\u00e9s que estar acostumbrado\u00bb, fue las palabras que us\u00f3 al hablar con F\u00fatbol a lo Grande 1080 AM.<\/p>\n<\/div>\n<div class=\"custom-text \" readability=\"43\">\n<p>Finalmente, en Somos Versus, desliz\u00f3: \u00abYo vengo a ayudar a Paraguay, vengo a hacer mi trabajo lo m\u00e1s profesional posible. Averig\u00fcen c\u00f3mo trabajo, averig\u00fcen la dedicaci\u00f3n que le pongo d\u00eda a d\u00eda. Averig\u00fcen que yo pas\u00e9 todas las fiestas en Paraguay porque consideraba que el respeto hacia al pa\u00eds y mis jugadores ten\u00eda que estar presente. Gan\u00e1s o perd\u00e9s y por m\u00e1s que vos trabajes, pueden tocar situaciones malas, es normal. Ahora, no nos den por muertos\u00bb. Acot\u00f3, tambi\u00e9n: \u00abHoy me llamaron m\u00e1s radios que cuando el d\u00eda que ganamos\u00bb.<\/p>\n<\/div>\n<p><h2><strong>Mir\u00e1 la discusi\u00f3n de Duscher con la prensa<\/strong><\/h2>\n<\/p>\n<div class=\"sc-734b4696-1 kFfZtB\" readability=\"6.5\">\n<div class=\"sc-d00d9e74-0 hnHYbk\" type=\"embed\">\n<div class=\"sc-d00d9e74-1 iKVbz videoText\" id=\"contentTitleembedxOsvXKVV\" type=\"embed\"><svg fill=\"#ffffff\"><symbol id=\"play\" viewBox=\"0 0 512 512\"><path d=\"M512 256C512 397.4 397.4 512 256 512C114.6 512 0 397.4 0 256C0 114.6 114.6 0 256 0C397.4 0 512 114.6 512 256zM176 168V344C176 352.7 180.7 360.7 188.3 364.9C195.8 369.2 205.1 369 212.5 364.5L356.5 276.5C363.6 272.1 368 264.4 368 256C368 247.6 363.6 239.9 356.5 235.5L212.5 147.5C205.1 142.1 195.8 142.8 188.3 147.1C180.7 151.3 176 159.3 176 168V168z\" \/><\/symbol><use xlink:href=\"#play\" \/><\/svg><\/p>\n<div class=\"right\">\n<p>Aldo Duscher<!-- --> &#8211; <span>&nbsp;<\/span><\/p>\n<h2 class=\"title-vid\">\u00a1Las declaraciones del DT de Paraguay Sub-20!<\/h2>\n<\/div>\n<\/div>\n<p><span class=\"back\" id=\"spanBackembedxOsvXKVV\"><\/span><\/div>\n<div class=\"JWvideoNota_title\" readability=\"8\">\n<p>El argentino Aldo Duscher habl\u00f3 con varios medios radiales tras la goleada sufrida a manos de Uruguay.<\/p>\n<\/div>\n<\/div>\n<div class=\"custom-text \">\n<p>Noticia en desarrollo&#8230;<\/p>\n<\/div>\n<div class=\"sc-e7b891c4-0 ifHnQL image-embed\"><img alt=\"Aldo Duscher ya no es DT de la Sub 20 de Paraguay.\" loading=\"lazy\" width=\"720\" height=\"100\" decoding=\"async\" data-nimg=\"1\" src=\"http:\/\/hoycordobaweb.com\/wp-content\/uploads\/2025\/01\/insolito-echaron-a-duscher-de-paraguay-en-pleno-torneo-2.jpg\"><span class=\"epigraphe\">Aldo Duscher ya no es DT de la Sub 20 de Paraguay.<\/span><\/div>\n<div class=\"sc-a7166897-0 eoLsBE\" readability=\"6\">\n<section readability=\"2\"><picture><img alt=\"\u00bfCu\u00e1ndo vuelve a jugar la Selecci\u00f3n Argentina en el Sudamericano Sub 20?\" loading=\"lazy\" width=\"290\" height=\"290\" decoding=\"async\" data-nimg=\"1\" src=\"http:\/\/hoycordobaweb.com\/wp-content\/uploads\/2025\/01\/insolito-echaron-a-duscher-de-paraguay-en-pleno-torneo-3.jpg\"><\/picture>\n<p><span>Mir\u00e1 tambi\u00e9n<\/span><\/p>\n<hr>\n<h3>\u00bfCu\u00e1ndo vuelve a jugar la Selecci\u00f3n Argentina en el Sudamericano Sub 20?<\/h3>\n<\/p>\n<\/section>\n<\/div>\n<div class=\"sc-a7166897-0 eoLsBE\" readability=\"6.5\">\n<section readability=\"3\"><picture><img alt=\"La Selecci\u00f3n Argentina Sub 20 le gan\u00f3 a Bolivia con un golazo de Rodr\u00edguez Pagano sobre el final\" loading=\"lazy\" width=\"290\" height=\"290\" decoding=\"async\" data-nimg=\"1\" src=\"http:\/\/hoycordobaweb.com\/wp-content\/uploads\/2025\/01\/insolito-echaron-a-duscher-de-paraguay-en-pleno-torneo-4.jpg\"><\/picture>\n<p><span>Mir\u00e1 tambi\u00e9n<\/span><\/p>\n<hr>\n<h3>La Selecci\u00f3n Argentina Sub 20 le gan\u00f3 a Bolivia con un golazo de Rodr\u00edguez Pagano sobre el final<\/h3>\n<\/p>\n<\/section>\n<\/div>\n<\/div>\n","protected":false},"excerpt":{"rendered":"<p>28\/01\/2025 20:37hs. Actualizado al 28\/01\/2025 21:17hs. La dirigencia de la Asociaci\u00f3n Paraguaya de F\u00fatbol ech\u00f3 este martes al t\u00e9cnico argentino del Sub 20 guaran\u00ed, Aldo Pedro Duscher, luego de discutir fuerte con periodistas tras la derrota 6 a 0 frente a Uruguay por el Sudamericano de la categor\u00eda. Este mi\u00e9rcoles, frente a Venezuela, el entrenador [&hellip;]<\/p>\n","protected":false},"author":1,"featured_media":95527,"comment_status":"open","ping_status":"closed","sticky":false,"template":"","format":"standard","meta":[],"categories":[16],"tags":[],"_links":{"self":[{"href":"http:\/\/hoycordobaweb.com\/index.php\/wp-json\/wp\/v2\/posts\/95526"}],"collection":[{"href":"http:\/\/hoycordobaweb.com\/index.php\/wp-json\/wp\/v2\/posts"}],"about":[{"href":"http:\/\/hoycordobaweb.com\/index.php\/wp-json\/wp\/v2\/types\/post"}],"author":[{"embeddable":true,"href":"http:\/\/hoycordobaweb.com\/index.php\/wp-json\/wp\/v2\/users\/1"}],"replies":[{"embeddable":true,"href":"http:\/\/hoycordobaweb.com\/index.php\/wp-json\/wp\/v2\/comments?post=95526"}],"version-history":[{"count":0,"href":"http:\/\/hoycordobaweb.com\/index.php\/wp-json\/wp\/v2\/posts\/95526\/revisions"}],"wp:featuredmedia":[{"embeddable":true,"href":"http:\/\/hoycordobaweb.com\/index.php\/wp-json\/wp\/v2\/media\/95527"}],"wp:attachment":[{"href":"http:\/\/hoycordobaweb.com\/index.php\/wp-json\/wp\/v2\/media?parent=95526"}],"wp:term":[{"taxonomy":"category","embeddable":true,"href":"http:\/\/hoycordobaweb.com\/index.php\/wp-json\/wp\/v2\/categories?post=95526"},{"taxonomy":"post_tag","embeddable":true,"href":"http:\/\/hoycordobaweb.com\/index.php\/wp-json\/wp\/v2\/tags?post=95526"}],"curies":[{"name":"wp","href":"https:\/\/api.w.org\/{rel}","templated":true}]}}