{"id":95433,"date":"2025-01-28T00:55:39","date_gmt":"2025-01-28T00:55:39","guid":{"rendered":"https:\/\/www.ole.com.ar\/futbol-internacional\/futbol-entrenadores-elsalvador-corti_0_TFdlb436xz.html"},"modified":"2025-01-28T00:55:39","modified_gmt":"2025-01-28T00:55:39","slug":"los-corti-padre-e-hijo-tras-enfrentarse-la-que-mas-sufrio-fue-la-madre","status":"publish","type":"post","link":"http:\/\/hoycordobaweb.com\/index.php\/2025\/01\/28\/los-corti-padre-e-hijo-tras-enfrentarse-la-que-mas-sufrio-fue-la-madre\/","title":{"rendered":"Los Corti, padre e hijo, tras enfrentarse: \u00abLa que m\u00e1s sufri\u00f3 fue la madre\u00bb"},"content":{"rendered":"<p><img src=\"http:\/\/hoycordobaweb.com\/wp-content\/uploads\/2025\/01\/los-corti-padre-e-hijo-tras-enfrentarse-la-que-mas-sufrio-fue-la-madre.jpg\"><\/p>\n<p><time class=\"createDate\" datetime=\"2025-01-27T21:55:39-03:00\">27\/01\/2025 21:55hs.<\/time><\/p>\n<div id=\"storyBody\">\n<div class=\"custom-text \" readability=\"33.180412371134\">\n<p>En <strong><a href=\"https:\/\/www.ole.com.ar\/tema\/el-salvador.html\" title=\"El Salvador\" alt=\"El Salvador\" class=\"slug\">El Salvador<\/a> <\/strong>se dio un hecho del cual no se tienen registros en el f\u00fatbol profesional: padre e hijo se enfrentaron como entrenadores. Ambos, argentinos. <a href=\"https:\/\/www.ole.com.ar\/futbol-internacional\/corti-river-elsalvador-futbol_0_4PRqG9SZhN.html\" target=\"_self\" title=\"Ernesto Corti, de Alianza, contra Daniel Corti,\" alt=\"Ernesto Corti, de Alianza, contra Daniel Corti,\" rel=\"noopener noreferrer\">Ernesto Carucha Corti, de Alianza, contra Daniel Ernesto Corti,<\/a>Tito, de Cacahuatique. Fue victoria 2 a 1 para el DT menor, por la Primera Divisi\u00f3n. Ambos dialogaron con <strong>Ol\u00e9<\/strong> para recordar este episodio y transmitir sus sensaciones.<\/p>\n<\/div>\n<div class=\"custom-text \" readability=\"32\">\n<p><strong>-\u00bfQui\u00e9n cree que sufri\u00f3 m\u00e1s con esta situaci\u00f3n tan at\u00edpica?<\/strong><\/p>\n<\/div>\n<div class=\"custom-text \" readability=\"32\">\n<p><strong>Daniel:<\/strong> Que arranque el m\u00e1s grande. <\/p>\n<\/div>\n<div class=\"custom-text \" readability=\"48\">\n<p><strong>Ernesto: <\/strong>Creo que quien m\u00e1s sufri\u00f3 fue su madre, mi esposa Graciela, que no sab\u00eda si gritar los goles de qui\u00e9n. Seg\u00fan ella, no, es la que m\u00e1s sufri\u00f3. Por supuesto que no era una situaci\u00f3n com\u00fan que ocurra seguido en el f\u00fatbol. Creo que nunca ha pasado en el f\u00fatbol profesional que se enfrenten el hijo con el padre como entrenadores principales. Pero creo que ella fue la que m\u00e1s sufri\u00f3 y, por supuesto, para m\u00ed era muy emotivo. Era defender los colores que me toca en este momento entrenar, que es Alianza, y estaba bien metido en lo que es el partido, m\u00e1s all\u00e1 de que, por supuesto, s\u00ed te moviliza, pero uno tiene que dejar de lado o tratar de dejar de lado ese sentimiento de padre hacia el hijo y nada. El partido se jug\u00f3 con normalidad, por supuesto.<\/p>\n<\/div>\n<div class=\"custom-text \" readability=\"33\">\n<p><strong>-Tito, \u00bfpara vos o el coraz\u00f3n ten\u00eda alg\u00fan sentimiento especial?<\/strong><\/p>\n<\/div>\n<div class=\"custom-text \" readability=\"50\">\n<p><strong>Daniel:<\/strong> No, fue, s\u00ed, fue medio raro, obviamente yo llegu\u00e9 y con mil cosas en la cabeza y sobre todo pensando en que me voy a enfrentar a la persona de la cual voy a estar agradecida eternamente por todo. No solo por lo extraordinario que fueron como padre \u00e9l y mi vieja, sino tambi\u00e9n agradecido por lo que fue \u00e9l como profesor m\u00edo para estar donde estoy hoy. Gracias a \u00e9l estoy en donde estoy y trabajando de la forma en que estoy trabajando. As\u00ed que hasta donde nos saludamos ah\u00ed s\u00ed ten\u00eda un mont\u00f3n de movilizaciones dentro, un sentimiento medio raro y dem\u00e1s, pero ya despu\u00e9s, una vez que arranc\u00f3 el partido, ya cada uno estaba en su mundo. Yo creo que bueno por lo menos yo ya ten\u00eda en la cabeza de que ganemos, por lo menos hagamos un buen partido. O sea eso. Se me pas\u00f3 un poquito y ya despu\u00e9s cuando termin\u00f3 el partido, tambi\u00e9n ah\u00ed se me volvieron las cosas adentro y decir &#8216;mira si ser\u00e1 lindo este deporte&#8217;, que mira que hasta lo que genera, que si bien fue un partido de f\u00fatbol normal como dice mi viejo, ya despu\u00e9s te regala estas cosas, esta experiencia que se va a llevar obviamente para la familia y para todos en el recuerdo.<\/p>\n<\/div>\n<div class=\"custom-text \" readability=\"36\">\n<p>&#8211;<strong>Vos Tito fuiste ayudante del campo de tu pap\u00e1 cuando fueron campeones en \u00c1guila, en El Salvador. Por el conocimiento que tienen uno y el otro y lo que aprendizaje mutuo conjunto de trabajar juntos, \u00bfera imposible que uno lo sorprendiera con una cuesti\u00f3n t\u00e1ctica o una jugada de pelota parada?<\/strong><\/p>\n<\/div>\n<div class=\"custom-text \" readability=\"59\">\n<p><strong>Daniel: <\/strong>Yo creo que m\u00e1s all\u00e1 de, sacando ahora lo de padre e hijo, habiendo sido compa\u00f1ero de trabajo, a veces pasa cuando se desligan dos t\u00e9cnicos y despu\u00e9s se vuelven a cruzar, que son unos partidos m\u00e1s dif\u00edciles que uno t\u00e1cticamente quiera plantear. Porque puede decir &#8216;uh, \u00e9l seguramente sabr\u00e1 que a m\u00ed me gusta esto o cosas de eso&#8217;. Yo, por lo menos de mi parte, pens\u00e9 que habr\u00e1 cosas que obviamente debe saber que son de mi agrado y qu\u00e9 es lo que me gusta plantear. Entonces, por ah\u00ed, por ese lado, lo vi que iba a ser un poco m\u00e1s dificultoso. Pero, despu\u00e9s, tambi\u00e9n los que tienen que ejecutar y tratar de resolver con las herramientas que nosotros damos son los jugadores. Entonces, ah\u00ed estaba de hacerle entender, por lo menos de parte nuestra, a los jugadores qu\u00e9 es lo que se jugaba, contra qui\u00e9n se jugaba, y tratar de plasmar lo que plasmamos nosotros en el partido. S\u00ed, por lo menos de mi parte, s\u00ed me dieron vuelta mucho en la cabeza un mont\u00f3n de cosas, sobre todo en lo t\u00e1ctico, que obviamente nos conocemos, \u00e9l sabe bien qu\u00e9 es lo que me gusta a m\u00ed. Obviamente, yo m\u00e1s o menos tambi\u00e9n tengo cierta caracter\u00edstica de c\u00f3mo le gusta y su forma de trabajar, as\u00ed que era complicado plasmar ciertas cosas. Pero se dio as\u00ed. <\/p>\n<\/div>\n<div class=\"custom-text \" readability=\"33\">\n<p><strong>-Carucha, \u00bfvos pens\u00e1s lo mismo que tu hijo y con esto? <\/strong><\/p>\n<\/div>\n<div class=\"custom-text \" readability=\"58\">\n<p>Ernesto: S\u00ed, yo no iba a cambiar la forma que tengo de manejarme en la semana. Ni las cuestiones estrat\u00e9gicas o t\u00e1cticas, que tampoco son un misterio. Era un enfrentamiento entre dos equipos con el condimento de lo que habl\u00e1bamos reci\u00e9n, que se enfrentaban padre e hijo, pero me ha tocado enfrentarme a otro entrenador que lo he enfrentado cinco, seis, siete o diez veces, y yo lo vi por ese lado. Yo s\u00e9 c\u00f3mo \u00e9l piensa, \u00e9l sabe c\u00f3mo pienso yo, pero, tiene toda la raz\u00f3n, los que resuelven en la cancha son los jugadores, yo no vari\u00e9 y no pens\u00e9 en eso. No dijo &#8216;hoy no voy a hacer esto porque \u00e9l lo sabe&#8217;. No intent\u00e9 hacer otra cosa distinta porque es lo que ven\u00edamos manejando y ten\u00eda fe de que eso nos pod\u00eda dar resultado. El partido demostr\u00f3 otra cosa, nosotros sab\u00edamos que ellos&#8230; El torneo anterior yo no estuve en esta liga y gente que trabaja conmigo hoy en el cuerpo t\u00e9cnico que estaba el a\u00f1o pasado, me dijeron &#8216;mira, ellos cuando vinieron a jugar aqu\u00ed, hicieron esto, esto, esto&#8217; y bueno, era lo que yo pensaba que iba a hacer y as\u00ed fue el partido. Nos presionaron alto, nos dejaron jugar y nosotros no entramos en juego y nos cost\u00f3 much\u00edsimo el partido, pero no es que estaba pensando &#8216;esto no lo hago porque \u00e9l sabe&#8217;. En cualquier equipo, m\u00e1s all\u00e1 de la importancia del entrenador, al partido lo resuelven los jugadores. <\/p>\n<\/div>\n<div class=\"custom-text \" readability=\"34\">\n<p><strong>-\u00bfEn la semana previa hablaron por tel\u00e9fono, se comunicaron o no hubo di\u00e1logo en la semana previa al partido entre ustedes? <\/strong><\/p>\n<\/div>\n<div class=\"custom-text \" readability=\"53\">\n<p><strong>Ernesto: <\/strong>S\u00ed, porque , otra que no sab\u00eda a d\u00f3nde ponerse era su hija, nuestra nieta, que estaba de vacaciones aqu\u00ed en El Salvador visit\u00e1ndolo a \u00e9l, a nosotros, a mi esposa y a m\u00ed, que no sab\u00eda de qu\u00e9 lado est\u00e1. Me dice &#8216;\u00bfy ahora a qui\u00e9n le voy?&#8217;. No, vos le ten\u00e9s que a ir a tu pap\u00e1, no.al abuelo. Lo vi el d\u00eda domingo que no jugaron. Fue el d\u00eda s\u00e1bado y como ellos est\u00e1n como cuatro horas de aqu\u00ed de San Salvador la tuvieron que traer porque viajaba con mi esposa a M\u00e9xico y de M\u00e9xico se iba a Argentina, se volv\u00eda para Argentina, Josefina. Entonces ellos vinieron aqu\u00ed a donde vivo yo, se quedaron a dormir, al otro d\u00eda lo llevamos al aeropuerto, pero no tocamos para nada el tema, no hablamos nada y despu\u00e9s habremos hablado en la semana, pero no tocamos para nada el tema porque no ten\u00eda ning\u00fan sentido de nada. Si bien era especial, como te dije reci\u00e9n era un partido importante, por la circunstancia. Pero era un partido importante porque como va a ser importante el partido que viene. <\/p>\n<\/div>\n<div class=\"custom-text \" readability=\"33\">\n<p><strong>-Les hago esta pregunta a los dos esperando que la respuesta que d\u00e9 el primero no influya en la respuesta del segundo. \u00bfPreferir\u00edan que esto no vuelva a pasar? <\/strong><\/p>\n<\/div>\n<div class=\"custom-text \" readability=\"35\">\n<p><strong>Daniel:<\/strong> No. Yo no tengo problema. Es parte del f\u00fatbol y bueno que pase las veces que tenga que pasar y no vaya a ser cosa que lo tenga que enfrentar en la final. Y ah\u00ed mi vieja va a tener problemas Mi vieja y mi hija, no nosotros dos.<\/p>\n<\/div>\n<div class=\"custom-text \" readability=\"34\">\n<p><strong>-\u00bfY vos, Carucha, qu\u00e9 dec\u00eds?<\/strong><\/p>\n<\/div>\n<div class=\"custom-text \" readability=\"42\">\n<p><strong>Ernesto:<\/strong> S\u00ed, ya pas\u00f3 y nada. Ojal\u00e1 que nos vuelva a enfrentar. Eso significa que estamos con trabajo, que es lo m\u00e1s importante. Ojal\u00e1, no lo puedes predecir, pero no me preocupa. Ojal\u00e1, porque vuelvo a repetir, estamos con trabajo y ver qu\u00e9 sucede nuevamente. Por el momento, seguramente nos enfrentaremos en la segunda vuelta. <\/p>\n<\/div>\n<div class=\"custom-text \" readability=\"40\">\n<p><strong>-La profesi\u00f3n de director t\u00e9cnico es cruel, ustedes saben que es as\u00ed, lo sabe cualquiera, en Latinoam\u00e9rica, en Europa, hay t\u00e9cnicos que salen a la cancha a dirigir un partido sabiendo que si pierden se quedan sin trabajo. \u00bfUstedes se plantearon una posibilidad de que el hijo tenga que dejar sin trabajo al padre o el padre al hijo en un d\u00eda? <\/strong><\/p>\n<\/div>\n<div class=\"custom-text \" readability=\"50\">\n<p><strong>Ernesto:<\/strong> No, no, para nada. Es nuestra profesi\u00f3n. Si se da la circunstancia de que estamos en instancias finales, no me puse a pensar. Por supuesto, no dir\u00eda cruel. Crueles son los dirigentes que te contratan porque supuestamente hay un proyecto, pero cuando perdiste tres partidos&#8230; A vos te dicen &#8216;bienvenido Ernesto Corti al club&#8217;, y despu\u00e9s te despiden en la misma&#8230; &#8216;Muchas gracias porque tu trabajo fue excelente, un grupo de trabajo dedicado&#8217;. Pero te echaron. Entonces quiere decir que no fue tan dedicado el trabajo que hice, ni nada porque no me sostuvieron en la posici\u00f3n. \u00bfPor qu\u00e9? Porque el f\u00fatbol, le guste a quien le guste, lo importante es ganar, salvo que tenga dirigentes sensatos y que digan &#8216;no, nosotros apostamos a esto y vamos a bancarlo&#8217;, pero es muy dif\u00edcil, muy dif\u00edcil porque hay mucha presi\u00f3n del hincha, de la prensa y de un mont\u00f3n de cosas y a veces no se soportan. <\/p>\n<\/div>\n<div class=\"custom-text \" readability=\"34\">\n<p><strong>-Vos, Tito, \u00bfqu\u00e9 decir esto? <\/strong><\/p>\n<\/div>\n<div class=\"custom-text \" readability=\"62\">\n<p><strong>Daniel: <\/strong>Tampoco me lo he puesto a pensar, pero es as\u00ed tambi\u00e9n. Ya \u00e9l, que tiene much\u00edsima experiencia, sabe que este trabajo es as\u00ed y, bueno, yo tambi\u00e9n voy aprendiendo, voy tomando experiencia y, bueno, s\u00e9 que es as\u00ed. Obviamente, qu\u00e9 s\u00e9 yo, no me lo he puesto a pensar de esa manera. Son cosas que pueden llegar a pasar o no. En el club en el que estoy, no hay tanta presi\u00f3n por ah\u00ed como la tienen los equipos grandes, como donde est\u00e1 mi viejo ahora. Entonces, por ah\u00ed, en este equipo, s\u00ed es un poco m\u00e1s sostenible o es m\u00e1s real hablar de un proyecto. Pero, obviamente, siempre se maneja, por supuesto, que los resultados son los que mandan en todo. Dios quiera que nos encuentre peleando cosas buenas y, tal cual, con trabajo y ah\u00ed veremos. La verdad, no me puse a pensar nunca en esa posible situaci\u00f3n, pero nos puede pasar con cualquier otro t\u00e9cnico, puede pasar. Entonces, s\u00ed, s\u00ed, es complicada esa parte del f\u00fatbol.<\/p>\n<\/div>\n<div class=\"sc-e7b891c4-0 ifHnQL image-embed\"><img alt=\"Carucha Corti, DT de Alianza de El Salvador.\" loading=\"lazy\" width=\"720\" height=\"100\" decoding=\"async\" data-nimg=\"1\" src=\"http:\/\/hoycordobaweb.com\/wp-content\/uploads\/2025\/01\/los-corti-padre-e-hijo-tras-enfrentarse-la-que-mas-sufrio-fue-la-madre-2.jpg\"><span class=\"epigraphe\">Carucha Corti, DT de Alianza de El Salvador.<\/span><\/div>\n<div class=\"custom-text \" readability=\"36\">\n<p><strong>-Cuando tu pap\u00e1 era tu jefe como t\u00e9cnico, vos eras ayudante de campo, \u00bften\u00eda buena relaci\u00f3n o hubo discusiones por cuestiones t\u00e1cticas de alg\u00fan jugador o de lo que sea que hayas tenido momentos de tensi\u00f3n en la relaci\u00f3n laboral? <\/strong><\/p>\n<\/div>\n<div class=\"custom-text \" readability=\"52\">\n<p><strong>Daniel:<\/strong> No. Porque primero yo soy una persona que s\u00e9 d\u00f3nde me tengo que ubicar. Uno, sabiendo cu\u00e1l es el rol que tiene que cumplir, es muy dif\u00edcil que llegue a una discusi\u00f3n con alguien que est\u00e9 al mando o que sea la cara visible del grupo de trabajo. Entonces, no hubo en ning\u00fan momento alg\u00fan tipo de discusi\u00f3n sobre algo t\u00e1ctico. Yo ten\u00eda bien en claro qui\u00e9n era el que decid\u00eda. Uno sugiere, dice &#8216;mir\u00e1, me parece que esta lista de cosas, me parece que vamos a explotar tal cosa, me parece esto y dem\u00e1s&#8217;. Y despu\u00e9s, en conjunto, se toman un par de cosas y, obviamente, \u00e9l termina decidiendo, es el t\u00e9cnico. As\u00ed que, trabajando en un cuerpo t\u00e9cnico, sabiendo en qu\u00e9 parte est\u00e1, es muy dif\u00edcil que aparezcan las discusiones. Al final, igual mi idea futbol\u00edstica siempre fue muy parecida a la de \u00e9l. Entonces pr\u00e1cticamente hab\u00eda m\u00e1s concordancia que otra situaci\u00f3n en donde por ah\u00ed yo no concordaba. As\u00ed que no hubo situaciones en donde hubo discusiones. As\u00ed que fue todo bien trabajado, digamos.<\/p>\n<\/div>\n<div class=\"custom-text \" readability=\"34\">\n<p><strong>-Carucha, vos dijiste que la que m\u00e1s sufri\u00f3 fue tu esposa. \u00bfMe pod\u00e9s decir si finalmente te confes\u00f3 qui\u00e9n quer\u00eda que ganara?<\/strong><\/p>\n<\/div>\n<div class=\"custom-text \" readability=\"53\">\n<p><strong>Ernesto: <\/strong>No, no quer\u00eda que ganara ninguno de los dos. Pero los dos estamos hechos de la misma esencia. No me gusta perder, me gusta ganar. No s\u00e9 d\u00f3nde lo escuch\u00e9 o le\u00ed, no me acuerdo, a una persona le preguntaron si ten\u00eda miedo a morir. No, le dice &#8216;yo tengo miedo a no vivir&#8217;. Y yo lo traslad\u00e9 al f\u00fatbol: tengo miedo a no ganar, no a perder. Ese es el miedo, es la esencia, o sea, que fui aprendiendo en el f\u00fatbol de grandes entrenadores que tuve, de compa\u00f1eros y todo eso de que lo m\u00e1s importante es ganar. Pero que se entienda bien, no hay equipo que gane jugando mal. Hay un equipo que gana, gana, gana, gana, puede ser el gusto, pero un equipo que gana es porque juega mejor que el rival. No es f\u00e1cil conseguir eso. Entonces, para m\u00ed lo m\u00e1s importante es eso. Para eso uno trabaja todos los d\u00edas o entrena todos los d\u00edas, para conseguir un resultado. As\u00ed que esa es la esencia.<\/p>\n<\/div>\n<div class=\"sc-e7b891c4-0 ifHnQL image-embed\"><img alt=\"Daniel Corti, DT de Cacahuatique de El Salvador.\" loading=\"lazy\" width=\"720\" height=\"100\" decoding=\"async\" data-nimg=\"1\" src=\"http:\/\/hoycordobaweb.com\/wp-content\/uploads\/2025\/01\/los-corti-padre-e-hijo-tras-enfrentarse-la-que-mas-sufrio-fue-la-madre-3.jpg\"><span class=\"epigraphe\">Daniel Corti, DT de Cacahuatique de El Salvador.<\/span><\/div>\n<div class=\"custom-text \" readability=\"36\">\n<p><strong>-Carucha, termino con una pregunta para vos. Muchas veces se ha dicho que la \u00fanica persona que en la vida quiere que a alguien le vaya mejor que a uno mismo es el padre. Te pregunto si es tu caso, que la \u00fanica persona que hay en el mundo que quer\u00e9s que le vaya mejor que a vos es tu hijo. <\/strong><\/p>\n<\/div>\n<div class=\"custom-text \" readability=\"56\">\n<p><strong>Ernesto:<\/strong> Yo quiero que le vaya bien porque, cuando \u00e9l trabajaba conmigo ac\u00e1, en alg\u00fan momento fui criticado porque trabajaba mi hijo conmigo. Primero que no le hice caso, no contest\u00e9 absolutamente nada, lo \u00fanico que dije que trabajaba conmigo no porque era mi hijo, sino porque ten\u00eda capacidad. Y que cre\u00eda que estaba mucho m\u00e1s capacitado que yo. Y lo va demostrando, por supuesto, que quiero que le vaya excelentemente bien. Esto es una circunstancia totalmente at\u00edpica de enfrentarse, pero siempre deseo lo mejor y que tenga un recorrido del director t\u00e9cnico mucho mejor que el que he tenido yo y que ampl\u00ede su conocimiento y pueda ir a otras ligas, a un nivel mucho m\u00e1s importante, m\u00e1s elevado. No que no sea importante este lugar, porque a m\u00ed me encanta el f\u00fatbol centroamericano, y sobre todo el f\u00fatbol aqu\u00ed salvadore\u00f1o, que me ha recibido desde 2016, muy bien. Me ha entregado a medida de lo posible lo que ha tenido, y yo le he entregado tambi\u00e9n todo lo que he tenido a disposici\u00f3n. Le deseo lo mejor porque no solo porque es mi hijo, porque tiene capacidad y esa capacidad. \u00c9l hace siete meses que est\u00e1 dirigiendo y, como ya le he dicho en alguna oportunidad, el f\u00fatbol tiene muchos m\u00e1s momentos de altibajos. Pero debe aprovechar los momentos buenos y saber que cuando venga el cimbronazo tiene que estar preparado para eso. Si bien me gusta ganar, uno tiene que estar preparado para cuando las cosas no anden bien. Y ah\u00ed uno empieza a sacar, a relucir todo lo que uno conoce, sabe y su experiencia. <\/p>\n<\/div>\n<p><h2><strong>Mir\u00e1 la entrevista<\/strong><\/h2>\n<\/p>\n<div class=\"sc-734b4696-1 kFfZtB\" readability=\"8\">\n<div class=\"sc-d00d9e74-0 hnHYbk\" type=\"embed\">\n<div class=\"sc-d00d9e74-1 iKVbz videoText\" id=\"contentTitleembedbZQ61Gb9\" type=\"embed\"><svg fill=\"#ffffff\"><symbol id=\"play\" viewBox=\"0 0 512 512\"><path d=\"M512 256C512 397.4 397.4 512 256 512C114.6 512 0 397.4 0 256C0 114.6 114.6 0 256 0C397.4 0 512 114.6 512 256zM176 168V344C176 352.7 180.7 360.7 188.3 364.9C195.8 369.2 205.1 369 212.5 364.5L356.5 276.5C363.6 272.1 368 264.4 368 256C368 247.6 363.6 239.9 356.5 235.5L212.5 147.5C205.1 142.1 195.8 142.8 188.3 147.1C180.7 151.3 176 159.3 176 168V168z\" \/><\/symbol><use xlink:href=\"#play\" \/><\/svg><\/p>\n<div class=\"right\">\n<p>Inter\u00e9s general<!-- --> &#8211; <span>&nbsp;<\/span><\/p>\n<h2 class=\"title-vid\">Los Corti: padre e hijo se enfrentaron como t\u00e9cnicos en El Salvador<\/h2>\n<\/div>\n<\/div>\n<p><span class=\"back\" id=\"spanBackembedbZQ61Gb9\"><\/span><\/div>\n<div class=\"JWvideoNota_title\" readability=\"11\">\n<p>Ernesto Corti, DT de Alianza, perdi\u00f3 contra el equipo de su hijo Daniel, Cacahuatique. Ambos dialogaron en forma conjunta con Ol\u00e9.<\/p>\n<\/div>\n<\/div>\n<p><h2><strong>El abrazo antes del partido<\/strong><\/h2>\n<\/p>\n<div class=\"sc-734b4696-1 kFfZtB\" readability=\"7.5\">\n<div class=\"sc-d00d9e74-0 hnHYbk vertical\" type=\"embed\">\n<div class=\"sc-d00d9e74-1 iKVbz videoText\" id=\"contentTitleembedl6ElfvXE\" type=\"embed\"><svg fill=\"#ffffff\"><symbol id=\"play\" viewBox=\"0 0 512 512\"><path d=\"M512 256C512 397.4 397.4 512 256 512C114.6 512 0 397.4 0 256C0 114.6 114.6 0 256 0C397.4 0 512 114.6 512 256zM176 168V344C176 352.7 180.7 360.7 188.3 364.9C195.8 369.2 205.1 369 212.5 364.5L356.5 276.5C363.6 272.1 368 264.4 368 256C368 247.6 363.6 239.9 356.5 235.5L212.5 147.5C205.1 142.1 195.8 142.8 188.3 147.1C180.7 151.3 176 159.3 176 168V168z\" \/><\/symbol><use xlink:href=\"#play\" \/><\/svg><\/p>\n<div class=\"right\">\n<p>El Salvador<!-- --> &#8211; <span>&nbsp;<\/span><\/p>\n<h2 class=\"title-vid\">Corti vs Corti: se enfrentaron padre e hijo en El Salvador<\/h2>\n<\/div>\n<\/div>\n<p><span class=\"back\" id=\"spanBackembedl6ElfvXE\"><\/span><\/div>\n<div class=\"JWvideoNota_title\" readability=\"10\">\n<p>Ernesto, DT de Alianza, al abrazarse con su hijo Daniel, DT de Cacahuatique.<\/p>\n<\/div>\n<\/div>\n<div class=\"sc-e7b891c4-0 ifHnQL image-embed\"><img alt=\"Ernesto Corti, el DT canoso, contra Daniel Corti, su hijo.\" loading=\"lazy\" width=\"720\" height=\"100\" decoding=\"async\" data-nimg=\"1\" src=\"http:\/\/hoycordobaweb.com\/wp-content\/uploads\/2025\/01\/los-corti-padre-e-hijo-tras-enfrentarse-la-que-mas-sufrio-fue-la-madre-4.jpg\"><span class=\"epigraphe\">Ernesto Corti, el DT canoso, contra Daniel Corti, su hijo.<\/span><\/div>\n<div class=\"sc-a7166897-0 eoLsBE\" readability=\"6.5\">\n<section readability=\"3\"><picture><img alt=\"Tom\u00e1s Nasif, de la Reserva de River a goleador del torneo con Banfield\" loading=\"lazy\" width=\"290\" height=\"290\" decoding=\"async\" data-nimg=\"1\" src=\"http:\/\/hoycordobaweb.com\/wp-content\/uploads\/2025\/01\/los-corti-padre-e-hijo-tras-enfrentarse-la-que-mas-sufrio-fue-la-madre-5.jpg\"><\/picture>\n<p><span>Mir\u00e1 tambi\u00e9n<\/span><\/p>\n<hr>\n<h3>Tom\u00e1s Nasif, de la Reserva de River a goleador del torneo con Banfield<\/h3>\n<\/p>\n<\/section>\n<\/div>\n<div class=\"sc-a7166897-0 eoLsBE\" readability=\"6.5\">\n<section readability=\"3\"><picture><img alt=\"\u00bfQui\u00e9n es Anselmi? De cubrir el vestuario de Argentinos y dirigir a sus amigos a ser t\u00e9cnico del Porto\" loading=\"lazy\" width=\"290\" height=\"290\" decoding=\"async\" data-nimg=\"1\" src=\"http:\/\/hoycordobaweb.com\/wp-content\/uploads\/2025\/01\/los-corti-padre-e-hijo-tras-enfrentarse-la-que-mas-sufrio-fue-la-madre-6.jpg\"><\/picture>\n<p><span>Mir\u00e1 tambi\u00e9n<\/span><\/p>\n<hr>\n<h3>\u00bfQui\u00e9n es Anselmi? De cubrir el vestuario de Argentinos y dirigir a sus amigos a ser t\u00e9cnico del Porto<\/h3>\n<\/p>\n<\/section>\n<\/div>\n<\/div>\n","protected":false},"excerpt":{"rendered":"<p>27\/01\/2025 21:55hs. En El Salvador se dio un hecho del cual no se tienen registros en el f\u00fatbol profesional: padre e hijo se enfrentaron como entrenadores. Ambos, argentinos. Ernesto Carucha Corti, de Alianza, contra Daniel Ernesto Corti,Tito, de Cacahuatique. Fue victoria 2 a 1 para el DT menor, por la Primera Divisi\u00f3n. Ambos dialogaron con [&hellip;]<\/p>\n","protected":false},"author":1,"featured_media":95434,"comment_status":"open","ping_status":"closed","sticky":false,"template":"","format":"standard","meta":[],"categories":[16],"tags":[],"_links":{"self":[{"href":"http:\/\/hoycordobaweb.com\/index.php\/wp-json\/wp\/v2\/posts\/95433"}],"collection":[{"href":"http:\/\/hoycordobaweb.com\/index.php\/wp-json\/wp\/v2\/posts"}],"about":[{"href":"http:\/\/hoycordobaweb.com\/index.php\/wp-json\/wp\/v2\/types\/post"}],"author":[{"embeddable":true,"href":"http:\/\/hoycordobaweb.com\/index.php\/wp-json\/wp\/v2\/users\/1"}],"replies":[{"embeddable":true,"href":"http:\/\/hoycordobaweb.com\/index.php\/wp-json\/wp\/v2\/comments?post=95433"}],"version-history":[{"count":0,"href":"http:\/\/hoycordobaweb.com\/index.php\/wp-json\/wp\/v2\/posts\/95433\/revisions"}],"wp:featuredmedia":[{"embeddable":true,"href":"http:\/\/hoycordobaweb.com\/index.php\/wp-json\/wp\/v2\/media\/95434"}],"wp:attachment":[{"href":"http:\/\/hoycordobaweb.com\/index.php\/wp-json\/wp\/v2\/media?parent=95433"}],"wp:term":[{"taxonomy":"category","embeddable":true,"href":"http:\/\/hoycordobaweb.com\/index.php\/wp-json\/wp\/v2\/categories?post=95433"},{"taxonomy":"post_tag","embeddable":true,"href":"http:\/\/hoycordobaweb.com\/index.php\/wp-json\/wp\/v2\/tags?post=95433"}],"curies":[{"name":"wp","href":"https:\/\/api.w.org\/{rel}","templated":true}]}}