{"id":95357,"date":"2025-01-27T20:01:12","date_gmt":"2025-01-27T20:01:12","guid":{"rendered":"https:\/\/www.trendencias.com\/zapatos-mujer\/estos-zapatos-abuela-que-estan-moda-merkal-puedes-conseguir-10-euros"},"modified":"2025-01-27T20:01:12","modified_gmt":"2025-01-27T20:01:12","slug":"estos-son-los-zapatos-de-abuela-que-estan-de-moda-y-en-merkal-los-puedes-conseguir-por-10-euros","status":"publish","type":"post","link":"http:\/\/hoycordobaweb.com\/index.php\/2025\/01\/27\/estos-son-los-zapatos-de-abuela-que-estan-de-moda-y-en-merkal-los-puedes-conseguir-por-10-euros\/","title":{"rendered":"Estos son los zapatos de abuela que est\u00e1n de moda y en Merkal los puedes conseguir por 10 euros"},"content":{"rendered":"<p>Los zapatos que llevaban nuestras abuelas o <em>granny shoes,<\/em> vuelven a ser tendencia. Yo os confieso que no son mi estilo, pero esta temporada est\u00e1n arrasando. Tiendas y <em>street-style <\/em>est\u00e1n llenos de este calzado de tac\u00f3n sensato, que destacan esencialmente por su comodidad.<\/p>\n<p><!-- BREAK 1 --> <\/p>\n<p>En las rebajas de <strong>Merkal<\/strong> he encontrado unos zapatos por 10 euros que est\u00e1n arrasando y son los aliados perfectos para lucir 24\/7.<\/p>\n<div class=\"article-asset article-asset-normal article-asset-center\">\n<div class=\"desvio-container\">\n<div class=\"desvio\">\n<div class=\"desvio-figure js-desvio-figure\"> <a href=\"https:\/\/www.trendencias.com\/belleza\/expertos-opinan-crema-mercadona-recomendada-para-pieles-sensibles-que-ideal-epocas-frio\" class=\"pivot-outboundlink\" data-vars-post-title=\"Los expertos opinan de la crema de Mercadona m\u00e1s recomendada para pieles sensibles y que es ideal en \u00e9pocas de fr\u00edo\"> <img loading=\"lazy\" alt=\"Los expertos opinan de la crema de Mercadona m\u00e1s recomendada para pieles sensibles y que es ideal en \u00e9pocas de fr\u00edo\" width=\"375\" height=\"142\" src=\"http:\/\/hoycordobaweb.com\/wp-content\/uploads\/2025\/01\/estos-son-los-zapatos-de-abuela-que-estan-de-moda-y-en-merkal-los-puedes-conseguir-por-10-euros.jpg\"> <\/a> <\/div><\/div><\/div>\n<\/div>\n<div class=\"article-asset-image article-asset-normal article-asset-center\">\n<div class=\"asset-content\"> <img class=\"centro_sinmarco\" height=\"774\" width=\"1602\" loading=\"lazy\" decoding=\"async\" sizes=\"100vw\" fetchpriority=\"high\" srcset=\"http:\/\/hoycordobaweb.com\/wp-content\/uploads\/2025\/01\/estos-son-los-zapatos-de-abuela-que-estan-de-moda-y-en-merkal-los-puedes-conseguir-por-10-euros.png 450w, http:\/\/hoycordobaweb.com\/wp-content\/uploads\/2025\/01\/estos-son-los-zapatos-de-abuela-que-estan-de-moda-y-en-merkal-los-puedes-conseguir-por-10-euros-2.png 681w, http:\/\/hoycordobaweb.com\/wp-content\/uploads\/2025\/01\/estos-son-los-zapatos-de-abuela-que-estan-de-moda-y-en-merkal-los-puedes-conseguir-por-10-euros-3.png 1024w, http:\/\/hoycordobaweb.com\/wp-content\/uploads\/2025\/01\/estos-son-los-zapatos-de-abuela-que-estan-de-moda-y-en-merkal-los-puedes-conseguir-por-10-euros-4.png 1366w\" src=\"http:\/\/hoycordobaweb.com\/wp-content\/uploads\/2025\/01\/estos-son-los-zapatos-de-abuela-que-estan-de-moda-y-en-merkal-los-puedes-conseguir-por-10-euros.png\" alt=\"zapatos de merkal\"> <noscript><img alt=\"zapatos de merkal\" class=\"centro_sinmarco\" src=\"http:\/\/hoycordobaweb.com\/wp-content\/uploads\/2025\/01\/estos-son-los-zapatos-de-abuela-que-estan-de-moda-y-en-merkal-los-puedes-conseguir-por-10-euros.png\"><\/noscript> <\/div>\n<\/div>\n<p>Las modas siempre vuelven, y se lleva lo <em>vintage. <\/em>Lo vemos tambi\u00e9n en zapatillas. Y el mejor ejemplo lo tenemos en estos zapatos que han vuelto con fuerza entre <em>influencers <\/em>y expertas en moda que se encargan de lucir mezclas sencillas con giros inesperados . Un estilo que tambi\u00e9n triunfa mucho entre las chicas francesas.<\/p>\n<p><!-- BREAK 2 --><\/p>\n<p>Una mezcla entre bailarina de ballet y zapato cl\u00e1sico de tac\u00f3n ancho sensato, un modelo de charol negro efecto cocodrilo con el ribete el\u00e1stico y tecnolog\u00eda <em>Soft Insock, <\/em>esto es que su plantilla se adapta a la forma natural de la pisada, descansando mientras se camina gracias a su dise\u00f1o anat\u00f3mico <em>High Intensity Foam<\/em> que permite recuperar su forma en cada paso.<\/p>\n<p><!-- BREAK 3 --> <\/p>\n<div class=\"article-asset-image article-asset-normal article-asset-center\">\n<div class=\"asset-content\"> <img class=\"centro_sinmarco\" height=\"790\" width=\"1606\" loading=\"lazy\" decoding=\"async\" sizes=\"100vw\" fetchpriority=\"high\" srcset=\"http:\/\/hoycordobaweb.com\/wp-content\/uploads\/2025\/01\/estos-son-los-zapatos-de-abuela-que-estan-de-moda-y-en-merkal-los-puedes-conseguir-por-10-euros-1.png 450w, http:\/\/hoycordobaweb.com\/wp-content\/uploads\/2025\/01\/estos-son-los-zapatos-de-abuela-que-estan-de-moda-y-en-merkal-los-puedes-conseguir-por-10-euros-5.png 681w, http:\/\/hoycordobaweb.com\/wp-content\/uploads\/2025\/01\/estos-son-los-zapatos-de-abuela-que-estan-de-moda-y-en-merkal-los-puedes-conseguir-por-10-euros-6.png 1024w, http:\/\/hoycordobaweb.com\/wp-content\/uploads\/2025\/01\/estos-son-los-zapatos-de-abuela-que-estan-de-moda-y-en-merkal-los-puedes-conseguir-por-10-euros-7.png 1366w\" src=\"http:\/\/hoycordobaweb.com\/wp-content\/uploads\/2025\/01\/estos-son-los-zapatos-de-abuela-que-estan-de-moda-y-en-merkal-los-puedes-conseguir-por-10-euros-1.png\" alt=\"zapatos de merkal\"> <noscript><img alt=\"zapatos de merkal\" class=\"centro_sinmarco\" src=\"http:\/\/hoycordobaweb.com\/wp-content\/uploads\/2025\/01\/estos-son-los-zapatos-de-abuela-que-estan-de-moda-y-en-merkal-los-puedes-conseguir-por-10-euros-1.png\"><\/noscript> <\/div>\n<\/div>\n<p>Zapatos negros muy c\u00f3modos con un 70% de descuento. Su precio era de 39,99 euros y ahora es de <a rel=\"nofollow, sponsored, noopener, noreferrer noopener\" target=\"_blank\" class=\"js-ecommerce\" id=\"link-ecommerce-1\" href=\"https:\/\/www.trendencias.com\/redirect?url=https%3A%2F%2Fwww.merkal.com%2Fzapato-salon-coco-negro-comfeet%3Fcode%3DP_5639069887_1000&amp;category=zapatos-mujer&amp;ecomPostExpiration=everlasting&amp;postId=639096\" data-vars-affiliate-url=\"https:\/\/www.merkal.com\/zapato-salon-coco-negro-comfeet?code=P_5639069887_1000\">9,99 euros.<\/a> Tambi\u00e9n est\u00e1n disponibles en gris y en beige, y son f\u00e1ciles de combinar con todo tipo de prendas, aunque sus mejores aliados son los pantalones en todas sus versiones. Con <em>jeans <\/em>es la combinaci\u00f3n que m\u00e1s me gusta porque se encarga de aportar un toque m\u00e1s actual que resta clasicismo al <em>outfit.<\/em><\/p>\n<p><!-- BREAK 4 --><\/p>\n<p>Fotos | <a rel=\"nofollow, sponsored, noopener, noreferrer noopener\" target=\"_blank\" class=\"js-ecommerce\" id=\"link-ecommerce-2\" href=\"https:\/\/www.trendencias.com\/redirect?url=https%3A%2F%2Fwww.merkal.com%2Fzapato-salon-coco-negro-comfeet%3Fcode%3DP_5639069887_1000&amp;category=zapatos-mujer&amp;ecomPostExpiration=everlasting&amp;postId=639096\" data-vars-affiliate-url=\"https:\/\/www.merkal.com\/zapato-salon-coco-negro-comfeet?code=P_5639069887_1000\">Merkal, <\/a><a rel=\"noopener, noreferrer\" href=\"https:\/\/www.instagram.com\/p\/DFNXIhhCoDe\/?img_index=1\">@erealouro<\/a><\/p>\n<p>En Trendencias | <a class=\"text-outboundlink\" href=\"https:\/\/www.trendencias.com\/belleza\/estos-perfumes-mercadona-que-se-inspiran-firma-lujo-que-todo-mundo-habla\" data-vars-post-title=\"Estos son los perfumes de Mercadona que se inspiran en los de una firma de lujo (y de los que todo el mundo habla)\" data-vars-post-url=\"https:\/\/www.trendencias.com\/belleza\/estos-perfumes-mercadona-que-se-inspiran-firma-lujo-que-todo-mundo-habla\"><u>Estos son los perfumes de Mercadona que se inspiran en los de una firma de lujo (y de los que todo el mundo habla)<\/u><\/a><\/p>\n<p>En Trendencias | <a class=\"text-outboundlink\" href=\"https:\/\/www.trendencias.com\/propuestas-y-consejos\/gafas-graduadas-que-seran-tendencia-2023-modelos-retro-marcaran-pauta\" data-vars-post-title=\"Gafas graduadas que son tendencia en 2025: los modelos retro marcan la pauta\" data-vars-post-url=\"https:\/\/www.trendencias.com\/propuestas-y-consejos\/gafas-graduadas-que-seran-tendencia-2023-modelos-retro-marcaran-pauta\">Gafas graduadas que son tendencia en 2025: los modelos retro marcan la pauta<\/a>.<\/p>\n<p>En Trendencias | <a class=\"text-outboundlink\" href=\"https:\/\/www.trendencias.com\/festivales\/low-festival-2022-todo-que-se-sabe-cartel-entradas-horarios\" data-vars-post-title=\"Low Festival 2025: todo lo que se sabe sobre el cartel, las entradas y los horarios\" data-vars-post-url=\"https:\/\/www.trendencias.com\/festivales\/low-festival-2022-todo-que-se-sabe-cartel-entradas-horarios\">Low Festival 2025: todo lo que se sabe sobre el cartel, las entradas y los horarios<\/a>.<\/p>\n","protected":false},"excerpt":{"rendered":"<p>Los zapatos que llevaban nuestras abuelas o granny shoes, vuelven a ser tendencia. Yo os confieso que no son mi estilo, pero esta temporada est\u00e1n arrasando. Tiendas y street-style est\u00e1n llenos de este calzado de tac\u00f3n sensato, que destacan esencialmente por su comodidad. En las rebajas de Merkal he encontrado unos zapatos por 10 euros [&hellip;]<\/p>\n","protected":false},"author":1,"featured_media":95358,"comment_status":"closed","ping_status":"closed","sticky":false,"template":"","format":"standard","meta":[],"categories":[],"tags":[],"_links":{"self":[{"href":"http:\/\/hoycordobaweb.com\/index.php\/wp-json\/wp\/v2\/posts\/95357"}],"collection":[{"href":"http:\/\/hoycordobaweb.com\/index.php\/wp-json\/wp\/v2\/posts"}],"about":[{"href":"http:\/\/hoycordobaweb.com\/index.php\/wp-json\/wp\/v2\/types\/post"}],"author":[{"embeddable":true,"href":"http:\/\/hoycordobaweb.com\/index.php\/wp-json\/wp\/v2\/users\/1"}],"replies":[{"embeddable":true,"href":"http:\/\/hoycordobaweb.com\/index.php\/wp-json\/wp\/v2\/comments?post=95357"}],"version-history":[{"count":0,"href":"http:\/\/hoycordobaweb.com\/index.php\/wp-json\/wp\/v2\/posts\/95357\/revisions"}],"wp:featuredmedia":[{"embeddable":true,"href":"http:\/\/hoycordobaweb.com\/index.php\/wp-json\/wp\/v2\/media\/95358"}],"wp:attachment":[{"href":"http:\/\/hoycordobaweb.com\/index.php\/wp-json\/wp\/v2\/media?parent=95357"}],"wp:term":[{"taxonomy":"category","embeddable":true,"href":"http:\/\/hoycordobaweb.com\/index.php\/wp-json\/wp\/v2\/categories?post=95357"},{"taxonomy":"post_tag","embeddable":true,"href":"http:\/\/hoycordobaweb.com\/index.php\/wp-json\/wp\/v2\/tags?post=95357"}],"curies":[{"name":"wp","href":"https:\/\/api.w.org\/{rel}","templated":true}]}}