{"id":95277,"date":"2025-01-26T12:25:27","date_gmt":"2025-01-26T12:25:27","guid":{"rendered":"https:\/\/www.mujerhoy.com\/vivir\/gastronomia\/estrella-michelin-espanola-joven-revolucion-gastro-madrid-fusion-20250126132524-nt.html"},"modified":"2025-01-26T12:25:27","modified_gmt":"2025-01-26T12:25:27","slug":"los-jovenes-chefs-con-estrella-michelin-que-lideran-la-nueva-revolucion-de-la-cocina-espanola","status":"publish","type":"post","link":"http:\/\/hoycordobaweb.com\/index.php\/2025\/01\/26\/los-jovenes-chefs-con-estrella-michelin-que-lideran-la-nueva-revolucion-de-la-cocina-espanola\/","title":{"rendered":"Los j\u00f3venes chefs con Estrella Michelin que lideran la nueva revoluci\u00f3n de la cocina espa\u00f1ola"},"content":{"rendered":"<p><!-- AUTHOR --> <\/p>\n<div class=\"voc-author-timesocial \"> <!-- AUTHOR --> <\/p>\n<div class=\"voc-author-timesocial__signature \">\n<div class=\"voc-author-timesocial__img-c\"> <!-- IMAGE AUTHOR --> <picture class=\"voc-image-signature\"> <img class=\"voc-image-signature__img\" src=\"http:\/\/hoycordobaweb.com\/wp-content\/uploads\/2025\/01\/los-jovenes-chefs-con-estrella-michelin-que-lideran-la-nueva-revolucion-de-la-cocina-espanola.jpg\" alt=\"Alo\u00f1a Fdez. Larrechi\"> <\/picture> <\/div>\n<p> <!-- INFO AUTHOR --> <\/div><\/div>\n<p> <!-- COMPONENTS --> <\/p>\n<p class=\"voc-paragraph\" data-mrf-recirculation=\"Link art\u00edculo\">Cuando <a data-voc-vtm-id=\"in-text-traffic\" href=\"https:\/\/www.mujerhoy.com\/celebrities\/ferran-adria-bulli-mujer-pareja-isabel-perez-barcelo-hijos-discreta-20230703181836-nt.html\" title=\"www.mujerhoy.com\" data-mrf-link=\"https:\/\/www.mujerhoy.com\/celebrities\/ferran-adria-bulli-mujer-pareja-isabel-perez-barcelo-hijos-discreta-20230703181836-nt.html\">Ferr\u00e1n Adri\u00e1<\/a> apareci\u00f3 en 2003 en la portada del suplemento de The New York Times, acompa\u00f1ado del titular \u00abThe Nueva Nouvelle Cusine\u00bb, la <strong>cocina espa\u00f1ola<\/strong> ya llevaba casi una d\u00e9cada disfrutando del resultado de una catarsis que cambi\u00f3 la estructura mental del <a data-voc-vtm-id=\"in-text-traffic\" href=\"https:\/\/www.mujerhoy.com\/vivir\/ocio\/the-bear-chefs-reales-cameos-restaurantes-temporada-tres-20240817125855-nt.html\" title=\"www.mujerhoy.com\" data-mrf-link=\"https:\/\/www.mujerhoy.com\/vivir\/ocio\/the-bear-chefs-reales-cameos-restaurantes-temporada-tres-20240817125855-nt.html\">chef<\/a> a la hora de cocinar y del comensal a la hora de comer, debido a la llegada del <a data-voc-vtm-id=\"in-text-traffic\" href=\"https:\/\/www.mujerhoy.com\/vivir\/gastronomia\/hddn-restaurante-recomendado-madrid-menu-degustacion-asequible-20241107161641-nt.html\" title=\"www.mujerhoy.com\" data-mrf-link=\"https:\/\/www.mujerhoy.com\/vivir\/gastronomia\/hddn-restaurante-recomendado-madrid-menu-degustacion-asequible-20241107161641-nt.html\">men\u00fa degustaci\u00f3n<\/a><br \/>\n. <\/p>\n<p class=\"voc-paragraph\" data-mrf-recirculation=\"Link art\u00edculo\">Un movimiento creativo que, como prueba la apuesta de la afamada publicaci\u00f3n, puso la gastronom\u00eda espa\u00f1ola en el punto de mira internacional y al que <strong>Madrid Fusi\u00f3n Alimentos de Espa\u00f1a 2025<\/strong> homenajea, con el lema Revolucionarios, del 27 al 29 de enero. <\/p>\n<p class=\"voc-paragraph\" data-mrf-recirculation=\"Link art\u00edculo\">Aquella transformaci\u00f3n creativa, que arranc\u00f3 en 1995 y abarc\u00f3 todos los \u00e1mbitos de la gastronom\u00eda, desde las herramientas a los estilos, pasando por la t\u00e9cnica y el valor del producto, llega a la forma de entender la cocina hoy. A pesar de que algunos de sus <strong>j\u00f3venes protagonistas<\/strong> ni siquiera hab\u00edan nacido cuando Espa\u00f1a se convirti\u00f3 en el nuevo referente culinario mundial. <\/p>\n<div class=\"voc-detail-photo-zoom\"> <picture data-toggle=\"modal\" data-target=\"#photoZoomModal-656\" target=\"modal\">\n<div class=\"voc-img-icon-link\"> <img loading=\"lazy\" src=\"http:\/\/hoycordobaweb.com\/wp-content\/uploads\/2025\/01\/los-jovenes-chefs-con-estrella-michelin-que-lideran-la-nueva-revolucion-de-la-cocina-espanola-1.jpg\" width=\"650\" height=\"900\" alt=\"Carlos Casillas, chef y propietario del restaurante abulense Barro. \/DR \"> <noscript> <img src=\"http:\/\/hoycordobaweb.com\/wp-content\/uploads\/2025\/01\/los-jovenes-chefs-con-estrella-michelin-que-lideran-la-nueva-revolucion-de-la-cocina-espanola-1.jpg\" alt=\"Carlos Casillas, chef y propietario del restaurante abulense Barro. \/DR \"> <\/noscript> <i class=\"voc-icons zoom voc-multimedia-box voc-ico-l\"><\/i> <\/div><figcaption class=\"figure-caption\">Carlos Casillas, chef y propietario del restaurante abulense Barro. \/DR <\/figcaption><\/picture>\n<\/div>\n<div id=\"photoZoomModal-656\" class=\"voc-lightbox modal fade voc-lightbox--photo-zoom\" role=\"dialog\" data-voc-photozoom-lightbox>\n<div class=\"voc-lightbox__dialog\" role=\"document\">\n<div class=\"voc-lightbox__content\"> <!-- Modal header --> <!-- Modal content --> <\/p>\n<div class=\"voc-lightbox__photo-container\"> <picture class> <img loading=\"lazy\" src=\"http:\/\/hoycordobaweb.com\/wp-content\/uploads\/2025\/01\/los-jovenes-chefs-con-estrella-michelin-que-lideran-la-nueva-revolucion-de-la-cocina-espanola-1.jpg\" alt=\"Carlos Casillas, chef y propietario del restaurante abulense Barro. \/DR \"> <noscript> <img src=\"http:\/\/hoycordobaweb.com\/wp-content\/uploads\/2025\/01\/los-jovenes-chefs-con-estrella-michelin-que-lideran-la-nueva-revolucion-de-la-cocina-espanola-1.jpg\" alt=\"Carlos Casillas, chef y propietario del restaurante abulense Barro. \/DR \"> <\/noscript> <\/picture> <\/div><\/div><\/div>\n<\/div>\n<p class=\"voc-paragraph\" data-mrf-recirculation=\"Link art\u00edculo\">Como Carlos Casillas, Iris y Bruno Jord\u00e1n, y Sara Peral y Jorge Mu\u00f1oz, j\u00f3venes reconocidos con una <a data-voc-vtm-id=\"in-text-traffic\" href=\"https:\/\/www.mujerhoy.com\/vivir\/gastronomia\/restaurantes-estrella-michelin-madrid-recomendados-cebo-clos-abarra-20240413162432-nt.html\" title=\"www.mujerhoy.com\" data-mrf-link=\"https:\/\/www.mujerhoy.com\/vivir\/gastronomia\/restaurantes-estrella-michelin-madrid-recomendados-cebo-clos-abarra-20240413162432-nt.html\">estrella Michelin<\/a> que, en sus proyectos gastron\u00f3micos, han hermanado aquello que encumbr\u00f3 <strong>la cocina de nuestro pa\u00eds<\/strong> con una clara apuesta por el saber culinario de toda la vida, la tradici\u00f3n.\n<\/p>\n<p><h3 class=\"voc-detail__title\"> Cocinar con arraigo<br \/>\n<\/h3>\n<\/p>\n<p class=\"voc-paragraph\" data-mrf-recirculation=\"Link art\u00edculo\">\u00abTodo es circular, todo vuelve un poco. Creo que la cocina tambi\u00e9n ha tenido ese ciclo de innovaci\u00f3n y ahora mismo todos <strong>los j\u00f3venes estamos en ese punto de retorno a lo tradicional<\/strong>\u00bb, se\u00f1ala Sara Peral desde la cocina de OSA, el restaurante madrile\u00f1o que dirige junto a Jorge Mu\u00f1oz y que desde su apertura, en 2023, ha acaparado diversos premios, entre ellos la estrella Michelin. <\/p>\n<p class=\"voc-paragraph\" data-mrf-recirculation=\"Link art\u00edculo\">\u00abNosotros no tenemos pueblo al que volver, pero s\u00ed muchos recetarios a los que echar mano. Hemos innovado tant\u00edsimo que <strong>se nos ha olvidado c\u00f3mo cocinaban nuestras abuelas y nuestras madres<\/strong>. Ahora mismo, la gente joven estamos en esa corriente de recuperar y que no se pierda lo m\u00e1s bonito, que es la tradici\u00f3n\u00bb, reflexiona la chef. <\/p>\n<div class=\"voc-detail__cmp\">\n<div class=\"voc-article-container\">\n<article class=\"voc-article voc-article--cmp-photo-text\" readability=\"27\">\n<div class=\"voc-img-container\" readability=\"9\"> <picture>\n<div class=\"voc-horizontal voc-img-icon-link\"> <img loading=\"lazy\" src=\"http:\/\/hoycordobaweb.com\/wp-content\/uploads\/2025\/01\/los-jovenes-chefs-con-estrella-michelin-que-lideran-la-nueva-revolucion-de-la-cocina-espanola-2.jpg\" alt=\"Iris Jord\u00e1n y su hermano Bruno en una imagen tomada en Ansils, el restaurante que ambos dirigen en una peque\u00f1a localidad del Pirineo aragon\u00e9s.\" width=\"624\" height=\"624\"> <\/div>\n<\/picture>\n<p class=\"figure-caption \"> Iris Jord\u00e1n y su hermano Bruno en una imagen tomada en Ansils, el restaurante que ambos dirigen en una peque\u00f1a localidad del Pirineo aragon\u00e9s. \/ <span class=\"voc-photo-author\"> DR <\/span> <\/p>\n<\/p><\/div>\n<\/article><\/div>\n<\/div>\n<p class=\"voc-paragraph\" data-mrf-recirculation=\"Link art\u00edculo\">De c\u00f3mo cocinaba su abuela sabe mucho Iris Jord\u00e1n. Con 28 a\u00f1os, y junto a su hermano Bruno, dirige Ansils, el restaurante con una estrella Michelin situado en el coraz\u00f3n del Pirineo aragon\u00e9s que ella abri\u00f3 d\u00e9cadas atr\u00e1s, cuando \u00ab<br \/>\n<strong>fue una visionaria<\/strong>. Mi abuela vi\u00f3 que toda la gente que ven\u00eda a esquiar ten\u00eda hambre y empez\u00f3 a dar comidas en su casa\u00bb, reconoce. <\/p>\n<p class=\"voc-paragraph\" data-mrf-recirculation=\"Link art\u00edculo\">A la hora de coger el relevo y plantearse qu\u00e9 tipo de restaurante quer\u00eda dirigir, Jord\u00e1n tuvo clara su apuesta por \u00ab<br \/>\n<strong>la tradici\u00f3n y la cultura de nuestro territorio<\/strong>\u00bb, a trav\u00e9s de ingredientes que podr\u00edan encontrar en el valle de Benasque, en el que naci\u00f3 y trabaja. Pero tambi\u00e9n de productos como el vino rancio y t\u00e9cnicas como los guisos, que ya formaban parte de la cocina de su abuela d\u00e9cadas atr\u00e1s.\n<\/p>\n<p class=\"voc-paragraph\" data-mrf-recirculation=\"Link art\u00edculo\">Carlos Casillas, el chef m\u00e1s joven de Espa\u00f1a (25 a\u00f1os) al frente de un restaurante con estrella Michelin, cambi\u00f3 un bar de vinos en el coraz\u00f3n de \u00c1vila, su ciudad natal, por un restaurante en el que, como punto de partida, ten\u00edan que \u00ab<br \/>\n<strong>mirar hacia el pasado para cocinar el presente<\/strong>\u00bb. Sin embargo, no dej\u00f3 de lado la \u00abidea de ser creativos, de hacer lo que a mi m\u00e1s me gusta\u00bb y, una vez se gan\u00f3 la confianza de una clientela a la que un restaurante gastron\u00f3mico le pod\u00eda resultar algo ajeno, fundament\u00f3 su propuesta en \u00abmirar lo que siempre estuvo ah\u00ed, pero con otros ojos\u00bb.\n<\/p>\n<div class=\"voc-detail-photo-zoom\"> <picture data-toggle=\"modal\" data-target=\"#photoZoomModal-40\" target=\"modal\">\n<div class=\"voc-img-icon-link\"> <img loading=\"lazy\" src=\"http:\/\/hoycordobaweb.com\/wp-content\/uploads\/2025\/01\/los-jovenes-chefs-con-estrella-michelin-que-lideran-la-nueva-revolucion-de-la-cocina-espanola-3.jpg\" width=\"650\" height=\"900\" alt=\"Sara Peral y Jorge Mu\u00f1oz en la puerta de entrada de OSA, su restaurante situado en el distrito madrile\u00f1o de Moncloa - Aravaca. \/DR\"> <noscript> <img src=\"http:\/\/hoycordobaweb.com\/wp-content\/uploads\/2025\/01\/los-jovenes-chefs-con-estrella-michelin-que-lideran-la-nueva-revolucion-de-la-cocina-espanola-3.jpg\" alt=\"Sara Peral y Jorge Mu\u00f1oz en la puerta de entrada de OSA, su restaurante situado en el distrito madrile\u00f1o de Moncloa - Aravaca. \/DR\"> <\/noscript> <i class=\"voc-icons zoom voc-multimedia-box voc-ico-l\"><\/i> <\/div><figcaption class=\"figure-caption\">Sara Peral y Jorge Mu\u00f1oz en la puerta de entrada de OSA, su restaurante situado en el distrito madrile\u00f1o de Moncloa &#8211; Aravaca. \/DR<\/figcaption><\/picture>\n<\/div>\n<div id=\"photoZoomModal-40\" class=\"voc-lightbox modal fade voc-lightbox--photo-zoom\" role=\"dialog\" data-voc-photozoom-lightbox>\n<div class=\"voc-lightbox__dialog\" role=\"document\">\n<div class=\"voc-lightbox__content\"> <!-- Modal header --> <!-- Modal content --> <\/p>\n<div class=\"voc-lightbox__photo-container\"> <picture class> <img loading=\"lazy\" src=\"http:\/\/hoycordobaweb.com\/wp-content\/uploads\/2025\/01\/los-jovenes-chefs-con-estrella-michelin-que-lideran-la-nueva-revolucion-de-la-cocina-espanola-3.jpg\" alt=\"Sara Peral y Jorge Mu\u00f1oz en la puerta de entrada de OSA, su restaurante situado en el distrito madrile\u00f1o de Moncloa - Aravaca. \/DR\"> <noscript> <img src=\"http:\/\/hoycordobaweb.com\/wp-content\/uploads\/2025\/01\/los-jovenes-chefs-con-estrella-michelin-que-lideran-la-nueva-revolucion-de-la-cocina-espanola-3.jpg\" alt=\"Sara Peral y Jorge Mu\u00f1oz en la puerta de entrada de OSA, su restaurante situado en el distrito madrile\u00f1o de Moncloa - Aravaca. \/DR\"> <\/noscript> <\/picture> <\/div><\/div><\/div>\n<\/div>\n<p class=\"voc-paragraph\" data-mrf-recirculation=\"Link art\u00edculo\">El deseo de la nueva generaci\u00f3n de exitosos chefs de la cocina espa\u00f1ola por recuperar la tradici\u00f3n no se ci\u00f1e \u00fanicamente a las elaboraciones o los ingredientes de toda la vida y, como apunta Jorge Mu\u00f1oz de OSA, tanto \u00e9l como Sara Peral \u00absomos de recuperar valores, identidad, antes que buscar referentes o f\u00f3rmulas que funcionen\u00bb. \u00abAl final, cuando cocinas,<br \/>\n<strong> te gusta saber de d\u00f3nde vienen las cosas, plantearte sus or\u00edgenes<\/strong>\u00bb, pero tambi\u00e9n sus \u00abv\u00ednculos familiares o sociales\u00bb, reconoce. <\/p>\n<p><h3 class=\"voc-detail__title\"> Memoria gastron\u00f3mica<br \/>\n<\/h3>\n<\/p>\n<p class=\"voc-paragraph\" data-mrf-recirculation=\"Link art\u00edculo\">En las tres d\u00e9cadas que han pasado desde que la revoluci\u00f3n de la cocina espa\u00f1ola asombr\u00f3 al mundo, el reconocimiento de la excelencia culinaria que supone la estrella Michelin se ha multiplicado por m\u00e1s de cinco, y <strong>de tres restaurantes con tres estrellas en 1994 se ha pasado a 16<\/strong>. Una cifra en la que tienen tanta importancia aquellos que ya estaban en activo cuando nuestra gastronom\u00eda despert\u00f3 el apetito de todo el mundo, como quienes han empezado en los \u00faltimos a\u00f1os a dar sus primeros pasos en solitario al frente de sus propios proyectos. <\/p>\n<p class=\"voc-paragraph\" data-mrf-recirculation=\"Link art\u00edculo\">Para Carlos Casillas, el chef de Barro, los j\u00f3venes fogones que despuntan en <strong>la nueva hornada de la gastronom\u00eda de nuestro pa\u00eds<\/strong> tienen \u00abmuchas ganas de cambiar las cosas. Las personas que dirigimos restaurantes ahora mismo tenemos una l\u00ednea muy clara de todas las cosas, sobre todo que no queremos que se repitan\u00bb. <\/p>\n<div class=\"voc-detail-photo-zoom\"> <picture data-toggle=\"modal\" data-target=\"#photoZoomModal-929\" target=\"modal\">\n<div class=\"voc-img-icon-link\"> <img loading=\"lazy\" src=\"http:\/\/hoycordobaweb.com\/wp-content\/uploads\/2025\/01\/los-jovenes-chefs-con-estrella-michelin-que-lideran-la-nueva-revolucion-de-la-cocina-espanola-4.jpg\" width=\"650\" height=\"900\" alt=\"Equilibrio, uno de los platos del men\u00fa degustaci\u00f3n de Carlos Casillas en su restaurante Barro. \/DR\"> <noscript> <img src=\"http:\/\/hoycordobaweb.com\/wp-content\/uploads\/2025\/01\/los-jovenes-chefs-con-estrella-michelin-que-lideran-la-nueva-revolucion-de-la-cocina-espanola-4.jpg\" alt=\"Equilibrio, uno de los platos del men\u00fa degustaci\u00f3n de Carlos Casillas en su restaurante Barro. \/DR\"> <\/noscript> <i class=\"voc-icons zoom voc-multimedia-box voc-ico-l\"><\/i> <\/div><figcaption class=\"figure-caption\">Equilibrio, uno de los platos del men\u00fa degustaci\u00f3n de Carlos Casillas en su restaurante Barro. \/DR<\/figcaption><\/picture>\n<\/div>\n<div id=\"photoZoomModal-929\" class=\"voc-lightbox modal fade voc-lightbox--photo-zoom\" role=\"dialog\" data-voc-photozoom-lightbox>\n<div class=\"voc-lightbox__dialog\" role=\"document\">\n<div class=\"voc-lightbox__content\"> <!-- Modal header --> <!-- Modal content --> <\/p>\n<div class=\"voc-lightbox__photo-container\"> <picture class> <img loading=\"lazy\" src=\"http:\/\/hoycordobaweb.com\/wp-content\/uploads\/2025\/01\/los-jovenes-chefs-con-estrella-michelin-que-lideran-la-nueva-revolucion-de-la-cocina-espanola-4.jpg\" alt=\"Equilibrio, uno de los platos del men\u00fa degustaci\u00f3n de Carlos Casillas en su restaurante Barro. \/DR\"> <noscript> <img src=\"http:\/\/hoycordobaweb.com\/wp-content\/uploads\/2025\/01\/los-jovenes-chefs-con-estrella-michelin-que-lideran-la-nueva-revolucion-de-la-cocina-espanola-4.jpg\" alt=\"Equilibrio, uno de los platos del men\u00fa degustaci\u00f3n de Carlos Casillas en su restaurante Barro. \/DR\"> <\/noscript> <\/picture> <\/div><\/div><\/div>\n<\/div>\n<p class=\"voc-paragraph\" data-mrf-recirculation=\"Link art\u00edculo\">Para el cocinero abulense, \u00abnuestra generaci\u00f3n vendr\u00e1 definida por muchos cambios, no s\u00e9 si tambi\u00e9n a nivel creativo como aquella de hace 30 a\u00f1os. Pero, evidentemente, de la gastronom\u00eda que vivimos cuando est\u00e1bamos de pr\u00e1cticas y empezando, a la que dejaremos cuando llegue otra generaci\u00f3n m\u00e1s joven, estoy convencido de que ser\u00e1 muy diferente\u00bb. Cambios que llegan, seg\u00fan Casillas, unidos a algunos retos, como \u00abconseguir<br \/>\n<strong> luchar contra esa idea de que los j\u00f3venes no quieren trabajar<\/strong>\u00bb y \u00abque la gente recupere la pasi\u00f3n por el oficio\u00bb.\n<\/p>\n<p class=\"voc-paragraph\" data-mrf-recirculation=\"Link art\u00edculo\">Ese amor que los cuatro sienten y plasman en sus elaboraciones est\u00e1 probablemente ligado a <strong>la memoria gastron\u00f3mica de su infancia<\/strong>, como \u00ablas chuletillas de cordero a la lumbre\u00bb que Sara disfrutaba cuando \u00abtodav\u00eda ni andaba\u00bb a la orilla del r\u00edo, en Extremadura. Para Jorge, su primer recuerdo gastron\u00f3mico se traslada a \u00abcuando era muy peque\u00f1ito y me pon\u00edan entre mis dos abuelos, que eran los \u00fanicos que com\u00edan\u00bb, mientras que el de Carlos est\u00e1 relacionado con la matanza, en la que \u00abmi abuelo me cog\u00eda, me pon\u00eda al lado del fuego y me daba de comer paladar de cerdo\u00bb.\n<\/p>\n<div class=\"voc-detail-photo-zoom\"> <picture data-toggle=\"modal\" data-target=\"#photoZoomModal-296\" target=\"modal\">\n<div class=\"voc-img-icon-link\"> <img loading=\"lazy\" src=\"http:\/\/hoycordobaweb.com\/wp-content\/uploads\/2025\/01\/los-jovenes-chefs-con-estrella-michelin-que-lideran-la-nueva-revolucion-de-la-cocina-espanola-5.jpg\" width=\"650\" height=\"900\" alt=\"Uno de las elaboraciones de Iris Jord\u00e1n que se pueden disfrutar en Ansisl, su restaurante situado en el pirineo aragon\u00e9s. \/DR\"> <noscript> <img src=\"http:\/\/hoycordobaweb.com\/wp-content\/uploads\/2025\/01\/los-jovenes-chefs-con-estrella-michelin-que-lideran-la-nueva-revolucion-de-la-cocina-espanola-5.jpg\" alt=\"Uno de las elaboraciones de Iris Jord\u00e1n que se pueden disfrutar en Ansisl, su restaurante situado en el pirineo aragon\u00e9s. \/DR\"> <\/noscript> <i class=\"voc-icons zoom voc-multimedia-box voc-ico-l\"><\/i> <\/div><figcaption class=\"figure-caption\">Uno de las elaboraciones de Iris Jord\u00e1n que se pueden disfrutar en Ansisl, su restaurante situado en el pirineo aragon\u00e9s. \/DR<\/figcaption><\/picture>\n<\/div>\n<div id=\"photoZoomModal-296\" class=\"voc-lightbox modal fade voc-lightbox--photo-zoom\" role=\"dialog\" data-voc-photozoom-lightbox>\n<div class=\"voc-lightbox__dialog\" role=\"document\">\n<div class=\"voc-lightbox__content\"> <!-- Modal header --> <!-- Modal content --> <\/p>\n<div class=\"voc-lightbox__photo-container\"> <picture class> <img loading=\"lazy\" src=\"http:\/\/hoycordobaweb.com\/wp-content\/uploads\/2025\/01\/los-jovenes-chefs-con-estrella-michelin-que-lideran-la-nueva-revolucion-de-la-cocina-espanola-5.jpg\" alt=\"Uno de las elaboraciones de Iris Jord\u00e1n que se pueden disfrutar en Ansisl, su restaurante situado en el pirineo aragon\u00e9s. \/DR\"> <noscript> <img src=\"http:\/\/hoycordobaweb.com\/wp-content\/uploads\/2025\/01\/los-jovenes-chefs-con-estrella-michelin-que-lideran-la-nueva-revolucion-de-la-cocina-espanola-5.jpg\" alt=\"Uno de las elaboraciones de Iris Jord\u00e1n que se pueden disfrutar en Ansisl, su restaurante situado en el pirineo aragon\u00e9s. \/DR\"> <\/noscript> <\/picture> <\/div><\/div><\/div>\n<\/div>\n<p class=\"voc-paragraph\" data-mrf-recirculation=\"Link art\u00edculo\"> Si Iris echa la vista atr\u00e1s se traslada a ese momento en el que viaj\u00f3 al restaurante de Mart\u00edn Berasategui, \u00abmi primer estrella Michelin\u00bb. Ella ten\u00eda nueve a\u00f1os, <strong>la edad en la que supo que quer\u00eda ser cocinera<\/strong>, y de ese viaje recuerda que \u00abtoda mi familia estaba tan emocionada que sent\u00eda que eso era algo muy especial\u00bb. Fue entonces cuando se di\u00f3 cuenta de que \u00aben los restaurantes se pod\u00edan sentir cosas muy bonitas\u00bb.\n<\/p>\n<p> <!-- TOPICS --> <\/p>\n","protected":false},"excerpt":{"rendered":"<p>Cuando Ferr\u00e1n Adri\u00e1 apareci\u00f3 en 2003 en la portada del suplemento de The New York Times, acompa\u00f1ado del titular \u00abThe Nueva Nouvelle Cusine\u00bb, la cocina espa\u00f1ola ya llevaba casi una d\u00e9cada disfrutando del resultado de una catarsis que cambi\u00f3 la estructura mental del chef a la hora de cocinar y del comensal a la hora [&hellip;]<\/p>\n","protected":false},"author":1,"featured_media":95278,"comment_status":"closed","ping_status":"closed","sticky":false,"template":"","format":"standard","meta":[],"categories":[],"tags":[],"_links":{"self":[{"href":"http:\/\/hoycordobaweb.com\/index.php\/wp-json\/wp\/v2\/posts\/95277"}],"collection":[{"href":"http:\/\/hoycordobaweb.com\/index.php\/wp-json\/wp\/v2\/posts"}],"about":[{"href":"http:\/\/hoycordobaweb.com\/index.php\/wp-json\/wp\/v2\/types\/post"}],"author":[{"embeddable":true,"href":"http:\/\/hoycordobaweb.com\/index.php\/wp-json\/wp\/v2\/users\/1"}],"replies":[{"embeddable":true,"href":"http:\/\/hoycordobaweb.com\/index.php\/wp-json\/wp\/v2\/comments?post=95277"}],"version-history":[{"count":0,"href":"http:\/\/hoycordobaweb.com\/index.php\/wp-json\/wp\/v2\/posts\/95277\/revisions"}],"wp:featuredmedia":[{"embeddable":true,"href":"http:\/\/hoycordobaweb.com\/index.php\/wp-json\/wp\/v2\/media\/95278"}],"wp:attachment":[{"href":"http:\/\/hoycordobaweb.com\/index.php\/wp-json\/wp\/v2\/media?parent=95277"}],"wp:term":[{"taxonomy":"category","embeddable":true,"href":"http:\/\/hoycordobaweb.com\/index.php\/wp-json\/wp\/v2\/categories?post=95277"},{"taxonomy":"post_tag","embeddable":true,"href":"http:\/\/hoycordobaweb.com\/index.php\/wp-json\/wp\/v2\/tags?post=95277"}],"curies":[{"name":"wp","href":"https:\/\/api.w.org\/{rel}","templated":true}]}}