{"id":95275,"date":"2025-01-26T14:47:06","date_gmt":"2025-01-26T14:47:06","guid":{"rendered":"https:\/\/www.mujerhoy.com\/moda\/no-te-pierdas\/chaquetas-calentitas-rebajas-segundas-hm-20250126141500-nt.html"},"modified":"2025-01-26T14:47:06","modified_gmt":"2025-01-26T14:47:06","slug":"chaquetas-calentitas-con-descuento-que-podras-encontrar-en-las-segundas-rebajas-de-hm","status":"publish","type":"post","link":"http:\/\/hoycordobaweb.com\/index.php\/2025\/01\/26\/chaquetas-calentitas-con-descuento-que-podras-encontrar-en-las-segundas-rebajas-de-hm\/","title":{"rendered":"Chaquetas calentitas con descuento que podr\u00e1s encontrar en las segundas rebajas de H&amp;M"},"content":{"rendered":"<p><!-- AUTHOR --> <\/p>\n<div class=\"voc-author-timesocial \"> <!-- AUTHOR --> <\/p>\n<div class=\"voc-author-timesocial__signature \">\n<div class=\"voc-author-timesocial__img-c\"> <!-- IMAGE AUTHOR --> <picture class=\"voc-image-signature\"> <img class=\"voc-image-signature__img\" src=\"http:\/\/hoycordobaweb.com\/wp-content\/uploads\/2025\/01\/chaquetas-calentitas-con-descuento-que-podras-encontrar-en-las-segundas-rebajas-de-hm.jpg\" alt=\"Carla Dom\u00ednguez\"> <\/picture> <\/div>\n<p> <!-- INFO AUTHOR --> <\/div><\/div>\n<p> <!-- COMPONENTS --> <\/p>\n<p class=\"voc-paragraph\" data-mrf-recirculation=\"Link art\u00edculo\">Aunque en invierno siempre <a data-voc-vtm-id=\"in-text-traffic\" href=\"https:\/\/www.mujerhoy.com\/moda\/no-te-pierdas\/abrigos-grises-basicos-invierno-rebajas-hym-massimo-dutti-20250116073800-nt.html\" data-mrf-link=\"https:\/\/www.mujerhoy.com\/moda\/no-te-pierdas\/abrigos-grises-basicos-invierno-rebajas-hym-massimo-dutti-20250116073800-nt.html\">solemos acudir a abrigos<\/a><br \/>\n, es cierto que de vez en cuando solemos cambiar a chaquetas. O simplemente nos gusta ir con capas y a\u00f1adimos debajo del abrigo, <strong>una chaqueta algo m\u00e1s elegante y calentita<\/strong> para lucir durante todo el d\u00eda.\n<\/p>\n<p class=\"voc-paragraph\" data-mrf-recirculation=\"Link art\u00edculo\"><strong>Las chaquetas son opciones comod\u00edsimas<\/strong>, elegantes y aptas tambi\u00e9n para el fr\u00edo si sabemos usarlas bien. \u00bfPero d\u00f3nde encontrarlas? Hemos seleccionado algunas opciones que nos han encantado de <strong>las segundas rebajas de H&amp;M.<\/strong> La firma sueca sigue con descuentos y estos son nuestros favoritos.\n<\/p>\n<p><h3 class=\"voc-detail__title\"> Las mejores chaquetas rebajadas de H&amp;M<br \/>\n<\/h3>\n<\/p>\n<div class=\"voc-detail-photo-zoom\"> <picture data-toggle=\"modal\" data-target=\"#photoZoomModal-884\" target=\"modal\">\n<div class=\"voc-img-icon-link\"> <img loading=\"lazy\" src=\"http:\/\/hoycordobaweb.com\/wp-content\/uploads\/2025\/01\/chaquetas-calentitas-con-descuento-que-podras-encontrar-en-las-segundas-rebajas-de-hm-1.jpg\" width=\"650\" height=\"900\" alt=\"Chaqueta de doble faz en negro de H&amp;M.\"> <noscript> <img src=\"http:\/\/hoycordobaweb.com\/wp-content\/uploads\/2025\/01\/chaquetas-calentitas-con-descuento-que-podras-encontrar-en-las-segundas-rebajas-de-hm-1.jpg\" alt=\"Chaqueta de doble faz en negro de H&amp;M.\"> <\/noscript> <i class=\"voc-icons zoom voc-multimedia-box voc-ico-l\"><\/i> <\/div><figcaption class=\"figure-caption\">Chaqueta de doble faz en negro de H&amp;M.<\/figcaption><\/picture>\n<\/div>\n<div id=\"photoZoomModal-884\" class=\"voc-lightbox modal fade voc-lightbox--photo-zoom\" role=\"dialog\" data-voc-photozoom-lightbox>\n<div class=\"voc-lightbox__dialog\" role=\"document\">\n<div class=\"voc-lightbox__content\"> <!-- Modal header --> <!-- Modal content --> <\/p>\n<div class=\"voc-lightbox__photo-container\"> <picture class> <img loading=\"lazy\" src=\"http:\/\/hoycordobaweb.com\/wp-content\/uploads\/2025\/01\/chaquetas-calentitas-con-descuento-que-podras-encontrar-en-las-segundas-rebajas-de-hm-1.jpg\" alt=\"Chaqueta de doble faz en negro de H&amp;M.\"> <noscript> <img src=\"http:\/\/hoycordobaweb.com\/wp-content\/uploads\/2025\/01\/chaquetas-calentitas-con-descuento-que-podras-encontrar-en-las-segundas-rebajas-de-hm-1.jpg\" alt=\"Chaqueta de doble faz en negro de H&amp;M.\"> <\/noscript> <\/picture> <\/div><\/div><\/div>\n<\/div>\n<p class=\"voc-paragraph\" data-mrf-recirculation=\"Link art\u00edculo\"><strong>Chaqueta de doble faz en negro.<\/strong>Una de nuestras primeras propuestas es esta chaqueta s\u00faper calentita que puedes conseguir en H&amp;M. Se trata de una opci\u00f3n ideal para lucir con las bajas temperaturas. Es de cuero por fuera y con interior de borreguito. Precio: 22,99 euros (antes 49,99 euros).\n<\/p>\n<div class=\"voc-detail-photo-zoom\"> <picture data-toggle=\"modal\" data-target=\"#photoZoomModal-445\" target=\"modal\">\n<div class=\"voc-img-icon-link\"> <img loading=\"lazy\" src=\"http:\/\/hoycordobaweb.com\/wp-content\/uploads\/2025\/01\/chaquetas-calentitas-con-descuento-que-podras-encontrar-en-las-segundas-rebajas-de-hm-2.jpg\" width=\"650\" height=\"900\" alt=\"Chaqueta con botonadura en gris de H&amp;M\"> <noscript> <img src=\"http:\/\/hoycordobaweb.com\/wp-content\/uploads\/2025\/01\/chaquetas-calentitas-con-descuento-que-podras-encontrar-en-las-segundas-rebajas-de-hm-2.jpg\" alt=\"Chaqueta con botonadura en gris de H&amp;M\"> <\/noscript> <i class=\"voc-icons zoom voc-multimedia-box voc-ico-l\"><\/i> <\/div><figcaption class=\"figure-caption\">Chaqueta con botonadura en gris de H&amp;M<\/figcaption><\/picture>\n<\/div>\n<div id=\"photoZoomModal-445\" class=\"voc-lightbox modal fade voc-lightbox--photo-zoom\" role=\"dialog\" data-voc-photozoom-lightbox>\n<div class=\"voc-lightbox__dialog\" role=\"document\">\n<div class=\"voc-lightbox__content\"> <!-- Modal header --> <!-- Modal content --> <\/p>\n<div class=\"voc-lightbox__photo-container\"> <picture class> <img loading=\"lazy\" src=\"http:\/\/hoycordobaweb.com\/wp-content\/uploads\/2025\/01\/chaquetas-calentitas-con-descuento-que-podras-encontrar-en-las-segundas-rebajas-de-hm-2.jpg\" alt=\"Chaqueta con botonadura en gris de H&amp;M\"> <noscript> <img src=\"http:\/\/hoycordobaweb.com\/wp-content\/uploads\/2025\/01\/chaquetas-calentitas-con-descuento-que-podras-encontrar-en-las-segundas-rebajas-de-hm-2.jpg\" alt=\"Chaqueta con botonadura en gris de H&amp;M\"> <\/noscript> <\/picture> <\/div><\/div><\/div>\n<\/div>\n<p class=\"voc-paragraph\" data-mrf-recirculation=\"Link art\u00edculo\"><strong>Chaqueta con botonadura en gris.<\/strong> Otra opci\u00f3n es esta chaqueta muy elegante de la firma H&amp;M que tambi\u00e9n podr\u00e1s conseguir rebajada. Es una chaqueta ideal con botonadura por la parte central y de color gris. Precio: 17,99 euros (antes 39,99 euros).\n<\/p>\n<div class=\"voc-detail-photo-zoom\"> <picture data-toggle=\"modal\" data-target=\"#photoZoomModal-406\" target=\"modal\">\n<div class=\"voc-img-icon-link\"> <img loading=\"lazy\" src=\"http:\/\/hoycordobaweb.com\/wp-content\/uploads\/2025\/01\/chaquetas-calentitas-con-descuento-que-podras-encontrar-en-las-segundas-rebajas-de-hm-3.jpg\" width=\"650\" height=\"900\" alt=\"Chaqueta corta con estampado de leopardo de H&amp;M.\"> <noscript> <img src=\"http:\/\/hoycordobaweb.com\/wp-content\/uploads\/2025\/01\/chaquetas-calentitas-con-descuento-que-podras-encontrar-en-las-segundas-rebajas-de-hm-3.jpg\" alt=\"Chaqueta corta con estampado de leopardo de H&amp;M.\"> <\/noscript> <i class=\"voc-icons zoom voc-multimedia-box voc-ico-l\"><\/i> <\/div><figcaption class=\"figure-caption\">Chaqueta corta con estampado de leopardo de H&amp;M.<\/figcaption><\/picture>\n<\/div>\n<div id=\"photoZoomModal-406\" class=\"voc-lightbox modal fade voc-lightbox--photo-zoom\" role=\"dialog\" data-voc-photozoom-lightbox>\n<div class=\"voc-lightbox__dialog\" role=\"document\">\n<div class=\"voc-lightbox__content\"> <!-- Modal header --> <!-- Modal content --> <\/p>\n<div class=\"voc-lightbox__photo-container\"> <picture class> <img loading=\"lazy\" src=\"http:\/\/hoycordobaweb.com\/wp-content\/uploads\/2025\/01\/chaquetas-calentitas-con-descuento-que-podras-encontrar-en-las-segundas-rebajas-de-hm-3.jpg\" alt=\"Chaqueta corta con estampado de leopardo de H&amp;M.\"> <noscript> <img src=\"http:\/\/hoycordobaweb.com\/wp-content\/uploads\/2025\/01\/chaquetas-calentitas-con-descuento-que-podras-encontrar-en-las-segundas-rebajas-de-hm-3.jpg\" alt=\"Chaqueta corta con estampado de leopardo de H&amp;M.\"> <\/noscript> <\/picture> <\/div><\/div><\/div>\n<\/div>\n<p class=\"voc-paragraph\" data-mrf-recirculation=\"Link art\u00edculo\"><strong>Chaqueta corta con estampado de leopardo.<\/strong> Una chaqueta m\u00e1s tendencia es este modelo tan original de H&amp;M con print de leopardo. Es una chaqueta calentita con dise\u00f1o <i>cropped<\/i> y perfecta para lucir con tus looks de invierno. Precio: 27,99 euros (antes 39,99 euros).\n<\/p>\n<div class=\"voc-detail-photo-zoom\"> <picture data-toggle=\"modal\" data-target=\"#photoZoomModal-15\" target=\"modal\">\n<div class=\"voc-img-icon-link\"> <img loading=\"lazy\" src=\"http:\/\/hoycordobaweb.com\/wp-content\/uploads\/2025\/01\/chaquetas-calentitas-con-descuento-que-podras-encontrar-en-las-segundas-rebajas-de-hm-4.jpg\" width=\"650\" height=\"900\" alt=\"Chaquera de ante en marr\u00f3n de H&amp;M.\"> <noscript> <img src=\"http:\/\/hoycordobaweb.com\/wp-content\/uploads\/2025\/01\/chaquetas-calentitas-con-descuento-que-podras-encontrar-en-las-segundas-rebajas-de-hm-4.jpg\" alt=\"Chaquera de ante en marr\u00f3n de H&amp;M.\"> <\/noscript> <i class=\"voc-icons zoom voc-multimedia-box voc-ico-l\"><\/i> <\/div><figcaption class=\"figure-caption\">Chaquera de ante en marr\u00f3n de H&amp;M.<\/figcaption><\/picture>\n<\/div>\n<div id=\"photoZoomModal-15\" class=\"voc-lightbox modal fade voc-lightbox--photo-zoom\" role=\"dialog\" data-voc-photozoom-lightbox>\n<div class=\"voc-lightbox__dialog\" role=\"document\">\n<div class=\"voc-lightbox__content\"> <!-- Modal header --> <!-- Modal content --> <\/p>\n<div class=\"voc-lightbox__photo-container\"> <picture class> <img loading=\"lazy\" src=\"http:\/\/hoycordobaweb.com\/wp-content\/uploads\/2025\/01\/chaquetas-calentitas-con-descuento-que-podras-encontrar-en-las-segundas-rebajas-de-hm-4.jpg\" alt=\"Chaquera de ante en marr\u00f3n de H&amp;M.\"> <noscript> <img src=\"http:\/\/hoycordobaweb.com\/wp-content\/uploads\/2025\/01\/chaquetas-calentitas-con-descuento-que-podras-encontrar-en-las-segundas-rebajas-de-hm-4.jpg\" alt=\"Chaquera de ante en marr\u00f3n de H&amp;M.\"> <\/noscript> <\/picture> <\/div><\/div><\/div>\n<\/div>\n<p class=\"voc-paragraph\" data-mrf-recirculation=\"Link art\u00edculo\"><strong>Chaquera de ante en marr\u00f3n.<\/strong> Las chaquetas de ante se han convertido en las m\u00e1s buscadas de la temporada. Son chaquetas muy elegantes que puedes lucir a juego con otras piezas del mismo material o simplemente con unos vaqueros. Esta chaqueta en marr\u00f3n est\u00e1 ahora rebajada. Precio: 129 euros (antes 279 euros).\n<\/p>\n<div class=\"voc-detail-photo-zoom\"> <picture data-toggle=\"modal\" data-target=\"#photoZoomModal-2\" target=\"modal\">\n<div class=\"voc-img-icon-link\"> <img loading=\"lazy\" src=\"http:\/\/hoycordobaweb.com\/wp-content\/uploads\/2025\/01\/chaquetas-calentitas-con-descuento-que-podras-encontrar-en-las-segundas-rebajas-de-hm-5.jpg\" width=\"650\" height=\"900\" alt=\"Chaqueta con efecto fieltro en beige de H&amp;M\"> <noscript> <img src=\"http:\/\/hoycordobaweb.com\/wp-content\/uploads\/2025\/01\/chaquetas-calentitas-con-descuento-que-podras-encontrar-en-las-segundas-rebajas-de-hm-5.jpg\" alt=\"Chaqueta con efecto fieltro en beige de H&amp;M\"> <\/noscript> <i class=\"voc-icons zoom voc-multimedia-box voc-ico-l\"><\/i> <\/div><figcaption class=\"figure-caption\">Chaqueta con efecto fieltro en beige de H&amp;M<\/figcaption><\/picture>\n<\/div>\n<div id=\"photoZoomModal-2\" class=\"voc-lightbox modal fade voc-lightbox--photo-zoom\" role=\"dialog\" data-voc-photozoom-lightbox>\n<div class=\"voc-lightbox__dialog\" role=\"document\">\n<div class=\"voc-lightbox__content\"> <!-- Modal header --> <!-- Modal content --> <\/p>\n<div class=\"voc-lightbox__photo-container\"> <picture class> <img loading=\"lazy\" src=\"http:\/\/hoycordobaweb.com\/wp-content\/uploads\/2025\/01\/chaquetas-calentitas-con-descuento-que-podras-encontrar-en-las-segundas-rebajas-de-hm-5.jpg\" alt=\"Chaqueta con efecto fieltro en beige de H&amp;M\"> <noscript> <img src=\"http:\/\/hoycordobaweb.com\/wp-content\/uploads\/2025\/01\/chaquetas-calentitas-con-descuento-que-podras-encontrar-en-las-segundas-rebajas-de-hm-5.jpg\" alt=\"Chaqueta con efecto fieltro en beige de H&amp;M\"> <\/noscript> <\/picture> <\/div><\/div><\/div>\n<\/div>\n<p class=\"voc-paragraph\" data-mrf-recirculation=\"Link art\u00edculo\"><strong>Chaqueta con efecto fieltro en beige.<\/strong> Es una chaqueta elegant\u00edsima y con un dise\u00f1o muy original. Cuenta con un cuello ligeramente redondeado en color beige. Es una chaqueta con tejido suave y efecto fieltro. Precio: 29,99 euros (antes 37,99 euros).\n<\/p>\n<div class=\"voc-detail-photo-zoom\"> <picture data-toggle=\"modal\" data-target=\"#photoZoomModal-502\" target=\"modal\">\n<div class=\"voc-img-icon-link\"> <img loading=\"lazy\" src=\"http:\/\/hoycordobaweb.com\/wp-content\/uploads\/2025\/01\/chaquetas-calentitas-con-descuento-que-podras-encontrar-en-las-segundas-rebajas-de-hm-6.jpg\" width=\"650\" height=\"900\" alt=\"Chaqueta efecto tweed de H&amp;M.\"> <noscript> <img src=\"http:\/\/hoycordobaweb.com\/wp-content\/uploads\/2025\/01\/chaquetas-calentitas-con-descuento-que-podras-encontrar-en-las-segundas-rebajas-de-hm-6.jpg\" alt=\"Chaqueta efecto tweed de H&amp;M.\"> <\/noscript> <i class=\"voc-icons zoom voc-multimedia-box voc-ico-l\"><\/i> <\/div><figcaption class=\"figure-caption\">Chaqueta efecto tweed de H&amp;M.<\/figcaption><\/picture>\n<\/div>\n<div id=\"photoZoomModal-502\" class=\"voc-lightbox modal fade voc-lightbox--photo-zoom\" role=\"dialog\" data-voc-photozoom-lightbox>\n<div class=\"voc-lightbox__dialog\" role=\"document\">\n<div class=\"voc-lightbox__content\"> <!-- Modal header --> <!-- Modal content --> <\/p>\n<div class=\"voc-lightbox__photo-container\"> <picture class> <img loading=\"lazy\" src=\"http:\/\/hoycordobaweb.com\/wp-content\/uploads\/2025\/01\/chaquetas-calentitas-con-descuento-que-podras-encontrar-en-las-segundas-rebajas-de-hm-6.jpg\" alt=\"Chaqueta efecto tweed de H&amp;M.\"> <noscript> <img src=\"http:\/\/hoycordobaweb.com\/wp-content\/uploads\/2025\/01\/chaquetas-calentitas-con-descuento-que-podras-encontrar-en-las-segundas-rebajas-de-hm-6.jpg\" alt=\"Chaqueta efecto tweed de H&amp;M.\"> <\/noscript> <\/picture> <\/div><\/div><\/div>\n<\/div>\n<p class=\"voc-paragraph\" data-mrf-recirculation=\"Link art\u00edculo\"><strong>Chaqueta efecto tweed en negro.<\/strong> Se trata de una chaqueta muy elegante y que no pasa de moda. Es una chaqueta con botones en dorado en la parte central y efecto tweed. Cuenta con dos bolsillos laterales en la parte frontal. Precio: 42,99 euros (antes 69,99 euros).\n<\/p>\n<div class=\"voc-detail-photo-zoom\"> <picture data-toggle=\"modal\" data-target=\"#photoZoomModal-195\" target=\"modal\">\n<div class=\"voc-img-icon-link\"> <img loading=\"lazy\" src=\"http:\/\/hoycordobaweb.com\/wp-content\/uploads\/2025\/01\/chaquetas-calentitas-con-descuento-que-podras-encontrar-en-las-segundas-rebajas-de-hm-7.jpg\" width=\"650\" height=\"900\" alt=\"Chaqueta de doble faz en marr\u00f3n de H&amp;M.\"> <noscript> <img src=\"http:\/\/hoycordobaweb.com\/wp-content\/uploads\/2025\/01\/chaquetas-calentitas-con-descuento-que-podras-encontrar-en-las-segundas-rebajas-de-hm-7.jpg\" alt=\"Chaqueta de doble faz en marr\u00f3n de H&amp;M.\"> <\/noscript> <i class=\"voc-icons zoom voc-multimedia-box voc-ico-l\"><\/i> <\/div><figcaption class=\"figure-caption\">Chaqueta de doble faz en marr\u00f3n de H&amp;M.<\/figcaption><\/picture>\n<\/div>\n<div id=\"photoZoomModal-195\" class=\"voc-lightbox modal fade voc-lightbox--photo-zoom\" role=\"dialog\" data-voc-photozoom-lightbox>\n<div class=\"voc-lightbox__dialog\" role=\"document\">\n<div class=\"voc-lightbox__content\"> <!-- Modal header --> <!-- Modal content --> <\/p>\n<div class=\"voc-lightbox__photo-container\"> <picture class> <img loading=\"lazy\" src=\"http:\/\/hoycordobaweb.com\/wp-content\/uploads\/2025\/01\/chaquetas-calentitas-con-descuento-que-podras-encontrar-en-las-segundas-rebajas-de-hm-7.jpg\" alt=\"Chaqueta de doble faz en marr\u00f3n de H&amp;M.\"> <noscript> <img src=\"http:\/\/hoycordobaweb.com\/wp-content\/uploads\/2025\/01\/chaquetas-calentitas-con-descuento-que-podras-encontrar-en-las-segundas-rebajas-de-hm-7.jpg\" alt=\"Chaqueta de doble faz en marr\u00f3n de H&amp;M.\"> <\/noscript> <\/picture> <\/div><\/div><\/div>\n<\/div>\n<p class=\"voc-paragraph\" data-mrf-recirculation=\"Link art\u00edculo\"><strong>Chaqueta de doble faz en marr\u00f3n.<\/strong> Otra chaqueta ideal para el invierno es este modelo s\u00faper calentito de H&amp;M. Se trata de una chaqueta en marr\u00f3n chocolate con interior de borreguito en color blanco. Precio: 38,99 euros (antes 69,99 euros).\n<\/p>\n<p> <!-- TOPICS --> <\/p>\n","protected":false},"excerpt":{"rendered":"<p>Aunque en invierno siempre solemos acudir a abrigos , es cierto que de vez en cuando solemos cambiar a chaquetas. O simplemente nos gusta ir con capas y a\u00f1adimos debajo del abrigo, una chaqueta algo m\u00e1s elegante y calentita para lucir durante todo el d\u00eda. Las chaquetas son opciones comod\u00edsimas, elegantes y aptas tambi\u00e9n para [&hellip;]<\/p>\n","protected":false},"author":1,"featured_media":95276,"comment_status":"closed","ping_status":"closed","sticky":false,"template":"","format":"standard","meta":[],"categories":[],"tags":[],"_links":{"self":[{"href":"http:\/\/hoycordobaweb.com\/index.php\/wp-json\/wp\/v2\/posts\/95275"}],"collection":[{"href":"http:\/\/hoycordobaweb.com\/index.php\/wp-json\/wp\/v2\/posts"}],"about":[{"href":"http:\/\/hoycordobaweb.com\/index.php\/wp-json\/wp\/v2\/types\/post"}],"author":[{"embeddable":true,"href":"http:\/\/hoycordobaweb.com\/index.php\/wp-json\/wp\/v2\/users\/1"}],"replies":[{"embeddable":true,"href":"http:\/\/hoycordobaweb.com\/index.php\/wp-json\/wp\/v2\/comments?post=95275"}],"version-history":[{"count":0,"href":"http:\/\/hoycordobaweb.com\/index.php\/wp-json\/wp\/v2\/posts\/95275\/revisions"}],"wp:featuredmedia":[{"embeddable":true,"href":"http:\/\/hoycordobaweb.com\/index.php\/wp-json\/wp\/v2\/media\/95276"}],"wp:attachment":[{"href":"http:\/\/hoycordobaweb.com\/index.php\/wp-json\/wp\/v2\/media?parent=95275"}],"wp:term":[{"taxonomy":"category","embeddable":true,"href":"http:\/\/hoycordobaweb.com\/index.php\/wp-json\/wp\/v2\/categories?post=95275"},{"taxonomy":"post_tag","embeddable":true,"href":"http:\/\/hoycordobaweb.com\/index.php\/wp-json\/wp\/v2\/tags?post=95275"}],"curies":[{"name":"wp","href":"https:\/\/api.w.org\/{rel}","templated":true}]}}