{"id":95197,"date":"2025-01-25T15:05:17","date_gmt":"2025-01-25T15:05:17","guid":{"rendered":"https:\/\/www.mujerhoy.com\/moda\/no-te-pierdas\/vaqueros-oscuros-tendencia-tiro-alto-20250125120452-nt.html"},"modified":"2025-01-25T15:05:17","modified_gmt":"2025-01-25T15:05:17","slug":"la-tendencia-en-vaqueros-que-gustan-a-todas-de-talle-alto-y-color-oscuro","status":"publish","type":"post","link":"http:\/\/hoycordobaweb.com\/index.php\/2025\/01\/25\/la-tendencia-en-vaqueros-que-gustan-a-todas-de-talle-alto-y-color-oscuro\/","title":{"rendered":"La tendencia en vaqueros que gustan a todas: de talle alto y color oscuro"},"content":{"rendered":"<p><!-- AUTHOR --> <\/p>\n<div class=\"voc-author-timesocial \"> <!-- AUTHOR --> <\/p>\n<div class=\"voc-author-timesocial__signature \">\n<div class=\"voc-author-timesocial__img-c\"> <!-- IMAGE AUTHOR --> <picture class=\"voc-image-signature\"> <img class=\"voc-image-signature__img\" src=\"http:\/\/hoycordobaweb.com\/wp-content\/uploads\/2025\/01\/la-tendencia-en-vaqueros-que-gustan-a-todas-de-talle-alto-y-color-oscuro.jpg\" alt=\"Lauren Izquierdo\"> <\/picture> <\/div>\n<p> <!-- INFO AUTHOR --> <\/div><\/div>\n<p> <!-- COMPONENTS --> <\/p>\n<p class=\"voc-paragraph\" data-mrf-recirculation=\"Link art\u00edculo\">Los <strong>vaqueros oscuros<\/strong> en <strong>tono \u00edndigo<\/strong> son, sin duda, la <a data-voc-vtm-id=\"in-text-traffic\" href=\"https:\/\/www.mujerhoy.com\/temas\/generales\/vaqueros.html\" title=\"www.mujerhoy.com\" data-mrf-link=\"https:\/\/www.mujerhoy.com\/temas\/generales\/vaqueros.html\">gran revoluci\u00f3n denim<\/a> de 2025. Este cl\u00e1sico atemporal ha regresado para demostrar que la elegancia tambi\u00e9n se encuentra en los <a data-voc-vtm-id=\"in-text-traffic\" href=\"https:\/\/www.mujerhoy.com\/moda\/no-te-pierdas\/mejores-basicos-armario-invierno-elegantes-20250107093840-nt.html\" title=\"www.mujerhoy.com\" data-mrf-link=\"https:\/\/www.mujerhoy.com\/moda\/no-te-pierdas\/mejores-basicos-armario-invierno-elegantes-20250107093840-nt.html\">b\u00e1sicos m\u00e1s vers\u00e1tiles<\/a><br \/>\n. Frente a los tonos claros que dominaron temporadas pasadas, el \u00edndigo se alza como el rey indiscutible gracias a su capacidad para estilizar la figura y adaptarse a cualquier <strong>ocasi\u00f3n<\/strong>. <\/p>\n<p class=\"voc-paragraph\" data-mrf-recirculation=\"Link art\u00edculo\">Desde un <a data-voc-vtm-id=\"in-text-traffic\" href=\"https:\/\/www.mujerhoy.com\/moda\/no-te-pierdas\/tamara-falco-malaga-look-casual-barato-basicos-zara-20230610125904-nt.html\" title=\"www.mujerhoy.com\" data-mrf-link=\"https:\/\/www.mujerhoy.com\/moda\/no-te-pierdas\/tamara-falco-malaga-look-casual-barato-basicos-zara-20230610125904-nt.html\">look relajado<\/a> con camiseta blanca y zapatillas hasta un conjunto sofisticado con blazer y stilettos, estos vaqueros se han convertido en ese <strong>comod\u00edn<\/strong> que nunca falla. Adem\u00e1s, su tono oscuro y rico aporta un aire de sofisticaci\u00f3n que eleva cualquier estilismo al instante.\n<\/p>\n<p class=\"voc-paragraph\" data-mrf-recirculation=\"Link art\u00edculo\">\u00bfEl <strong>secreto<\/strong>? Su versatilidad y esa facilidad para encajar tanto en el d\u00eda como en la noche. A diferencia de los tonos claros, que a veces resultan m\u00e1s informales, los oscuros se adaptan a reuniones, cenas especiales o incluso eventos m\u00e1s formales si los combinas con las <strong>prendas adecuadas<\/strong>. <\/p>\n<p><h3 class=\"voc-detail__title\"> C\u00f3mo combinar los vaqueros oscuros en 2025<br \/>\n<\/h3>\n<\/p>\n<div class=\"voc-detail-photo-zoom\"> <picture data-toggle=\"modal\" data-target=\"#photoZoomModal-297\" target=\"modal\">\n<div class=\"voc-img-icon-link\"> <img loading=\"lazy\" src=\"http:\/\/hoycordobaweb.com\/wp-content\/uploads\/2025\/01\/la-tendencia-en-vaqueros-que-gustan-a-todas-de-talle-alto-y-color-oscuro-1.jpg\" width=\"650\" height=\"900\" alt=\"Skinny jeans en \u00edndigo oscuro de Lee, 89,95 euros.\"> <noscript> <img src=\"http:\/\/hoycordobaweb.com\/wp-content\/uploads\/2025\/01\/la-tendencia-en-vaqueros-que-gustan-a-todas-de-talle-alto-y-color-oscuro-1.jpg\" alt=\"Skinny jeans en \u00edndigo oscuro de Lee, 89,95 euros.\"> <\/noscript> <i class=\"voc-icons zoom voc-multimedia-box voc-ico-l\"><\/i> <\/div><figcaption class=\"figure-caption\">Skinny jeans en \u00edndigo oscuro de Lee, 89,95 euros.<\/figcaption><\/picture>\n<\/div>\n<div id=\"photoZoomModal-297\" class=\"voc-lightbox modal fade voc-lightbox--photo-zoom\" role=\"dialog\" data-voc-photozoom-lightbox>\n<div class=\"voc-lightbox__dialog\" role=\"document\">\n<div class=\"voc-lightbox__content\"> <!-- Modal header --> <!-- Modal content --> <\/p>\n<div class=\"voc-lightbox__photo-container\"> <picture class> <img loading=\"lazy\" src=\"http:\/\/hoycordobaweb.com\/wp-content\/uploads\/2025\/01\/la-tendencia-en-vaqueros-que-gustan-a-todas-de-talle-alto-y-color-oscuro-1.jpg\" alt=\"Skinny jeans en \u00edndigo oscuro de Lee, 89,95 euros.\"> <noscript> <img src=\"http:\/\/hoycordobaweb.com\/wp-content\/uploads\/2025\/01\/la-tendencia-en-vaqueros-que-gustan-a-todas-de-talle-alto-y-color-oscuro-1.jpg\" alt=\"Skinny jeans en \u00edndigo oscuro de Lee, 89,95 euros.\"> <\/noscript> <\/picture> <\/div><\/div><\/div>\n<\/div>\n<p class=\"voc-paragraph\" data-mrf-recirculation=\"Link art\u00edculo\"><strong>Skinny jeans en \u00edndigo oscuro de Lee, 89,95 euros<\/strong>. Son perfectos para estilizar la figura y alargar las piernas. \u00dasalos con un jersey de cuello alto en color beige y unas botas altas de cuero marr\u00f3n para un look sofisticado y c\u00f3modo en d\u00edas fr\u00edos. A\u00f1ade un abrigo largo camel y un bolso estructurado para un acabado de diez.\n<\/p>\n<div class=\"voc-detail-photo-zoom\"> <picture data-toggle=\"modal\" data-target=\"#photoZoomModal-726\" target=\"modal\">\n<div class=\"voc-img-icon-link\"> <img loading=\"lazy\" src=\"http:\/\/hoycordobaweb.com\/wp-content\/uploads\/2025\/01\/la-tendencia-en-vaqueros-que-gustan-a-todas-de-talle-alto-y-color-oscuro-2.jpg\" width=\"650\" height=\"900\" alt=\"Straight-leg con talle alto de Naf Naf, 23,99 euros.\"> <noscript> <img src=\"http:\/\/hoycordobaweb.com\/wp-content\/uploads\/2025\/01\/la-tendencia-en-vaqueros-que-gustan-a-todas-de-talle-alto-y-color-oscuro-2.jpg\" alt=\"Straight-leg con talle alto de Naf Naf, 23,99 euros.\"> <\/noscript> <i class=\"voc-icons zoom voc-multimedia-box voc-ico-l\"><\/i> <\/div><figcaption class=\"figure-caption\">Straight-leg con talle alto de Naf Naf, 23,99 euros.<\/figcaption><\/picture>\n<\/div>\n<div id=\"photoZoomModal-726\" class=\"voc-lightbox modal fade voc-lightbox--photo-zoom\" role=\"dialog\" data-voc-photozoom-lightbox>\n<div class=\"voc-lightbox__dialog\" role=\"document\">\n<div class=\"voc-lightbox__content\"> <!-- Modal header --> <!-- Modal content --> <\/p>\n<div class=\"voc-lightbox__photo-container\"> <picture class> <img loading=\"lazy\" src=\"http:\/\/hoycordobaweb.com\/wp-content\/uploads\/2025\/01\/la-tendencia-en-vaqueros-que-gustan-a-todas-de-talle-alto-y-color-oscuro-2.jpg\" alt=\"Straight-leg con talle alto de Naf Naf, 23,99 euros.\"> <noscript> <img src=\"http:\/\/hoycordobaweb.com\/wp-content\/uploads\/2025\/01\/la-tendencia-en-vaqueros-que-gustan-a-todas-de-talle-alto-y-color-oscuro-2.jpg\" alt=\"Straight-leg con talle alto de Naf Naf, 23,99 euros.\"> <\/noscript> <\/picture> <\/div><\/div><\/div>\n<\/div>\n<p class=\"voc-paragraph\" data-mrf-recirculation=\"Link art\u00edculo\"><strong>Straight-leg con talle alto de Naf Naf, 23,99 euros<\/strong>. Este corte recto es un cl\u00e1sico que nunca falla. Comb\u00ednalos con una camisa blanca oversize y completa el look con unas zapatillas blancas y un blazer gris o negro para un estilo desenfadado pero pulido.\n<\/p>\n<div class=\"voc-detail-photo-zoom\"> <picture data-toggle=\"modal\" data-target=\"#photoZoomModal-197\" target=\"modal\">\n<div class=\"voc-img-icon-link\"> <img loading=\"lazy\" src=\"http:\/\/hoycordobaweb.com\/wp-content\/uploads\/2025\/01\/la-tendencia-en-vaqueros-que-gustan-a-todas-de-talle-alto-y-color-oscuro-3.jpg\" width=\"650\" height=\"900\" alt=\"Wide-leg jeans de Parfois, 39,99 euros.\"> <noscript> <img src=\"http:\/\/hoycordobaweb.com\/wp-content\/uploads\/2025\/01\/la-tendencia-en-vaqueros-que-gustan-a-todas-de-talle-alto-y-color-oscuro-3.jpg\" alt=\"Wide-leg jeans de Parfois, 39,99 euros.\"> <\/noscript> <i class=\"voc-icons zoom voc-multimedia-box voc-ico-l\"><\/i> <\/div><figcaption class=\"figure-caption\">Wide-leg jeans de Parfois, 39,99 euros.<\/figcaption><\/picture>\n<\/div>\n<div id=\"photoZoomModal-197\" class=\"voc-lightbox modal fade voc-lightbox--photo-zoom\" role=\"dialog\" data-voc-photozoom-lightbox>\n<div class=\"voc-lightbox__dialog\" role=\"document\">\n<div class=\"voc-lightbox__content\"> <!-- Modal header --> <!-- Modal content --> <\/p>\n<div class=\"voc-lightbox__photo-container\"> <picture class> <img loading=\"lazy\" src=\"http:\/\/hoycordobaweb.com\/wp-content\/uploads\/2025\/01\/la-tendencia-en-vaqueros-que-gustan-a-todas-de-talle-alto-y-color-oscuro-3.jpg\" alt=\"Wide-leg jeans de Parfois, 39,99 euros.\"> <noscript> <img src=\"http:\/\/hoycordobaweb.com\/wp-content\/uploads\/2025\/01\/la-tendencia-en-vaqueros-que-gustan-a-todas-de-talle-alto-y-color-oscuro-3.jpg\" alt=\"Wide-leg jeans de Parfois, 39,99 euros.\"> <\/noscript> <\/picture> <\/div><\/div><\/div>\n<\/div>\n<p class=\"voc-paragraph\" data-mrf-recirculation=\"Link art\u00edculo\"><strong>Wide-leg jeans de Parfois, 39,99 euros.<\/strong> El corte amplio de los wide-leg siempre es una opci\u00f3n en tendencia que no pasa de moda. Para un outfit equilibrado, comb\u00ednalos con un top ajustado en tonos neutros y una chaqueta corta de cuero negro. A\u00f1ade unos botines de tac\u00f3n para estilizar la figura y unos pendientes dorados llamativos que aporten un toque moderno.\n<\/p>\n<div class=\"voc-detail-photo-zoom\"> <picture data-toggle=\"modal\" data-target=\"#photoZoomModal-92\" target=\"modal\">\n<div class=\"voc-img-icon-link\"> <img loading=\"lazy\" src=\"http:\/\/hoycordobaweb.com\/wp-content\/uploads\/2025\/01\/la-tendencia-en-vaqueros-que-gustan-a-todas-de-talle-alto-y-color-oscuro-4.jpg\" width=\"650\" height=\"900\" alt=\"Flare jeans de Salsa Jeans, 99,95 euros.\"> <noscript> <img src=\"http:\/\/hoycordobaweb.com\/wp-content\/uploads\/2025\/01\/la-tendencia-en-vaqueros-que-gustan-a-todas-de-talle-alto-y-color-oscuro-4.jpg\" alt=\"Flare jeans de Salsa Jeans, 99,95 euros.\"> <\/noscript> <i class=\"voc-icons zoom voc-multimedia-box voc-ico-l\"><\/i> <\/div><figcaption class=\"figure-caption\">Flare jeans de Salsa Jeans, 99,95 euros.<\/figcaption><\/picture>\n<\/div>\n<div id=\"photoZoomModal-92\" class=\"voc-lightbox modal fade voc-lightbox--photo-zoom\" role=\"dialog\" data-voc-photozoom-lightbox>\n<div class=\"voc-lightbox__dialog\" role=\"document\">\n<div class=\"voc-lightbox__content\"> <!-- Modal header --> <!-- Modal content --> <\/p>\n<div class=\"voc-lightbox__photo-container\"> <picture class> <img loading=\"lazy\" src=\"http:\/\/hoycordobaweb.com\/wp-content\/uploads\/2025\/01\/la-tendencia-en-vaqueros-que-gustan-a-todas-de-talle-alto-y-color-oscuro-4.jpg\" alt=\"Flare jeans de Salsa Jeans, 99,95 euros.\"> <noscript> <img src=\"http:\/\/hoycordobaweb.com\/wp-content\/uploads\/2025\/01\/la-tendencia-en-vaqueros-que-gustan-a-todas-de-talle-alto-y-color-oscuro-4.jpg\" alt=\"Flare jeans de Salsa Jeans, 99,95 euros.\"> <\/noscript> <\/picture> <\/div><\/div><\/div>\n<\/div>\n<p class=\"voc-paragraph\" data-mrf-recirculation=\"Link art\u00edculo\"><strong>Flare jeans de Salsa Jeans, 99,95 euros<\/strong>. Los vaqueros de estilo a\u00f1os 70 en \u00edndigo oscuro son ideales para un look vintage renovado. Si no sabes c\u00f3mo combinarlos, no te compliques. Hazlo con una blusa rom\u00e1ntica con volantes o estampado floral y unos zapatos de plataforma. Remata con un cintur\u00f3n ancho que defina la cintura y un bolso de cuero tipo bandolera.\n<\/p>\n<div class=\"voc-detail-photo-zoom\"> <picture data-toggle=\"modal\" data-target=\"#photoZoomModal-282\" target=\"modal\">\n<div class=\"voc-img-icon-link\"> <img loading=\"lazy\" src=\"http:\/\/hoycordobaweb.com\/wp-content\/uploads\/2025\/01\/la-tendencia-en-vaqueros-que-gustan-a-todas-de-talle-alto-y-color-oscuro-5.jpg\" width=\"650\" height=\"900\" alt=\"Culottes denim de Sfera, 29,99 euros.\"> <noscript> <img src=\"http:\/\/hoycordobaweb.com\/wp-content\/uploads\/2025\/01\/la-tendencia-en-vaqueros-que-gustan-a-todas-de-talle-alto-y-color-oscuro-5.jpg\" alt=\"Culottes denim de Sfera, 29,99 euros.\"> <\/noscript> <i class=\"voc-icons zoom voc-multimedia-box voc-ico-l\"><\/i> <\/div><figcaption class=\"figure-caption\">Culottes denim de Sfera, 29,99 euros.<\/figcaption><\/picture>\n<\/div>\n<div id=\"photoZoomModal-282\" class=\"voc-lightbox modal fade voc-lightbox--photo-zoom\" role=\"dialog\" data-voc-photozoom-lightbox>\n<div class=\"voc-lightbox__dialog\" role=\"document\">\n<div class=\"voc-lightbox__content\"> <!-- Modal header --> <!-- Modal content --> <\/p>\n<div class=\"voc-lightbox__photo-container\"> <picture class> <img loading=\"lazy\" src=\"http:\/\/hoycordobaweb.com\/wp-content\/uploads\/2025\/01\/la-tendencia-en-vaqueros-que-gustan-a-todas-de-talle-alto-y-color-oscuro-5.jpg\" alt=\"Culottes denim de Sfera, 29,99 euros.\"> <noscript> <img src=\"http:\/\/hoycordobaweb.com\/wp-content\/uploads\/2025\/01\/la-tendencia-en-vaqueros-que-gustan-a-todas-de-talle-alto-y-color-oscuro-5.jpg\" alt=\"Culottes denim de Sfera, 29,99 euros.\"> <\/noscript> <\/picture> <\/div><\/div><\/div>\n<\/div>\n<p class=\"voc-paragraph\" data-mrf-recirculation=\"Link art\u00edculo\"><strong>Culottes denim de Sfera, 29,99 euros<\/strong>. Es una opci\u00f3n fresca y moderna que favorece especialmente al team petite. Comb\u00ednalos con un jersey ajustado de rayas para un aire parisino y a\u00f1ade unos mocasines o zapatillas. Le dar\u00e1s mucho uso.\n<\/p>\n<div class=\"voc-detail-photo-zoom\"> <picture data-toggle=\"modal\" data-target=\"#photoZoomModal-519\" target=\"modal\">\n<div class=\"voc-img-icon-link\"> <img loading=\"lazy\" src=\"http:\/\/hoycordobaweb.com\/wp-content\/uploads\/2025\/01\/la-tendencia-en-vaqueros-que-gustan-a-todas-de-talle-alto-y-color-oscuro-6.jpg\" width=\"650\" height=\"900\" alt=\"Jeans rectos de Tommy Hilfiger, 99,90 euros.\"> <noscript> <img src=\"http:\/\/hoycordobaweb.com\/wp-content\/uploads\/2025\/01\/la-tendencia-en-vaqueros-que-gustan-a-todas-de-talle-alto-y-color-oscuro-6.jpg\" alt=\"Jeans rectos de Tommy Hilfiger, 99,90 euros.\"> <\/noscript> <i class=\"voc-icons zoom voc-multimedia-box voc-ico-l\"><\/i> <\/div><figcaption class=\"figure-caption\">Jeans rectos de Tommy Hilfiger, 99,90 euros.<\/figcaption><\/picture>\n<\/div>\n<div id=\"photoZoomModal-519\" class=\"voc-lightbox modal fade voc-lightbox--photo-zoom\" role=\"dialog\" data-voc-photozoom-lightbox>\n<div class=\"voc-lightbox__dialog\" role=\"document\">\n<div class=\"voc-lightbox__content\"> <!-- Modal header --> <!-- Modal content --> <\/p>\n<div class=\"voc-lightbox__photo-container\"> <picture class> <img loading=\"lazy\" src=\"http:\/\/hoycordobaweb.com\/wp-content\/uploads\/2025\/01\/la-tendencia-en-vaqueros-que-gustan-a-todas-de-talle-alto-y-color-oscuro-6.jpg\" alt=\"Jeans rectos de Tommy Hilfiger, 99,90 euros.\"> <noscript> <img src=\"http:\/\/hoycordobaweb.com\/wp-content\/uploads\/2025\/01\/la-tendencia-en-vaqueros-que-gustan-a-todas-de-talle-alto-y-color-oscuro-6.jpg\" alt=\"Jeans rectos de Tommy Hilfiger, 99,90 euros.\"> <\/noscript> <\/picture> <\/div><\/div><\/div>\n<\/div>\n<p class=\"voc-paragraph\" data-mrf-recirculation=\"Link art\u00edculo\"><strong>Jeans rectos de Tommy Hilfiger, 99,90 euros<\/strong>. Sabemos que les dar\u00e1s mucho uso y que se convertir\u00e1n en ese aliado infalible cuando no sepas qu\u00e9 ponerte. Adem\u00e1s, no pasan de moda y combinan tanto con camisas como con sudaderas.\n<\/p>\n<p> <!-- TOPICS --> <\/p>\n","protected":false},"excerpt":{"rendered":"<p>Los vaqueros oscuros en tono \u00edndigo son, sin duda, la gran revoluci\u00f3n denim de 2025. Este cl\u00e1sico atemporal ha regresado para demostrar que la elegancia tambi\u00e9n se encuentra en los b\u00e1sicos m\u00e1s vers\u00e1tiles . Frente a los tonos claros que dominaron temporadas pasadas, el \u00edndigo se alza como el rey indiscutible gracias a su capacidad [&hellip;]<\/p>\n","protected":false},"author":1,"featured_media":95198,"comment_status":"closed","ping_status":"closed","sticky":false,"template":"","format":"standard","meta":[],"categories":[],"tags":[],"_links":{"self":[{"href":"http:\/\/hoycordobaweb.com\/index.php\/wp-json\/wp\/v2\/posts\/95197"}],"collection":[{"href":"http:\/\/hoycordobaweb.com\/index.php\/wp-json\/wp\/v2\/posts"}],"about":[{"href":"http:\/\/hoycordobaweb.com\/index.php\/wp-json\/wp\/v2\/types\/post"}],"author":[{"embeddable":true,"href":"http:\/\/hoycordobaweb.com\/index.php\/wp-json\/wp\/v2\/users\/1"}],"replies":[{"embeddable":true,"href":"http:\/\/hoycordobaweb.com\/index.php\/wp-json\/wp\/v2\/comments?post=95197"}],"version-history":[{"count":0,"href":"http:\/\/hoycordobaweb.com\/index.php\/wp-json\/wp\/v2\/posts\/95197\/revisions"}],"wp:featuredmedia":[{"embeddable":true,"href":"http:\/\/hoycordobaweb.com\/index.php\/wp-json\/wp\/v2\/media\/95198"}],"wp:attachment":[{"href":"http:\/\/hoycordobaweb.com\/index.php\/wp-json\/wp\/v2\/media?parent=95197"}],"wp:term":[{"taxonomy":"category","embeddable":true,"href":"http:\/\/hoycordobaweb.com\/index.php\/wp-json\/wp\/v2\/categories?post=95197"},{"taxonomy":"post_tag","embeddable":true,"href":"http:\/\/hoycordobaweb.com\/index.php\/wp-json\/wp\/v2\/tags?post=95197"}],"curies":[{"name":"wp","href":"https:\/\/api.w.org\/{rel}","templated":true}]}}