{"id":95155,"date":"2025-01-24T00:59:21","date_gmt":"2025-01-24T00:59:21","guid":{"rendered":"https:\/\/www.ole.com.ar\/san-lorenzo\/muniain-lesion-san-lorenzo-debut-talleres_0_JH3624YLfg.html"},"modified":"2025-01-24T00:59:21","modified_gmt":"2025-01-24T00:59:21","slug":"muniain-mas-afuera-que-adentro-del-debut-de-san-lorenzo","status":"publish","type":"post","link":"http:\/\/hoycordobaweb.com\/index.php\/2025\/01\/24\/muniain-mas-afuera-que-adentro-del-debut-de-san-lorenzo\/","title":{"rendered":"Muniain, m\u00e1s afuera que adentro del debut de San Lorenzo"},"content":{"rendered":"<p><img src=\"http:\/\/hoycordobaweb.com\/wp-content\/uploads\/2025\/01\/muniain-mas-afuera-que-adentro-del-debut-de-san-lorenzo.jpg\"><\/p>\n<p><time class=\"createDate\" datetime=\"2025-01-23T21:59:21-03:00\">23\/01\/2025 21:59hs.<\/time><\/p>\n<div id=\"storyBody\">\n<div class=\"custom-text \" readability=\"33.605504587156\">\n<p><a href=\"https:\/\/www.ole.com.ar\/tema\/miguel-angel-russo.html\" title=\"Miguel Angel Russo\" alt=\"Miguel Angel Russo\" class=\"slug\">Miguel \u00c1ngel Russo<\/a> parec\u00eda tener todo definido para el encuentro de este s\u00e1bado frente a <a href=\"https:\/\/www.ole.com.ar\/tema\/talleres-de-cordoba.html\" title=\"Talleres de C\u00f3rdoba\" alt=\"Talleres de C\u00f3rdoba\" class=\"slug\">Talleres<\/a> en el Pedro Bidegain. Los buenos rendientos del equipo en los amistosos de pretemporada en Uruguay (victorias contra Nacional y Pe\u00f1arol, y triunfo por penales con Independiente del Valle) hicieron que el entrenador buscara darle confianza a los jugadores que terminaron el verano invictos. Sin embargo, <a href=\"https:\/\/www.ole.com.ar\/tema\/iker-muniain.html\" title=\"Iker Muniain\" alt=\"Iker Muniain\" class=\"slug\">Iker Muniain<\/a> sufri\u00f3 una molestia muscular en el entrenamiento de este jueves en la Ciudad Deportiva y encendi\u00f3 las alarmas en <a href=\"https:\/\/www.ole.com.ar\/tema\/san-lorenzo.html\" title=\"San Lorenzo\" alt=\"San Lorenzo\" class=\"slug\">San Lorenzo<\/a>.<\/p>\n<\/div>\n<div class=\"custom-text \" readability=\"38\">\n<p><strong>El Vasco no pudo finalizar los trabajos que diagram\u00f3 Miguelo<\/strong> y, pese a que estar\u00eda casi descartado para el primer encuentro de este 2025, en el Cicl\u00f3n prefieren ser un poco cautelosos: le har\u00e1n estudios m\u00e9dicos para determinar el grado de la lesi\u00f3n, ya que el futbolista tiene ganas de decir presente en el Nuevo Gas\u00f3metro. \u00bfSe dar\u00e1? Muy dif\u00edcil.<\/p>\n<\/div>\n<div class=\"custom-text \" readability=\"39\">\n<p>El volante ofensivo de 32 a\u00f1os es una de las fijas del entrenador. \u00c9l, m\u00e1s all\u00e1 de contar con ofertas para emigrar (fue buscado por el Botafogo de Brasil en m\u00e1s de una oportunidad), tom\u00f3 la determinaci\u00f3n de permanecer en Boedo por lo menos hasta mediados de esta temporada, respetar la palabra que le dio al presidente Marcelo Moretti y seguir devolviendo un poco del cari\u00f1o que los hinchas del conjunto azulgrana contin\u00faan brind\u00e1ndole desde su llegada al club, en septiembre de 2024.<\/p>\n<\/div>\n<div class=\"custom-text \" readability=\"40\">\n<p>\u201cEn estos partidos amistosos nos estamos encontrando con buenas sensaciones y ojal\u00e1 podamos trasladarlas al arranque del torneo\u201d, hab\u00eda dicho el capit\u00e1n una vez culminado el ciclo de partidos que se disputaron en tierras charr\u00faas. \u00bfAhora? En caso de no llegar a jugar ante la T (parece lo m\u00e1s l\u00f3gico), Russo deber\u00e1 buscarle un reemplazante. Las alternativas: <strong>Cecchini, un jugador m\u00e1s posicional, o Manuel Insaurralde, un futbolista m\u00e1s ofensivo.<\/strong><\/p>\n<\/div>\n<div class=\"custom-text \" readability=\"32\">\n<p>\u00bfIker pasa con el Vasco?<\/p>\n<\/div>\n<div class=\"sc-e7b891c4-0 ifHnQL image-embed\"><img alt=\"Iker Muniain.@SanLorenzo\" loading=\"lazy\" width=\"720\" height=\"100\" decoding=\"async\" data-nimg=\"1\" src=\"http:\/\/hoycordobaweb.com\/wp-content\/uploads\/2025\/01\/muniain-mas-afuera-que-adentro-del-debut-de-san-lorenzo-2.jpg\"><span class=\"epigraphe\">Iker Muniain.@SanLorenzo<\/span><\/div>\n<div class=\"sc-a7166897-0 eoLsBE\" readability=\"6\">\n<section readability=\"2\"><picture><img alt=\"San Lorenzo: por qu\u00e9 est\u00e1 a punto de caerse la llegada de Emiliano Amor\" loading=\"lazy\" width=\"290\" height=\"290\" decoding=\"async\" data-nimg=\"1\" src=\"http:\/\/hoycordobaweb.com\/wp-content\/uploads\/2025\/01\/muniain-mas-afuera-que-adentro-del-debut-de-san-lorenzo-3.jpg\"><\/picture>\n<p><span>Mir\u00e1 tambi\u00e9n<\/span><\/p>\n<hr>\n<h3>San Lorenzo: por qu\u00e9 est\u00e1 a punto de caerse la llegada de Emiliano Amor<\/h3>\n<\/p>\n<\/section>\n<\/div>\n<div class=\"sc-a7166897-0 eoLsBE\" readability=\"6.5\">\n<section readability=\"3\"><picture><img alt=\"Empez\u00f3 el Apertura 2025: resultados, goles y c\u00f3mo sigue la primera fecha\" loading=\"lazy\" width=\"290\" height=\"290\" decoding=\"async\" data-nimg=\"1\" src=\"http:\/\/hoycordobaweb.com\/wp-content\/uploads\/2025\/01\/muniain-mas-afuera-que-adentro-del-debut-de-san-lorenzo-4.jpg\"><\/picture>\n<p><span>Mir\u00e1 tambi\u00e9n<\/span><\/p>\n<hr>\n<h3>Empez\u00f3 el Apertura 2025: resultados, goles y c\u00f3mo sigue la primera fecha<\/h3>\n<\/p>\n<\/section>\n<\/div>\n<div class=\"sc-a7166897-0 eoLsBE\" readability=\"6\">\n<section readability=\"2\"><picture><img alt=\"Fassi anunci\u00f3 que Talleres tendr\u00e1 el estadio &quot;m\u00e1s moderno de Latinoam\u00e9rica&quot;\" loading=\"lazy\" width=\"290\" height=\"290\" decoding=\"async\" data-nimg=\"1\" src=\"http:\/\/hoycordobaweb.com\/wp-content\/uploads\/2025\/01\/muniain-mas-afuera-que-adentro-del-debut-de-san-lorenzo-5.jpg\"><\/picture>\n<p><span>Mir\u00e1 tambi\u00e9n<\/span><\/p>\n<hr>\n<h3>Fassi anunci\u00f3 que Talleres tendr\u00e1 el estadio \u00abm\u00e1s moderno de Latinoam\u00e9rica\u00bb<\/h3>\n<\/p>\n<\/section>\n<\/div>\n<\/div>\n","protected":false},"excerpt":{"rendered":"<p>23\/01\/2025 21:59hs. Miguel \u00c1ngel Russo parec\u00eda tener todo definido para el encuentro de este s\u00e1bado frente a Talleres en el Pedro Bidegain. Los buenos rendientos del equipo en los amistosos de pretemporada en Uruguay (victorias contra Nacional y Pe\u00f1arol, y triunfo por penales con Independiente del Valle) hicieron que el entrenador buscara darle confianza a [&hellip;]<\/p>\n","protected":false},"author":1,"featured_media":95156,"comment_status":"open","ping_status":"closed","sticky":false,"template":"","format":"standard","meta":[],"categories":[16],"tags":[],"_links":{"self":[{"href":"http:\/\/hoycordobaweb.com\/index.php\/wp-json\/wp\/v2\/posts\/95155"}],"collection":[{"href":"http:\/\/hoycordobaweb.com\/index.php\/wp-json\/wp\/v2\/posts"}],"about":[{"href":"http:\/\/hoycordobaweb.com\/index.php\/wp-json\/wp\/v2\/types\/post"}],"author":[{"embeddable":true,"href":"http:\/\/hoycordobaweb.com\/index.php\/wp-json\/wp\/v2\/users\/1"}],"replies":[{"embeddable":true,"href":"http:\/\/hoycordobaweb.com\/index.php\/wp-json\/wp\/v2\/comments?post=95155"}],"version-history":[{"count":0,"href":"http:\/\/hoycordobaweb.com\/index.php\/wp-json\/wp\/v2\/posts\/95155\/revisions"}],"wp:featuredmedia":[{"embeddable":true,"href":"http:\/\/hoycordobaweb.com\/index.php\/wp-json\/wp\/v2\/media\/95156"}],"wp:attachment":[{"href":"http:\/\/hoycordobaweb.com\/index.php\/wp-json\/wp\/v2\/media?parent=95155"}],"wp:term":[{"taxonomy":"category","embeddable":true,"href":"http:\/\/hoycordobaweb.com\/index.php\/wp-json\/wp\/v2\/categories?post=95155"},{"taxonomy":"post_tag","embeddable":true,"href":"http:\/\/hoycordobaweb.com\/index.php\/wp-json\/wp\/v2\/tags?post=95155"}],"curies":[{"name":"wp","href":"https:\/\/api.w.org\/{rel}","templated":true}]}}