{"id":95153,"date":"2025-01-24T01:04:26","date_gmt":"2025-01-24T01:04:26","guid":{"rendered":"https:\/\/www.ole.com.ar\/velez\/valentin-gomez-foster-gillett-velez_0_iJs7vGQtS2.html"},"modified":"2025-01-24T01:04:26","modified_gmt":"2025-01-24T01:04:26","slug":"confirmado-foster-gillett-compro-el-pase-de-valentin-gomez","status":"publish","type":"post","link":"http:\/\/hoycordobaweb.com\/index.php\/2025\/01\/24\/confirmado-foster-gillett-compro-el-pase-de-valentin-gomez\/","title":{"rendered":"Confirmado: Foster Gillett compr\u00f3 el pase de Valent\u00edn G\u00f3mez"},"content":{"rendered":"<p><img src=\"http:\/\/hoycordobaweb.com\/wp-content\/uploads\/2025\/01\/confirmado-foster-gillett-compro-el-pase-de-valentin-gomez.jpg\"><\/p>\n<p><span class=\"createDate\">23\/01\/2025 22:04hs.<\/span><time class=\"modificatedDate\" datetime=\"2025-01-23T22:05:37-03:00\"> Actualizado al 23\/01\/2025 22:05hs.<\/time><\/p>\n<div id=\"storyBody\">\n<div class=\"custom-text \" readability=\"36.491315136476\">\n<p>El magnate sigue dando golpes sobre la mesa y ahora aterriz\u00f3 en Liniers para quedarse con uno de los mejores jugadores del f\u00fatbol argentino. Luego de dar el golpe para concretar la salida de Cristian Medina de Boca tras pagar la cl\u00e1usula de rescisi\u00f3n pactada en 15.000.000 de d\u00f3lares, <strong>el empresario ofert\u00f3 para quedarse <a href=\"https:\/\/www.ole.com.ar\/tema\/valentin-gomez.html\" title=\"Valent\u00edn G\u00f3mez\" alt=\"Valent\u00edn G\u00f3mez\" class=\"slug\">Valent\u00edn G\u00f3mez<\/a><\/strong> y, seg\u00fan pudo averiguar <strong>Ol\u00e9<\/strong>, emigrar\u00e1 al f\u00fatbol europeo. <\/p>\n<\/div>\n<p><h2><strong>Gillett aceler\u00f3 y se lleva a Valent\u00edn G\u00f3mez<\/strong><\/h2>\n<\/p>\n<div class=\"custom-text \" readability=\"41\">\n<p><strong>El Fort\u00edn atraviesa un momento complicado en su alcanc\u00eda, que es deficitaria y seg\u00fan explican desde la dirigencia, la necesidad de vender es urgente <\/strong>para cubrir los gastos del mercado pasado y llenar las arcas del club. Es por eso que la salida de Valent\u00edn G\u00f3mez, m\u00e1s all\u00e1 de ser una baja pesada, algo que se vio en el duelo de hoy frente a Tigre, es necesaria para oxigenar las finanzas en Liniers. Ahora y luego de un sinf\u00edn de idas y vueltas, desde la CD tiene pr\u00e1cticamente cerrada la salida del defensor. <\/p>\n<\/div>\n<div class=\"custom-text \" readability=\"41.718808193669\">\n<p><strong>La novela de <a href=\"https:\/\/www.ole.com.ar\/tema\/valentin-gomez.html\" title=\"Valent\u00edn G\u00f3mez\" alt=\"Valent\u00edn G\u00f3mez\" class=\"slug\">Valent\u00edn G\u00f3mez<\/a>, que parec\u00eda no tener fin, est\u00e1 cerca de resolverse.<\/strong> El joven defensor central, una de las mayores promesas del club, estuvo cerca de ser vendido al City Group y al Cruzeiro, pero las negociaciones se cayeron en ambas oportunidades. Claro, la primera de ellas se cay\u00f3 por una vieja lesi\u00f3n en la rodilla, mientras que su llegada a Belo Horizonte se frustr\u00f3 por diferencia en la forma de pago entre ambas dirigencias. Ahora, <strong>todo indica que finalmente dejar\u00e1 el Fort\u00edn para ir rumbo al f\u00fatbol europeo.<\/strong><\/p>\n<\/div>\n<div class=\"custom-text \" readability=\"35\">\n<p><strong>Seg\u00fan pudo averiguar Ol\u00e9 el acuerdo para su salida ser\u00eda con el grupo inversor de Foster Gillet que adquirir\u00eda el 90% de su pase por U$S 8.5 millones netos<\/strong>, dejando a V\u00e9lez el 10% restante para una futura venta. <strong>Este grupo luego lo ceder\u00eda al f\u00fatbol italiano. <\/strong><\/p>\n<\/div>\n<div class=\"custom-text \" readability=\"35\">\n<p>D\u00edas atr\u00e1s, fue el propio Berlanga quien hab\u00eda dicho que hab\u00eda llegado una nueva oferta por <strong>G\u00f3mez. \u201cExiste una oferta de U$S 8.5 millones netos. Estamos esperando que confirmen si lo har\u00e1n o no\u201d. <\/strong><\/p>\n<\/div>\n<div class=\"custom-text \" readability=\"37\">\n<p>Cabe destacar que si bien se hab\u00eda barajado la posibilidad de que el central jugar\u00e1 a pr\u00e9stamo en Estudiantes de la Plata, algo que ocurre con Cristian Medina luego de su salida de Boca, fue el propio defensor quien lanz\u00f3 un tuit en el que daba a entender que bajo ning\u00fan punto de vista iba a jugar en Argentina. <\/p>\n<\/div>\n<div class=\"sc-e7b891c4-0 ifHnQL image-embed\"><img alt=\"Valent\u00edn G\u00f3mez, con la Liga Profesional obtenida con V\u00e9lez en 2024.\" loading=\"lazy\" width=\"720\" height=\"100\" decoding=\"async\" data-nimg=\"1\" src=\"http:\/\/hoycordobaweb.com\/wp-content\/uploads\/2025\/01\/confirmado-foster-gillett-compro-el-pase-de-valentin-gomez-2.jpg\"><span class=\"epigraphe\">Valent\u00edn G\u00f3mez, con la Liga Profesional obtenida con V\u00e9lez en 2024.<\/span><\/div>\n<div class=\"sc-a7166897-0 eoLsBE\" readability=\"6\">\n<section readability=\"2\"><picture><img alt=\"\u00bfFinal millonario de la novela de Valent\u00edn G\u00f3mez?\" loading=\"lazy\" width=\"290\" height=\"290\" decoding=\"async\" data-nimg=\"1\" src=\"http:\/\/hoycordobaweb.com\/wp-content\/uploads\/2025\/01\/confirmado-foster-gillett-compro-el-pase-de-valentin-gomez-3.jpg\"><\/picture>\n<p><span>Mir\u00e1 tambi\u00e9n<\/span><\/p>\n<hr>\n<h3>\u00bfFinal millonario de la novela de Valent\u00edn G\u00f3mez?<\/h3>\n<\/p>\n<\/section>\n<\/div>\n<div class=\"sc-a7166897-0 eoLsBE\" readability=\"6\">\n<section readability=\"2\"><picture><img alt=\"Mercado de pases 2025: altas y bajas en medio del inicio del torneo\" loading=\"lazy\" width=\"290\" height=\"290\" decoding=\"async\" data-nimg=\"1\" src=\"http:\/\/hoycordobaweb.com\/wp-content\/uploads\/2025\/01\/confirmado-foster-gillett-compro-el-pase-de-valentin-gomez-4.jpg\"><\/picture>\n<p><span>Mir\u00e1 tambi\u00e9n<\/span><\/p>\n<hr>\n<h3>Mercado de pases 2025: altas y bajas en medio del inicio del torneo<\/h3>\n<\/p>\n<\/section>\n<\/div>\n<div class=\"sc-a7166897-0 eoLsBE\" readability=\"6\">\n<section readability=\"2\"><picture><img alt=\"Mercado de pases 2025: altas y bajas en medio del inicio del torneo\" loading=\"lazy\" width=\"290\" height=\"290\" decoding=\"async\" data-nimg=\"1\" src=\"http:\/\/hoycordobaweb.com\/wp-content\/uploads\/2025\/01\/confirmado-foster-gillett-compro-el-pase-de-valentin-gomez-4.jpg\"><\/picture>\n<p><span>Mir\u00e1 tambi\u00e9n<\/span><\/p>\n<hr>\n<h3>Mercado de pases 2025: altas y bajas en medio del inicio del torneo<\/h3>\n<\/p>\n<\/section>\n<\/div>\n<\/div>\n","protected":false},"excerpt":{"rendered":"<p>23\/01\/2025 22:04hs. Actualizado al 23\/01\/2025 22:05hs. El magnate sigue dando golpes sobre la mesa y ahora aterriz\u00f3 en Liniers para quedarse con uno de los mejores jugadores del f\u00fatbol argentino. Luego de dar el golpe para concretar la salida de Cristian Medina de Boca tras pagar la cl\u00e1usula de rescisi\u00f3n pactada en 15.000.000 de d\u00f3lares, [&hellip;]<\/p>\n","protected":false},"author":1,"featured_media":95154,"comment_status":"open","ping_status":"closed","sticky":false,"template":"","format":"standard","meta":[],"categories":[16],"tags":[],"_links":{"self":[{"href":"http:\/\/hoycordobaweb.com\/index.php\/wp-json\/wp\/v2\/posts\/95153"}],"collection":[{"href":"http:\/\/hoycordobaweb.com\/index.php\/wp-json\/wp\/v2\/posts"}],"about":[{"href":"http:\/\/hoycordobaweb.com\/index.php\/wp-json\/wp\/v2\/types\/post"}],"author":[{"embeddable":true,"href":"http:\/\/hoycordobaweb.com\/index.php\/wp-json\/wp\/v2\/users\/1"}],"replies":[{"embeddable":true,"href":"http:\/\/hoycordobaweb.com\/index.php\/wp-json\/wp\/v2\/comments?post=95153"}],"version-history":[{"count":0,"href":"http:\/\/hoycordobaweb.com\/index.php\/wp-json\/wp\/v2\/posts\/95153\/revisions"}],"wp:featuredmedia":[{"embeddable":true,"href":"http:\/\/hoycordobaweb.com\/index.php\/wp-json\/wp\/v2\/media\/95154"}],"wp:attachment":[{"href":"http:\/\/hoycordobaweb.com\/index.php\/wp-json\/wp\/v2\/media?parent=95153"}],"wp:term":[{"taxonomy":"category","embeddable":true,"href":"http:\/\/hoycordobaweb.com\/index.php\/wp-json\/wp\/v2\/categories?post=95153"},{"taxonomy":"post_tag","embeddable":true,"href":"http:\/\/hoycordobaweb.com\/index.php\/wp-json\/wp\/v2\/tags?post=95153"}],"curies":[{"name":"wp","href":"https:\/\/api.w.org\/{rel}","templated":true}]}}