{"id":95081,"date":"2025-01-24T08:35:34","date_gmt":"2025-01-24T08:35:34","guid":{"rendered":"https:\/\/www.espinof.com\/reality\/alex-ghita-tercer-expulsado-gh-duo-se-cabrea-al-descubrir-que-adara-ha-estado-rajando-parece-que-se-entrena-para-ello"},"modified":"2025-01-24T08:35:34","modified_gmt":"2025-01-24T08:35:34","slug":"alex-ghita-es-el-tercer-expulsado-de-gh-duo-y-se-cabrea-al-descubrir-que-adara-ha-estado-rajando-de-el-parece-que-se-entrena-para-ello","status":"publish","type":"post","link":"http:\/\/hoycordobaweb.com\/index.php\/2025\/01\/24\/alex-ghita-es-el-tercer-expulsado-de-gh-duo-y-se-cabrea-al-descubrir-que-adara-ha-estado-rajando-de-el-parece-que-se-entrena-para-ello\/","title":{"rendered":"\u00c1lex Ghita es el tercer expulsado de &#8216;GH D\u00fao&#8217; y se cabrea al descubrir que Adara ha estado rajando de \u00e9l. \u00abParece que se entrena para ello\u00bb"},"content":{"rendered":"<p>La gala del jueves de <a href=\"https:\/\/www.espinof.com\/tag\/gran-hermano-duo\">&#8216;GH D\u00fao&#8217;<\/a> arranc\u00f3 con el amago de abandono de Javi y tuvo su tercera expulsi\u00f3n: \u00c1lex Ghita fue el nuevo concursante eliminado y <strong>se mosque\u00f3 mucho al saber que Adara Molinero<\/strong>, su expareja, <strong>hab\u00eda estado hablando mal de \u00e9l a sus espaldas<\/strong>.<\/p>\n<p><!-- BREAK 1 --> <\/p>\n<h2>\u00abMi conciencia est\u00e1 muy tranquila\u00bb<\/h2>\n<p>La expulsi\u00f3n semanal de &#8216;GH D\u00fao&#8217; se sald\u00f3 anoche con una nueva v\u00edctima, la cosa estaba entre Manuel Cort\u00e9s y \u00c1lex Ghita, y fue el segundo quien cont\u00f3 con menos apoyo por parte de la audiencia: <strong>\u00abLa verdad es que me han hecho un gran favor<\/strong>. Pas\u00e9 una noche muy mala, <strong>ve\u00eda c\u00f3mo se iban a poner las cosas y prefiero estar fuera\u00bb<\/strong> coment\u00f3 el expulsado.<\/p>\n<p><!-- BREAK 2 --><\/p>\n<div class=\"article-asset-image article-asset-large article-asset-center\">\n<div class=\"asset-content\"> <img class height=\"1366\" width=\"2048\" loading=\"lazy\" decoding=\"async\" sizes=\"100vw\" fetchpriority=\"high\" srcset=\"http:\/\/hoycordobaweb.com\/wp-content\/uploads\/2025\/01\/alex-ghita-es-el-tercer-expulsado-de-gh-duo-y-se-cabrea-al-descubrir-que-adara-ha-estado-rajando-de-el-parece-que-se-entrena-para-ello.jpg 450w, http:\/\/hoycordobaweb.com\/wp-content\/uploads\/2025\/01\/alex-ghita-es-el-tercer-expulsado-de-gh-duo-y-se-cabrea-al-descubrir-que-adara-ha-estado-rajando-de-el-parece-que-se-entrena-para-ello-3.jpg 681w, http:\/\/hoycordobaweb.com\/wp-content\/uploads\/2025\/01\/alex-ghita-es-el-tercer-expulsado-de-gh-duo-y-se-cabrea-al-descubrir-que-adara-ha-estado-rajando-de-el-parece-que-se-entrena-para-ello-4.jpg 1024w, http:\/\/hoycordobaweb.com\/wp-content\/uploads\/2025\/01\/alex-ghita-es-el-tercer-expulsado-de-gh-duo-y-se-cabrea-al-descubrir-que-adara-ha-estado-rajando-de-el-parece-que-se-entrena-para-ello-5.jpg 1366w\" src=\"http:\/\/hoycordobaweb.com\/wp-content\/uploads\/2025\/01\/alex-ghita-es-el-tercer-expulsado-de-gh-duo-y-se-cabrea-al-descubrir-que-adara-ha-estado-rajando-de-el-parece-que-se-entrena-para-ello.jpg\" alt=\"Gh\"> <noscript><img alt=\"Gh\" class src=\"http:\/\/hoycordobaweb.com\/wp-content\/uploads\/2025\/01\/alex-ghita-es-el-tercer-expulsado-de-gh-duo-y-se-cabrea-al-descubrir-que-adara-ha-estado-rajando-de-el-parece-que-se-entrena-para-ello.jpg\"><\/noscript> <\/div>\n<\/div>\n<p>En su llegada al plat\u00f3 del reality,<strong> le pusieron las im\u00e1genes de Adara Molinero llam\u00e1ndole de todo menos guapo<\/strong> (y de su madre haciendo tres cuartos de lo mismo), y el ya exconcursante se sent\u00eda decepcionado pero no sorprendido:<\/p>\n<p><!-- BREAK 3 --> <\/p>\n<blockquote><p>\u00abNo me sorprende. Sigue siendo la misma refunfu\u00f1ona de siempre. Sigo opinando lo mismo de ella. Creo que es una chica incre\u00edble por fuera, por dentro como todo el mundo, virtudes y defectos. Algunos defectos pesan m\u00e1s que las virtudes\u00bb.<\/p><\/blockquote>\n<div class=\"article-asset article-asset-normal article-asset-center\">\n<div class=\"desvio-container\">\n<div class=\"desvio\">\n<div class=\"desvio-figure js-desvio-figure\"> <a href=\"https:\/\/www.espinof.com\/reality\/ana-herminia-segunda-expulsada-gh-duo-tiene-que-rendir-cuentas-su-falsa-acusacion-palabra-agresion-estuvo-mal\" class=\"pivot-outboundlink\" data-vars-post-title=\"Ana Herminia es la segunda expulsada de 'GH D\u00fao' y tiene que rendir cuentas por su falsa acusaci\u00f3n. &quot;La palabra agresi\u00f3n estuvo mal&quot;\"> <img loading=\"lazy\" alt=\"Ana Herminia es la segunda expulsada de 'GH D\u00fao' y tiene que rendir cuentas por su falsa acusaci\u00f3n. &quot;La palabra agresi\u00f3n estuvo mal&quot;\" width=\"375\" height=\"142\" src=\"http:\/\/hoycordobaweb.com\/wp-content\/uploads\/2025\/01\/alex-ghita-es-el-tercer-expulsado-de-gh-duo-y-se-cabrea-al-descubrir-que-adara-ha-estado-rajando-de-el-parece-que-se-entrena-para-ello-1.jpg\"> <\/a> <\/div><\/div><\/div>\n<\/div>\n<blockquote><p>\u00abElla es as\u00ed. Sab\u00eda que si alg\u00fan d\u00eda termin\u00e1bamos, por su parte iba a ser as\u00ed. No sabe terminar de otra manera. Yo he tenido otras parejas y nos llevamos superbi\u00e9n. Ella me echa en cara algo, cuando a m\u00ed ya se me hab\u00edan ofrecido realities antes de estar con ella. (&#8230;) No me pilla por sorpresa, pero es incre\u00edble. Se superan d\u00eda a d\u00eda, no s\u00e9 c\u00f3mo lo hacen, parece que se entrenan para ello. Mi conciencia est\u00e1 muy tranquila\u00bb.<\/p><\/blockquote>\n<p>De momento, no hubo enfrentamiento directo con Adara (dadle tiempo), pero Ghita estaba muy tranquilo con respecto a la realidad de las acusaciones. <strong>Los nominados de esta semana son Manuel y Sergio, \u00d3scar y Maica, Jos\u00e9 y Jeimy, Miguel Frigenti y Javi <\/strong>(todo el mundo menos Marieta, vaya).<\/p>\n<p><!-- BREAK 4 --><\/p>\n<p>En Espinof | <a class=\"text-outboundlink\" href=\"https:\/\/www.espinof.com\/listas\/que-fue-concursantes-gran-hermano-1\" data-vars-post-title=\"Qu\u00e9 fue de los concursantes de 'Gran Hermano 1' \" data-vars-post-url=\"https:\/\/www.espinof.com\/listas\/que-fue-concursantes-gran-hermano-1\">Qu\u00e9 fue de los concursantes de &#8216;Gran Hermano 1&#8217;<\/a><\/p>\n<p>En Espinof | <a class=\"text-outboundlink\" href=\"https:\/\/www.espinof.com\/listas\/9-mejores-peliculas-espanolas-2024-ahora\" data-vars-post-title=\"Las 19 mejores pel\u00edculas espa\u00f1olas de 2024\" data-vars-post-url=\"https:\/\/www.espinof.com\/listas\/9-mejores-peliculas-espanolas-2024-ahora\">Las mejores pel\u00edculas espa\u00f1olas de 2024<\/a><\/p>\n","protected":false},"excerpt":{"rendered":"<p>La gala del jueves de &#8216;GH D\u00fao&#8217; arranc\u00f3 con el amago de abandono de Javi y tuvo su tercera expulsi\u00f3n: \u00c1lex Ghita fue el nuevo concursante eliminado y se mosque\u00f3 mucho al saber que Adara Molinero, su expareja, hab\u00eda estado hablando mal de \u00e9l a sus espaldas. \u00abMi conciencia est\u00e1 muy tranquila\u00bb La expulsi\u00f3n semanal [&hellip;]<\/p>\n","protected":false},"author":1,"featured_media":95082,"comment_status":"open","ping_status":"closed","sticky":false,"template":"","format":"standard","meta":[],"categories":[10],"tags":[],"_links":{"self":[{"href":"http:\/\/hoycordobaweb.com\/index.php\/wp-json\/wp\/v2\/posts\/95081"}],"collection":[{"href":"http:\/\/hoycordobaweb.com\/index.php\/wp-json\/wp\/v2\/posts"}],"about":[{"href":"http:\/\/hoycordobaweb.com\/index.php\/wp-json\/wp\/v2\/types\/post"}],"author":[{"embeddable":true,"href":"http:\/\/hoycordobaweb.com\/index.php\/wp-json\/wp\/v2\/users\/1"}],"replies":[{"embeddable":true,"href":"http:\/\/hoycordobaweb.com\/index.php\/wp-json\/wp\/v2\/comments?post=95081"}],"version-history":[{"count":0,"href":"http:\/\/hoycordobaweb.com\/index.php\/wp-json\/wp\/v2\/posts\/95081\/revisions"}],"wp:featuredmedia":[{"embeddable":true,"href":"http:\/\/hoycordobaweb.com\/index.php\/wp-json\/wp\/v2\/media\/95082"}],"wp:attachment":[{"href":"http:\/\/hoycordobaweb.com\/index.php\/wp-json\/wp\/v2\/media?parent=95081"}],"wp:term":[{"taxonomy":"category","embeddable":true,"href":"http:\/\/hoycordobaweb.com\/index.php\/wp-json\/wp\/v2\/categories?post=95081"},{"taxonomy":"post_tag","embeddable":true,"href":"http:\/\/hoycordobaweb.com\/index.php\/wp-json\/wp\/v2\/tags?post=95081"}],"curies":[{"name":"wp","href":"https:\/\/api.w.org\/{rel}","templated":true}]}}