{"id":94937,"date":"2025-01-22T05:56:04","date_gmt":"2025-01-22T05:56:04","guid":{"rendered":"http:\/\/hoycordobaweb.com\/index.php\/2025\/01\/22\/el-vinculo-de-keylor-navas-con-argentina-sus-excompaneros-y-el-partido-contra-la-seleccion-espn\/"},"modified":"2025-01-22T05:56:04","modified_gmt":"2025-01-22T05:56:04","slug":"el-vinculo-de-keylor-navas-con-argentina-sus-excompaneros-y-el-partido-contra-la-seleccion-espn","status":"publish","type":"post","link":"http:\/\/hoycordobaweb.com\/index.php\/2025\/01\/22\/el-vinculo-de-keylor-navas-con-argentina-sus-excompaneros-y-el-partido-contra-la-seleccion-espn\/","title":{"rendered":"El v\u00ednculo de Keylor Navas con <b>Argentina<\/b>: sus excompa\u00f1eros y el partido contra la Selecci\u00f3n &#8211; ESPN"},"content":{"rendered":"<p>El arquero costarricense comparti\u00f3 equipo con Messi, Di Mar\u00eda, Paredes e Icardi y eligi\u00f3 al equipo de Scaloni para retirarse de su seleccionado. <\/p>\n","protected":false},"excerpt":{"rendered":"<p>El arquero costarricense comparti\u00f3 equipo con Messi, Di Mar\u00eda, Paredes e Icardi y eligi\u00f3 al equipo de Scaloni para retirarse de su seleccionado.<\/p>\n","protected":false},"author":1,"featured_media":0,"comment_status":"closed","ping_status":"closed","sticky":false,"template":"","format":"standard","meta":[],"categories":[22],"tags":[],"_links":{"self":[{"href":"http:\/\/hoycordobaweb.com\/index.php\/wp-json\/wp\/v2\/posts\/94937"}],"collection":[{"href":"http:\/\/hoycordobaweb.com\/index.php\/wp-json\/wp\/v2\/posts"}],"about":[{"href":"http:\/\/hoycordobaweb.com\/index.php\/wp-json\/wp\/v2\/types\/post"}],"author":[{"embeddable":true,"href":"http:\/\/hoycordobaweb.com\/index.php\/wp-json\/wp\/v2\/users\/1"}],"replies":[{"embeddable":true,"href":"http:\/\/hoycordobaweb.com\/index.php\/wp-json\/wp\/v2\/comments?post=94937"}],"version-history":[{"count":0,"href":"http:\/\/hoycordobaweb.com\/index.php\/wp-json\/wp\/v2\/posts\/94937\/revisions"}],"wp:attachment":[{"href":"http:\/\/hoycordobaweb.com\/index.php\/wp-json\/wp\/v2\/media?parent=94937"}],"wp:term":[{"taxonomy":"category","embeddable":true,"href":"http:\/\/hoycordobaweb.com\/index.php\/wp-json\/wp\/v2\/categories?post=94937"},{"taxonomy":"post_tag","embeddable":true,"href":"http:\/\/hoycordobaweb.com\/index.php\/wp-json\/wp\/v2\/tags?post=94937"}],"curies":[{"name":"wp","href":"https:\/\/api.w.org\/{rel}","templated":true}]}}