{"id":94669,"date":"2025-01-20T01:45:00","date_gmt":"2025-01-20T01:45:00","guid":{"rendered":"https:\/\/cordobaturismo.gov.ar\/?p=895795"},"modified":"2025-01-20T01:45:00","modified_gmt":"2025-01-20T01:45:00","slug":"cordoba-presente-en-fitur-2025","status":"publish","type":"post","link":"http:\/\/hoycordobaweb.com\/index.php\/2025\/01\/20\/cordoba-presente-en-fitur-2025\/","title":{"rendered":"C\u00f3rdoba presente en FITUR 2025"},"content":{"rendered":"<p>Del 22 al 26 de enero, la provincia de C\u00f3rdoba estar\u00e1 presente en la 45\u00aa edici\u00f3n de FITUR, una de las ferias internacionales de turismo m\u00e1s importantes del mundo, que se desarrollar\u00e1 en el predio de Ifema, Madrid. En esta edici\u00f3n, Argentina contar\u00e1 con un stand propio en el que se destacar\u00e1n sus atractivos tur\u00edsticos y se buscar\u00e1n consolidar acuerdos estrat\u00e9gicos con actores clave del sector.<\/p>\n<p>La delegaci\u00f3n argentina estar\u00e1 liderada por el secretario de Turismo, Deportes y Ambiente, Daniel Scioli, acompa\u00f1ado por representantes de doce provincias, seis c\u00e1maras del sector tur\u00edstico y cincuenta y siete empresas nacionales. Por C\u00f3rdoba, participar\u00e1 el presidente de la Agencia C\u00f3rdoba Turismo, Dar\u00edo Capitani, junto al director Diego Barberis, quienes impulsar\u00e1n la proyecci\u00f3n internacional de la provincia a trav\u00e9s de reuniones estrat\u00e9gicas y presentaciones destacadas.<\/p>\n<p>Entre los operadores tur\u00edsticos cordobeses que acompa\u00f1an la promoci\u00f3n de la provincia se encuentran Trip South Am\u00e9rica, Siga Turismo, Juan Toselli International Tours, Mediterr\u00e1nea Turismo y SETIL. Su participaci\u00f3n refuerza el compromiso del sector privado en posicionar a C\u00f3rdoba como un destino atractivo en el mercado global, con una oferta de servicios y productos de alta calidad.<\/p>\n<p>Durante la feria, C\u00f3rdoba destacar\u00e1 sus principales propuestas tur\u00edsticas, como el turismo m\u00e9dico, de salud y bienestar; deportes extremos y golf; ecoturismo y turismo rural; los Caminos del Vino y del Olivo; rutas esc\u00e9nicas y el patrimonio jesu\u00edtico. Adem\u00e1s, se pondr\u00e1 en valor el Camino de Brochero y su relevancia cultural e hist\u00f3rica, as\u00ed como los festivales y el turismo MICE, que consolidan a la provincia como un destino integral y diverso.<\/p>\n<p>La agenda de reuniones incluir\u00e1 encuentros con empresas y actores destacados, como Civitatis, Destino Argentina, Air Europa, Latin Tours SL y El Corte Ingl\u00e9s, adem\u00e1s de la participaci\u00f3n en la presentaci\u00f3n de las Rutas de Sudam\u00e9rica y el Legado Jesuita organizada por FEDESUD. Estas actividades buscan fortalecer la conectividad a\u00e9rea, promover productos tur\u00edsticos espec\u00edficos y generar nuevas alianzas estrat\u00e9gicas para ampliar el alcance internacional de C\u00f3rdoba.<\/p>\n<p>FITUR 2025 reunir\u00e1 a representantes de 145 pa\u00edses, cerca de 10 mil empresas y m\u00e1s de 150 mil profesionales del sector, consolid\u00e1ndose como un espacio clave para la promoci\u00f3n tur\u00edstica global.<\/p>\n<figure class=\"wp-block-image aligncenter size-full\"><img loading=\"lazy\" fetchpriority=\"high\" decoding=\"async\" width=\"664\" height=\"336\" src=\"http:\/\/hoycordobaweb.com\/wp-content\/uploads\/2025\/01\/cordoba-presente-en-fitur-2025.jpg\" alt class=\"wp-image-895796\" srcset=\"http:\/\/hoycordobaweb.com\/wp-content\/uploads\/2025\/01\/cordoba-presente-en-fitur-2025.jpg 664w, http:\/\/hoycordobaweb.com\/wp-content\/uploads\/2025\/01\/cordoba-presente-en-fitur-2025-1.jpg 300w\" sizes=\"(max-width: 664px) 100vw, 664px\"><\/figure>\n","protected":false},"excerpt":{"rendered":"<p>Del 22 al 26 de enero, la provincia de C\u00f3rdoba estar\u00e1 presente en la 45\u00aa edici\u00f3n de FITUR, una de las ferias internacionales de turismo m\u00e1s importantes del mundo, que se desarrollar\u00e1 en el predio de Ifema, Madrid. En esta edici\u00f3n, Argentina contar\u00e1 con un stand propio en el que se destacar\u00e1n sus atractivos tur\u00edsticos [&hellip;]<\/p>\n","protected":false},"author":1,"featured_media":94670,"comment_status":"closed","ping_status":"closed","sticky":false,"template":"","format":"standard","meta":[],"categories":[19],"tags":[],"_links":{"self":[{"href":"http:\/\/hoycordobaweb.com\/index.php\/wp-json\/wp\/v2\/posts\/94669"}],"collection":[{"href":"http:\/\/hoycordobaweb.com\/index.php\/wp-json\/wp\/v2\/posts"}],"about":[{"href":"http:\/\/hoycordobaweb.com\/index.php\/wp-json\/wp\/v2\/types\/post"}],"author":[{"embeddable":true,"href":"http:\/\/hoycordobaweb.com\/index.php\/wp-json\/wp\/v2\/users\/1"}],"replies":[{"embeddable":true,"href":"http:\/\/hoycordobaweb.com\/index.php\/wp-json\/wp\/v2\/comments?post=94669"}],"version-history":[{"count":0,"href":"http:\/\/hoycordobaweb.com\/index.php\/wp-json\/wp\/v2\/posts\/94669\/revisions"}],"wp:featuredmedia":[{"embeddable":true,"href":"http:\/\/hoycordobaweb.com\/index.php\/wp-json\/wp\/v2\/media\/94670"}],"wp:attachment":[{"href":"http:\/\/hoycordobaweb.com\/index.php\/wp-json\/wp\/v2\/media?parent=94669"}],"wp:term":[{"taxonomy":"category","embeddable":true,"href":"http:\/\/hoycordobaweb.com\/index.php\/wp-json\/wp\/v2\/categories?post=94669"},{"taxonomy":"post_tag","embeddable":true,"href":"http:\/\/hoycordobaweb.com\/index.php\/wp-json\/wp\/v2\/tags?post=94669"}],"curies":[{"name":"wp","href":"https:\/\/api.w.org\/{rel}","templated":true}]}}