{"id":94663,"date":"2025-01-19T21:01:30","date_gmt":"2025-01-19T21:01:30","guid":{"rendered":"https:\/\/www.trendencias.com\/belleza\/alla-unas-rojas-hay-vida-navy-blue-nails-se-convierten-tendencias-manicura-que-llevaremos"},"modified":"2025-01-19T21:01:30","modified_gmt":"2025-01-19T21:01:30","slug":"mas-alla-de-las-unas-rojas-hay-vida-las-navy-blue-nails-se-convierten-en-una-de-las-tendencias-de-manicura-que-mas-llevaremos","status":"publish","type":"post","link":"http:\/\/hoycordobaweb.com\/index.php\/2025\/01\/19\/mas-alla-de-las-unas-rojas-hay-vida-las-navy-blue-nails-se-convierten-en-una-de-las-tendencias-de-manicura-que-mas-llevaremos\/","title":{"rendered":"M\u00e1s all\u00e1 de las u\u00f1as rojas hay vida: las Navy Blue Nails se convierten en una de las tendencias de manicura que m\u00e1s llevaremos"},"content":{"rendered":"<p>S\u00ed, no vamos a negar que las <strong>u\u00f1as rojas <\/strong>suelen ser una de las opciones preferidas de la mayor\u00eda de nosotras. Y cuando hablamos de rojo, incluimos todas sus versiones, como los granates, <em>burgundy<\/em> y corales. Otra tambi\u00e9n que seguimos muchas es la de las <strong>u\u00f1as m\u00e1s naturales<\/strong>, pero hay que reconocer que hay vida m\u00e1s all\u00e1 y ya se est\u00e1n fraguando tonos que, sin duda, van a darnos mucho juego.<\/p>\n<p><!-- BREAK 1 --> <\/p>\n<div class=\"article-asset article-asset-normal article-asset-center\">\n<div class=\"desvio-container\">\n<div class=\"desvio\">\n<div class=\"desvio-figure js-desvio-figure\"> <a href=\"https:\/\/www.trendencias.com\/viajes\/era-uno-pueblos-pesqueros-bonitos-espana-ahora-han-pintado-gris-para-echar-a-turistas\" class=\"pivot-outboundlink\" data-vars-post-title=\"Era uno de los pueblos pesqueros m\u00e1s bonitos de Espa\u00f1a, pero ahora lo han pintado de gris para echar a los turistas \"> <img loading=\"lazy\" alt=\"Era uno de los pueblos pesqueros m\u00e1s bonitos de Espa\u00f1a, pero ahora lo han pintado de gris para echar a los turistas \" width=\"375\" height=\"142\" src=\"http:\/\/hoycordobaweb.com\/wp-content\/uploads\/2025\/01\/mas-alla-de-las-unas-rojas-hay-vida-las-navy-blue-nails-se-convierten-en-una-de-las-tendencias-de-manicura-que-mas-llevaremos.jpg\"> <\/a> <\/div><\/div><\/div>\n<\/div>\n<div class=\"article-asset-image article-asset-normal article-asset-center\">\n<div class=\"asset-content\"> <img class=\"centro_sinmarco\" height=\"1702\" width=\"1440\" loading=\"lazy\" decoding=\"async\" sizes=\"100vw\" fetchpriority=\"high\" srcset=\"http:\/\/hoycordobaweb.com\/wp-content\/uploads\/2025\/01\/mas-alla-de-las-unas-rojas-hay-vida-las-navy-blue-nails-se-convierten-en-una-de-las-tendencias-de-manicura-que-mas-llevaremos-1.jpg 450w, http:\/\/hoycordobaweb.com\/wp-content\/uploads\/2025\/01\/mas-alla-de-las-unas-rojas-hay-vida-las-navy-blue-nails-se-convierten-en-una-de-las-tendencias-de-manicura-que-mas-llevaremos-9.jpg 681w, http:\/\/hoycordobaweb.com\/wp-content\/uploads\/2025\/01\/mas-alla-de-las-unas-rojas-hay-vida-las-navy-blue-nails-se-convierten-en-una-de-las-tendencias-de-manicura-que-mas-llevaremos-10.jpg 1024w, http:\/\/hoycordobaweb.com\/wp-content\/uploads\/2025\/01\/mas-alla-de-las-unas-rojas-hay-vida-las-navy-blue-nails-se-convierten-en-una-de-las-tendencias-de-manicura-que-mas-llevaremos-11.jpg 1366w\" src=\"http:\/\/hoycordobaweb.com\/wp-content\/uploads\/2025\/01\/mas-alla-de-las-unas-rojas-hay-vida-las-navy-blue-nails-se-convierten-en-una-de-las-tendencias-de-manicura-que-mas-llevaremos-1.jpg\" alt=\"Navy Blue Nails\"> <noscript><img alt=\"Navy Blue Nails\" class=\"centro_sinmarco\" src=\"http:\/\/hoycordobaweb.com\/wp-content\/uploads\/2025\/01\/mas-alla-de-las-unas-rojas-hay-vida-las-navy-blue-nails-se-convierten-en-una-de-las-tendencias-de-manicura-que-mas-llevaremos-1.jpg\"><\/noscript> <\/div>\n<\/div>\n<p>As\u00ed, una de las tendencias en <a class=\"text-outboundlink\" href=\"https:\/\/www.trendencias.com\/belleza\/tendencias-unas-2024-estas-formas-disenos-colores-que-pegaran-fuerte\" data-vars-post-title=\"U\u00f1as 2025: las tendencias, colores y dise\u00f1os que m\u00e1s se llevan\" data-vars-post-url=\"https:\/\/www.trendencias.com\/belleza\/tendencias-unas-2024-estas-formas-disenos-colores-que-pegaran-fuerte\">u\u00f1as del 2025<\/a> va a ser, sin duda, las <strong>Navy Blue Nails <\/strong>o las u\u00f1as en tonos azul marino intensas. As\u00ed, se convierten en una alternativa perfecta a tonos m\u00e1s tradicionales y ya vemos en famosas como<a href=\"https:\/\/www.trendencias.com\/tag\/hailey-bieber\"> Hailey Bieber<\/a> que funcionan genial (y si lo dice Hailey nosotras confirmamos).<\/p>\n<p><!-- BREAK 2 --><\/p>\n<p>Y es que son un tono muy <strong>sofisticado y elegante, <\/strong>perfecta para llevar los meses m\u00e1s fr\u00edos del a\u00f1o, dando <strong>un toque de originalidad a <\/strong>nuestras manicuras y que funciona tambi\u00e9n en u\u00f1as cortas.<\/p>\n<p><!-- BREAK 3 --> <\/p>\n<p>Entre los esmaltes por los que podemos apostar tenemos muchas posibilidades entre los semipermanentes o normales. Nuestros favoritos son:<\/p>\n<div class=\"article-asset-image article-asset-normal article-asset-center\">\n<div class=\"asset-content\"> <img class=\"centro_sinmarco\" height=\"1200\" width=\"1200\" loading=\"lazy\" decoding=\"async\" sizes=\"100vw\" fetchpriority=\"high\" srcset=\"http:\/\/hoycordobaweb.com\/wp-content\/uploads\/2025\/01\/mas-alla-de-las-unas-rojas-hay-vida-las-navy-blue-nails-se-convierten-en-una-de-las-tendencias-de-manicura-que-mas-llevaremos-2.jpg 450w, http:\/\/hoycordobaweb.com\/wp-content\/uploads\/2025\/01\/mas-alla-de-las-unas-rojas-hay-vida-las-navy-blue-nails-se-convierten-en-una-de-las-tendencias-de-manicura-que-mas-llevaremos-12.jpg 681w, http:\/\/hoycordobaweb.com\/wp-content\/uploads\/2025\/01\/mas-alla-de-las-unas-rojas-hay-vida-las-navy-blue-nails-se-convierten-en-una-de-las-tendencias-de-manicura-que-mas-llevaremos-13.jpg 1024w, http:\/\/hoycordobaweb.com\/wp-content\/uploads\/2025\/01\/mas-alla-de-las-unas-rojas-hay-vida-las-navy-blue-nails-se-convierten-en-una-de-las-tendencias-de-manicura-que-mas-llevaremos-14.jpg 1366w\" src=\"http:\/\/hoycordobaweb.com\/wp-content\/uploads\/2025\/01\/mas-alla-de-las-unas-rojas-hay-vida-las-navy-blue-nails-se-convierten-en-una-de-las-tendencias-de-manicura-que-mas-llevaremos-2.jpg\" alt=\"Semilac\"> <noscript><img alt=\"Semilac\" class=\"centro_sinmarco\" src=\"http:\/\/hoycordobaweb.com\/wp-content\/uploads\/2025\/01\/mas-alla-de-las-unas-rojas-hay-vida-las-navy-blue-nails-se-convierten-en-una-de-las-tendencias-de-manicura-que-mas-llevaremos-2.jpg\"><\/noscript> <\/div>\n<\/div>\n<p>El<strong> 420 Safari Night Blue de Semilac<\/strong> que es un azul &nbsp;noche maravilloso. Su precio es de <a rel=\"noopener, noreferrer\" href=\"https:\/\/semilac.es\/es\/420-semilac-esmalte-semipermanente-safari-night-blue-7-ml\">8,72 euros.<\/a><\/p>\n<div class=\"article-asset-image article-asset-normal article-asset-center\">\n<div class=\"asset-content\"> <img class=\"centro_sinmarco\" height=\"750\" width=\"600\" loading=\"lazy\" decoding=\"async\" sizes=\"100vw\" fetchpriority=\"high\" srcset=\"http:\/\/hoycordobaweb.com\/wp-content\/uploads\/2025\/01\/mas-alla-de-las-unas-rojas-hay-vida-las-navy-blue-nails-se-convierten-en-una-de-las-tendencias-de-manicura-que-mas-llevaremos-3.jpg 450w, http:\/\/hoycordobaweb.com\/wp-content\/uploads\/2025\/01\/mas-alla-de-las-unas-rojas-hay-vida-las-navy-blue-nails-se-convierten-en-una-de-las-tendencias-de-manicura-que-mas-llevaremos-15.jpg 681w, http:\/\/hoycordobaweb.com\/wp-content\/uploads\/2025\/01\/mas-alla-de-las-unas-rojas-hay-vida-las-navy-blue-nails-se-convierten-en-una-de-las-tendencias-de-manicura-que-mas-llevaremos-16.jpg 1024w, http:\/\/hoycordobaweb.com\/wp-content\/uploads\/2025\/01\/mas-alla-de-las-unas-rojas-hay-vida-las-navy-blue-nails-se-convierten-en-una-de-las-tendencias-de-manicura-que-mas-llevaremos-17.jpg 1366w\" src=\"http:\/\/hoycordobaweb.com\/wp-content\/uploads\/2025\/01\/mas-alla-de-las-unas-rojas-hay-vida-las-navy-blue-nails-se-convierten-en-una-de-las-tendencias-de-manicura-que-mas-llevaremos-3.jpg\" alt=\"Neonail\"> <noscript><img alt=\"Neonail\" class=\"centro_sinmarco\" src=\"http:\/\/hoycordobaweb.com\/wp-content\/uploads\/2025\/01\/mas-alla-de-las-unas-rojas-hay-vida-las-navy-blue-nails-se-convierten-en-una-de-las-tendencias-de-manicura-que-mas-llevaremos-3.jpg\"><\/noscript> <\/div>\n<\/div>\n<p>EL <strong>Night Walks de Neonail <\/strong>que es un<strong> tono profundo y saturado <\/strong>con un precio de <a rel=\"noopener, noreferrer\" href=\"https:\/\/www.neonail-espana.es\/productos\/manicura\/esmaltes\/esmalte-semipermanente-72-ml-night-walks.html?fv%5B15%5D%5B176%5D=176&amp;opener=\">10,99 euros.<\/a><\/p>\n<div class=\"article-asset-image article-asset-normal article-asset-center\">\n<div class=\"asset-content\"> <img class=\"centro_sinmarco\" height=\"997\" width=\"900\" loading=\"lazy\" decoding=\"async\" sizes=\"100vw\" fetchpriority=\"high\" srcset=\"http:\/\/hoycordobaweb.com\/wp-content\/uploads\/2025\/01\/mas-alla-de-las-unas-rojas-hay-vida-las-navy-blue-nails-se-convierten-en-una-de-las-tendencias-de-manicura-que-mas-llevaremos-4.jpg 450w, http:\/\/hoycordobaweb.com\/wp-content\/uploads\/2025\/01\/mas-alla-de-las-unas-rojas-hay-vida-las-navy-blue-nails-se-convierten-en-una-de-las-tendencias-de-manicura-que-mas-llevaremos-18.jpg 681w, http:\/\/hoycordobaweb.com\/wp-content\/uploads\/2025\/01\/mas-alla-de-las-unas-rojas-hay-vida-las-navy-blue-nails-se-convierten-en-una-de-las-tendencias-de-manicura-que-mas-llevaremos-19.jpg 1024w, http:\/\/hoycordobaweb.com\/wp-content\/uploads\/2025\/01\/mas-alla-de-las-unas-rojas-hay-vida-las-navy-blue-nails-se-convierten-en-una-de-las-tendencias-de-manicura-que-mas-llevaremos-20.jpg 1366w\" src=\"http:\/\/hoycordobaweb.com\/wp-content\/uploads\/2025\/01\/mas-alla-de-las-unas-rojas-hay-vida-las-navy-blue-nails-se-convierten-en-una-de-las-tendencias-de-manicura-que-mas-llevaremos-4.jpg\" alt=\"Opi 1\"> <noscript><img alt=\"Opi 1\" class=\"centro_sinmarco\" src=\"http:\/\/hoycordobaweb.com\/wp-content\/uploads\/2025\/01\/mas-alla-de-las-unas-rojas-hay-vida-las-navy-blue-nails-se-convierten-en-una-de-las-tendencias-de-manicura-que-mas-llevaremos-4.jpg\"><\/noscript> <\/div>\n<\/div>\n<p>El<strong> &#8216;Midnight Mantra&#8217; de OPI Infinite Shine <\/strong>que es tambi\u00e9n intenso, profundo y muy brillante con un precio de <a rel=\"nofollow, sponsored, noopener, noreferrer noopener\" target=\"_blank\" class=\"js-ecommerce\" id=\"link-ecommerce-1\" href=\"https:\/\/www.trendencias.com\/redirect?url=https%3A%2F%2Fwww.elcorteingles.es%2Fperfumeria%2FA45073727-esmalte-de-unas-nail-lacquer-midnight-mantra-opi%2F&amp;category=belleza&amp;ecomPostExpiration=not_classified&amp;postId=638780\" data-vars-affiliate-url=\"https:\/\/www.elcorteingles.es\/perfumeria\/A45073727-esmalte-de-unas-nail-lacquer-midnight-mantra-opi\/\">14,32 euros.<\/a><\/p>\n<p><!-- PIVOT START --><\/p>\n<div class=\"pivot-ecommerce-container m-pivot-ecommerce-redesign article-asset-normal article-asset-center\" readability=\"21.793103448276\">\n<div class=\"pivot-ecommerce\">\n<div class=\"pivot-ecommerce-figure\"> <a rel=\"nofollow, sponsored, noopener, noreferrer noopener\" target=\"_blank\" href=\"https:\/\/www.trendencias.com\/redirect?url=https%3A%2F%2Fwww.elcorteingles.es%2Fperfumeria%2FA45073727-esmalte-de-unas-nail-lacquer-midnight-mantra-opi%2F&amp;category=belleza&amp;pivot=1&amp;ecomPostExpiration=not_classified&amp;postId=638780\"> <img loading=\"lazy\" alt=\"Esmalte de Opi\" width=\"899\" height=\"900\" src=\"http:\/\/hoycordobaweb.com\/wp-content\/uploads\/2025\/01\/mas-alla-de-las-unas-rojas-hay-vida-las-navy-blue-nails-se-convierten-en-una-de-las-tendencias-de-manicura-que-mas-llevaremos-5.jpg\"> <\/a> <\/div>\n<div class=\"pivot-ecommerce-summary\">\n<p class=\"pivot-ecommerce-desc\">Esmalte de Opi<\/p>\n<\/p><\/div><\/div>\n<p>* Alg\u00fan precio puede haber cambiado desde la \u00faltima revisi\u00f3n<\/p>\n<\/p><\/div>\n<p><!-- PIVOT END --><\/p>\n<div class=\"article-asset-image article-asset-normal article-asset-center\">\n<div class=\"asset-content\"> <img class=\"centro_sinmarco\" height=\"997\" width=\"900\" loading=\"lazy\" decoding=\"async\" sizes=\"100vw\" fetchpriority=\"high\" srcset=\"http:\/\/hoycordobaweb.com\/wp-content\/uploads\/2025\/01\/mas-alla-de-las-unas-rojas-hay-vida-las-navy-blue-nails-se-convierten-en-una-de-las-tendencias-de-manicura-que-mas-llevaremos-6.jpg 450w, http:\/\/hoycordobaweb.com\/wp-content\/uploads\/2025\/01\/mas-alla-de-las-unas-rojas-hay-vida-las-navy-blue-nails-se-convierten-en-una-de-las-tendencias-de-manicura-que-mas-llevaremos-21.jpg 681w, http:\/\/hoycordobaweb.com\/wp-content\/uploads\/2025\/01\/mas-alla-de-las-unas-rojas-hay-vida-las-navy-blue-nails-se-convierten-en-una-de-las-tendencias-de-manicura-que-mas-llevaremos-22.jpg 1024w, http:\/\/hoycordobaweb.com\/wp-content\/uploads\/2025\/01\/mas-alla-de-las-unas-rojas-hay-vida-las-navy-blue-nails-se-convierten-en-una-de-las-tendencias-de-manicura-que-mas-llevaremos-23.jpg 1366w\" src=\"http:\/\/hoycordobaweb.com\/wp-content\/uploads\/2025\/01\/mas-alla-de-las-unas-rojas-hay-vida-las-navy-blue-nails-se-convierten-en-una-de-las-tendencias-de-manicura-que-mas-llevaremos-6.jpg\" alt=\"Essie 1\"> <noscript><img alt=\"Essie 1\" class=\"centro_sinmarco\" src=\"http:\/\/hoycordobaweb.com\/wp-content\/uploads\/2025\/01\/mas-alla-de-las-unas-rojas-hay-vida-las-navy-blue-nails-se-convierten-en-una-de-las-tendencias-de-manicura-que-mas-llevaremos-6.jpg\"><\/noscript> <\/div>\n<\/div>\n<p>Y tambi\u00e9n tenemos que recomendar el Tono 550 Feel The Hype de Essie que tiene un precio de <a rel=\"nofollow, sponsored, noopener, noreferrer noopener\" target=\"_blank\" class=\"js-ecommerce\" id=\"link-ecommerce-2\" href=\"https:\/\/www.trendencias.com\/redirect?url=https%3A%2F%2Fwww.amazon.es%2FEsmalte-ExprEssie-Secado-%25C3%2593ptimo-Aplicaci%25C3%25B3n%2Fdp%2FB0CTZZ9TN8%2Fref%3Dsr_1_8%3F__mk_es_ES%3D%25C3%2585M%25C3%2585%25C5%25BD%25C3%2595%25C3%2591%26crid%3DVGBNNJSC5QH8%26dib%3DeyJ2IjoiMSJ9.qdbu9OB__Alcbsf5MhbLqRDzrOgPidpYmFEvHGeW875NwswvlxHAxTGOzRAgCUJkHO8ZeH509qGGo2KSQkjJshNXha9JOSQtV9kTGH7diPqbRu5ZhIVCRXsp9Ln9GkhLGZ5RPBWS3NPOSvelXXXpRxjlJi2NMhPKB3zeOA9696JzW6FWXozIepTP02i5sBJpphmsKulx3FwPcBQ4YzD2A8IjZYzZz6lY44f2ziF9IsN4I6_VDjGliMMLRbMBoE4LE24saJ10HiqP_33gBQqQKpi-MPhbuEbUT77DP-xANlFo6lZA40dmQhyRTFiDQRVdyZ6GllNNZ6NNYwi3nqbDsExE-gzK7r57LdW2qvtCHdC_N_wrtCJMAYxo_vOPmw1Au9kkx56BY-ADUYMtYR6_qH_WOSanSDQaBd1ahhu3x4jb64DWn-fDUO2ppxCVmkM_.Wab1eUnRlDw72l9MoUHQkufYWdLkEaektuOaDIQvQ7o%26dib_tag%3Dse%26keywords%3Dessie%2Bazul%2Bmarino%26nsdOptOutParam%3Dtrue%26qid%3D1737319170%26rdc%3D1%26sprefix%3Dessie%2Bazul%2Bmarino%252Caps%252C156%26sr%3D8-8&amp;category=belleza&amp;ecomPostExpiration=not_classified&amp;postId=638780\" data-vars-affiliate-url=\"https:\/\/www.amazon.es\/Esmalte-ExprEssie-Secado-%C3%93ptimo-Aplicaci%C3%B3n\/dp\/B0CTZZ9TN8\/ref=sr_1_8?__mk_es_ES=%C3%85M%C3%85%C5%BD%C3%95%C3%91&amp;crid=VGBNNJSC5QH8&amp;dib=eyJ2IjoiMSJ9.qdbu9OB__Alcbsf5MhbLqRDzrOgPidpYmFEvHGeW875NwswvlxHAxTGOzRAgCUJkHO8ZeH509qGGo2KSQkjJshNXha9JOSQtV9kTGH7diPqbRu5ZhIVCRXsp9Ln9GkhLGZ5RPBWS3NPOSvelXXXpRxjlJi2NMhPKB3zeOA9696JzW6FWXozIepTP02i5sBJpphmsKulx3FwPcBQ4YzD2A8IjZYzZz6lY44f2ziF9IsN4I6_VDjGliMMLRbMBoE4LE24saJ10HiqP_33gBQqQKpi-MPhbuEbUT77DP-xANlFo6lZA40dmQhyRTFiDQRVdyZ6GllNNZ6NNYwi3nqbDsExE-gzK7r57LdW2qvtCHdC_N_wrtCJMAYxo_vOPmw1Au9kkx56BY-ADUYMtYR6_qH_WOSanSDQaBd1ahhu3x4jb64DWn-fDUO2ppxCVmkM_.Wab1eUnRlDw72l9MoUHQkufYWdLkEaektuOaDIQvQ7o&amp;dib_tag=se&amp;keywords=essie+azul+marino&amp;nsdOptOutParam=true&amp;qid=1737319170&amp;rdc=1&amp;sprefix=essie+azul+marino%2Caps%2C156&amp;sr=8-8\">10,90 euros.<\/a><\/p>\n<p><!-- PIVOT START --><\/p>\n<div class=\"pivot-ecommerce-container m-pivot-ecommerce-redesign article-asset-normal article-asset-center\" readability=\"27.27868852459\">\n<div class=\"pivot-ecommerce\" readability=\"5.4117647058824\">\n<div class=\"pivot-ecommerce-figure\"> <a rel=\"nofollow, sponsored, noopener, noreferrer noopener\" target=\"_blank\" href=\"https:\/\/www.trendencias.com\/redirect?url=https%3A%2F%2Fwww.amazon.es%2Fdp%2FB0CTZZ9TN8%3Ftag%3Dtrendencias-21%26linkCode%3Dogi%26th%3D1%26psc%3D1&amp;category=belleza&amp;pivot=1&amp;ecomPostExpiration=not_classified&amp;postId=638780\"> <img loading=\"lazy\" alt=\"Essie Esmalte de u\u00f1as ExprEssie Secado \u00d3ptimo, F\u00e1cil Aplicaci\u00f3n, Tono 550 Feel The Hype\" width=\"500\" height=\"500\" src=\"http:\/\/hoycordobaweb.com\/wp-content\/uploads\/2025\/01\/mas-alla-de-las-unas-rojas-hay-vida-las-navy-blue-nails-se-convierten-en-una-de-las-tendencias-de-manicura-que-mas-llevaremos-7.jpg\"> <\/a> <\/div>\n<div class=\"pivot-ecommerce-summary\" readability=\"6.9579831932773\">\n<p class=\"pivot-ecommerce-desc\">Essie Esmalte de u\u00f1as ExprEssie Secado \u00d3ptimo, F\u00e1cil Aplicaci\u00f3n, Tono 550 Feel The Hype<\/p>\n<\/p><\/div><\/div>\n<p>* Alg\u00fan precio puede haber cambiado desde la \u00faltima revisi\u00f3n<\/p>\n<\/p><\/div>\n<p><!-- PIVOT END --><\/p>\n<p><em>Nota: algunos de los enlaces de este art\u00edculo son afiliados y pueden reportar un beneficio a Trendencias<\/em><\/p>\n<p>Fotos | <a rel=\"noopener, noreferrer\" href=\"https:\/\/www.instagram.com\/haileybieber\/\">@haileybieber<\/a><\/p>\n<p>En Trendencias | <a class=\"text-outboundlink\" href=\"https:\/\/www.trendencias.com\/belleza\/acrilatos-unas-semipermanentes\" data-vars-post-title=\"Acrilatos en los esmaltes de u\u00f1as: qu\u00e9 son y cu\u00e1les son los peligros de una manicura permanente\" data-vars-post-url=\"https:\/\/www.trendencias.com\/belleza\/acrilatos-unas-semipermanentes\">Acrilatos en los esmaltes de u\u00f1as: qu\u00e9 son y cu\u00e1les son los peligros de una manicura permanente<\/a><\/p>\n<p>En Trendencias | <a class=\"text-outboundlink\" href=\"https:\/\/www.trendencias.com\/belleza\/mascarillas-pelo-reparadoras-para-verano-cual-mejor-comprar-consejos-recomendaciones\" data-vars-post-title=\"Mascarillas de pelo reparadoras para el verano: \u00bfcu\u00e1l es mejor comprar? Consejos y recomendaciones\" data-vars-post-url=\"https:\/\/www.trendencias.com\/belleza\/mascarillas-pelo-reparadoras-para-verano-cual-mejor-comprar-consejos-recomendaciones\">Mascarillas de pelo reparadoras para el verano: \u00bfcu\u00e1l es mejor comprar? Consejos y recomendaciones<\/a><\/p>\n","protected":false},"excerpt":{"rendered":"<p>S\u00ed, no vamos a negar que las u\u00f1as rojas suelen ser una de las opciones preferidas de la mayor\u00eda de nosotras. Y cuando hablamos de rojo, incluimos todas sus versiones, como los granates, burgundy y corales. Otra tambi\u00e9n que seguimos muchas es la de las u\u00f1as m\u00e1s naturales, pero hay que reconocer que hay vida [&hellip;]<\/p>\n","protected":false},"author":1,"featured_media":94664,"comment_status":"closed","ping_status":"closed","sticky":false,"template":"","format":"standard","meta":[],"categories":[],"tags":[],"_links":{"self":[{"href":"http:\/\/hoycordobaweb.com\/index.php\/wp-json\/wp\/v2\/posts\/94663"}],"collection":[{"href":"http:\/\/hoycordobaweb.com\/index.php\/wp-json\/wp\/v2\/posts"}],"about":[{"href":"http:\/\/hoycordobaweb.com\/index.php\/wp-json\/wp\/v2\/types\/post"}],"author":[{"embeddable":true,"href":"http:\/\/hoycordobaweb.com\/index.php\/wp-json\/wp\/v2\/users\/1"}],"replies":[{"embeddable":true,"href":"http:\/\/hoycordobaweb.com\/index.php\/wp-json\/wp\/v2\/comments?post=94663"}],"version-history":[{"count":0,"href":"http:\/\/hoycordobaweb.com\/index.php\/wp-json\/wp\/v2\/posts\/94663\/revisions"}],"wp:featuredmedia":[{"embeddable":true,"href":"http:\/\/hoycordobaweb.com\/index.php\/wp-json\/wp\/v2\/media\/94664"}],"wp:attachment":[{"href":"http:\/\/hoycordobaweb.com\/index.php\/wp-json\/wp\/v2\/media?parent=94663"}],"wp:term":[{"taxonomy":"category","embeddable":true,"href":"http:\/\/hoycordobaweb.com\/index.php\/wp-json\/wp\/v2\/categories?post=94663"},{"taxonomy":"post_tag","embeddable":true,"href":"http:\/\/hoycordobaweb.com\/index.php\/wp-json\/wp\/v2\/tags?post=94663"}],"curies":[{"name":"wp","href":"https:\/\/api.w.org\/{rel}","templated":true}]}}