{"id":94655,"date":"2025-01-19T15:38:52","date_gmt":"2025-01-19T15:38:52","guid":{"rendered":"https:\/\/www.mujerhoy.com\/moda\/tendencias\/abrigo-basicos-baratos-invierno-nuevo-zara-20250119163843-nt.html"},"modified":"2025-01-19T15:38:52","modified_gmt":"2025-01-19T15:38:52","slug":"este-es-el-abrigo-tendencia-de-la-temporada-que-obsesiona-a-las-expertas-en-moda-elegante-y-calentito","status":"publish","type":"post","link":"http:\/\/hoycordobaweb.com\/index.php\/2025\/01\/19\/este-es-el-abrigo-tendencia-de-la-temporada-que-obsesiona-a-las-expertas-en-moda-elegante-y-calentito\/","title":{"rendered":"Este es el abrigo tendencia de la temporada que obsesiona a las expertas en moda: elegante y calentito"},"content":{"rendered":"<p><!-- AUTHOR --> <\/p>\n<div class=\"voc-author-timesocial \"> <!-- AUTHOR --> <\/p>\n<div class=\"voc-author-timesocial__signature \">\n<div class=\"voc-author-timesocial__img-c\"> <!-- IMAGE AUTHOR --> <picture class=\"voc-image-signature\"> <img class=\"voc-image-signature__img\" src=\"http:\/\/hoycordobaweb.com\/wp-content\/uploads\/2025\/01\/este-es-el-abrigo-tendencia-de-la-temporada-que-obsesiona-a-las-expertas-en-moda-elegante-y-calentito.jpg\" alt=\"Gemma Cano\"> <\/picture> <\/div>\n<p> <!-- INFO AUTHOR --> <\/p>\n<div class=\"voc-author-timesocial__info\" data-mrf-recirculation=\"Autor\">\n<div class=\"voc-author-info\"> <author> <a class=\"voc-author\" href=\"https:\/\/www.mujerhoy.com\/autor\/gemma-cano-1220.html\" data-mrf-link=\"https:\/\/www.mujerhoy.com\/autor\/gemma-cano-1220.html\">Gemma Cano<\/a> <\/author> <time datetime=\"2025-01-19T15:38:52Z\" data-timestamp>Publicado \u00b7 <span data-voc-date-modified-short>19 de enero de 2025, 16:38 h<\/span><\/time> <\/div><\/div><\/div><\/div>\n<p> <!-- COMPONENTS --> <\/p>\n<p class=\"voc-paragraph\" data-mrf-recirculation=\"Link art\u00edculo\">Encontrar la prenda de abrigo perfecta para lucir tanto de d\u00eda como de noche a veces no es una tarea f\u00e1cil. Y esta temporada hay una propuesta que re\u00fane todos los requisitos: <strong>C\u00e1lidos, c\u00f3modos, vers\u00e1tiles y elegantes<\/strong>. Hablamos del abrigo de pelo, en su versi\u00f3n m\u00e1s sofisticada.\n<\/p>\n<div class=\"voc-detail-photo-zoom\"> <picture data-toggle=\"modal\" data-target=\"#photoZoomModal-501\" target=\"modal\">\n<div class=\"voc-img-icon-link\"> <img loading=\"lazy\" src=\"http:\/\/hoycordobaweb.com\/wp-content\/uploads\/2025\/01\/este-es-el-abrigo-tendencia-de-la-temporada-que-obsesiona-a-las-expertas-en-moda-elegante-y-calentito-1.jpg\" width=\"650\" height=\"900\"> <noscript> <img src=\"http:\/\/hoycordobaweb.com\/wp-content\/uploads\/2025\/01\/este-es-el-abrigo-tendencia-de-la-temporada-que-obsesiona-a-las-expertas-en-moda-elegante-y-calentito-1.jpg\"> <\/noscript> <i class=\"voc-icons zoom voc-multimedia-box voc-ico-l\"><\/i> <\/div><figcaption class=\"figure-caption\"><\/figcaption><\/picture>\n<\/div>\n<div id=\"photoZoomModal-501\" class=\"voc-lightbox modal fade voc-lightbox--photo-zoom\" role=\"dialog\" data-voc-photozoom-lightbox>\n<div class=\"voc-lightbox__dialog\" role=\"document\">\n<div class=\"voc-lightbox__content\"> <!-- Modal header --> <!-- Modal content --> <\/p>\n<div class=\"voc-lightbox__photo-container\"> <picture class> <img loading=\"lazy\" src=\"http:\/\/hoycordobaweb.com\/wp-content\/uploads\/2025\/01\/este-es-el-abrigo-tendencia-de-la-temporada-que-obsesiona-a-las-expertas-en-moda-elegante-y-calentito-1.jpg\"> <noscript> <img src=\"http:\/\/hoycordobaweb.com\/wp-content\/uploads\/2025\/01\/este-es-el-abrigo-tendencia-de-la-temporada-que-obsesiona-a-las-expertas-en-moda-elegante-y-calentito-1.jpg\"> <\/noscript> <\/picture> <\/div><\/div><\/div>\n<\/div>\n<p class=\"voc-paragraph\" data-mrf-recirculation=\"Link art\u00edculo\">Aunque las rebajas ya han comenzado, hay vida dentro de los <a data-voc-vtm-id=\"in-text-traffic\" href=\"https:\/\/www.mujerhoy.com\/moda\/no-te-pierdas\/nuevo-zara-vestido-baratos-basicos-navidad-20241231063414-nt.html\" data-mrf-link=\"https:\/\/www.mujerhoy.com\/moda\/no-te-pierdas\/nuevo-zara-vestido-baratos-basicos-navidad-20241231063414-nt.html\">avances de colecci\u00f3n<\/a><br \/>\n. Ahora mismo las opciones son infinitas: cortos o midi, con cintur\u00f3n o doble botonadura, en blanco o marr\u00f3n\u2026 lo dif\u00edcil ser\u00e1 elegir solo uno. \u00bfCu\u00e1l es tu favorito de las nuevas colecciones?\n<\/p>\n<div class=\"voc-detail-photo-zoom\"> <picture data-toggle=\"modal\" data-target=\"#photoZoomModal-993\" target=\"modal\">\n<div class=\"voc-img-icon-link\"> <img loading=\"lazy\" src=\"http:\/\/hoycordobaweb.com\/wp-content\/uploads\/2025\/01\/este-es-el-abrigo-tendencia-de-la-temporada-que-obsesiona-a-las-expertas-en-moda-elegante-y-calentito-2.jpg\" width=\"650\" height=\"900\"> <noscript> <img src=\"http:\/\/hoycordobaweb.com\/wp-content\/uploads\/2025\/01\/este-es-el-abrigo-tendencia-de-la-temporada-que-obsesiona-a-las-expertas-en-moda-elegante-y-calentito-2.jpg\"> <\/noscript> <i class=\"voc-icons zoom voc-multimedia-box voc-ico-l\"><\/i> <\/div><figcaption class=\"figure-caption\"><\/figcaption><\/picture>\n<\/div>\n<div id=\"photoZoomModal-993\" class=\"voc-lightbox modal fade voc-lightbox--photo-zoom\" role=\"dialog\" data-voc-photozoom-lightbox>\n<div class=\"voc-lightbox__dialog\" role=\"document\">\n<div class=\"voc-lightbox__content\"> <!-- Modal header --> <!-- Modal content --> <\/p>\n<div class=\"voc-lightbox__photo-container\"> <picture class> <img loading=\"lazy\" src=\"http:\/\/hoycordobaweb.com\/wp-content\/uploads\/2025\/01\/este-es-el-abrigo-tendencia-de-la-temporada-que-obsesiona-a-las-expertas-en-moda-elegante-y-calentito-2.jpg\"> <noscript> <img src=\"http:\/\/hoycordobaweb.com\/wp-content\/uploads\/2025\/01\/este-es-el-abrigo-tendencia-de-la-temporada-que-obsesiona-a-las-expertas-en-moda-elegante-y-calentito-2.jpg\"> <\/noscript> <\/picture> <\/div><\/div><\/div>\n<\/div>\n<p class=\"voc-paragraph\" data-mrf-recirculation=\"Link art\u00edculo\">Aunque el <a data-voc-vtm-id=\"in-text-traffic\" href=\"https:\/\/www.mujerhoy.com\/moda\/no-te-pierdas\/abrigo-zara-marron-mas-vendido-rebajas-20250104132148-nt.html\" data-mrf-link=\"https:\/\/www.mujerhoy.com\/moda\/no-te-pierdas\/abrigo-zara-marron-mas-vendido-rebajas-20250104132148-nt.html\">abrigo<\/a> de lana es el b\u00e1sico totalmente imbatible del armario de invierno, hay otras opciones mucho m\u00e1s interesantes. Apuesta por un dise\u00f1o de pelo, <strong>una pieza realmente especial que podr\u00e1s llevar durante muchas temporadas<\/strong>.\n<\/p>\n<div class=\"voc-detail-photo-zoom\"> <picture data-toggle=\"modal\" data-target=\"#photoZoomModal-307\" target=\"modal\">\n<div class=\"voc-img-icon-link\"> <img loading=\"lazy\" src=\"http:\/\/hoycordobaweb.com\/wp-content\/uploads\/2025\/01\/este-es-el-abrigo-tendencia-de-la-temporada-que-obsesiona-a-las-expertas-en-moda-elegante-y-calentito-3.jpg\" width=\"460\" height=\"637\" alt=\"Abrigo de pelo de Zara (89,99 euros)\"> <noscript> <img src=\"http:\/\/hoycordobaweb.com\/wp-content\/uploads\/2025\/01\/este-es-el-abrigo-tendencia-de-la-temporada-que-obsesiona-a-las-expertas-en-moda-elegante-y-calentito-3.jpg\" alt=\"Abrigo de pelo de Zara (89,99 euros)\"> <\/noscript> <i class=\"voc-icons zoom voc-multimedia-box voc-ico-l\"><\/i> <\/div><figcaption class=\"figure-caption\">Abrigo de pelo de Zara (89,99 euros)<\/figcaption><\/picture>\n<\/div>\n<div id=\"photoZoomModal-307\" class=\"voc-lightbox modal fade voc-lightbox--photo-zoom\" role=\"dialog\" data-voc-photozoom-lightbox>\n<div class=\"voc-lightbox__dialog\" role=\"document\">\n<div class=\"voc-lightbox__content\"> <!-- Modal header --> <!-- Modal content --> <\/p>\n<div class=\"voc-lightbox__photo-container\"> <picture class> <img loading=\"lazy\" src=\"http:\/\/hoycordobaweb.com\/wp-content\/uploads\/2025\/01\/este-es-el-abrigo-tendencia-de-la-temporada-que-obsesiona-a-las-expertas-en-moda-elegante-y-calentito-3.jpg\" alt=\"Abrigo de pelo de Zara (89,99 euros)\"> <noscript> <img src=\"http:\/\/hoycordobaweb.com\/wp-content\/uploads\/2025\/01\/este-es-el-abrigo-tendencia-de-la-temporada-que-obsesiona-a-las-expertas-en-moda-elegante-y-calentito-3.jpg\" alt=\"Abrigo de pelo de Zara (89,99 euros)\"> <\/noscript> <\/picture> <\/div><\/div><\/div>\n<\/div>\n<p><h3 class=\"voc-detail__title\"> Abrigo de pelo de Zara (89,99 euros)<br \/>\n<\/h3>\n<\/p>\n<p class=\"voc-paragraph\" data-mrf-recirculation=\"Link art\u00edculo\">Si quieres hacer la mejor inversi\u00f3n este invierno apuesta por este tipo de elegantes prendas.\n<\/p>\n<div class=\"voc-detail-photo-zoom\"> <picture data-toggle=\"modal\" data-target=\"#photoZoomModal-969\" target=\"modal\">\n<div class=\"voc-img-icon-link\"> <img loading=\"lazy\" src=\"http:\/\/hoycordobaweb.com\/wp-content\/uploads\/2025\/01\/este-es-el-abrigo-tendencia-de-la-temporada-que-obsesiona-a-las-expertas-en-moda-elegante-y-calentito-4.jpg\" width=\"460\" height=\"637\" alt=\"Abrigo de pelo de Zara (89,99 euros)\"> <noscript> <img src=\"http:\/\/hoycordobaweb.com\/wp-content\/uploads\/2025\/01\/este-es-el-abrigo-tendencia-de-la-temporada-que-obsesiona-a-las-expertas-en-moda-elegante-y-calentito-4.jpg\" alt=\"Abrigo de pelo de Zara (89,99 euros)\"> <\/noscript> <i class=\"voc-icons zoom voc-multimedia-box voc-ico-l\"><\/i> <\/div><figcaption class=\"figure-caption\">Abrigo de pelo de Zara (89,99 euros)<\/figcaption><\/picture>\n<\/div>\n<div id=\"photoZoomModal-969\" class=\"voc-lightbox modal fade voc-lightbox--photo-zoom\" role=\"dialog\" data-voc-photozoom-lightbox>\n<div class=\"voc-lightbox__dialog\" role=\"document\">\n<div class=\"voc-lightbox__content\"> <!-- Modal header --> <!-- Modal content --> <\/p>\n<div class=\"voc-lightbox__photo-container\"> <picture class> <img loading=\"lazy\" src=\"http:\/\/hoycordobaweb.com\/wp-content\/uploads\/2025\/01\/este-es-el-abrigo-tendencia-de-la-temporada-que-obsesiona-a-las-expertas-en-moda-elegante-y-calentito-4.jpg\" alt=\"Abrigo de pelo de Zara (89,99 euros)\"> <noscript> <img src=\"http:\/\/hoycordobaweb.com\/wp-content\/uploads\/2025\/01\/este-es-el-abrigo-tendencia-de-la-temporada-que-obsesiona-a-las-expertas-en-moda-elegante-y-calentito-4.jpg\" alt=\"Abrigo de pelo de Zara (89,99 euros)\"> <\/noscript> <\/picture> <\/div><\/div><\/div>\n<\/div>\n<p><h3 class=\"voc-detail__title\"> Abrigo de pelo de Zara (89,99 euros)<br \/>\n<\/h3>\n<\/p>\n<p class=\"voc-paragraph\" data-mrf-recirculation=\"Link art\u00edculo\">Si quieres hacer una peque\u00f1a inversi\u00f3n, apuesta por este bonito dise\u00f1o en color neutro. <\/p>\n<div class=\"voc-detail-photo-zoom\"> <picture data-toggle=\"modal\" data-target=\"#photoZoomModal-747\" target=\"modal\">\n<div class=\"voc-img-icon-link\"> <img loading=\"lazy\" src=\"http:\/\/hoycordobaweb.com\/wp-content\/uploads\/2025\/01\/este-es-el-abrigo-tendencia-de-la-temporada-que-obsesiona-a-las-expertas-en-moda-elegante-y-calentito-5.jpg\" width=\"460\" height=\"637\" alt=\"Abrigo blanco de Zara (89,99 euros)\"> <noscript> <img src=\"http:\/\/hoycordobaweb.com\/wp-content\/uploads\/2025\/01\/este-es-el-abrigo-tendencia-de-la-temporada-que-obsesiona-a-las-expertas-en-moda-elegante-y-calentito-5.jpg\" alt=\"Abrigo blanco de Zara (89,99 euros)\"> <\/noscript> <i class=\"voc-icons zoom voc-multimedia-box voc-ico-l\"><\/i> <\/div><figcaption class=\"figure-caption\">Abrigo blanco de Zara (89,99 euros)<\/figcaption><\/picture>\n<\/div>\n<div id=\"photoZoomModal-747\" class=\"voc-lightbox modal fade voc-lightbox--photo-zoom\" role=\"dialog\" data-voc-photozoom-lightbox>\n<div class=\"voc-lightbox__dialog\" role=\"document\">\n<div class=\"voc-lightbox__content\"> <!-- Modal header --> <!-- Modal content --> <\/p>\n<div class=\"voc-lightbox__photo-container\"> <picture class> <img loading=\"lazy\" src=\"http:\/\/hoycordobaweb.com\/wp-content\/uploads\/2025\/01\/este-es-el-abrigo-tendencia-de-la-temporada-que-obsesiona-a-las-expertas-en-moda-elegante-y-calentito-5.jpg\" alt=\"Abrigo blanco de Zara (89,99 euros)\"> <noscript> <img src=\"http:\/\/hoycordobaweb.com\/wp-content\/uploads\/2025\/01\/este-es-el-abrigo-tendencia-de-la-temporada-que-obsesiona-a-las-expertas-en-moda-elegante-y-calentito-5.jpg\" alt=\"Abrigo blanco de Zara (89,99 euros)\"> <\/noscript> <\/picture> <\/div><\/div><\/div>\n<\/div>\n<p><h3 class=\"voc-detail__title\"> Abrigo blanco de Zara (89,99 euros)<br \/>\n<\/h3>\n<\/p>\n<p class=\"voc-paragraph\" data-mrf-recirculation=\"Link art\u00edculo\">Un dise\u00f1o corto, que pondr\u00e1 la guinda a tus primeros looks del a\u00f1o.\n<\/p>\n<div class=\"voc-detail-photo-zoom\"> <picture data-toggle=\"modal\" data-target=\"#photoZoomModal-329\" target=\"modal\">\n<div class=\"voc-img-icon-link\"> <img loading=\"lazy\" src=\"http:\/\/hoycordobaweb.com\/wp-content\/uploads\/2025\/01\/este-es-el-abrigo-tendencia-de-la-temporada-que-obsesiona-a-las-expertas-en-moda-elegante-y-calentito-6.jpg\" width=\"460\" height=\"637\" alt=\"Abrigo de borreguito de H&amp;M (77,95 euros)\"> <noscript> <img src=\"http:\/\/hoycordobaweb.com\/wp-content\/uploads\/2025\/01\/este-es-el-abrigo-tendencia-de-la-temporada-que-obsesiona-a-las-expertas-en-moda-elegante-y-calentito-6.jpg\" alt=\"Abrigo de borreguito de H&amp;M (77,95 euros)\"> <\/noscript> <i class=\"voc-icons zoom voc-multimedia-box voc-ico-l\"><\/i> <\/div><figcaption class=\"figure-caption\">Abrigo de borreguito de H&amp;M (77,95 euros)<\/figcaption><\/picture>\n<\/div>\n<div id=\"photoZoomModal-329\" class=\"voc-lightbox modal fade voc-lightbox--photo-zoom\" role=\"dialog\" data-voc-photozoom-lightbox>\n<div class=\"voc-lightbox__dialog\" role=\"document\">\n<div class=\"voc-lightbox__content\"> <!-- Modal header --> <!-- Modal content --> <\/p>\n<div class=\"voc-lightbox__photo-container\"> <picture class> <img loading=\"lazy\" src=\"http:\/\/hoycordobaweb.com\/wp-content\/uploads\/2025\/01\/este-es-el-abrigo-tendencia-de-la-temporada-que-obsesiona-a-las-expertas-en-moda-elegante-y-calentito-6.jpg\" alt=\"Abrigo de borreguito de H&amp;M (77,95 euros)\"> <noscript> <img src=\"http:\/\/hoycordobaweb.com\/wp-content\/uploads\/2025\/01\/este-es-el-abrigo-tendencia-de-la-temporada-que-obsesiona-a-las-expertas-en-moda-elegante-y-calentito-6.jpg\" alt=\"Abrigo de borreguito de H&amp;M (77,95 euros)\"> <\/noscript> <\/picture> <\/div><\/div><\/div>\n<\/div>\n<p><h3 class=\"voc-detail__title\"> Abrigo de borreguito de H&amp;M (77,95 euros)<br \/>\n<\/h3>\n<\/p>\n<p class=\"voc-paragraph\" data-mrf-recirculation=\"Link art\u00edculo\">Un dise\u00f1o elegante, que podr\u00e1s llevar con mil y un looks de invierno.\n<\/p>\n<div class=\"voc-detail-photo-zoom\"> <picture data-toggle=\"modal\" data-target=\"#photoZoomModal-305\" target=\"modal\">\n<div class=\"voc-img-icon-link\"> <img loading=\"lazy\" src=\"http:\/\/hoycordobaweb.com\/wp-content\/uploads\/2025\/01\/este-es-el-abrigo-tendencia-de-la-temporada-que-obsesiona-a-las-expertas-en-moda-elegante-y-calentito-7.jpg\" width=\"460\" height=\"637\" alt=\"Abrigo de pelo de Stradivarius (69,99 euros)\"> <noscript> <img src=\"http:\/\/hoycordobaweb.com\/wp-content\/uploads\/2025\/01\/este-es-el-abrigo-tendencia-de-la-temporada-que-obsesiona-a-las-expertas-en-moda-elegante-y-calentito-7.jpg\" alt=\"Abrigo de pelo de Stradivarius (69,99 euros)\"> <\/noscript> <i class=\"voc-icons zoom voc-multimedia-box voc-ico-l\"><\/i> <\/div><figcaption class=\"figure-caption\">Abrigo de pelo de Stradivarius (69,99 euros)<\/figcaption><\/picture>\n<\/div>\n<div id=\"photoZoomModal-305\" class=\"voc-lightbox modal fade voc-lightbox--photo-zoom\" role=\"dialog\" data-voc-photozoom-lightbox>\n<div class=\"voc-lightbox__dialog\" role=\"document\">\n<div class=\"voc-lightbox__content\"> <!-- Modal header --> <!-- Modal content --> <\/p>\n<div class=\"voc-lightbox__photo-container\"> <picture class> <img loading=\"lazy\" src=\"http:\/\/hoycordobaweb.com\/wp-content\/uploads\/2025\/01\/este-es-el-abrigo-tendencia-de-la-temporada-que-obsesiona-a-las-expertas-en-moda-elegante-y-calentito-7.jpg\" alt=\"Abrigo de pelo de Stradivarius (69,99 euros)\"> <noscript> <img src=\"http:\/\/hoycordobaweb.com\/wp-content\/uploads\/2025\/01\/este-es-el-abrigo-tendencia-de-la-temporada-que-obsesiona-a-las-expertas-en-moda-elegante-y-calentito-7.jpg\" alt=\"Abrigo de pelo de Stradivarius (69,99 euros)\"> <\/noscript> <\/picture> <\/div><\/div><\/div>\n<\/div>\n<p><h3 class=\"voc-detail__title\"> Abrigo de pelo de Stradivarius (69,99 euros)<br \/>\n<\/h3>\n<\/p>\n<p class=\"voc-paragraph\" data-mrf-recirculation=\"Link art\u00edculo\">El marr\u00f3n es el color perfecto para salir de la zona de confort del negro.\n<\/p>\n<p> <!-- TOPICS --> <\/p>\n","protected":false},"excerpt":{"rendered":"<p>Gemma Cano Publicado \u00b7 19 de enero de 2025, 16:38 h Encontrar la prenda de abrigo perfecta para lucir tanto de d\u00eda como de noche a veces no es una tarea f\u00e1cil. Y esta temporada hay una propuesta que re\u00fane todos los requisitos: C\u00e1lidos, c\u00f3modos, vers\u00e1tiles y elegantes. Hablamos del abrigo de pelo, en su [&hellip;]<\/p>\n","protected":false},"author":1,"featured_media":94656,"comment_status":"closed","ping_status":"closed","sticky":false,"template":"","format":"standard","meta":[],"categories":[],"tags":[],"_links":{"self":[{"href":"http:\/\/hoycordobaweb.com\/index.php\/wp-json\/wp\/v2\/posts\/94655"}],"collection":[{"href":"http:\/\/hoycordobaweb.com\/index.php\/wp-json\/wp\/v2\/posts"}],"about":[{"href":"http:\/\/hoycordobaweb.com\/index.php\/wp-json\/wp\/v2\/types\/post"}],"author":[{"embeddable":true,"href":"http:\/\/hoycordobaweb.com\/index.php\/wp-json\/wp\/v2\/users\/1"}],"replies":[{"embeddable":true,"href":"http:\/\/hoycordobaweb.com\/index.php\/wp-json\/wp\/v2\/comments?post=94655"}],"version-history":[{"count":0,"href":"http:\/\/hoycordobaweb.com\/index.php\/wp-json\/wp\/v2\/posts\/94655\/revisions"}],"wp:featuredmedia":[{"embeddable":true,"href":"http:\/\/hoycordobaweb.com\/index.php\/wp-json\/wp\/v2\/media\/94656"}],"wp:attachment":[{"href":"http:\/\/hoycordobaweb.com\/index.php\/wp-json\/wp\/v2\/media?parent=94655"}],"wp:term":[{"taxonomy":"category","embeddable":true,"href":"http:\/\/hoycordobaweb.com\/index.php\/wp-json\/wp\/v2\/categories?post=94655"},{"taxonomy":"post_tag","embeddable":true,"href":"http:\/\/hoycordobaweb.com\/index.php\/wp-json\/wp\/v2\/tags?post=94655"}],"curies":[{"name":"wp","href":"https:\/\/api.w.org\/{rel}","templated":true}]}}